{"id":72214,"date":"2024-04-18T05:22:14","date_gmt":"2024-04-18T10:22:14","guid":{"rendered":"https:\/\/luchonoticias.com\/?p=72214"},"modified":"2024-04-18T05:22:14","modified_gmt":"2024-04-18T10:22:14","slug":"reconocimiento-especial-del-presidente-petro-a-la-voragine","status":"publish","type":"post","link":"https:\/\/luchonoticias.com\/editor\/reconocimiento-especial-del-presidente-petro-a-la-voragine\/","title":{"rendered":"Reconocimiento especial del Presidente Petro a La Vor\u00e1gine"},"content":{"rendered":"<p>El presidente Gustavo Petro Urrego cit\u00f3 la frase que dice el personaje de Arturo Cova, protagonista de &#8216;La Vor\u00e1gine&#8217;, en el primer p\u00e1rrafo de la obra centenaria de Jos\u00e9 Eustasio Rivera: \u201cAntes de apasionarme por mujer alguna, jugu\u00e9 mi coraz\u00f3n al azar y me lo gan\u00f3 la violencia\u00bb.<\/p>\n<p>El mandatario reflexion\u00f3 sobre esta frase y lo que significa al analizar la historia de Colombia: \u201cAqu\u00ed hay una violencia relatada. \u00bfCu\u00e1ntas veces no se ha repetido eso en la historia de Colombia? Una y otra vez, de manera intermitente, como si fuese un signo, como si fuera la marca de los 17 aurelianos que tambi\u00e9n mor\u00edan por esa marca\u00bb, y asegur\u00f3 que es un retrato de \u201cla violencia permanente y eterna de Colombia\u00bb.<\/p>\n<p>Dijo que esta novela de Rivera \u201ces el libro de la esclavitud de los ind\u00edgenas en el siglo XX\u00bb, que describe la destrucci\u00f3n del ser humano y de la naturaleza, por la codicia.<\/p>\n<p>\u201cIndudablemente en este libro se relata un odio y un odio a la naturaleza, un odio a la selva, que en ese entonces describ\u00eda este autor, la codicia de sembrar el caucho para hacerse m\u00e1s y m\u00e1s rico, tumbando la naturaleza viva de la selva\u00bb.<\/p>\n<p>Se\u00f1al\u00f3 adem\u00e1s que el mensaje de Jos\u00e9 Eustasio Rivera en esta obra no fue escuchado en su momento ni en los a\u00f1os venideros.<\/p>\n<p>\u201cMira c\u00f3mo un hecho que hoy vivimos millones estaba aqu\u00ed descrito hace un siglo y no lo entendimos. No entendimos la palabra escrita, la palabra escrita de este autor, Jos\u00e9 Eustasio\u00bb, dijo al insistir en que \u201cestas palabras tambi\u00e9n son de alguien que hace tiempo muri\u00f3. Pero a\u00fan brillan como las estrellas. Esa es la magia de la palabra escrita. Como las estrellas nos llega la vida. Este hombre y su mensaje. Y su mensaje es que la destrucci\u00f3n de la selva no llena sino de odio y destrucci\u00f3n al ser humano\u00bb.<\/p>\n<p>Esa destrucci\u00f3n de la naturaleza se est\u00e1 viviendo hoy en Bogot\u00e1, dijo el jefe de Estado en su discurso. \u201cLa quema de la naturaleza es tambi\u00e9n la quema del ser humano y lo estamos viviendo aqu\u00ed en Bogot\u00e1. De repente, con un golpe brutal, la ciudad de Bogot\u00e1 se da cuenta de algo que no se hab\u00eda dado cuenta, esa agua que hoy no bebemos o que hay que racionar. Y ese es el agua que tomamos 9 millones en la selva. Y entonces \u00bfpor qu\u00e9 se acaba el agua de Bogot\u00e1? Porque se est\u00e1 acabando la selva\u00bb.<\/p>\n<p>Hizo una reflexi\u00f3n sobre el odio que representa esa primera frase de La Vor\u00e1gine y dijo que \u201cel coraz\u00f3n de Colombia se ha llenado de odio y de violencia\u00bb.<\/p>\n<p>Para salir de ese odio el presidente propone darle un giro a la frase pronunciada por Arturo Cova para aplicarla a la realidad colombiana:<\/p>\n<p>\u201cLa frase lo dice, puesta al rev\u00e9s: Antes de conocer la violencia, jugu\u00e9 mi coraz\u00f3n al azar y me lo gano el amor. Ese es el rev\u00e9s. Eso marcar\u00eda un camino, quiz\u00e1s pol\u00edtico, quiz\u00e1s revolucionario, para construir la sociedad colombiana\u00bb.<\/p>\n<p>Record\u00f3 que alguna vez hab\u00eda pronunciado la frase \u201cla pol\u00edtica del amor\u00bb y que, en este sentido, al mencionar la fuerza del amor \u201cestar\u00edamos hablando de un proyecto pol\u00edtico\u00bb.<\/p>\n<p>Estas \u201cson palabras rebeldes, precisamente al juntarse a una cr\u00edtica a la codicia, acabando con el ser humano y la naturaleza y planteando el amor como una soluci\u00f3n. Jugar el coraz\u00f3n al azar para que se lo gane el amor. Al plantear eso, se est\u00e1 planteando una tesis pol\u00edtica que tiene que ver con la no esclavitud de los ind\u00edgenas, de los negros, de la gente, del trabajador, de la mujer, de los ni\u00f1os\u00bb, concluy\u00f3.<\/p>\n<p>&nbsp;<\/p>\n","protected":false},"excerpt":{"rendered":"<p>El presidente Gustavo Petro Urrego cit\u00f3 la frase que dice el personaje de Arturo Cova, protagonista de &#8216;La Vor\u00e1gine&#8217;, en el primer p\u00e1rrafo de la obra centenaria de Jos\u00e9 Eustasio Rivera: \u201cAntes de apasionarme por mujer alguna, jugu\u00e9 mi coraz\u00f3n al azar y me lo gan\u00f3 la violencia\u00bb. El mandatario reflexion\u00f3 sobre esta frase y [&hellip;]<\/p>\n","protected":false},"author":2,"featured_media":72215,"comment_status":"closed","ping_status":"open","sticky":false,"template":"","format":"standard","meta":{"footnotes":""},"categories":[28],"tags":[],"class_list":["post-72214","post","type-post","status-publish","format-standard","has-post-thumbnail","hentry","category-actualidad"],"yoast_head":"<!-- This site is optimized with the Yoast SEO plugin v26.6 - https:\/\/yoast.com\/wordpress\/plugins\/seo\/ -->\n<title>Reconocimiento especial del Presidente Petro a La Vor\u00e1gine -<\/title>\n<meta name=\"robots\" content=\"index, follow, max-snippet:-1, max-image-preview:large, max-video-preview:-1\" \/>\n<link rel=\"canonical\" href=\"https:\/\/luchonoticias.com\/editor\/reconocimiento-especial-del-presidente-petro-a-la-voragine\/\" \/>\n<meta property=\"og:locale\" content=\"es_ES\" \/>\n<meta property=\"og:type\" content=\"article\" \/>\n<meta property=\"og:title\" content=\"Reconocimiento especial del Presidente Petro a La Vor\u00e1gine -\" \/>\n<meta property=\"og:url\" content=\"https:\/\/luchonoticias.com\/editor\/reconocimiento-especial-del-presidente-petro-a-la-voragine\/\" \/>\n<meta property=\"article:publisher\" content=\"https:\/\/www.facebook.com\/luchonoticiasneiva\" \/>\n<meta property=\"article:published_time\" content=\"2024-04-18T10:22:14+00:00\" \/>\n<meta property=\"og:image\" content=\"https:\/\/luchonoticias.com\/editor\/wp-content\/uploads\/2024\/04\/petro-1.jpg\" \/>\n\t<meta property=\"og:image:width\" content=\"700\" \/>\n\t<meta property=\"og:image:height\" content=\"400\" \/>\n\t<meta property=\"og:image:type\" content=\"image\/jpeg\" \/>\n<meta name=\"author\" content=\"Editor General\" \/>\n<meta name=\"twitter:card\" content=\"summary_large_image\" \/>\n<meta name=\"twitter:label1\" content=\"Escrito por\" \/>\n\t<meta name=\"twitter:data1\" content=\"Editor General\" \/>\n\t<meta name=\"twitter:label2\" content=\"Tiempo de lectura\" \/>\n\t<meta name=\"twitter:data2\" content=\"3 minutos\" \/>\n<script type=\"application\/ld+json\" class=\"yoast-schema-graph\">{\"@context\":\"https:\/\/schema.org\",\"@graph\":[{\"@type\":\"Article\",\"@id\":\"https:\/\/luchonoticias.com\/editor\/reconocimiento-especial-del-presidente-petro-a-la-voragine\/#article\",\"isPartOf\":{\"@id\":\"https:\/\/luchonoticias.com\/editor\/reconocimiento-especial-del-presidente-petro-a-la-voragine\/\"},\"author\":{\"name\":\"Editor General\",\"@id\":\"https:\/\/luchonoticias.com\/editor\/#\/schema\/person\/29217990ddf6f14e35912b2866d591fb\"},\"headline\":\"Reconocimiento especial del Presidente Petro a La Vor\u00e1gine\",\"datePublished\":\"2024-04-18T10:22:14+00:00\",\"mainEntityOfPage\":{\"@id\":\"https:\/\/luchonoticias.com\/editor\/reconocimiento-especial-del-presidente-petro-a-la-voragine\/\"},\"wordCount\":660,\"publisher\":{\"@id\":\"https:\/\/luchonoticias.com\/editor\/#\/schema\/person\/7a7fd911f58561fd056dbac7b55af9cd\"},\"image\":{\"@id\":\"https:\/\/luchonoticias.com\/editor\/reconocimiento-especial-del-presidente-petro-a-la-voragine\/#primaryimage\"},\"thumbnailUrl\":\"https:\/\/luchonoticias.com\/editor\/wp-content\/uploads\/2024\/04\/petro-1.jpg\",\"articleSection\":[\"Actualidad\"],\"inLanguage\":\"es\"},{\"@type\":\"WebPage\",\"@id\":\"https:\/\/luchonoticias.com\/editor\/reconocimiento-especial-del-presidente-petro-a-la-voragine\/\",\"url\":\"https:\/\/luchonoticias.com\/editor\/reconocimiento-especial-del-presidente-petro-a-la-voragine\/\",\"name\":\"Reconocimiento especial del Presidente Petro a La Vor\u00e1gine -\",\"isPartOf\":{\"@id\":\"https:\/\/luchonoticias.com\/editor\/#website\"},\"primaryImageOfPage\":{\"@id\":\"https:\/\/luchonoticias.com\/editor\/reconocimiento-especial-del-presidente-petro-a-la-voragine\/#primaryimage\"},\"image\":{\"@id\":\"https:\/\/luchonoticias.com\/editor\/reconocimiento-especial-del-presidente-petro-a-la-voragine\/#primaryimage\"},\"thumbnailUrl\":\"https:\/\/luchonoticias.com\/editor\/wp-content\/uploads\/2024\/04\/petro-1.jpg\",\"datePublished\":\"2024-04-18T10:22:14+00:00\",\"breadcrumb\":{\"@id\":\"https:\/\/luchonoticias.com\/editor\/reconocimiento-especial-del-presidente-petro-a-la-voragine\/#breadcrumb\"},\"inLanguage\":\"es\",\"potentialAction\":[{\"@type\":\"ReadAction\",\"target\":[\"https:\/\/luchonoticias.com\/editor\/reconocimiento-especial-del-presidente-petro-a-la-voragine\/\"]}]},{\"@type\":\"ImageObject\",\"inLanguage\":\"es\",\"@id\":\"https:\/\/luchonoticias.com\/editor\/reconocimiento-especial-del-presidente-petro-a-la-voragine\/#primaryimage\",\"url\":\"https:\/\/luchonoticias.com\/editor\/wp-content\/uploads\/2024\/04\/petro-1.jpg\",\"contentUrl\":\"https:\/\/luchonoticias.com\/editor\/wp-content\/uploads\/2024\/04\/petro-1.jpg\",\"width\":700,\"height\":400},{\"@type\":\"BreadcrumbList\",\"@id\":\"https:\/\/luchonoticias.com\/editor\/reconocimiento-especial-del-presidente-petro-a-la-voragine\/#breadcrumb\",\"itemListElement\":[{\"@type\":\"ListItem\",\"position\":1,\"name\":\"Portada\",\"item\":\"https:\/\/luchonoticias.com\/editor\/\"},{\"@type\":\"ListItem\",\"position\":2,\"name\":\"Reconocimiento especial del Presidente Petro a La Vor\u00e1gine\"}]},{\"@type\":\"WebSite\",\"@id\":\"https:\/\/luchonoticias.com\/editor\/#website\",\"url\":\"https:\/\/luchonoticias.com\/editor\/\",\"name\":\"\",\"description\":\"\",\"publisher\":{\"@id\":\"https:\/\/luchonoticias.com\/editor\/#\/schema\/person\/7a7fd911f58561fd056dbac7b55af9cd\"},\"potentialAction\":[{\"@type\":\"SearchAction\",\"target\":{\"@type\":\"EntryPoint\",\"urlTemplate\":\"https:\/\/luchonoticias.com\/editor\/?s={search_term_string}\"},\"query-input\":{\"@type\":\"PropertyValueSpecification\",\"valueRequired\":true,\"valueName\":\"search_term_string\"}}],\"inLanguage\":\"es\"},{\"@type\":[\"Person\",\"Organization\"],\"@id\":\"https:\/\/luchonoticias.com\/editor\/#\/schema\/person\/7a7fd911f58561fd056dbac7b55af9cd\",\"name\":\"admin\",\"image\":{\"@type\":\"ImageObject\",\"inLanguage\":\"es\",\"@id\":\"https:\/\/luchonoticias.com\/editor\/#\/schema\/person\/image\/\",\"url\":\"https:\/\/luchonoticias.com\/editor\/wp-content\/uploads\/2024\/02\/cropped-cropped-logolu.webp\",\"contentUrl\":\"https:\/\/luchonoticias.com\/editor\/wp-content\/uploads\/2024\/02\/cropped-cropped-logolu.webp\",\"width\":382,\"height\":170,\"caption\":\"admin\"},\"logo\":{\"@id\":\"https:\/\/luchonoticias.com\/editor\/#\/schema\/person\/image\/\"},\"sameAs\":[\"https:\/\/www.facebook.com\/luchonoticiasneiva\"]},{\"@type\":\"Person\",\"@id\":\"https:\/\/luchonoticias.com\/editor\/#\/schema\/person\/29217990ddf6f14e35912b2866d591fb\",\"name\":\"Editor General\",\"image\":{\"@type\":\"ImageObject\",\"inLanguage\":\"es\",\"@id\":\"https:\/\/luchonoticias.com\/editor\/#\/schema\/person\/image\/\",\"url\":\"https:\/\/luchonoticias.com\/editor\/wp-content\/uploads\/2024\/02\/cropped-cropped-logolu-150x150.webp\",\"contentUrl\":\"https:\/\/luchonoticias.com\/editor\/wp-content\/uploads\/2024\/02\/cropped-cropped-logolu-150x150.webp\",\"caption\":\"Editor General\"},\"sameAs\":[\"https:\/\/luchonoticias.com\/\"],\"url\":\"https:\/\/luchonoticias.com\/editor\/author\/editor-general\/\"}]}<\/script>\n<!-- \/ Yoast SEO plugin. -->","yoast_head_json":{"title":"Reconocimiento especial del Presidente Petro a La Vor\u00e1gine -","robots":{"index":"index","follow":"follow","max-snippet":"max-snippet:-1","max-image-preview":"max-image-preview:large","max-video-preview":"max-video-preview:-1"},"canonical":"https:\/\/luchonoticias.com\/editor\/reconocimiento-especial-del-presidente-petro-a-la-voragine\/","og_locale":"es_ES","og_type":"article","og_title":"Reconocimiento especial del Presidente Petro a La Vor\u00e1gine -","og_url":"https:\/\/luchonoticias.com\/editor\/reconocimiento-especial-del-presidente-petro-a-la-voragine\/","article_publisher":"https:\/\/www.facebook.com\/luchonoticiasneiva","article_published_time":"2024-04-18T10:22:14+00:00","og_image":[{"width":700,"height":400,"url":"https:\/\/luchonoticias.com\/editor\/wp-content\/uploads\/2024\/04\/petro-1.jpg","type":"image\/jpeg"}],"author":"Editor General","twitter_card":"summary_large_image","twitter_misc":{"Escrito por":"Editor General","Tiempo de lectura":"3 minutos"},"schema":{"@context":"https:\/\/schema.org","@graph":[{"@type":"Article","@id":"https:\/\/luchonoticias.com\/editor\/reconocimiento-especial-del-presidente-petro-a-la-voragine\/#article","isPartOf":{"@id":"https:\/\/luchonoticias.com\/editor\/reconocimiento-especial-del-presidente-petro-a-la-voragine\/"},"author":{"name":"Editor General","@id":"https:\/\/luchonoticias.com\/editor\/#\/schema\/person\/29217990ddf6f14e35912b2866d591fb"},"headline":"Reconocimiento especial del Presidente Petro a La Vor\u00e1gine","datePublished":"2024-04-18T10:22:14+00:00","mainEntityOfPage":{"@id":"https:\/\/luchonoticias.com\/editor\/reconocimiento-especial-del-presidente-petro-a-la-voragine\/"},"wordCount":660,"publisher":{"@id":"https:\/\/luchonoticias.com\/editor\/#\/schema\/person\/7a7fd911f58561fd056dbac7b55af9cd"},"image":{"@id":"https:\/\/luchonoticias.com\/editor\/reconocimiento-especial-del-presidente-petro-a-la-voragine\/#primaryimage"},"thumbnailUrl":"https:\/\/luchonoticias.com\/editor\/wp-content\/uploads\/2024\/04\/petro-1.jpg","articleSection":["Actualidad"],"inLanguage":"es"},{"@type":"WebPage","@id":"https:\/\/luchonoticias.com\/editor\/reconocimiento-especial-del-presidente-petro-a-la-voragine\/","url":"https:\/\/luchonoticias.com\/editor\/reconocimiento-especial-del-presidente-petro-a-la-voragine\/","name":"Reconocimiento especial del Presidente Petro a La Vor\u00e1gine -","isPartOf":{"@id":"https:\/\/luchonoticias.com\/editor\/#website"},"primaryImageOfPage":{"@id":"https:\/\/luchonoticias.com\/editor\/reconocimiento-especial-del-presidente-petro-a-la-voragine\/#primaryimage"},"image":{"@id":"https:\/\/luchonoticias.com\/editor\/reconocimiento-especial-del-presidente-petro-a-la-voragine\/#primaryimage"},"thumbnailUrl":"https:\/\/luchonoticias.com\/editor\/wp-content\/uploads\/2024\/04\/petro-1.jpg","datePublished":"2024-04-18T10:22:14+00:00","breadcrumb":{"@id":"https:\/\/luchonoticias.com\/editor\/reconocimiento-especial-del-presidente-petro-a-la-voragine\/#breadcrumb"},"inLanguage":"es","potentialAction":[{"@type":"ReadAction","target":["https:\/\/luchonoticias.com\/editor\/reconocimiento-especial-del-presidente-petro-a-la-voragine\/"]}]},{"@type":"ImageObject","inLanguage":"es","@id":"https:\/\/luchonoticias.com\/editor\/reconocimiento-especial-del-presidente-petro-a-la-voragine\/#primaryimage","url":"https:\/\/luchonoticias.com\/editor\/wp-content\/uploads\/2024\/04\/petro-1.jpg","contentUrl":"https:\/\/luchonoticias.com\/editor\/wp-content\/uploads\/2024\/04\/petro-1.jpg","width":700,"height":400},{"@type":"BreadcrumbList","@id":"https:\/\/luchonoticias.com\/editor\/reconocimiento-especial-del-presidente-petro-a-la-voragine\/#breadcrumb","itemListElement":[{"@type":"ListItem","position":1,"name":"Portada","item":"https:\/\/luchonoticias.com\/editor\/"},{"@type":"ListItem","position":2,"name":"Reconocimiento especial del Presidente Petro a La Vor\u00e1gine"}]},{"@type":"WebSite","@id":"https:\/\/luchonoticias.com\/editor\/#website","url":"https:\/\/luchonoticias.com\/editor\/","name":"","description":"","publisher":{"@id":"https:\/\/luchonoticias.com\/editor\/#\/schema\/person\/7a7fd911f58561fd056dbac7b55af9cd"},"potentialAction":[{"@type":"SearchAction","target":{"@type":"EntryPoint","urlTemplate":"https:\/\/luchonoticias.com\/editor\/?s={search_term_string}"},"query-input":{"@type":"PropertyValueSpecification","valueRequired":true,"valueName":"search_term_string"}}],"inLanguage":"es"},{"@type":["Person","Organization"],"@id":"https:\/\/luchonoticias.com\/editor\/#\/schema\/person\/7a7fd911f58561fd056dbac7b55af9cd","name":"admin","image":{"@type":"ImageObject","inLanguage":"es","@id":"https:\/\/luchonoticias.com\/editor\/#\/schema\/person\/image\/","url":"https:\/\/luchonoticias.com\/editor\/wp-content\/uploads\/2024\/02\/cropped-cropped-logolu.webp","contentUrl":"https:\/\/luchonoticias.com\/editor\/wp-content\/uploads\/2024\/02\/cropped-cropped-logolu.webp","width":382,"height":170,"caption":"admin"},"logo":{"@id":"https:\/\/luchonoticias.com\/editor\/#\/schema\/person\/image\/"},"sameAs":["https:\/\/www.facebook.com\/luchonoticiasneiva"]},{"@type":"Person","@id":"https:\/\/luchonoticias.com\/editor\/#\/schema\/person\/29217990ddf6f14e35912b2866d591fb","name":"Editor General","image":{"@type":"ImageObject","inLanguage":"es","@id":"https:\/\/luchonoticias.com\/editor\/#\/schema\/person\/image\/","url":"https:\/\/luchonoticias.com\/editor\/wp-content\/uploads\/2024\/02\/cropped-cropped-logolu-150x150.webp","contentUrl":"https:\/\/luchonoticias.com\/editor\/wp-content\/uploads\/2024\/02\/cropped-cropped-logolu-150x150.webp","caption":"Editor General"},"sameAs":["https:\/\/luchonoticias.com\/"],"url":"https:\/\/luchonoticias.com\/editor\/author\/editor-general\/"}]}},"_links":{"self":[{"href":"https:\/\/luchonoticias.com\/editor\/wp-json\/wp\/v2\/posts\/72214","targetHints":{"allow":["GET"]}}],"collection":[{"href":"https:\/\/luchonoticias.com\/editor\/wp-json\/wp\/v2\/posts"}],"about":[{"href":"https:\/\/luchonoticias.com\/editor\/wp-json\/wp\/v2\/types\/post"}],"author":[{"embeddable":true,"href":"https:\/\/luchonoticias.com\/editor\/wp-json\/wp\/v2\/users\/2"}],"replies":[{"embeddable":true,"href":"https:\/\/luchonoticias.com\/editor\/wp-json\/wp\/v2\/comments?post=72214"}],"version-history":[{"count":0,"href":"https:\/\/luchonoticias.com\/editor\/wp-json\/wp\/v2\/posts\/72214\/revisions"}],"wp:featuredmedia":[{"embeddable":true,"href":"https:\/\/luchonoticias.com\/editor\/wp-json\/wp\/v2\/media\/72215"}],"wp:attachment":[{"href":"https:\/\/luchonoticias.com\/editor\/wp-json\/wp\/v2\/media?parent=72214"}],"wp:term":[{"taxonomy":"category","embeddable":true,"href":"https:\/\/luchonoticias.com\/editor\/wp-json\/wp\/v2\/categories?post=72214"},{"taxonomy":"post_tag","embeddable":true,"href":"https:\/\/luchonoticias.com\/editor\/wp-json\/wp\/v2\/tags?post=72214"}],"curies":[{"name":"wp","href":"https:\/\/api.w.org\/{rel}","templated":true}]}}