{"id":72218,"date":"2024-04-18T05:25:08","date_gmt":"2024-04-18T10:25:08","guid":{"rendered":"https:\/\/luchonoticias.com\/?p=72218"},"modified":"2024-04-18T05:25:08","modified_gmt":"2024-04-18T10:25:08","slug":"agricultura-familiar-comunitaria-y-campesina-tendra-su-feria","status":"publish","type":"post","link":"https:\/\/luchonoticias.com\/editor\/agricultura-familiar-comunitaria-y-campesina-tendra-su-feria\/","title":{"rendered":"Agricultura familiar, comunitaria y campesina tendr\u00e1 su feria"},"content":{"rendered":"<div>La ministra de Agricultura y Desarrollo Rural, Jhenifer Mojica, anunci\u00f3 que del 20 al 23 de junio se realizar\u00e1 en Corferias la 1\u00b0 Feria de Agricultura, Familiar, Campesina y Comunitaria, que tendr\u00e1 a Brasil como pa\u00eds invitado. \u2018Mejor colombiano, m\u00e1s sabroso lo nuestro\u2019 es el nombre de esta primera edici\u00f3n, que busca exaltar los procesos que se han desarrollado bajo esta figura, un componente clave en la Reforma Rural Integral.<\/div>\n<div><\/div>\n<div>\u201cEn diciembre estuve en Brasil y dialogamos con el ministro (de Desarrollo Agrario) Paulo Texeira sobre la importancia de la agricultura campesina, familiar y comunitaria en el fortalecimiento de la producci\u00f3n local de alimentos como una estrategia para lograr Hambre Cero. De ah\u00ed nace la idea de hacer esta feria, que contar\u00e1 con la participaci\u00f3n de unas 600 iniciativas que agrupan a miles de productores que har\u00e1n parte de Alimentec\u201d, detall\u00f3 la ministra Jhenifer Mojica.<\/div>\n<div><\/div>\n<div>Alimentec, feria organizada por Corferias, es un referente regional para el sector de los hoteles, restaurantes y cafeter\u00edas; industria alimenticia, retail y grandes superficies. En cada versi\u00f3n, los directivos de estos negocios se re\u00fanen para presentar y conocer las \u00faltimas tendencias en productos y servicios relacionados con la industria gastron\u00f3mica y alimenticia. En esta oportunidad, los productores rurales de la feria de agricultura familiar, comunitaria y campesina participar\u00e1n en ruedas de negocios para presentar su oferta a inversionistas del sector.<\/div>\n<div><\/div>\n<div>Las cooperativas y asociaciones que deseen participar en &#8216;Mejor colombiano&#8217; deben contar con registro Invima, realizar proceso de transformaci\u00f3n, tener capacidad de producci\u00f3n, disponibilidad de los productos para los d\u00edas que dure el evento, entregar detalles de la conservaci\u00f3n de los mismos y precisar el tipo de embalaje que requieren. La convocatoria estar\u00e1 disponible en l\u00ednea durante los pr\u00f3ximos d\u00edas, y la inscripci\u00f3n es gratuita.<\/div>\n<div><\/div>\n<div>La ministra Mojica a\u00f1adi\u00f3 que \u201cesta feria es un espacio sin precedentes en la historia del campo colombiano, porque la agricultura familiar, comunitaria y campesina abarca procesos de producci\u00f3n, transformaci\u00f3n y comercializaci\u00f3n liderados por familias y comunidades campesinas, ind\u00edgenas, negras, afrodescendientes, raizales y palenqueras. Estos procesos son reconocidos dentro de la Reforma Rural Integral que avanza con el Gobierno del Cambio para el desarrollo del campo en Colombia\u201d.<\/div>\n","protected":false},"excerpt":{"rendered":"<p>La ministra de Agricultura y Desarrollo Rural, Jhenifer Mojica, anunci\u00f3 que del 20 al 23 de junio se realizar\u00e1 en Corferias la 1\u00b0 Feria de Agricultura, Familiar, Campesina y Comunitaria, que tendr\u00e1 a Brasil como pa\u00eds invitado. \u2018Mejor colombiano, m\u00e1s sabroso lo nuestro\u2019 es el nombre de esta primera edici\u00f3n, que busca exaltar los procesos [&hellip;]<\/p>\n","protected":false},"author":2,"featured_media":72219,"comment_status":"closed","ping_status":"open","sticky":false,"template":"","format":"standard","meta":{"footnotes":""},"categories":[28],"tags":[],"class_list":["post-72218","post","type-post","status-publish","format-standard","has-post-thumbnail","hentry","category-actualidad"],"yoast_head":"<!-- This site is optimized with the Yoast SEO plugin v26.6 - https:\/\/yoast.com\/wordpress\/plugins\/seo\/ -->\n<title>Agricultura familiar, comunitaria y campesina tendr\u00e1 su feria -<\/title>\n<meta name=\"robots\" content=\"index, follow, max-snippet:-1, max-image-preview:large, max-video-preview:-1\" \/>\n<link rel=\"canonical\" href=\"https:\/\/luchonoticias.com\/editor\/agricultura-familiar-comunitaria-y-campesina-tendra-su-feria\/\" \/>\n<meta property=\"og:locale\" content=\"es_ES\" \/>\n<meta property=\"og:type\" content=\"article\" \/>\n<meta property=\"og:title\" content=\"Agricultura familiar, comunitaria y campesina tendr\u00e1 su feria -\" \/>\n<meta property=\"og:url\" content=\"https:\/\/luchonoticias.com\/editor\/agricultura-familiar-comunitaria-y-campesina-tendra-su-feria\/\" \/>\n<meta property=\"article:publisher\" content=\"https:\/\/www.facebook.com\/luchonoticiasneiva\" \/>\n<meta property=\"article:published_time\" content=\"2024-04-18T10:25:08+00:00\" \/>\n<meta property=\"og:image\" content=\"https:\/\/luchonoticias.com\/editor\/wp-content\/uploads\/2024\/04\/minagricultura.jpg\" \/>\n\t<meta property=\"og:image:width\" content=\"700\" \/>\n\t<meta property=\"og:image:height\" content=\"400\" \/>\n\t<meta property=\"og:image:type\" content=\"image\/jpeg\" \/>\n<meta name=\"author\" content=\"Editor General\" \/>\n<meta name=\"twitter:card\" content=\"summary_large_image\" \/>\n<meta name=\"twitter:label1\" content=\"Escrito por\" \/>\n\t<meta name=\"twitter:data1\" content=\"Editor General\" \/>\n\t<meta name=\"twitter:label2\" content=\"Tiempo de lectura\" \/>\n\t<meta name=\"twitter:data2\" content=\"2 minutos\" \/>\n<script type=\"application\/ld+json\" class=\"yoast-schema-graph\">{\"@context\":\"https:\/\/schema.org\",\"@graph\":[{\"@type\":\"Article\",\"@id\":\"https:\/\/luchonoticias.com\/editor\/agricultura-familiar-comunitaria-y-campesina-tendra-su-feria\/#article\",\"isPartOf\":{\"@id\":\"https:\/\/luchonoticias.com\/editor\/agricultura-familiar-comunitaria-y-campesina-tendra-su-feria\/\"},\"author\":{\"name\":\"Editor General\",\"@id\":\"https:\/\/luchonoticias.com\/editor\/#\/schema\/person\/29217990ddf6f14e35912b2866d591fb\"},\"headline\":\"Agricultura familiar, comunitaria y campesina tendr\u00e1 su feria\",\"datePublished\":\"2024-04-18T10:25:08+00:00\",\"mainEntityOfPage\":{\"@id\":\"https:\/\/luchonoticias.com\/editor\/agricultura-familiar-comunitaria-y-campesina-tendra-su-feria\/\"},\"wordCount\":386,\"publisher\":{\"@id\":\"https:\/\/luchonoticias.com\/editor\/#\/schema\/person\/7a7fd911f58561fd056dbac7b55af9cd\"},\"image\":{\"@id\":\"https:\/\/luchonoticias.com\/editor\/agricultura-familiar-comunitaria-y-campesina-tendra-su-feria\/#primaryimage\"},\"thumbnailUrl\":\"https:\/\/luchonoticias.com\/editor\/wp-content\/uploads\/2024\/04\/minagricultura.jpg\",\"articleSection\":[\"Actualidad\"],\"inLanguage\":\"es\"},{\"@type\":\"WebPage\",\"@id\":\"https:\/\/luchonoticias.com\/editor\/agricultura-familiar-comunitaria-y-campesina-tendra-su-feria\/\",\"url\":\"https:\/\/luchonoticias.com\/editor\/agricultura-familiar-comunitaria-y-campesina-tendra-su-feria\/\",\"name\":\"Agricultura familiar, comunitaria y campesina tendr\u00e1 su feria -\",\"isPartOf\":{\"@id\":\"https:\/\/luchonoticias.com\/editor\/#website\"},\"primaryImageOfPage\":{\"@id\":\"https:\/\/luchonoticias.com\/editor\/agricultura-familiar-comunitaria-y-campesina-tendra-su-feria\/#primaryimage\"},\"image\":{\"@id\":\"https:\/\/luchonoticias.com\/editor\/agricultura-familiar-comunitaria-y-campesina-tendra-su-feria\/#primaryimage\"},\"thumbnailUrl\":\"https:\/\/luchonoticias.com\/editor\/wp-content\/uploads\/2024\/04\/minagricultura.jpg\",\"datePublished\":\"2024-04-18T10:25:08+00:00\",\"breadcrumb\":{\"@id\":\"https:\/\/luchonoticias.com\/editor\/agricultura-familiar-comunitaria-y-campesina-tendra-su-feria\/#breadcrumb\"},\"inLanguage\":\"es\",\"potentialAction\":[{\"@type\":\"ReadAction\",\"target\":[\"https:\/\/luchonoticias.com\/editor\/agricultura-familiar-comunitaria-y-campesina-tendra-su-feria\/\"]}]},{\"@type\":\"ImageObject\",\"inLanguage\":\"es\",\"@id\":\"https:\/\/luchonoticias.com\/editor\/agricultura-familiar-comunitaria-y-campesina-tendra-su-feria\/#primaryimage\",\"url\":\"https:\/\/luchonoticias.com\/editor\/wp-content\/uploads\/2024\/04\/minagricultura.jpg\",\"contentUrl\":\"https:\/\/luchonoticias.com\/editor\/wp-content\/uploads\/2024\/04\/minagricultura.jpg\",\"width\":700,\"height\":400},{\"@type\":\"BreadcrumbList\",\"@id\":\"https:\/\/luchonoticias.com\/editor\/agricultura-familiar-comunitaria-y-campesina-tendra-su-feria\/#breadcrumb\",\"itemListElement\":[{\"@type\":\"ListItem\",\"position\":1,\"name\":\"Portada\",\"item\":\"https:\/\/luchonoticias.com\/editor\/\"},{\"@type\":\"ListItem\",\"position\":2,\"name\":\"Agricultura familiar, comunitaria y campesina tendr\u00e1 su feria\"}]},{\"@type\":\"WebSite\",\"@id\":\"https:\/\/luchonoticias.com\/editor\/#website\",\"url\":\"https:\/\/luchonoticias.com\/editor\/\",\"name\":\"\",\"description\":\"\",\"publisher\":{\"@id\":\"https:\/\/luchonoticias.com\/editor\/#\/schema\/person\/7a7fd911f58561fd056dbac7b55af9cd\"},\"potentialAction\":[{\"@type\":\"SearchAction\",\"target\":{\"@type\":\"EntryPoint\",\"urlTemplate\":\"https:\/\/luchonoticias.com\/editor\/?s={search_term_string}\"},\"query-input\":{\"@type\":\"PropertyValueSpecification\",\"valueRequired\":true,\"valueName\":\"search_term_string\"}}],\"inLanguage\":\"es\"},{\"@type\":[\"Person\",\"Organization\"],\"@id\":\"https:\/\/luchonoticias.com\/editor\/#\/schema\/person\/7a7fd911f58561fd056dbac7b55af9cd\",\"name\":\"admin\",\"image\":{\"@type\":\"ImageObject\",\"inLanguage\":\"es\",\"@id\":\"https:\/\/luchonoticias.com\/editor\/#\/schema\/person\/image\/\",\"url\":\"https:\/\/luchonoticias.com\/editor\/wp-content\/uploads\/2024\/02\/cropped-cropped-logolu.webp\",\"contentUrl\":\"https:\/\/luchonoticias.com\/editor\/wp-content\/uploads\/2024\/02\/cropped-cropped-logolu.webp\",\"width\":382,\"height\":170,\"caption\":\"admin\"},\"logo\":{\"@id\":\"https:\/\/luchonoticias.com\/editor\/#\/schema\/person\/image\/\"},\"sameAs\":[\"https:\/\/www.facebook.com\/luchonoticiasneiva\"]},{\"@type\":\"Person\",\"@id\":\"https:\/\/luchonoticias.com\/editor\/#\/schema\/person\/29217990ddf6f14e35912b2866d591fb\",\"name\":\"Editor General\",\"image\":{\"@type\":\"ImageObject\",\"inLanguage\":\"es\",\"@id\":\"https:\/\/luchonoticias.com\/editor\/#\/schema\/person\/image\/\",\"url\":\"https:\/\/luchonoticias.com\/editor\/wp-content\/uploads\/2024\/02\/cropped-cropped-logolu-150x150.webp\",\"contentUrl\":\"https:\/\/luchonoticias.com\/editor\/wp-content\/uploads\/2024\/02\/cropped-cropped-logolu-150x150.webp\",\"caption\":\"Editor General\"},\"sameAs\":[\"https:\/\/luchonoticias.com\/\"],\"url\":\"https:\/\/luchonoticias.com\/editor\/author\/editor-general\/\"}]}<\/script>\n<!-- \/ Yoast SEO plugin. -->","yoast_head_json":{"title":"Agricultura familiar, comunitaria y campesina tendr\u00e1 su feria -","robots":{"index":"index","follow":"follow","max-snippet":"max-snippet:-1","max-image-preview":"max-image-preview:large","max-video-preview":"max-video-preview:-1"},"canonical":"https:\/\/luchonoticias.com\/editor\/agricultura-familiar-comunitaria-y-campesina-tendra-su-feria\/","og_locale":"es_ES","og_type":"article","og_title":"Agricultura familiar, comunitaria y campesina tendr\u00e1 su feria -","og_url":"https:\/\/luchonoticias.com\/editor\/agricultura-familiar-comunitaria-y-campesina-tendra-su-feria\/","article_publisher":"https:\/\/www.facebook.com\/luchonoticiasneiva","article_published_time":"2024-04-18T10:25:08+00:00","og_image":[{"width":700,"height":400,"url":"https:\/\/luchonoticias.com\/editor\/wp-content\/uploads\/2024\/04\/minagricultura.jpg","type":"image\/jpeg"}],"author":"Editor General","twitter_card":"summary_large_image","twitter_misc":{"Escrito por":"Editor General","Tiempo de lectura":"2 minutos"},"schema":{"@context":"https:\/\/schema.org","@graph":[{"@type":"Article","@id":"https:\/\/luchonoticias.com\/editor\/agricultura-familiar-comunitaria-y-campesina-tendra-su-feria\/#article","isPartOf":{"@id":"https:\/\/luchonoticias.com\/editor\/agricultura-familiar-comunitaria-y-campesina-tendra-su-feria\/"},"author":{"name":"Editor General","@id":"https:\/\/luchonoticias.com\/editor\/#\/schema\/person\/29217990ddf6f14e35912b2866d591fb"},"headline":"Agricultura familiar, comunitaria y campesina tendr\u00e1 su feria","datePublished":"2024-04-18T10:25:08+00:00","mainEntityOfPage":{"@id":"https:\/\/luchonoticias.com\/editor\/agricultura-familiar-comunitaria-y-campesina-tendra-su-feria\/"},"wordCount":386,"publisher":{"@id":"https:\/\/luchonoticias.com\/editor\/#\/schema\/person\/7a7fd911f58561fd056dbac7b55af9cd"},"image":{"@id":"https:\/\/luchonoticias.com\/editor\/agricultura-familiar-comunitaria-y-campesina-tendra-su-feria\/#primaryimage"},"thumbnailUrl":"https:\/\/luchonoticias.com\/editor\/wp-content\/uploads\/2024\/04\/minagricultura.jpg","articleSection":["Actualidad"],"inLanguage":"es"},{"@type":"WebPage","@id":"https:\/\/luchonoticias.com\/editor\/agricultura-familiar-comunitaria-y-campesina-tendra-su-feria\/","url":"https:\/\/luchonoticias.com\/editor\/agricultura-familiar-comunitaria-y-campesina-tendra-su-feria\/","name":"Agricultura familiar, comunitaria y campesina tendr\u00e1 su feria -","isPartOf":{"@id":"https:\/\/luchonoticias.com\/editor\/#website"},"primaryImageOfPage":{"@id":"https:\/\/luchonoticias.com\/editor\/agricultura-familiar-comunitaria-y-campesina-tendra-su-feria\/#primaryimage"},"image":{"@id":"https:\/\/luchonoticias.com\/editor\/agricultura-familiar-comunitaria-y-campesina-tendra-su-feria\/#primaryimage"},"thumbnailUrl":"https:\/\/luchonoticias.com\/editor\/wp-content\/uploads\/2024\/04\/minagricultura.jpg","datePublished":"2024-04-18T10:25:08+00:00","breadcrumb":{"@id":"https:\/\/luchonoticias.com\/editor\/agricultura-familiar-comunitaria-y-campesina-tendra-su-feria\/#breadcrumb"},"inLanguage":"es","potentialAction":[{"@type":"ReadAction","target":["https:\/\/luchonoticias.com\/editor\/agricultura-familiar-comunitaria-y-campesina-tendra-su-feria\/"]}]},{"@type":"ImageObject","inLanguage":"es","@id":"https:\/\/luchonoticias.com\/editor\/agricultura-familiar-comunitaria-y-campesina-tendra-su-feria\/#primaryimage","url":"https:\/\/luchonoticias.com\/editor\/wp-content\/uploads\/2024\/04\/minagricultura.jpg","contentUrl":"https:\/\/luchonoticias.com\/editor\/wp-content\/uploads\/2024\/04\/minagricultura.jpg","width":700,"height":400},{"@type":"BreadcrumbList","@id":"https:\/\/luchonoticias.com\/editor\/agricultura-familiar-comunitaria-y-campesina-tendra-su-feria\/#breadcrumb","itemListElement":[{"@type":"ListItem","position":1,"name":"Portada","item":"https:\/\/luchonoticias.com\/editor\/"},{"@type":"ListItem","position":2,"name":"Agricultura familiar, comunitaria y campesina tendr\u00e1 su feria"}]},{"@type":"WebSite","@id":"https:\/\/luchonoticias.com\/editor\/#website","url":"https:\/\/luchonoticias.com\/editor\/","name":"","description":"","publisher":{"@id":"https:\/\/luchonoticias.com\/editor\/#\/schema\/person\/7a7fd911f58561fd056dbac7b55af9cd"},"potentialAction":[{"@type":"SearchAction","target":{"@type":"EntryPoint","urlTemplate":"https:\/\/luchonoticias.com\/editor\/?s={search_term_string}"},"query-input":{"@type":"PropertyValueSpecification","valueRequired":true,"valueName":"search_term_string"}}],"inLanguage":"es"},{"@type":["Person","Organization"],"@id":"https:\/\/luchonoticias.com\/editor\/#\/schema\/person\/7a7fd911f58561fd056dbac7b55af9cd","name":"admin","image":{"@type":"ImageObject","inLanguage":"es","@id":"https:\/\/luchonoticias.com\/editor\/#\/schema\/person\/image\/","url":"https:\/\/luchonoticias.com\/editor\/wp-content\/uploads\/2024\/02\/cropped-cropped-logolu.webp","contentUrl":"https:\/\/luchonoticias.com\/editor\/wp-content\/uploads\/2024\/02\/cropped-cropped-logolu.webp","width":382,"height":170,"caption":"admin"},"logo":{"@id":"https:\/\/luchonoticias.com\/editor\/#\/schema\/person\/image\/"},"sameAs":["https:\/\/www.facebook.com\/luchonoticiasneiva"]},{"@type":"Person","@id":"https:\/\/luchonoticias.com\/editor\/#\/schema\/person\/29217990ddf6f14e35912b2866d591fb","name":"Editor General","image":{"@type":"ImageObject","inLanguage":"es","@id":"https:\/\/luchonoticias.com\/editor\/#\/schema\/person\/image\/","url":"https:\/\/luchonoticias.com\/editor\/wp-content\/uploads\/2024\/02\/cropped-cropped-logolu-150x150.webp","contentUrl":"https:\/\/luchonoticias.com\/editor\/wp-content\/uploads\/2024\/02\/cropped-cropped-logolu-150x150.webp","caption":"Editor General"},"sameAs":["https:\/\/luchonoticias.com\/"],"url":"https:\/\/luchonoticias.com\/editor\/author\/editor-general\/"}]}},"_links":{"self":[{"href":"https:\/\/luchonoticias.com\/editor\/wp-json\/wp\/v2\/posts\/72218","targetHints":{"allow":["GET"]}}],"collection":[{"href":"https:\/\/luchonoticias.com\/editor\/wp-json\/wp\/v2\/posts"}],"about":[{"href":"https:\/\/luchonoticias.com\/editor\/wp-json\/wp\/v2\/types\/post"}],"author":[{"embeddable":true,"href":"https:\/\/luchonoticias.com\/editor\/wp-json\/wp\/v2\/users\/2"}],"replies":[{"embeddable":true,"href":"https:\/\/luchonoticias.com\/editor\/wp-json\/wp\/v2\/comments?post=72218"}],"version-history":[{"count":0,"href":"https:\/\/luchonoticias.com\/editor\/wp-json\/wp\/v2\/posts\/72218\/revisions"}],"wp:featuredmedia":[{"embeddable":true,"href":"https:\/\/luchonoticias.com\/editor\/wp-json\/wp\/v2\/media\/72219"}],"wp:attachment":[{"href":"https:\/\/luchonoticias.com\/editor\/wp-json\/wp\/v2\/media?parent=72218"}],"wp:term":[{"taxonomy":"category","embeddable":true,"href":"https:\/\/luchonoticias.com\/editor\/wp-json\/wp\/v2\/categories?post=72218"},{"taxonomy":"post_tag","embeddable":true,"href":"https:\/\/luchonoticias.com\/editor\/wp-json\/wp\/v2\/tags?post=72218"}],"curies":[{"name":"wp","href":"https:\/\/api.w.org\/{rel}","templated":true}]}}