{"id":72225,"date":"2024-04-18T08:17:23","date_gmt":"2024-04-18T13:17:23","guid":{"rendered":"https:\/\/luchonoticias.com\/?p=72225"},"modified":"2024-04-18T08:17:23","modified_gmt":"2024-04-18T13:17:23","slug":"ese-carmen-emilia-ospina-lista-para-la-jornada-de-vacunacion-de-las-americas","status":"publish","type":"post","link":"https:\/\/luchonoticias.com\/editor\/ese-carmen-emilia-ospina-lista-para-la-jornada-de-vacunacion-de-las-americas\/","title":{"rendered":"ESE Carmen Emilia Ospina, lista para la Jornada de Vacunaci\u00f3n de las Am\u00e9ricas"},"content":{"rendered":"<p>En el marco de la celebraci\u00f3n del mes de la ni\u00f1ez la ESE \u201cCarmen Emilia Ospina\u201d quiere llegar a esta poblaci\u00f3n tan importante con salud y bienestar, por ello est\u00e1 trabajando de la mano con la Secretar\u00eda de Salud Municipal para desarrollar este s\u00e1bado la Jornada de Vacunaci\u00f3n de las Am\u00e9ricas, que se realiza a nivel mundial y busca que los ni\u00f1os y ni\u00f1as se pongan al d\u00eda con las vacunas.<\/p>\n<p>Esta es una gran oportunidad para que los padres o cuidadores que por diversas circunstancias no han podido traer a los ni\u00f1os a vacunar se pongan al d\u00eda con el esquema de vacunaci\u00f3n regular y as\u00ed prevenir a los peque\u00f1os de enfermedades mortales como el Covid, entre otras.<\/p>\n<p>La jornada est\u00e1 dirigida a ni\u00f1os menores de seis a\u00f1os, con el esquema regular de vacunaci\u00f3n, madres gestantes, ni\u00f1as y ni\u00f1os de 9 a 17 a\u00f1os con la vacuna VPH y a los mayores de 60 a\u00f1os se les estar\u00e1 suministrando la vacuna contra la influenza.<\/p>\n<p>Seg\u00fan Daniela Duss\u00e1n, coordinadora del Plan Ampliado de Inmunizaci\u00f3n, PAI, de la ESE \u201cCarmen Emilia Ospina\u201d, \u201ctodos los centros de salud de la entidad estar\u00e1n trabajando este s\u00e1bado 20 de abril en horario de 8:00 a.m. a 4:00 p.m., las personas que deseen ponerse al d\u00eda con el esquena de vacunaci\u00f3n solo tienen que acercarse al centro de salud m\u00e1s cercano donde el personal est\u00e1 listo para orientarlos y suministrarles la vacuna que necesiten\u201d.<\/p>\n<p>La funcionaria agreg\u00f3 que \u201clas vacunas son el principal m\u00e9todo de prevenir enfermedades inmunoprevenibles\u00a0 y son seguras, por eso este 20 de abril es el d\u00eda de ponerse al d\u00eda con el esquema de vacunaci\u00f3n.<\/p>\n","protected":false},"excerpt":{"rendered":"<p>En el marco de la celebraci\u00f3n del mes de la ni\u00f1ez la ESE \u201cCarmen Emilia Ospina\u201d quiere llegar a esta poblaci\u00f3n tan importante con salud y bienestar, por ello est\u00e1 trabajando de la mano con la Secretar\u00eda de Salud Municipal para desarrollar este s\u00e1bado la Jornada de Vacunaci\u00f3n de las Am\u00e9ricas, que se realiza a [&hellip;]<\/p>\n","protected":false},"author":2,"featured_media":72226,"comment_status":"closed","ping_status":"open","sticky":false,"template":"","format":"standard","meta":{"footnotes":""},"categories":[31],"tags":[],"class_list":["post-72225","post","type-post","status-publish","format-standard","has-post-thumbnail","hentry","category-local"],"yoast_head":"<!-- This site is optimized with the Yoast SEO plugin v26.6 - https:\/\/yoast.com\/wordpress\/plugins\/seo\/ -->\n<title>ESE Carmen Emilia Ospina, lista para la Jornada de Vacunaci\u00f3n de las Am\u00e9ricas -<\/title>\n<meta name=\"robots\" content=\"index, follow, max-snippet:-1, max-image-preview:large, max-video-preview:-1\" \/>\n<link rel=\"canonical\" href=\"https:\/\/luchonoticias.com\/editor\/ese-carmen-emilia-ospina-lista-para-la-jornada-de-vacunacion-de-las-americas\/\" \/>\n<meta property=\"og:locale\" content=\"es_ES\" \/>\n<meta property=\"og:type\" content=\"article\" \/>\n<meta property=\"og:title\" content=\"ESE Carmen Emilia Ospina, lista para la Jornada de Vacunaci\u00f3n de las Am\u00e9ricas -\" \/>\n<meta property=\"og:url\" content=\"https:\/\/luchonoticias.com\/editor\/ese-carmen-emilia-ospina-lista-para-la-jornada-de-vacunacion-de-las-americas\/\" \/>\n<meta property=\"article:publisher\" content=\"https:\/\/www.facebook.com\/luchonoticiasneiva\" \/>\n<meta property=\"article:published_time\" content=\"2024-04-18T13:17:23+00:00\" \/>\n<meta property=\"og:image\" content=\"https:\/\/luchonoticias.com\/editor\/wp-content\/uploads\/2024\/04\/vacunacion-1.jpg\" \/>\n\t<meta property=\"og:image:width\" content=\"700\" \/>\n\t<meta property=\"og:image:height\" content=\"400\" \/>\n\t<meta property=\"og:image:type\" content=\"image\/jpeg\" \/>\n<meta name=\"author\" content=\"Editor General\" \/>\n<meta name=\"twitter:card\" content=\"summary_large_image\" \/>\n<meta name=\"twitter:label1\" content=\"Escrito por\" \/>\n\t<meta name=\"twitter:data1\" content=\"Editor General\" \/>\n\t<meta name=\"twitter:label2\" content=\"Tiempo de lectura\" \/>\n\t<meta name=\"twitter:data2\" content=\"2 minutos\" \/>\n<script type=\"application\/ld+json\" class=\"yoast-schema-graph\">{\"@context\":\"https:\/\/schema.org\",\"@graph\":[{\"@type\":\"Article\",\"@id\":\"https:\/\/luchonoticias.com\/editor\/ese-carmen-emilia-ospina-lista-para-la-jornada-de-vacunacion-de-las-americas\/#article\",\"isPartOf\":{\"@id\":\"https:\/\/luchonoticias.com\/editor\/ese-carmen-emilia-ospina-lista-para-la-jornada-de-vacunacion-de-las-americas\/\"},\"author\":{\"name\":\"Editor General\",\"@id\":\"https:\/\/luchonoticias.com\/editor\/#\/schema\/person\/29217990ddf6f14e35912b2866d591fb\"},\"headline\":\"ESE Carmen Emilia Ospina, lista para la Jornada de Vacunaci\u00f3n de las Am\u00e9ricas\",\"datePublished\":\"2024-04-18T13:17:23+00:00\",\"mainEntityOfPage\":{\"@id\":\"https:\/\/luchonoticias.com\/editor\/ese-carmen-emilia-ospina-lista-para-la-jornada-de-vacunacion-de-las-americas\/\"},\"wordCount\":317,\"publisher\":{\"@id\":\"https:\/\/luchonoticias.com\/editor\/#\/schema\/person\/7a7fd911f58561fd056dbac7b55af9cd\"},\"image\":{\"@id\":\"https:\/\/luchonoticias.com\/editor\/ese-carmen-emilia-ospina-lista-para-la-jornada-de-vacunacion-de-las-americas\/#primaryimage\"},\"thumbnailUrl\":\"https:\/\/luchonoticias.com\/editor\/wp-content\/uploads\/2024\/04\/vacunacion-1.jpg\",\"articleSection\":[\"Local\"],\"inLanguage\":\"es\"},{\"@type\":\"WebPage\",\"@id\":\"https:\/\/luchonoticias.com\/editor\/ese-carmen-emilia-ospina-lista-para-la-jornada-de-vacunacion-de-las-americas\/\",\"url\":\"https:\/\/luchonoticias.com\/editor\/ese-carmen-emilia-ospina-lista-para-la-jornada-de-vacunacion-de-las-americas\/\",\"name\":\"ESE Carmen Emilia Ospina, lista para la Jornada de Vacunaci\u00f3n de las Am\u00e9ricas -\",\"isPartOf\":{\"@id\":\"https:\/\/luchonoticias.com\/editor\/#website\"},\"primaryImageOfPage\":{\"@id\":\"https:\/\/luchonoticias.com\/editor\/ese-carmen-emilia-ospina-lista-para-la-jornada-de-vacunacion-de-las-americas\/#primaryimage\"},\"image\":{\"@id\":\"https:\/\/luchonoticias.com\/editor\/ese-carmen-emilia-ospina-lista-para-la-jornada-de-vacunacion-de-las-americas\/#primaryimage\"},\"thumbnailUrl\":\"https:\/\/luchonoticias.com\/editor\/wp-content\/uploads\/2024\/04\/vacunacion-1.jpg\",\"datePublished\":\"2024-04-18T13:17:23+00:00\",\"breadcrumb\":{\"@id\":\"https:\/\/luchonoticias.com\/editor\/ese-carmen-emilia-ospina-lista-para-la-jornada-de-vacunacion-de-las-americas\/#breadcrumb\"},\"inLanguage\":\"es\",\"potentialAction\":[{\"@type\":\"ReadAction\",\"target\":[\"https:\/\/luchonoticias.com\/editor\/ese-carmen-emilia-ospina-lista-para-la-jornada-de-vacunacion-de-las-americas\/\"]}]},{\"@type\":\"ImageObject\",\"inLanguage\":\"es\",\"@id\":\"https:\/\/luchonoticias.com\/editor\/ese-carmen-emilia-ospina-lista-para-la-jornada-de-vacunacion-de-las-americas\/#primaryimage\",\"url\":\"https:\/\/luchonoticias.com\/editor\/wp-content\/uploads\/2024\/04\/vacunacion-1.jpg\",\"contentUrl\":\"https:\/\/luchonoticias.com\/editor\/wp-content\/uploads\/2024\/04\/vacunacion-1.jpg\",\"width\":700,\"height\":400},{\"@type\":\"BreadcrumbList\",\"@id\":\"https:\/\/luchonoticias.com\/editor\/ese-carmen-emilia-ospina-lista-para-la-jornada-de-vacunacion-de-las-americas\/#breadcrumb\",\"itemListElement\":[{\"@type\":\"ListItem\",\"position\":1,\"name\":\"Portada\",\"item\":\"https:\/\/luchonoticias.com\/editor\/\"},{\"@type\":\"ListItem\",\"position\":2,\"name\":\"ESE Carmen Emilia Ospina, lista para la Jornada de Vacunaci\u00f3n de las Am\u00e9ricas\"}]},{\"@type\":\"WebSite\",\"@id\":\"https:\/\/luchonoticias.com\/editor\/#website\",\"url\":\"https:\/\/luchonoticias.com\/editor\/\",\"name\":\"\",\"description\":\"\",\"publisher\":{\"@id\":\"https:\/\/luchonoticias.com\/editor\/#\/schema\/person\/7a7fd911f58561fd056dbac7b55af9cd\"},\"potentialAction\":[{\"@type\":\"SearchAction\",\"target\":{\"@type\":\"EntryPoint\",\"urlTemplate\":\"https:\/\/luchonoticias.com\/editor\/?s={search_term_string}\"},\"query-input\":{\"@type\":\"PropertyValueSpecification\",\"valueRequired\":true,\"valueName\":\"search_term_string\"}}],\"inLanguage\":\"es\"},{\"@type\":[\"Person\",\"Organization\"],\"@id\":\"https:\/\/luchonoticias.com\/editor\/#\/schema\/person\/7a7fd911f58561fd056dbac7b55af9cd\",\"name\":\"admin\",\"image\":{\"@type\":\"ImageObject\",\"inLanguage\":\"es\",\"@id\":\"https:\/\/luchonoticias.com\/editor\/#\/schema\/person\/image\/\",\"url\":\"https:\/\/luchonoticias.com\/editor\/wp-content\/uploads\/2024\/02\/cropped-cropped-logolu.webp\",\"contentUrl\":\"https:\/\/luchonoticias.com\/editor\/wp-content\/uploads\/2024\/02\/cropped-cropped-logolu.webp\",\"width\":382,\"height\":170,\"caption\":\"admin\"},\"logo\":{\"@id\":\"https:\/\/luchonoticias.com\/editor\/#\/schema\/person\/image\/\"},\"sameAs\":[\"https:\/\/www.facebook.com\/luchonoticiasneiva\"]},{\"@type\":\"Person\",\"@id\":\"https:\/\/luchonoticias.com\/editor\/#\/schema\/person\/29217990ddf6f14e35912b2866d591fb\",\"name\":\"Editor General\",\"image\":{\"@type\":\"ImageObject\",\"inLanguage\":\"es\",\"@id\":\"https:\/\/luchonoticias.com\/editor\/#\/schema\/person\/image\/\",\"url\":\"https:\/\/luchonoticias.com\/editor\/wp-content\/uploads\/2024\/02\/cropped-cropped-logolu-150x150.webp\",\"contentUrl\":\"https:\/\/luchonoticias.com\/editor\/wp-content\/uploads\/2024\/02\/cropped-cropped-logolu-150x150.webp\",\"caption\":\"Editor General\"},\"sameAs\":[\"https:\/\/luchonoticias.com\/\"],\"url\":\"https:\/\/luchonoticias.com\/editor\/author\/editor-general\/\"}]}<\/script>\n<!-- \/ Yoast SEO plugin. -->","yoast_head_json":{"title":"ESE Carmen Emilia Ospina, lista para la Jornada de Vacunaci\u00f3n de las Am\u00e9ricas -","robots":{"index":"index","follow":"follow","max-snippet":"max-snippet:-1","max-image-preview":"max-image-preview:large","max-video-preview":"max-video-preview:-1"},"canonical":"https:\/\/luchonoticias.com\/editor\/ese-carmen-emilia-ospina-lista-para-la-jornada-de-vacunacion-de-las-americas\/","og_locale":"es_ES","og_type":"article","og_title":"ESE Carmen Emilia Ospina, lista para la Jornada de Vacunaci\u00f3n de las Am\u00e9ricas -","og_url":"https:\/\/luchonoticias.com\/editor\/ese-carmen-emilia-ospina-lista-para-la-jornada-de-vacunacion-de-las-americas\/","article_publisher":"https:\/\/www.facebook.com\/luchonoticiasneiva","article_published_time":"2024-04-18T13:17:23+00:00","og_image":[{"width":700,"height":400,"url":"https:\/\/luchonoticias.com\/editor\/wp-content\/uploads\/2024\/04\/vacunacion-1.jpg","type":"image\/jpeg"}],"author":"Editor General","twitter_card":"summary_large_image","twitter_misc":{"Escrito por":"Editor General","Tiempo de lectura":"2 minutos"},"schema":{"@context":"https:\/\/schema.org","@graph":[{"@type":"Article","@id":"https:\/\/luchonoticias.com\/editor\/ese-carmen-emilia-ospina-lista-para-la-jornada-de-vacunacion-de-las-americas\/#article","isPartOf":{"@id":"https:\/\/luchonoticias.com\/editor\/ese-carmen-emilia-ospina-lista-para-la-jornada-de-vacunacion-de-las-americas\/"},"author":{"name":"Editor General","@id":"https:\/\/luchonoticias.com\/editor\/#\/schema\/person\/29217990ddf6f14e35912b2866d591fb"},"headline":"ESE Carmen Emilia Ospina, lista para la Jornada de Vacunaci\u00f3n de las Am\u00e9ricas","datePublished":"2024-04-18T13:17:23+00:00","mainEntityOfPage":{"@id":"https:\/\/luchonoticias.com\/editor\/ese-carmen-emilia-ospina-lista-para-la-jornada-de-vacunacion-de-las-americas\/"},"wordCount":317,"publisher":{"@id":"https:\/\/luchonoticias.com\/editor\/#\/schema\/person\/7a7fd911f58561fd056dbac7b55af9cd"},"image":{"@id":"https:\/\/luchonoticias.com\/editor\/ese-carmen-emilia-ospina-lista-para-la-jornada-de-vacunacion-de-las-americas\/#primaryimage"},"thumbnailUrl":"https:\/\/luchonoticias.com\/editor\/wp-content\/uploads\/2024\/04\/vacunacion-1.jpg","articleSection":["Local"],"inLanguage":"es"},{"@type":"WebPage","@id":"https:\/\/luchonoticias.com\/editor\/ese-carmen-emilia-ospina-lista-para-la-jornada-de-vacunacion-de-las-americas\/","url":"https:\/\/luchonoticias.com\/editor\/ese-carmen-emilia-ospina-lista-para-la-jornada-de-vacunacion-de-las-americas\/","name":"ESE Carmen Emilia Ospina, lista para la Jornada de Vacunaci\u00f3n de las Am\u00e9ricas -","isPartOf":{"@id":"https:\/\/luchonoticias.com\/editor\/#website"},"primaryImageOfPage":{"@id":"https:\/\/luchonoticias.com\/editor\/ese-carmen-emilia-ospina-lista-para-la-jornada-de-vacunacion-de-las-americas\/#primaryimage"},"image":{"@id":"https:\/\/luchonoticias.com\/editor\/ese-carmen-emilia-ospina-lista-para-la-jornada-de-vacunacion-de-las-americas\/#primaryimage"},"thumbnailUrl":"https:\/\/luchonoticias.com\/editor\/wp-content\/uploads\/2024\/04\/vacunacion-1.jpg","datePublished":"2024-04-18T13:17:23+00:00","breadcrumb":{"@id":"https:\/\/luchonoticias.com\/editor\/ese-carmen-emilia-ospina-lista-para-la-jornada-de-vacunacion-de-las-americas\/#breadcrumb"},"inLanguage":"es","potentialAction":[{"@type":"ReadAction","target":["https:\/\/luchonoticias.com\/editor\/ese-carmen-emilia-ospina-lista-para-la-jornada-de-vacunacion-de-las-americas\/"]}]},{"@type":"ImageObject","inLanguage":"es","@id":"https:\/\/luchonoticias.com\/editor\/ese-carmen-emilia-ospina-lista-para-la-jornada-de-vacunacion-de-las-americas\/#primaryimage","url":"https:\/\/luchonoticias.com\/editor\/wp-content\/uploads\/2024\/04\/vacunacion-1.jpg","contentUrl":"https:\/\/luchonoticias.com\/editor\/wp-content\/uploads\/2024\/04\/vacunacion-1.jpg","width":700,"height":400},{"@type":"BreadcrumbList","@id":"https:\/\/luchonoticias.com\/editor\/ese-carmen-emilia-ospina-lista-para-la-jornada-de-vacunacion-de-las-americas\/#breadcrumb","itemListElement":[{"@type":"ListItem","position":1,"name":"Portada","item":"https:\/\/luchonoticias.com\/editor\/"},{"@type":"ListItem","position":2,"name":"ESE Carmen Emilia Ospina, lista para la Jornada de Vacunaci\u00f3n de las Am\u00e9ricas"}]},{"@type":"WebSite","@id":"https:\/\/luchonoticias.com\/editor\/#website","url":"https:\/\/luchonoticias.com\/editor\/","name":"","description":"","publisher":{"@id":"https:\/\/luchonoticias.com\/editor\/#\/schema\/person\/7a7fd911f58561fd056dbac7b55af9cd"},"potentialAction":[{"@type":"SearchAction","target":{"@type":"EntryPoint","urlTemplate":"https:\/\/luchonoticias.com\/editor\/?s={search_term_string}"},"query-input":{"@type":"PropertyValueSpecification","valueRequired":true,"valueName":"search_term_string"}}],"inLanguage":"es"},{"@type":["Person","Organization"],"@id":"https:\/\/luchonoticias.com\/editor\/#\/schema\/person\/7a7fd911f58561fd056dbac7b55af9cd","name":"admin","image":{"@type":"ImageObject","inLanguage":"es","@id":"https:\/\/luchonoticias.com\/editor\/#\/schema\/person\/image\/","url":"https:\/\/luchonoticias.com\/editor\/wp-content\/uploads\/2024\/02\/cropped-cropped-logolu.webp","contentUrl":"https:\/\/luchonoticias.com\/editor\/wp-content\/uploads\/2024\/02\/cropped-cropped-logolu.webp","width":382,"height":170,"caption":"admin"},"logo":{"@id":"https:\/\/luchonoticias.com\/editor\/#\/schema\/person\/image\/"},"sameAs":["https:\/\/www.facebook.com\/luchonoticiasneiva"]},{"@type":"Person","@id":"https:\/\/luchonoticias.com\/editor\/#\/schema\/person\/29217990ddf6f14e35912b2866d591fb","name":"Editor General","image":{"@type":"ImageObject","inLanguage":"es","@id":"https:\/\/luchonoticias.com\/editor\/#\/schema\/person\/image\/","url":"https:\/\/luchonoticias.com\/editor\/wp-content\/uploads\/2024\/02\/cropped-cropped-logolu-150x150.webp","contentUrl":"https:\/\/luchonoticias.com\/editor\/wp-content\/uploads\/2024\/02\/cropped-cropped-logolu-150x150.webp","caption":"Editor General"},"sameAs":["https:\/\/luchonoticias.com\/"],"url":"https:\/\/luchonoticias.com\/editor\/author\/editor-general\/"}]}},"_links":{"self":[{"href":"https:\/\/luchonoticias.com\/editor\/wp-json\/wp\/v2\/posts\/72225","targetHints":{"allow":["GET"]}}],"collection":[{"href":"https:\/\/luchonoticias.com\/editor\/wp-json\/wp\/v2\/posts"}],"about":[{"href":"https:\/\/luchonoticias.com\/editor\/wp-json\/wp\/v2\/types\/post"}],"author":[{"embeddable":true,"href":"https:\/\/luchonoticias.com\/editor\/wp-json\/wp\/v2\/users\/2"}],"replies":[{"embeddable":true,"href":"https:\/\/luchonoticias.com\/editor\/wp-json\/wp\/v2\/comments?post=72225"}],"version-history":[{"count":0,"href":"https:\/\/luchonoticias.com\/editor\/wp-json\/wp\/v2\/posts\/72225\/revisions"}],"wp:featuredmedia":[{"embeddable":true,"href":"https:\/\/luchonoticias.com\/editor\/wp-json\/wp\/v2\/media\/72226"}],"wp:attachment":[{"href":"https:\/\/luchonoticias.com\/editor\/wp-json\/wp\/v2\/media?parent=72225"}],"wp:term":[{"taxonomy":"category","embeddable":true,"href":"https:\/\/luchonoticias.com\/editor\/wp-json\/wp\/v2\/categories?post=72225"},{"taxonomy":"post_tag","embeddable":true,"href":"https:\/\/luchonoticias.com\/editor\/wp-json\/wp\/v2\/tags?post=72225"}],"curies":[{"name":"wp","href":"https:\/\/api.w.org\/{rel}","templated":true}]}}