{"id":72232,"date":"2024-04-18T15:39:20","date_gmt":"2024-04-18T20:39:20","guid":{"rendered":"https:\/\/luchonoticias.com\/?p=72232"},"modified":"2024-04-18T15:39:20","modified_gmt":"2024-04-18T20:39:20","slug":"proyecto-para-producir-cafe-libre-de-deforestacion-en-el-huila","status":"publish","type":"post","link":"https:\/\/luchonoticias.com\/editor\/proyecto-para-producir-cafe-libre-de-deforestacion-en-el-huila\/","title":{"rendered":"Proyecto para producir caf\u00e9 libre de deforestaci\u00f3n en el Huila"},"content":{"rendered":"<p>A instancias de la Gobernaci\u00f3n del Huila fueron socializados los alcances del proyecto TRADE4EU, liderado por Cooperaci\u00f3n Alemana, que tiene como prop\u00f3sito impactar las cadenas de valor de caf\u00e9 en Colombia y Honduras, as\u00ed como ganader\u00eda y soja, en Brasil y Bolivia, apunt\u00e1ndole a la producci\u00f3n sostenible, libre de deforestaci\u00f3n, en sinton\u00eda con el reglamento 1115 de 2023 de la Uni\u00f3n Europea.<\/p>\n<p>Este proyecto con un horizonte de 5 a\u00f1os (2025-2029), direccionado al fortalecimiento de las capacidades de los actores p\u00fablicos y privados, para generar las condiciones necesarias para el cumplimiento de la normatividad en temas de trazabilidad, legalidad, y monitoreo de la deforestaci\u00f3n, es financiado con recursos por el orden de los 20 millones de Euros, provenientes del Ministerio de Medio Ambiente de Alemania, a trav\u00e9s de la iniciativa clim\u00e1tica internacional, y ser\u00e1 ejecutado por el consorcio conformado por GIZ, WWF, y Solidaridad.<\/p>\n<p>Esta importante iniciativa contiene un marco l\u00f3gico sustentado en 4 pilares:<\/p>\n<p>&#8211; Fortalecimiento de la gobernanza nacional y local para contribuir con cadenas libres de deforestaci\u00f3n y conversi\u00f3n forestal (DCF), y producci\u00f3n conforme a la normativa de la Uni\u00f3n Europea.<\/p>\n<p>&#8211; Fortalecimiento de las Capacidades de los actores de las cadenas agr\u00edcolas, para el cumplimiento de la normativa\/ UE y para la utilizaci\u00f3n de enfoques innovadores de seguimiento y trazabilidad.<\/p>\n<p>&#8211; Movilizaci\u00f3n de capital privado para lograr una conexi\u00f3n de los productores con mecanismos de financiamiento, asociaciones p\u00fablico-privadas, y escalamiento de producci\u00f3n libre de deforestaci\u00f3n.<br \/>\n&#8211; Compartir las experiencias y conocimientos sobre cadenas libres de deforestaci\u00f3n y conversi\u00f3n forestal a nivel regional y mundial, con el fin de ser replicadas.<\/p>\n<p><strong>Producci\u00f3n sostenible<\/strong><\/p>\n<p>Para Matthias Jaeger, del \u00e1rea de planeaci\u00f3n y dise\u00f1o de proyectos de la Agencia Alemana para la Cooperaci\u00f3n Internacional &#8211; GIZ, este proyecto le apunta a reducir el peso de la responsabilidad en el cumplimiento de la norma a peque\u00f1os productores.<\/p>\n<p>\u201cEl proyecto apunta fortalecer las capacidades en actores p\u00fablicos y privados, para que los costos de transacci\u00f3n para el cumplimiento de esa norma, y la consecuci\u00f3n de la informaci\u00f3n se minimice, para que los peque\u00f1os productores no tengan que asumir ese gasto, contribuyendo a que m\u00e1s cultivadores que hoy est\u00e1n en la informalidad puedan integrarse a cadenas formales, ya sea a trav\u00e9s de asociaciones y cooperativas que busquen el acceso a la exportaci\u00f3n directa, o a trav\u00e9s de empresas medianas y grandes dedicadas a esta actividad\u201d, asegur\u00f3 Jaeger.<\/p>\n<p>Por su parte, el Secretario de Agricultura y Miner\u00eda del Huila, Carlos Alberto Cuellar Medina, destac\u00f3 que el departamento del Huila como primer productor de caf\u00e9 del pa\u00eds, haya sido focalizado en este proyecto, que de la mano de entidades internacionales busca avanzar en el cumplimiento de la norma de producir con cero deforestaciones, donde se involucre a las comunidades.<\/p>\n<p>\u201cEs un importante proyecto a desarrollarse en territorio huilense, al ser seleccionados en Colombia como un departamento focal, y vamos a tener aqu\u00ed una intervenci\u00f3n importante a trav\u00e9s del ministerio de ambiente de Alemania, Cooperaci\u00f3n Alemana- GIZ, Solidaridad, y la WWF, en donde vamos a tener la oportunidad de darle implementaci\u00f3n y aplicaci\u00f3n a la norma de caf\u00e9 cero deforestaci\u00f3n, mediante diferentes mecanismos, y hoy estamos en interacci\u00f3n con estas importantes delegaciones buscando el mejor escenario de construcci\u00f3n de marco l\u00f3gico en territorio, de la mano con las comunidades, la institucionalidad que permita desarrollar un proyecto exitoso a favor de las familias caficultoras del Huila\u201d, sostuvo el funcionario.<\/p>\n<p>Del ejercicio de socializaci\u00f3n del proyecto TRADE4EU cumplido en Neiva, participaron representantes y directivos de GIZ, WWF, Solidaridad, Corporaci\u00f3n Aut\u00f3noma Regional del Alto Magdalena \u2013 CAM, Comit\u00e9 de Cafeteros del Huila, y Comit\u00e9 Regional de la Cadena del Caf\u00e9.<\/p>\n","protected":false},"excerpt":{"rendered":"<p>A instancias de la Gobernaci\u00f3n del Huila fueron socializados los alcances del proyecto TRADE4EU, liderado por Cooperaci\u00f3n Alemana, que tiene como prop\u00f3sito impactar las cadenas de valor de caf\u00e9 en Colombia y Honduras, as\u00ed como ganader\u00eda y soja, en Brasil y Bolivia, apunt\u00e1ndole a la producci\u00f3n sostenible, libre de deforestaci\u00f3n, en sinton\u00eda con el reglamento [&hellip;]<\/p>\n","protected":false},"author":2,"featured_media":72233,"comment_status":"closed","ping_status":"open","sticky":false,"template":"","format":"standard","meta":{"footnotes":""},"categories":[33],"tags":[],"class_list":["post-72232","post","type-post","status-publish","format-standard","has-post-thumbnail","hentry","category-huila"],"yoast_head":"<!-- This site is optimized with the Yoast SEO plugin v26.6 - https:\/\/yoast.com\/wordpress\/plugins\/seo\/ -->\n<title>Proyecto para producir caf\u00e9 libre de deforestaci\u00f3n en el Huila -<\/title>\n<meta name=\"robots\" content=\"index, follow, max-snippet:-1, max-image-preview:large, max-video-preview:-1\" \/>\n<link rel=\"canonical\" href=\"https:\/\/luchonoticias.com\/editor\/proyecto-para-producir-cafe-libre-de-deforestacion-en-el-huila\/\" \/>\n<meta property=\"og:locale\" content=\"es_ES\" \/>\n<meta property=\"og:type\" content=\"article\" \/>\n<meta property=\"og:title\" content=\"Proyecto para producir caf\u00e9 libre de deforestaci\u00f3n en el Huila -\" \/>\n<meta property=\"og:url\" content=\"https:\/\/luchonoticias.com\/editor\/proyecto-para-producir-cafe-libre-de-deforestacion-en-el-huila\/\" \/>\n<meta property=\"article:publisher\" content=\"https:\/\/www.facebook.com\/luchonoticiasneiva\" \/>\n<meta property=\"article:published_time\" content=\"2024-04-18T20:39:20+00:00\" \/>\n<meta property=\"og:image\" content=\"https:\/\/luchonoticias.com\/editor\/wp-content\/uploads\/2024\/04\/cafe-ambiental.jpg\" \/>\n\t<meta property=\"og:image:width\" content=\"700\" \/>\n\t<meta property=\"og:image:height\" content=\"400\" \/>\n\t<meta property=\"og:image:type\" content=\"image\/jpeg\" \/>\n<meta name=\"author\" content=\"Editor General\" \/>\n<meta name=\"twitter:card\" content=\"summary_large_image\" \/>\n<meta name=\"twitter:label1\" content=\"Escrito por\" \/>\n\t<meta name=\"twitter:data1\" content=\"Editor General\" \/>\n\t<meta name=\"twitter:label2\" content=\"Tiempo de lectura\" \/>\n\t<meta name=\"twitter:data2\" content=\"3 minutos\" \/>\n<script type=\"application\/ld+json\" class=\"yoast-schema-graph\">{\"@context\":\"https:\/\/schema.org\",\"@graph\":[{\"@type\":\"Article\",\"@id\":\"https:\/\/luchonoticias.com\/editor\/proyecto-para-producir-cafe-libre-de-deforestacion-en-el-huila\/#article\",\"isPartOf\":{\"@id\":\"https:\/\/luchonoticias.com\/editor\/proyecto-para-producir-cafe-libre-de-deforestacion-en-el-huila\/\"},\"author\":{\"name\":\"Editor General\",\"@id\":\"https:\/\/luchonoticias.com\/editor\/#\/schema\/person\/29217990ddf6f14e35912b2866d591fb\"},\"headline\":\"Proyecto para producir caf\u00e9 libre de deforestaci\u00f3n en el Huila\",\"datePublished\":\"2024-04-18T20:39:20+00:00\",\"mainEntityOfPage\":{\"@id\":\"https:\/\/luchonoticias.com\/editor\/proyecto-para-producir-cafe-libre-de-deforestacion-en-el-huila\/\"},\"wordCount\":666,\"publisher\":{\"@id\":\"https:\/\/luchonoticias.com\/editor\/#\/schema\/person\/7a7fd911f58561fd056dbac7b55af9cd\"},\"image\":{\"@id\":\"https:\/\/luchonoticias.com\/editor\/proyecto-para-producir-cafe-libre-de-deforestacion-en-el-huila\/#primaryimage\"},\"thumbnailUrl\":\"https:\/\/luchonoticias.com\/editor\/wp-content\/uploads\/2024\/04\/cafe-ambiental.jpg\",\"articleSection\":[\"Huila\"],\"inLanguage\":\"es\"},{\"@type\":\"WebPage\",\"@id\":\"https:\/\/luchonoticias.com\/editor\/proyecto-para-producir-cafe-libre-de-deforestacion-en-el-huila\/\",\"url\":\"https:\/\/luchonoticias.com\/editor\/proyecto-para-producir-cafe-libre-de-deforestacion-en-el-huila\/\",\"name\":\"Proyecto para producir caf\u00e9 libre de deforestaci\u00f3n en el Huila -\",\"isPartOf\":{\"@id\":\"https:\/\/luchonoticias.com\/editor\/#website\"},\"primaryImageOfPage\":{\"@id\":\"https:\/\/luchonoticias.com\/editor\/proyecto-para-producir-cafe-libre-de-deforestacion-en-el-huila\/#primaryimage\"},\"image\":{\"@id\":\"https:\/\/luchonoticias.com\/editor\/proyecto-para-producir-cafe-libre-de-deforestacion-en-el-huila\/#primaryimage\"},\"thumbnailUrl\":\"https:\/\/luchonoticias.com\/editor\/wp-content\/uploads\/2024\/04\/cafe-ambiental.jpg\",\"datePublished\":\"2024-04-18T20:39:20+00:00\",\"breadcrumb\":{\"@id\":\"https:\/\/luchonoticias.com\/editor\/proyecto-para-producir-cafe-libre-de-deforestacion-en-el-huila\/#breadcrumb\"},\"inLanguage\":\"es\",\"potentialAction\":[{\"@type\":\"ReadAction\",\"target\":[\"https:\/\/luchonoticias.com\/editor\/proyecto-para-producir-cafe-libre-de-deforestacion-en-el-huila\/\"]}]},{\"@type\":\"ImageObject\",\"inLanguage\":\"es\",\"@id\":\"https:\/\/luchonoticias.com\/editor\/proyecto-para-producir-cafe-libre-de-deforestacion-en-el-huila\/#primaryimage\",\"url\":\"https:\/\/luchonoticias.com\/editor\/wp-content\/uploads\/2024\/04\/cafe-ambiental.jpg\",\"contentUrl\":\"https:\/\/luchonoticias.com\/editor\/wp-content\/uploads\/2024\/04\/cafe-ambiental.jpg\",\"width\":700,\"height\":400},{\"@type\":\"BreadcrumbList\",\"@id\":\"https:\/\/luchonoticias.com\/editor\/proyecto-para-producir-cafe-libre-de-deforestacion-en-el-huila\/#breadcrumb\",\"itemListElement\":[{\"@type\":\"ListItem\",\"position\":1,\"name\":\"Portada\",\"item\":\"https:\/\/luchonoticias.com\/editor\/\"},{\"@type\":\"ListItem\",\"position\":2,\"name\":\"Proyecto para producir caf\u00e9 libre de deforestaci\u00f3n en el Huila\"}]},{\"@type\":\"WebSite\",\"@id\":\"https:\/\/luchonoticias.com\/editor\/#website\",\"url\":\"https:\/\/luchonoticias.com\/editor\/\",\"name\":\"\",\"description\":\"\",\"publisher\":{\"@id\":\"https:\/\/luchonoticias.com\/editor\/#\/schema\/person\/7a7fd911f58561fd056dbac7b55af9cd\"},\"potentialAction\":[{\"@type\":\"SearchAction\",\"target\":{\"@type\":\"EntryPoint\",\"urlTemplate\":\"https:\/\/luchonoticias.com\/editor\/?s={search_term_string}\"},\"query-input\":{\"@type\":\"PropertyValueSpecification\",\"valueRequired\":true,\"valueName\":\"search_term_string\"}}],\"inLanguage\":\"es\"},{\"@type\":[\"Person\",\"Organization\"],\"@id\":\"https:\/\/luchonoticias.com\/editor\/#\/schema\/person\/7a7fd911f58561fd056dbac7b55af9cd\",\"name\":\"admin\",\"image\":{\"@type\":\"ImageObject\",\"inLanguage\":\"es\",\"@id\":\"https:\/\/luchonoticias.com\/editor\/#\/schema\/person\/image\/\",\"url\":\"https:\/\/luchonoticias.com\/editor\/wp-content\/uploads\/2024\/02\/cropped-cropped-logolu.webp\",\"contentUrl\":\"https:\/\/luchonoticias.com\/editor\/wp-content\/uploads\/2024\/02\/cropped-cropped-logolu.webp\",\"width\":382,\"height\":170,\"caption\":\"admin\"},\"logo\":{\"@id\":\"https:\/\/luchonoticias.com\/editor\/#\/schema\/person\/image\/\"},\"sameAs\":[\"https:\/\/www.facebook.com\/luchonoticiasneiva\"]},{\"@type\":\"Person\",\"@id\":\"https:\/\/luchonoticias.com\/editor\/#\/schema\/person\/29217990ddf6f14e35912b2866d591fb\",\"name\":\"Editor General\",\"image\":{\"@type\":\"ImageObject\",\"inLanguage\":\"es\",\"@id\":\"https:\/\/luchonoticias.com\/editor\/#\/schema\/person\/image\/\",\"url\":\"https:\/\/luchonoticias.com\/editor\/wp-content\/uploads\/2024\/02\/cropped-cropped-logolu-150x150.webp\",\"contentUrl\":\"https:\/\/luchonoticias.com\/editor\/wp-content\/uploads\/2024\/02\/cropped-cropped-logolu-150x150.webp\",\"caption\":\"Editor General\"},\"sameAs\":[\"https:\/\/luchonoticias.com\/\"],\"url\":\"https:\/\/luchonoticias.com\/editor\/author\/editor-general\/\"}]}<\/script>\n<!-- \/ Yoast SEO plugin. -->","yoast_head_json":{"title":"Proyecto para producir caf\u00e9 libre de deforestaci\u00f3n en el Huila -","robots":{"index":"index","follow":"follow","max-snippet":"max-snippet:-1","max-image-preview":"max-image-preview:large","max-video-preview":"max-video-preview:-1"},"canonical":"https:\/\/luchonoticias.com\/editor\/proyecto-para-producir-cafe-libre-de-deforestacion-en-el-huila\/","og_locale":"es_ES","og_type":"article","og_title":"Proyecto para producir caf\u00e9 libre de deforestaci\u00f3n en el Huila -","og_url":"https:\/\/luchonoticias.com\/editor\/proyecto-para-producir-cafe-libre-de-deforestacion-en-el-huila\/","article_publisher":"https:\/\/www.facebook.com\/luchonoticiasneiva","article_published_time":"2024-04-18T20:39:20+00:00","og_image":[{"width":700,"height":400,"url":"https:\/\/luchonoticias.com\/editor\/wp-content\/uploads\/2024\/04\/cafe-ambiental.jpg","type":"image\/jpeg"}],"author":"Editor General","twitter_card":"summary_large_image","twitter_misc":{"Escrito por":"Editor General","Tiempo de lectura":"3 minutos"},"schema":{"@context":"https:\/\/schema.org","@graph":[{"@type":"Article","@id":"https:\/\/luchonoticias.com\/editor\/proyecto-para-producir-cafe-libre-de-deforestacion-en-el-huila\/#article","isPartOf":{"@id":"https:\/\/luchonoticias.com\/editor\/proyecto-para-producir-cafe-libre-de-deforestacion-en-el-huila\/"},"author":{"name":"Editor General","@id":"https:\/\/luchonoticias.com\/editor\/#\/schema\/person\/29217990ddf6f14e35912b2866d591fb"},"headline":"Proyecto para producir caf\u00e9 libre de deforestaci\u00f3n en el Huila","datePublished":"2024-04-18T20:39:20+00:00","mainEntityOfPage":{"@id":"https:\/\/luchonoticias.com\/editor\/proyecto-para-producir-cafe-libre-de-deforestacion-en-el-huila\/"},"wordCount":666,"publisher":{"@id":"https:\/\/luchonoticias.com\/editor\/#\/schema\/person\/7a7fd911f58561fd056dbac7b55af9cd"},"image":{"@id":"https:\/\/luchonoticias.com\/editor\/proyecto-para-producir-cafe-libre-de-deforestacion-en-el-huila\/#primaryimage"},"thumbnailUrl":"https:\/\/luchonoticias.com\/editor\/wp-content\/uploads\/2024\/04\/cafe-ambiental.jpg","articleSection":["Huila"],"inLanguage":"es"},{"@type":"WebPage","@id":"https:\/\/luchonoticias.com\/editor\/proyecto-para-producir-cafe-libre-de-deforestacion-en-el-huila\/","url":"https:\/\/luchonoticias.com\/editor\/proyecto-para-producir-cafe-libre-de-deforestacion-en-el-huila\/","name":"Proyecto para producir caf\u00e9 libre de deforestaci\u00f3n en el Huila -","isPartOf":{"@id":"https:\/\/luchonoticias.com\/editor\/#website"},"primaryImageOfPage":{"@id":"https:\/\/luchonoticias.com\/editor\/proyecto-para-producir-cafe-libre-de-deforestacion-en-el-huila\/#primaryimage"},"image":{"@id":"https:\/\/luchonoticias.com\/editor\/proyecto-para-producir-cafe-libre-de-deforestacion-en-el-huila\/#primaryimage"},"thumbnailUrl":"https:\/\/luchonoticias.com\/editor\/wp-content\/uploads\/2024\/04\/cafe-ambiental.jpg","datePublished":"2024-04-18T20:39:20+00:00","breadcrumb":{"@id":"https:\/\/luchonoticias.com\/editor\/proyecto-para-producir-cafe-libre-de-deforestacion-en-el-huila\/#breadcrumb"},"inLanguage":"es","potentialAction":[{"@type":"ReadAction","target":["https:\/\/luchonoticias.com\/editor\/proyecto-para-producir-cafe-libre-de-deforestacion-en-el-huila\/"]}]},{"@type":"ImageObject","inLanguage":"es","@id":"https:\/\/luchonoticias.com\/editor\/proyecto-para-producir-cafe-libre-de-deforestacion-en-el-huila\/#primaryimage","url":"https:\/\/luchonoticias.com\/editor\/wp-content\/uploads\/2024\/04\/cafe-ambiental.jpg","contentUrl":"https:\/\/luchonoticias.com\/editor\/wp-content\/uploads\/2024\/04\/cafe-ambiental.jpg","width":700,"height":400},{"@type":"BreadcrumbList","@id":"https:\/\/luchonoticias.com\/editor\/proyecto-para-producir-cafe-libre-de-deforestacion-en-el-huila\/#breadcrumb","itemListElement":[{"@type":"ListItem","position":1,"name":"Portada","item":"https:\/\/luchonoticias.com\/editor\/"},{"@type":"ListItem","position":2,"name":"Proyecto para producir caf\u00e9 libre de deforestaci\u00f3n en el Huila"}]},{"@type":"WebSite","@id":"https:\/\/luchonoticias.com\/editor\/#website","url":"https:\/\/luchonoticias.com\/editor\/","name":"","description":"","publisher":{"@id":"https:\/\/luchonoticias.com\/editor\/#\/schema\/person\/7a7fd911f58561fd056dbac7b55af9cd"},"potentialAction":[{"@type":"SearchAction","target":{"@type":"EntryPoint","urlTemplate":"https:\/\/luchonoticias.com\/editor\/?s={search_term_string}"},"query-input":{"@type":"PropertyValueSpecification","valueRequired":true,"valueName":"search_term_string"}}],"inLanguage":"es"},{"@type":["Person","Organization"],"@id":"https:\/\/luchonoticias.com\/editor\/#\/schema\/person\/7a7fd911f58561fd056dbac7b55af9cd","name":"admin","image":{"@type":"ImageObject","inLanguage":"es","@id":"https:\/\/luchonoticias.com\/editor\/#\/schema\/person\/image\/","url":"https:\/\/luchonoticias.com\/editor\/wp-content\/uploads\/2024\/02\/cropped-cropped-logolu.webp","contentUrl":"https:\/\/luchonoticias.com\/editor\/wp-content\/uploads\/2024\/02\/cropped-cropped-logolu.webp","width":382,"height":170,"caption":"admin"},"logo":{"@id":"https:\/\/luchonoticias.com\/editor\/#\/schema\/person\/image\/"},"sameAs":["https:\/\/www.facebook.com\/luchonoticiasneiva"]},{"@type":"Person","@id":"https:\/\/luchonoticias.com\/editor\/#\/schema\/person\/29217990ddf6f14e35912b2866d591fb","name":"Editor General","image":{"@type":"ImageObject","inLanguage":"es","@id":"https:\/\/luchonoticias.com\/editor\/#\/schema\/person\/image\/","url":"https:\/\/luchonoticias.com\/editor\/wp-content\/uploads\/2024\/02\/cropped-cropped-logolu-150x150.webp","contentUrl":"https:\/\/luchonoticias.com\/editor\/wp-content\/uploads\/2024\/02\/cropped-cropped-logolu-150x150.webp","caption":"Editor General"},"sameAs":["https:\/\/luchonoticias.com\/"],"url":"https:\/\/luchonoticias.com\/editor\/author\/editor-general\/"}]}},"_links":{"self":[{"href":"https:\/\/luchonoticias.com\/editor\/wp-json\/wp\/v2\/posts\/72232","targetHints":{"allow":["GET"]}}],"collection":[{"href":"https:\/\/luchonoticias.com\/editor\/wp-json\/wp\/v2\/posts"}],"about":[{"href":"https:\/\/luchonoticias.com\/editor\/wp-json\/wp\/v2\/types\/post"}],"author":[{"embeddable":true,"href":"https:\/\/luchonoticias.com\/editor\/wp-json\/wp\/v2\/users\/2"}],"replies":[{"embeddable":true,"href":"https:\/\/luchonoticias.com\/editor\/wp-json\/wp\/v2\/comments?post=72232"}],"version-history":[{"count":0,"href":"https:\/\/luchonoticias.com\/editor\/wp-json\/wp\/v2\/posts\/72232\/revisions"}],"wp:featuredmedia":[{"embeddable":true,"href":"https:\/\/luchonoticias.com\/editor\/wp-json\/wp\/v2\/media\/72233"}],"wp:attachment":[{"href":"https:\/\/luchonoticias.com\/editor\/wp-json\/wp\/v2\/media?parent=72232"}],"wp:term":[{"taxonomy":"category","embeddable":true,"href":"https:\/\/luchonoticias.com\/editor\/wp-json\/wp\/v2\/categories?post=72232"},{"taxonomy":"post_tag","embeddable":true,"href":"https:\/\/luchonoticias.com\/editor\/wp-json\/wp\/v2\/tags?post=72232"}],"curies":[{"name":"wp","href":"https:\/\/api.w.org\/{rel}","templated":true}]}}