{"id":72244,"date":"2024-04-18T19:48:12","date_gmt":"2024-04-19T00:48:12","guid":{"rendered":"https:\/\/luchonoticias.com\/?p=72244"},"modified":"2024-04-18T19:48:12","modified_gmt":"2024-04-19T00:48:12","slug":"medidas-del-gobierno-para-frenar-el-fenomeno-del-nino","status":"publish","type":"post","link":"https:\/\/luchonoticias.com\/editor\/medidas-del-gobierno-para-frenar-el-fenomeno-del-nino\/","title":{"rendered":"Medidas del Gobierno para frenar el fen\u00f3meno del ni\u00f1o"},"content":{"rendered":"<p>Un conjunto de medidas para asegurar la estabilidad energ\u00e9tica y mitigar los efectos adversos sobre el medio ambiente por el fen\u00f3meno de El Ni\u00f1o que amenazas al pa\u00eds con un racionamiento de energ\u00eda, adopt\u00f3 el Gobierno Nacional.<\/p>\n<p>El paquete de 15 medidas adicionales para enfrentar la \u00faltima etapa del fen\u00f3meno clim\u00e1tico fue anunciado ayer por los ministros de Minas y Energ\u00eda, Andr\u00e9s Camacho, y de Ambiente, Susana Muhamad, al presentar el balance de la situaci\u00f3n actual del pa\u00eds de cara al evento atmosf\u00e9rico.<\/p>\n<p>El ministro Camacho indic\u00f3 que ante los impactos y riesgos de la crisis clim\u00e1tica no es inminente un racionamiento de energ\u00eda en el pa\u00eds, pero esto \u201cnos obliga a tomar unas medidas de refuerzo estructural para que no lleguemos a ninguna condici\u00f3n cr\u00edtica y logremos superar sin dificultades este periodo de fen\u00f3meno de El Ni\u00f1o\u201d.<\/p>\n<p>Por su parte, la ministra de Ambiente, Susana Muhamad, advirti\u00f3 que Colombia est\u00e1 pasando por una situaci\u00f3n de temperaturas sin precedentes, lo que implica una situaci\u00f3n totalmente at\u00edpica en los patrones clim\u00e1ticos.<\/p>\n<p>\u201cLos \u00faltimos c\u00e1lculos del IDEAM muestran que, en efecto, ya con una alta certidumbre, vamos a tener lluvias copiosas en todo el pa\u00eds durante este fin de semana, m\u00e1s o menos entre este jueves y el lunes pr\u00f3ximo. Sin embargo, las \u00faltimas dos semanas de abril, que se esperaba estuvieran por encima del promedio, no se ve que realmente vayan a presentarse por encima de lo normal\u201d.<br \/>\nSostuvo que bajo estas condiciones clim\u00e1ticas se puede retrasar la recuperaci\u00f3n de los caudales.<\/p>\n<p><strong>Vigilancia y control<\/strong><\/p>\n<p>1. El Ministerio de Minas y Energ\u00eda y la Superintendencia de Servicios P\u00fablicos reforzar\u00e1n las acciones de inspecci\u00f3n, seguimiento y vigilancia permanente sobre las actividades de todos los agentes del sistema energ\u00e9tico nacional. Continuar\u00e1n las visitas a las hidroel\u00e9ctricas, las generadoras t\u00e9rmicas y se har\u00e1 acompa\u00f1amiento a las labores del despacho de energ\u00eda que encabeza XM.<br \/>\n2. Se publicar\u00e1 el cronograma semanal de visitas a los agentes del sistema desde la Direcci\u00f3n de Energ\u00eda junto a la Superintendencia de Servicios P\u00fablicos.<br \/>\n3. Se comunicar\u00e1n las acciones a todas las empresas para ampliar la informaci\u00f3n del estado de la operaci\u00f3n y articular de forma eficiente esta etapa final de la emergencia clim\u00e1tica.<br \/>\n4. Al paquete medidas, adoptadas en los \u00faltimos seis meses por la CREG y la Oficina de Asuntos Regulatorios del Ministerio de Minas y Energ\u00eda, se sumar\u00e1n las regulaciones pertinentes para facilitar el ingreso de m\u00e1s energ\u00eda al sistema y el despacho eficiente del operador del sistema.<br \/>\n5. Esta semana se expidi\u00f3 el Decreto 0484 destinado a facilitar la disponibilidad de gas natural con destino a la demanda de gas el\u00e9ctrica en tiempos de baja hidrolog\u00eda. Esto permite satisfacer las plantas t\u00e9rmicas que usan ese recurso e incorporar nueva energ\u00eda al sistema.<br \/>\n6. La Oficina de Asuntos Regulatorios emiti\u00f3 la Resoluci\u00f3n 40132 del 15 de abril, que obliga a toda la generaci\u00f3n de energ\u00edas renovables a poner a disposici\u00f3n toda la energ\u00eda con la que cuenten.<br \/>\n7. Se emite regulaci\u00f3n para mejorar el flujo de caja de los comercializadores y asegurar la atenci\u00f3n de demanda del usuario final.<br \/>\n8. Se emite regulaci\u00f3n para incentivar a la autogeneraci\u00f3n y generaci\u00f3n existente a aumentar su producci\u00f3n de energ\u00eda.<br \/>\n9. La CREG estudia en estos momentos otras medidas regulatorias para mejorar la eficiencia del sistema e incentivar el ahorro de energ\u00eda.<\/p>\n<p><strong>M\u00e1s energ\u00eda al sistema<\/strong><\/p>\n<p>10. Se trabaja, con la empresa que opera la T\u00e9rmica Termocentro, para que entre en operaci\u00f3n a m\u00e1s tardar el lunes 22 de abril, lo que garantizar\u00e1 el ingreso de cerca de 272 MW de energ\u00eda m\u00e1s al sistema el\u00e9ctrico nacional, que abastece el 3% de la demanda nacional.<br \/>\n11. Con el ingreso de la generaci\u00f3n de renovables y la utilizaci\u00f3n de energ\u00eda disponible de excedentes de los grandes consumidores, se aumentar\u00e1 la capacidad del sistema en al menos 100 MW.<br \/>\n12. A trav\u00e9s de la CREG se facilita el ingreso anticipado de proyectos de energ\u00eda renovable al sistema energ\u00e9tico aproximadamente otros 100 MW.<br \/>\n13. Se establece la meta de lograr disminuciones en el consumo en 4% a trav\u00e9s de uso eficiente de la energ\u00eda.<\/p>\n<p><strong>Incentivos para el Cuidado de la energ\u00eda:<\/strong><\/p>\n<p>14 Se incentivar\u00e1 el uso eficiente de la demanda y se promover\u00e1 la desconexi\u00f3n del sistema de demanda industrial (de gran demanda) que cuente con plantas de respaldo.<br \/>\n15 Se resuelve otorgar un incentivo a las y los ciudadanos que cuiden la energ\u00eda, disminuyendo su consumo.<\/p>\n","protected":false},"excerpt":{"rendered":"<p>Un conjunto de medidas para asegurar la estabilidad energ\u00e9tica y mitigar los efectos adversos sobre el medio ambiente por el fen\u00f3meno de El Ni\u00f1o que amenazas al pa\u00eds con un racionamiento de energ\u00eda, adopt\u00f3 el Gobierno Nacional. El paquete de 15 medidas adicionales para enfrentar la \u00faltima etapa del fen\u00f3meno clim\u00e1tico fue anunciado ayer por [&hellip;]<\/p>\n","protected":false},"author":2,"featured_media":72245,"comment_status":"closed","ping_status":"open","sticky":false,"template":"","format":"standard","meta":{"footnotes":""},"categories":[28],"tags":[],"class_list":["post-72244","post","type-post","status-publish","format-standard","has-post-thumbnail","hentry","category-actualidad"],"yoast_head":"<!-- This site is optimized with the Yoast SEO plugin v26.6 - https:\/\/yoast.com\/wordpress\/plugins\/seo\/ -->\n<title>Medidas del Gobierno para frenar el fen\u00f3meno del ni\u00f1o -<\/title>\n<meta name=\"robots\" content=\"index, follow, max-snippet:-1, max-image-preview:large, max-video-preview:-1\" \/>\n<link rel=\"canonical\" href=\"https:\/\/luchonoticias.com\/editor\/medidas-del-gobierno-para-frenar-el-fenomeno-del-nino\/\" \/>\n<meta property=\"og:locale\" content=\"es_ES\" \/>\n<meta property=\"og:type\" content=\"article\" \/>\n<meta property=\"og:title\" content=\"Medidas del Gobierno para frenar el fen\u00f3meno del ni\u00f1o -\" \/>\n<meta property=\"og:url\" content=\"https:\/\/luchonoticias.com\/editor\/medidas-del-gobierno-para-frenar-el-fenomeno-del-nino\/\" \/>\n<meta property=\"article:publisher\" content=\"https:\/\/www.facebook.com\/luchonoticiasneiva\" \/>\n<meta property=\"article:published_time\" content=\"2024-04-19T00:48:12+00:00\" \/>\n<meta property=\"og:image\" content=\"https:\/\/luchonoticias.com\/editor\/wp-content\/uploads\/2024\/04\/WhatsApp-Image-2024-04-18-at-19.32.43.jpeg\" \/>\n\t<meta property=\"og:image:width\" content=\"975\" \/>\n\t<meta property=\"og:image:height\" content=\"523\" \/>\n\t<meta property=\"og:image:type\" content=\"image\/jpeg\" \/>\n<meta name=\"author\" content=\"Editor General\" \/>\n<meta name=\"twitter:card\" content=\"summary_large_image\" \/>\n<meta name=\"twitter:label1\" content=\"Escrito por\" \/>\n\t<meta name=\"twitter:data1\" content=\"Editor General\" \/>\n\t<meta name=\"twitter:label2\" content=\"Tiempo de lectura\" \/>\n\t<meta name=\"twitter:data2\" content=\"4 minutos\" \/>\n<script type=\"application\/ld+json\" class=\"yoast-schema-graph\">{\"@context\":\"https:\/\/schema.org\",\"@graph\":[{\"@type\":\"Article\",\"@id\":\"https:\/\/luchonoticias.com\/editor\/medidas-del-gobierno-para-frenar-el-fenomeno-del-nino\/#article\",\"isPartOf\":{\"@id\":\"https:\/\/luchonoticias.com\/editor\/medidas-del-gobierno-para-frenar-el-fenomeno-del-nino\/\"},\"author\":{\"name\":\"Editor General\",\"@id\":\"https:\/\/luchonoticias.com\/editor\/#\/schema\/person\/29217990ddf6f14e35912b2866d591fb\"},\"headline\":\"Medidas del Gobierno para frenar el fen\u00f3meno del ni\u00f1o\",\"datePublished\":\"2024-04-19T00:48:12+00:00\",\"mainEntityOfPage\":{\"@id\":\"https:\/\/luchonoticias.com\/editor\/medidas-del-gobierno-para-frenar-el-fenomeno-del-nino\/\"},\"wordCount\":807,\"publisher\":{\"@id\":\"https:\/\/luchonoticias.com\/editor\/#\/schema\/person\/7a7fd911f58561fd056dbac7b55af9cd\"},\"image\":{\"@id\":\"https:\/\/luchonoticias.com\/editor\/medidas-del-gobierno-para-frenar-el-fenomeno-del-nino\/#primaryimage\"},\"thumbnailUrl\":\"https:\/\/luchonoticias.com\/editor\/wp-content\/uploads\/2024\/04\/WhatsApp-Image-2024-04-18-at-19.32.43.jpeg\",\"articleSection\":[\"Actualidad\"],\"inLanguage\":\"es\"},{\"@type\":\"WebPage\",\"@id\":\"https:\/\/luchonoticias.com\/editor\/medidas-del-gobierno-para-frenar-el-fenomeno-del-nino\/\",\"url\":\"https:\/\/luchonoticias.com\/editor\/medidas-del-gobierno-para-frenar-el-fenomeno-del-nino\/\",\"name\":\"Medidas del Gobierno para frenar el fen\u00f3meno del ni\u00f1o -\",\"isPartOf\":{\"@id\":\"https:\/\/luchonoticias.com\/editor\/#website\"},\"primaryImageOfPage\":{\"@id\":\"https:\/\/luchonoticias.com\/editor\/medidas-del-gobierno-para-frenar-el-fenomeno-del-nino\/#primaryimage\"},\"image\":{\"@id\":\"https:\/\/luchonoticias.com\/editor\/medidas-del-gobierno-para-frenar-el-fenomeno-del-nino\/#primaryimage\"},\"thumbnailUrl\":\"https:\/\/luchonoticias.com\/editor\/wp-content\/uploads\/2024\/04\/WhatsApp-Image-2024-04-18-at-19.32.43.jpeg\",\"datePublished\":\"2024-04-19T00:48:12+00:00\",\"breadcrumb\":{\"@id\":\"https:\/\/luchonoticias.com\/editor\/medidas-del-gobierno-para-frenar-el-fenomeno-del-nino\/#breadcrumb\"},\"inLanguage\":\"es\",\"potentialAction\":[{\"@type\":\"ReadAction\",\"target\":[\"https:\/\/luchonoticias.com\/editor\/medidas-del-gobierno-para-frenar-el-fenomeno-del-nino\/\"]}]},{\"@type\":\"ImageObject\",\"inLanguage\":\"es\",\"@id\":\"https:\/\/luchonoticias.com\/editor\/medidas-del-gobierno-para-frenar-el-fenomeno-del-nino\/#primaryimage\",\"url\":\"https:\/\/luchonoticias.com\/editor\/wp-content\/uploads\/2024\/04\/WhatsApp-Image-2024-04-18-at-19.32.43.jpeg\",\"contentUrl\":\"https:\/\/luchonoticias.com\/editor\/wp-content\/uploads\/2024\/04\/WhatsApp-Image-2024-04-18-at-19.32.43.jpeg\",\"width\":975,\"height\":523},{\"@type\":\"BreadcrumbList\",\"@id\":\"https:\/\/luchonoticias.com\/editor\/medidas-del-gobierno-para-frenar-el-fenomeno-del-nino\/#breadcrumb\",\"itemListElement\":[{\"@type\":\"ListItem\",\"position\":1,\"name\":\"Portada\",\"item\":\"https:\/\/luchonoticias.com\/editor\/\"},{\"@type\":\"ListItem\",\"position\":2,\"name\":\"Medidas del Gobierno para frenar el fen\u00f3meno del ni\u00f1o\"}]},{\"@type\":\"WebSite\",\"@id\":\"https:\/\/luchonoticias.com\/editor\/#website\",\"url\":\"https:\/\/luchonoticias.com\/editor\/\",\"name\":\"\",\"description\":\"\",\"publisher\":{\"@id\":\"https:\/\/luchonoticias.com\/editor\/#\/schema\/person\/7a7fd911f58561fd056dbac7b55af9cd\"},\"potentialAction\":[{\"@type\":\"SearchAction\",\"target\":{\"@type\":\"EntryPoint\",\"urlTemplate\":\"https:\/\/luchonoticias.com\/editor\/?s={search_term_string}\"},\"query-input\":{\"@type\":\"PropertyValueSpecification\",\"valueRequired\":true,\"valueName\":\"search_term_string\"}}],\"inLanguage\":\"es\"},{\"@type\":[\"Person\",\"Organization\"],\"@id\":\"https:\/\/luchonoticias.com\/editor\/#\/schema\/person\/7a7fd911f58561fd056dbac7b55af9cd\",\"name\":\"admin\",\"image\":{\"@type\":\"ImageObject\",\"inLanguage\":\"es\",\"@id\":\"https:\/\/luchonoticias.com\/editor\/#\/schema\/person\/image\/\",\"url\":\"https:\/\/luchonoticias.com\/editor\/wp-content\/uploads\/2024\/02\/cropped-cropped-logolu.webp\",\"contentUrl\":\"https:\/\/luchonoticias.com\/editor\/wp-content\/uploads\/2024\/02\/cropped-cropped-logolu.webp\",\"width\":382,\"height\":170,\"caption\":\"admin\"},\"logo\":{\"@id\":\"https:\/\/luchonoticias.com\/editor\/#\/schema\/person\/image\/\"},\"sameAs\":[\"https:\/\/www.facebook.com\/luchonoticiasneiva\"]},{\"@type\":\"Person\",\"@id\":\"https:\/\/luchonoticias.com\/editor\/#\/schema\/person\/29217990ddf6f14e35912b2866d591fb\",\"name\":\"Editor General\",\"image\":{\"@type\":\"ImageObject\",\"inLanguage\":\"es\",\"@id\":\"https:\/\/luchonoticias.com\/editor\/#\/schema\/person\/image\/\",\"url\":\"https:\/\/luchonoticias.com\/editor\/wp-content\/uploads\/2024\/02\/cropped-cropped-logolu-150x150.webp\",\"contentUrl\":\"https:\/\/luchonoticias.com\/editor\/wp-content\/uploads\/2024\/02\/cropped-cropped-logolu-150x150.webp\",\"caption\":\"Editor General\"},\"sameAs\":[\"https:\/\/luchonoticias.com\/\"],\"url\":\"https:\/\/luchonoticias.com\/editor\/author\/editor-general\/\"}]}<\/script>\n<!-- \/ Yoast SEO plugin. -->","yoast_head_json":{"title":"Medidas del Gobierno para frenar el fen\u00f3meno del ni\u00f1o -","robots":{"index":"index","follow":"follow","max-snippet":"max-snippet:-1","max-image-preview":"max-image-preview:large","max-video-preview":"max-video-preview:-1"},"canonical":"https:\/\/luchonoticias.com\/editor\/medidas-del-gobierno-para-frenar-el-fenomeno-del-nino\/","og_locale":"es_ES","og_type":"article","og_title":"Medidas del Gobierno para frenar el fen\u00f3meno del ni\u00f1o -","og_url":"https:\/\/luchonoticias.com\/editor\/medidas-del-gobierno-para-frenar-el-fenomeno-del-nino\/","article_publisher":"https:\/\/www.facebook.com\/luchonoticiasneiva","article_published_time":"2024-04-19T00:48:12+00:00","og_image":[{"width":975,"height":523,"url":"https:\/\/luchonoticias.com\/editor\/wp-content\/uploads\/2024\/04\/WhatsApp-Image-2024-04-18-at-19.32.43.jpeg","type":"image\/jpeg"}],"author":"Editor General","twitter_card":"summary_large_image","twitter_misc":{"Escrito por":"Editor General","Tiempo de lectura":"4 minutos"},"schema":{"@context":"https:\/\/schema.org","@graph":[{"@type":"Article","@id":"https:\/\/luchonoticias.com\/editor\/medidas-del-gobierno-para-frenar-el-fenomeno-del-nino\/#article","isPartOf":{"@id":"https:\/\/luchonoticias.com\/editor\/medidas-del-gobierno-para-frenar-el-fenomeno-del-nino\/"},"author":{"name":"Editor General","@id":"https:\/\/luchonoticias.com\/editor\/#\/schema\/person\/29217990ddf6f14e35912b2866d591fb"},"headline":"Medidas del Gobierno para frenar el fen\u00f3meno del ni\u00f1o","datePublished":"2024-04-19T00:48:12+00:00","mainEntityOfPage":{"@id":"https:\/\/luchonoticias.com\/editor\/medidas-del-gobierno-para-frenar-el-fenomeno-del-nino\/"},"wordCount":807,"publisher":{"@id":"https:\/\/luchonoticias.com\/editor\/#\/schema\/person\/7a7fd911f58561fd056dbac7b55af9cd"},"image":{"@id":"https:\/\/luchonoticias.com\/editor\/medidas-del-gobierno-para-frenar-el-fenomeno-del-nino\/#primaryimage"},"thumbnailUrl":"https:\/\/luchonoticias.com\/editor\/wp-content\/uploads\/2024\/04\/WhatsApp-Image-2024-04-18-at-19.32.43.jpeg","articleSection":["Actualidad"],"inLanguage":"es"},{"@type":"WebPage","@id":"https:\/\/luchonoticias.com\/editor\/medidas-del-gobierno-para-frenar-el-fenomeno-del-nino\/","url":"https:\/\/luchonoticias.com\/editor\/medidas-del-gobierno-para-frenar-el-fenomeno-del-nino\/","name":"Medidas del Gobierno para frenar el fen\u00f3meno del ni\u00f1o -","isPartOf":{"@id":"https:\/\/luchonoticias.com\/editor\/#website"},"primaryImageOfPage":{"@id":"https:\/\/luchonoticias.com\/editor\/medidas-del-gobierno-para-frenar-el-fenomeno-del-nino\/#primaryimage"},"image":{"@id":"https:\/\/luchonoticias.com\/editor\/medidas-del-gobierno-para-frenar-el-fenomeno-del-nino\/#primaryimage"},"thumbnailUrl":"https:\/\/luchonoticias.com\/editor\/wp-content\/uploads\/2024\/04\/WhatsApp-Image-2024-04-18-at-19.32.43.jpeg","datePublished":"2024-04-19T00:48:12+00:00","breadcrumb":{"@id":"https:\/\/luchonoticias.com\/editor\/medidas-del-gobierno-para-frenar-el-fenomeno-del-nino\/#breadcrumb"},"inLanguage":"es","potentialAction":[{"@type":"ReadAction","target":["https:\/\/luchonoticias.com\/editor\/medidas-del-gobierno-para-frenar-el-fenomeno-del-nino\/"]}]},{"@type":"ImageObject","inLanguage":"es","@id":"https:\/\/luchonoticias.com\/editor\/medidas-del-gobierno-para-frenar-el-fenomeno-del-nino\/#primaryimage","url":"https:\/\/luchonoticias.com\/editor\/wp-content\/uploads\/2024\/04\/WhatsApp-Image-2024-04-18-at-19.32.43.jpeg","contentUrl":"https:\/\/luchonoticias.com\/editor\/wp-content\/uploads\/2024\/04\/WhatsApp-Image-2024-04-18-at-19.32.43.jpeg","width":975,"height":523},{"@type":"BreadcrumbList","@id":"https:\/\/luchonoticias.com\/editor\/medidas-del-gobierno-para-frenar-el-fenomeno-del-nino\/#breadcrumb","itemListElement":[{"@type":"ListItem","position":1,"name":"Portada","item":"https:\/\/luchonoticias.com\/editor\/"},{"@type":"ListItem","position":2,"name":"Medidas del Gobierno para frenar el fen\u00f3meno del ni\u00f1o"}]},{"@type":"WebSite","@id":"https:\/\/luchonoticias.com\/editor\/#website","url":"https:\/\/luchonoticias.com\/editor\/","name":"","description":"","publisher":{"@id":"https:\/\/luchonoticias.com\/editor\/#\/schema\/person\/7a7fd911f58561fd056dbac7b55af9cd"},"potentialAction":[{"@type":"SearchAction","target":{"@type":"EntryPoint","urlTemplate":"https:\/\/luchonoticias.com\/editor\/?s={search_term_string}"},"query-input":{"@type":"PropertyValueSpecification","valueRequired":true,"valueName":"search_term_string"}}],"inLanguage":"es"},{"@type":["Person","Organization"],"@id":"https:\/\/luchonoticias.com\/editor\/#\/schema\/person\/7a7fd911f58561fd056dbac7b55af9cd","name":"admin","image":{"@type":"ImageObject","inLanguage":"es","@id":"https:\/\/luchonoticias.com\/editor\/#\/schema\/person\/image\/","url":"https:\/\/luchonoticias.com\/editor\/wp-content\/uploads\/2024\/02\/cropped-cropped-logolu.webp","contentUrl":"https:\/\/luchonoticias.com\/editor\/wp-content\/uploads\/2024\/02\/cropped-cropped-logolu.webp","width":382,"height":170,"caption":"admin"},"logo":{"@id":"https:\/\/luchonoticias.com\/editor\/#\/schema\/person\/image\/"},"sameAs":["https:\/\/www.facebook.com\/luchonoticiasneiva"]},{"@type":"Person","@id":"https:\/\/luchonoticias.com\/editor\/#\/schema\/person\/29217990ddf6f14e35912b2866d591fb","name":"Editor General","image":{"@type":"ImageObject","inLanguage":"es","@id":"https:\/\/luchonoticias.com\/editor\/#\/schema\/person\/image\/","url":"https:\/\/luchonoticias.com\/editor\/wp-content\/uploads\/2024\/02\/cropped-cropped-logolu-150x150.webp","contentUrl":"https:\/\/luchonoticias.com\/editor\/wp-content\/uploads\/2024\/02\/cropped-cropped-logolu-150x150.webp","caption":"Editor General"},"sameAs":["https:\/\/luchonoticias.com\/"],"url":"https:\/\/luchonoticias.com\/editor\/author\/editor-general\/"}]}},"_links":{"self":[{"href":"https:\/\/luchonoticias.com\/editor\/wp-json\/wp\/v2\/posts\/72244","targetHints":{"allow":["GET"]}}],"collection":[{"href":"https:\/\/luchonoticias.com\/editor\/wp-json\/wp\/v2\/posts"}],"about":[{"href":"https:\/\/luchonoticias.com\/editor\/wp-json\/wp\/v2\/types\/post"}],"author":[{"embeddable":true,"href":"https:\/\/luchonoticias.com\/editor\/wp-json\/wp\/v2\/users\/2"}],"replies":[{"embeddable":true,"href":"https:\/\/luchonoticias.com\/editor\/wp-json\/wp\/v2\/comments?post=72244"}],"version-history":[{"count":0,"href":"https:\/\/luchonoticias.com\/editor\/wp-json\/wp\/v2\/posts\/72244\/revisions"}],"wp:featuredmedia":[{"embeddable":true,"href":"https:\/\/luchonoticias.com\/editor\/wp-json\/wp\/v2\/media\/72245"}],"wp:attachment":[{"href":"https:\/\/luchonoticias.com\/editor\/wp-json\/wp\/v2\/media?parent=72244"}],"wp:term":[{"taxonomy":"category","embeddable":true,"href":"https:\/\/luchonoticias.com\/editor\/wp-json\/wp\/v2\/categories?post=72244"},{"taxonomy":"post_tag","embeddable":true,"href":"https:\/\/luchonoticias.com\/editor\/wp-json\/wp\/v2\/tags?post=72244"}],"curies":[{"name":"wp","href":"https:\/\/api.w.org\/{rel}","templated":true}]}}