{"id":72250,"date":"2024-04-19T05:08:47","date_gmt":"2024-04-19T10:08:47","guid":{"rendered":"https:\/\/luchonoticias.com\/?p=72250"},"modified":"2024-04-19T05:08:47","modified_gmt":"2024-04-19T10:08:47","slug":"audiencia-publica-de-la-via-orinoquia-pacifico-en-el-huila","status":"publish","type":"post","link":"https:\/\/luchonoticias.com\/editor\/audiencia-publica-de-la-via-orinoquia-pacifico-en-el-huila\/","title":{"rendered":"Audiencia p\u00fablica de la v\u00eda Orinoqu\u00eda &#8211; Pac\u00edfico en el Huila"},"content":{"rendered":"<p>Una gesti\u00f3n parlamentaria de la comisi\u00f3n VI del Senado de la Rep\u00fablica, con los senadores Gustavo Moreno y Carlos Julio Gonz\u00e1lez, logr\u00f3 llevar a cabo una audiencia p\u00fablica en la ciudad de Neiva, que se llam\u00f3, \u2018Conexi\u00f3n Orinoqu\u00eda-Pac\u00edfico, por la Colombia Profunda\u2019, y que, con el concurso del gobernador del Huila, concitaron el inter\u00e9s de las comunidades de los departamentos que se unir\u00edan con ese corredor vial.<\/p>\n<p>La cita se llev\u00f3 a cabo en el Club Andaqu\u00edes de la Universidad Cooperativa de Neiva, lugar al que asistieron diversos actores pol\u00edticos, sociales, econ\u00f3micos y comunitarios de los departamentos del Huila, Valle del Cauca, Tolima, Meta y Vichada, los territorios que ser\u00edan impactados directamente con este macroproyecto de infraestructura vial.<\/p>\n<p>\u201cSe trata de una obra que tiene un valor de 25 billones de pesos y cuya extensi\u00f3n vial alcanza los 1.490 kil\u00f3metros conectando a los huilenses con los departamentos vecinos del sur oriente del pa\u00eds. Este proyecto le cambiar\u00eda la historia a Colombia, comprometiendo el desarrollo de las regiones de la altillanura, los llanos orientales, Andina y el Pac\u00edfico\u201d, destac\u00f3 el gobernador del Huila, Rodrigo Villalba Mosquera.<\/p>\n<p>\u201cEste es un proyecto que conecta al oc\u00e9ano Atl\u00e1ntico con el Pac\u00edfico. Tiene todas las bondades uniendo a 5 departamentos. Es un proyecto vial que ofrece enormes posibilidades en la agricultura, en el agro turismo. Es una oportunidad para que todos los actores pol\u00edticos, econ\u00f3micos, sociales, participemos activamente de esta magn\u00edfica propuesta de desarrollo para las regiones y de importancia estrat\u00e9gica a nivel pa\u00eds\u201d, a\u00f1adi\u00f3.<\/p>\n<p>El mandatario de los huilenses tambi\u00e9n dijo que, si en Antioquia se ven inversiones elevadas para v\u00edas que interconectan a su capital con distintas salidas y entradas a ese departamento, por qu\u00e9 no so\u00f1ar lo mismo con el Huila.<\/p>\n<p>\u201cHe visto con envidia de la buena, c\u00f3mo planes de desarrollo como el del departamento de Antioquia, le meten 28 billones de pesos a una sola v\u00eda y que son t\u00faneles y corredores viales que conectan a Medell\u00edn con diversas regiones.<\/p>\n<p>Por qu\u00e9 no luchar juntos para hacer de esta conexi\u00f3n Orinoqu\u00eda \u2013 Pac\u00edfico, un proyecto que as\u00ed valga entre 20 y 30 billones de pesos, se puede llevar a cabo en varias vigencias de distintos gobiernos. Vale la pena porque es un proyecto de mucha val\u00eda social y econ\u00f3mica\u201d, concluy\u00f3.<\/p>\n<p><strong>La primera transversal de Colombia<\/strong><\/p>\n<p>Entre tanto, el Viceministro de Transporte, Luis Alejandro Zambrano, afirm\u00f3 que esta primera v\u00eda transversal de Colombia ya ha sido estudiada a trav\u00e9s de una consultor\u00eda contratada con ProPac\u00edfico, con el apoyo t\u00e9cnico de la Financiera de Desarrollo Nacional (FDN) y elaborado por la firma Geon\u00f3mica Consultores, con lo que ya m\u00e1s del 25% de su trazado ya ha sido construido.<\/p>\n<p>\u201cEs un proyecto que impactar\u00e1 a 9 millones habitantes de los departamentos que son beneficiarios directos. Seg\u00fan la consultor\u00eda, demandar\u00eda una inversi\u00f3n que asciende a los $25 billones, y, en el corto plazo, traer\u00eda beneficios econ\u00f3micos de alrededor de $7 billones. Con este proyecto se podr\u00edan generar por lo menos 250.000 empleos nuevos, por lo que impulsar\u00eda varios sectores econ\u00f3micos\u201d, afirm\u00f3 el alto funcionario del gobierno Petro.<\/p>\n<p>Tambi\u00e9n dijo que en la Orinoqu\u00eda colombiana se ejecutan contratos con el INVIAS de alrededor de $1.5 Billones, al igual que en el Pac\u00edfico colombiano con la ANI, pero en la zona c\u00e9ntrica del macroproyecto no hay inversi\u00f3n alguna en obra por parte del gobierno nacional por lo que ser\u00eda una interesante apuesta para el desarrollo de esta parte del pa\u00eds.<\/p>\n<p><strong>El pa\u00eds aumentar\u00eda su frontera agr\u00edcola<\/strong><\/p>\n<p>De acuerdo al consultor de este proyecto, la obra tambi\u00e9n permitir\u00e1 que el pa\u00eds incremente su frontera agr\u00edcola hasta en 4 millones de hect\u00e1reas, adem\u00e1s que se d\u00e9 una disminuci\u00f3n de aproximadamente 27% en el costo de transporte de una tonelada desde Puerto Carre\u00f1o hasta Buenaventura, entre otros beneficios.<\/p>\n<p>El estudio tambi\u00e9n se\u00f1ala que el desarrollo del gran potencial agr\u00edcola de la zona de influencia directa del proyecto trae sustituci\u00f3n de importaciones por una amplia base exportadora, y que, hacia el sur del pa\u00eds, hay ausencia de conexiones transversales (Oriente \u2013 Occidente) lo que limita el desarrollo de estos territorios tan productivos.<\/p>\n<p>Es imperativo para Colombia trabajar en estas conexiones con el fin de incorporar nuevos territorios a los mercados locales y extranjeros. Es de resaltar que, seg\u00fan Juan Mart\u00edn Caicedo, presidente de la C\u00e1mara Colombia de la Infraestructura, la idea de este corredor vial surgi\u00f3 en 2012 y qued\u00f3 pactado en el Plan Maestro de Transporte Intermodal 2015 &#8211; 2035. A esto se suma que tambi\u00e9n quedo pactado en el Plan Nacional de Desarrollo de este Gobierno.<\/p>\n","protected":false},"excerpt":{"rendered":"<p>Una gesti\u00f3n parlamentaria de la comisi\u00f3n VI del Senado de la Rep\u00fablica, con los senadores Gustavo Moreno y Carlos Julio Gonz\u00e1lez, logr\u00f3 llevar a cabo una audiencia p\u00fablica en la ciudad de Neiva, que se llam\u00f3, \u2018Conexi\u00f3n Orinoqu\u00eda-Pac\u00edfico, por la Colombia Profunda\u2019, y que, con el concurso del gobernador del Huila, concitaron el inter\u00e9s de [&hellip;]<\/p>\n","protected":false},"author":2,"featured_media":72251,"comment_status":"closed","ping_status":"open","sticky":false,"template":"","format":"standard","meta":{"footnotes":""},"categories":[33],"tags":[],"class_list":["post-72250","post","type-post","status-publish","format-standard","has-post-thumbnail","hentry","category-huila"],"yoast_head":"<!-- This site is optimized with the Yoast SEO plugin v26.6 - https:\/\/yoast.com\/wordpress\/plugins\/seo\/ -->\n<title>Audiencia p\u00fablica de la v\u00eda Orinoqu\u00eda - Pac\u00edfico en el Huila -<\/title>\n<meta name=\"robots\" content=\"index, follow, max-snippet:-1, max-image-preview:large, max-video-preview:-1\" \/>\n<link rel=\"canonical\" href=\"https:\/\/luchonoticias.com\/editor\/audiencia-publica-de-la-via-orinoquia-pacifico-en-el-huila\/\" \/>\n<meta property=\"og:locale\" content=\"es_ES\" \/>\n<meta property=\"og:type\" content=\"article\" \/>\n<meta property=\"og:title\" content=\"Audiencia p\u00fablica de la v\u00eda Orinoqu\u00eda - Pac\u00edfico en el Huila -\" \/>\n<meta property=\"og:url\" content=\"https:\/\/luchonoticias.com\/editor\/audiencia-publica-de-la-via-orinoquia-pacifico-en-el-huila\/\" \/>\n<meta property=\"article:publisher\" content=\"https:\/\/www.facebook.com\/luchonoticiasneiva\" \/>\n<meta property=\"article:published_time\" content=\"2024-04-19T10:08:47+00:00\" \/>\n<meta property=\"og:image\" content=\"https:\/\/luchonoticias.com\/editor\/wp-content\/uploads\/2024\/04\/audiencia-vias.jpg\" \/>\n\t<meta property=\"og:image:width\" content=\"700\" \/>\n\t<meta property=\"og:image:height\" content=\"400\" \/>\n\t<meta property=\"og:image:type\" content=\"image\/jpeg\" \/>\n<meta name=\"author\" content=\"Editor General\" \/>\n<meta name=\"twitter:card\" content=\"summary_large_image\" \/>\n<meta name=\"twitter:label1\" content=\"Escrito por\" \/>\n\t<meta name=\"twitter:data1\" content=\"Editor General\" \/>\n\t<meta name=\"twitter:label2\" content=\"Tiempo de lectura\" \/>\n\t<meta name=\"twitter:data2\" content=\"4 minutos\" \/>\n<script type=\"application\/ld+json\" class=\"yoast-schema-graph\">{\"@context\":\"https:\/\/schema.org\",\"@graph\":[{\"@type\":\"Article\",\"@id\":\"https:\/\/luchonoticias.com\/editor\/audiencia-publica-de-la-via-orinoquia-pacifico-en-el-huila\/#article\",\"isPartOf\":{\"@id\":\"https:\/\/luchonoticias.com\/editor\/audiencia-publica-de-la-via-orinoquia-pacifico-en-el-huila\/\"},\"author\":{\"name\":\"Editor General\",\"@id\":\"https:\/\/luchonoticias.com\/editor\/#\/schema\/person\/29217990ddf6f14e35912b2866d591fb\"},\"headline\":\"Audiencia p\u00fablica de la v\u00eda Orinoqu\u00eda &#8211; Pac\u00edfico en el Huila\",\"datePublished\":\"2024-04-19T10:08:47+00:00\",\"mainEntityOfPage\":{\"@id\":\"https:\/\/luchonoticias.com\/editor\/audiencia-publica-de-la-via-orinoquia-pacifico-en-el-huila\/\"},\"wordCount\":836,\"publisher\":{\"@id\":\"https:\/\/luchonoticias.com\/editor\/#\/schema\/person\/7a7fd911f58561fd056dbac7b55af9cd\"},\"image\":{\"@id\":\"https:\/\/luchonoticias.com\/editor\/audiencia-publica-de-la-via-orinoquia-pacifico-en-el-huila\/#primaryimage\"},\"thumbnailUrl\":\"https:\/\/luchonoticias.com\/editor\/wp-content\/uploads\/2024\/04\/audiencia-vias.jpg\",\"articleSection\":[\"Huila\"],\"inLanguage\":\"es\"},{\"@type\":\"WebPage\",\"@id\":\"https:\/\/luchonoticias.com\/editor\/audiencia-publica-de-la-via-orinoquia-pacifico-en-el-huila\/\",\"url\":\"https:\/\/luchonoticias.com\/editor\/audiencia-publica-de-la-via-orinoquia-pacifico-en-el-huila\/\",\"name\":\"Audiencia p\u00fablica de la v\u00eda Orinoqu\u00eda - Pac\u00edfico en el Huila -\",\"isPartOf\":{\"@id\":\"https:\/\/luchonoticias.com\/editor\/#website\"},\"primaryImageOfPage\":{\"@id\":\"https:\/\/luchonoticias.com\/editor\/audiencia-publica-de-la-via-orinoquia-pacifico-en-el-huila\/#primaryimage\"},\"image\":{\"@id\":\"https:\/\/luchonoticias.com\/editor\/audiencia-publica-de-la-via-orinoquia-pacifico-en-el-huila\/#primaryimage\"},\"thumbnailUrl\":\"https:\/\/luchonoticias.com\/editor\/wp-content\/uploads\/2024\/04\/audiencia-vias.jpg\",\"datePublished\":\"2024-04-19T10:08:47+00:00\",\"breadcrumb\":{\"@id\":\"https:\/\/luchonoticias.com\/editor\/audiencia-publica-de-la-via-orinoquia-pacifico-en-el-huila\/#breadcrumb\"},\"inLanguage\":\"es\",\"potentialAction\":[{\"@type\":\"ReadAction\",\"target\":[\"https:\/\/luchonoticias.com\/editor\/audiencia-publica-de-la-via-orinoquia-pacifico-en-el-huila\/\"]}]},{\"@type\":\"ImageObject\",\"inLanguage\":\"es\",\"@id\":\"https:\/\/luchonoticias.com\/editor\/audiencia-publica-de-la-via-orinoquia-pacifico-en-el-huila\/#primaryimage\",\"url\":\"https:\/\/luchonoticias.com\/editor\/wp-content\/uploads\/2024\/04\/audiencia-vias.jpg\",\"contentUrl\":\"https:\/\/luchonoticias.com\/editor\/wp-content\/uploads\/2024\/04\/audiencia-vias.jpg\",\"width\":700,\"height\":400},{\"@type\":\"BreadcrumbList\",\"@id\":\"https:\/\/luchonoticias.com\/editor\/audiencia-publica-de-la-via-orinoquia-pacifico-en-el-huila\/#breadcrumb\",\"itemListElement\":[{\"@type\":\"ListItem\",\"position\":1,\"name\":\"Portada\",\"item\":\"https:\/\/luchonoticias.com\/editor\/\"},{\"@type\":\"ListItem\",\"position\":2,\"name\":\"Audiencia p\u00fablica de la v\u00eda Orinoqu\u00eda &#8211; Pac\u00edfico en el Huila\"}]},{\"@type\":\"WebSite\",\"@id\":\"https:\/\/luchonoticias.com\/editor\/#website\",\"url\":\"https:\/\/luchonoticias.com\/editor\/\",\"name\":\"\",\"description\":\"\",\"publisher\":{\"@id\":\"https:\/\/luchonoticias.com\/editor\/#\/schema\/person\/7a7fd911f58561fd056dbac7b55af9cd\"},\"potentialAction\":[{\"@type\":\"SearchAction\",\"target\":{\"@type\":\"EntryPoint\",\"urlTemplate\":\"https:\/\/luchonoticias.com\/editor\/?s={search_term_string}\"},\"query-input\":{\"@type\":\"PropertyValueSpecification\",\"valueRequired\":true,\"valueName\":\"search_term_string\"}}],\"inLanguage\":\"es\"},{\"@type\":[\"Person\",\"Organization\"],\"@id\":\"https:\/\/luchonoticias.com\/editor\/#\/schema\/person\/7a7fd911f58561fd056dbac7b55af9cd\",\"name\":\"admin\",\"image\":{\"@type\":\"ImageObject\",\"inLanguage\":\"es\",\"@id\":\"https:\/\/luchonoticias.com\/editor\/#\/schema\/person\/image\/\",\"url\":\"https:\/\/luchonoticias.com\/editor\/wp-content\/uploads\/2024\/02\/cropped-cropped-logolu.webp\",\"contentUrl\":\"https:\/\/luchonoticias.com\/editor\/wp-content\/uploads\/2024\/02\/cropped-cropped-logolu.webp\",\"width\":382,\"height\":170,\"caption\":\"admin\"},\"logo\":{\"@id\":\"https:\/\/luchonoticias.com\/editor\/#\/schema\/person\/image\/\"},\"sameAs\":[\"https:\/\/www.facebook.com\/luchonoticiasneiva\"]},{\"@type\":\"Person\",\"@id\":\"https:\/\/luchonoticias.com\/editor\/#\/schema\/person\/29217990ddf6f14e35912b2866d591fb\",\"name\":\"Editor General\",\"image\":{\"@type\":\"ImageObject\",\"inLanguage\":\"es\",\"@id\":\"https:\/\/luchonoticias.com\/editor\/#\/schema\/person\/image\/\",\"url\":\"https:\/\/luchonoticias.com\/editor\/wp-content\/uploads\/2024\/02\/cropped-cropped-logolu-150x150.webp\",\"contentUrl\":\"https:\/\/luchonoticias.com\/editor\/wp-content\/uploads\/2024\/02\/cropped-cropped-logolu-150x150.webp\",\"caption\":\"Editor General\"},\"sameAs\":[\"https:\/\/luchonoticias.com\/\"],\"url\":\"https:\/\/luchonoticias.com\/editor\/author\/editor-general\/\"}]}<\/script>\n<!-- \/ Yoast SEO plugin. -->","yoast_head_json":{"title":"Audiencia p\u00fablica de la v\u00eda Orinoqu\u00eda - Pac\u00edfico en el Huila -","robots":{"index":"index","follow":"follow","max-snippet":"max-snippet:-1","max-image-preview":"max-image-preview:large","max-video-preview":"max-video-preview:-1"},"canonical":"https:\/\/luchonoticias.com\/editor\/audiencia-publica-de-la-via-orinoquia-pacifico-en-el-huila\/","og_locale":"es_ES","og_type":"article","og_title":"Audiencia p\u00fablica de la v\u00eda Orinoqu\u00eda - Pac\u00edfico en el Huila -","og_url":"https:\/\/luchonoticias.com\/editor\/audiencia-publica-de-la-via-orinoquia-pacifico-en-el-huila\/","article_publisher":"https:\/\/www.facebook.com\/luchonoticiasneiva","article_published_time":"2024-04-19T10:08:47+00:00","og_image":[{"width":700,"height":400,"url":"https:\/\/luchonoticias.com\/editor\/wp-content\/uploads\/2024\/04\/audiencia-vias.jpg","type":"image\/jpeg"}],"author":"Editor General","twitter_card":"summary_large_image","twitter_misc":{"Escrito por":"Editor General","Tiempo de lectura":"4 minutos"},"schema":{"@context":"https:\/\/schema.org","@graph":[{"@type":"Article","@id":"https:\/\/luchonoticias.com\/editor\/audiencia-publica-de-la-via-orinoquia-pacifico-en-el-huila\/#article","isPartOf":{"@id":"https:\/\/luchonoticias.com\/editor\/audiencia-publica-de-la-via-orinoquia-pacifico-en-el-huila\/"},"author":{"name":"Editor General","@id":"https:\/\/luchonoticias.com\/editor\/#\/schema\/person\/29217990ddf6f14e35912b2866d591fb"},"headline":"Audiencia p\u00fablica de la v\u00eda Orinoqu\u00eda &#8211; Pac\u00edfico en el Huila","datePublished":"2024-04-19T10:08:47+00:00","mainEntityOfPage":{"@id":"https:\/\/luchonoticias.com\/editor\/audiencia-publica-de-la-via-orinoquia-pacifico-en-el-huila\/"},"wordCount":836,"publisher":{"@id":"https:\/\/luchonoticias.com\/editor\/#\/schema\/person\/7a7fd911f58561fd056dbac7b55af9cd"},"image":{"@id":"https:\/\/luchonoticias.com\/editor\/audiencia-publica-de-la-via-orinoquia-pacifico-en-el-huila\/#primaryimage"},"thumbnailUrl":"https:\/\/luchonoticias.com\/editor\/wp-content\/uploads\/2024\/04\/audiencia-vias.jpg","articleSection":["Huila"],"inLanguage":"es"},{"@type":"WebPage","@id":"https:\/\/luchonoticias.com\/editor\/audiencia-publica-de-la-via-orinoquia-pacifico-en-el-huila\/","url":"https:\/\/luchonoticias.com\/editor\/audiencia-publica-de-la-via-orinoquia-pacifico-en-el-huila\/","name":"Audiencia p\u00fablica de la v\u00eda Orinoqu\u00eda - Pac\u00edfico en el Huila -","isPartOf":{"@id":"https:\/\/luchonoticias.com\/editor\/#website"},"primaryImageOfPage":{"@id":"https:\/\/luchonoticias.com\/editor\/audiencia-publica-de-la-via-orinoquia-pacifico-en-el-huila\/#primaryimage"},"image":{"@id":"https:\/\/luchonoticias.com\/editor\/audiencia-publica-de-la-via-orinoquia-pacifico-en-el-huila\/#primaryimage"},"thumbnailUrl":"https:\/\/luchonoticias.com\/editor\/wp-content\/uploads\/2024\/04\/audiencia-vias.jpg","datePublished":"2024-04-19T10:08:47+00:00","breadcrumb":{"@id":"https:\/\/luchonoticias.com\/editor\/audiencia-publica-de-la-via-orinoquia-pacifico-en-el-huila\/#breadcrumb"},"inLanguage":"es","potentialAction":[{"@type":"ReadAction","target":["https:\/\/luchonoticias.com\/editor\/audiencia-publica-de-la-via-orinoquia-pacifico-en-el-huila\/"]}]},{"@type":"ImageObject","inLanguage":"es","@id":"https:\/\/luchonoticias.com\/editor\/audiencia-publica-de-la-via-orinoquia-pacifico-en-el-huila\/#primaryimage","url":"https:\/\/luchonoticias.com\/editor\/wp-content\/uploads\/2024\/04\/audiencia-vias.jpg","contentUrl":"https:\/\/luchonoticias.com\/editor\/wp-content\/uploads\/2024\/04\/audiencia-vias.jpg","width":700,"height":400},{"@type":"BreadcrumbList","@id":"https:\/\/luchonoticias.com\/editor\/audiencia-publica-de-la-via-orinoquia-pacifico-en-el-huila\/#breadcrumb","itemListElement":[{"@type":"ListItem","position":1,"name":"Portada","item":"https:\/\/luchonoticias.com\/editor\/"},{"@type":"ListItem","position":2,"name":"Audiencia p\u00fablica de la v\u00eda Orinoqu\u00eda &#8211; Pac\u00edfico en el Huila"}]},{"@type":"WebSite","@id":"https:\/\/luchonoticias.com\/editor\/#website","url":"https:\/\/luchonoticias.com\/editor\/","name":"","description":"","publisher":{"@id":"https:\/\/luchonoticias.com\/editor\/#\/schema\/person\/7a7fd911f58561fd056dbac7b55af9cd"},"potentialAction":[{"@type":"SearchAction","target":{"@type":"EntryPoint","urlTemplate":"https:\/\/luchonoticias.com\/editor\/?s={search_term_string}"},"query-input":{"@type":"PropertyValueSpecification","valueRequired":true,"valueName":"search_term_string"}}],"inLanguage":"es"},{"@type":["Person","Organization"],"@id":"https:\/\/luchonoticias.com\/editor\/#\/schema\/person\/7a7fd911f58561fd056dbac7b55af9cd","name":"admin","image":{"@type":"ImageObject","inLanguage":"es","@id":"https:\/\/luchonoticias.com\/editor\/#\/schema\/person\/image\/","url":"https:\/\/luchonoticias.com\/editor\/wp-content\/uploads\/2024\/02\/cropped-cropped-logolu.webp","contentUrl":"https:\/\/luchonoticias.com\/editor\/wp-content\/uploads\/2024\/02\/cropped-cropped-logolu.webp","width":382,"height":170,"caption":"admin"},"logo":{"@id":"https:\/\/luchonoticias.com\/editor\/#\/schema\/person\/image\/"},"sameAs":["https:\/\/www.facebook.com\/luchonoticiasneiva"]},{"@type":"Person","@id":"https:\/\/luchonoticias.com\/editor\/#\/schema\/person\/29217990ddf6f14e35912b2866d591fb","name":"Editor General","image":{"@type":"ImageObject","inLanguage":"es","@id":"https:\/\/luchonoticias.com\/editor\/#\/schema\/person\/image\/","url":"https:\/\/luchonoticias.com\/editor\/wp-content\/uploads\/2024\/02\/cropped-cropped-logolu-150x150.webp","contentUrl":"https:\/\/luchonoticias.com\/editor\/wp-content\/uploads\/2024\/02\/cropped-cropped-logolu-150x150.webp","caption":"Editor General"},"sameAs":["https:\/\/luchonoticias.com\/"],"url":"https:\/\/luchonoticias.com\/editor\/author\/editor-general\/"}]}},"_links":{"self":[{"href":"https:\/\/luchonoticias.com\/editor\/wp-json\/wp\/v2\/posts\/72250","targetHints":{"allow":["GET"]}}],"collection":[{"href":"https:\/\/luchonoticias.com\/editor\/wp-json\/wp\/v2\/posts"}],"about":[{"href":"https:\/\/luchonoticias.com\/editor\/wp-json\/wp\/v2\/types\/post"}],"author":[{"embeddable":true,"href":"https:\/\/luchonoticias.com\/editor\/wp-json\/wp\/v2\/users\/2"}],"replies":[{"embeddable":true,"href":"https:\/\/luchonoticias.com\/editor\/wp-json\/wp\/v2\/comments?post=72250"}],"version-history":[{"count":0,"href":"https:\/\/luchonoticias.com\/editor\/wp-json\/wp\/v2\/posts\/72250\/revisions"}],"wp:featuredmedia":[{"embeddable":true,"href":"https:\/\/luchonoticias.com\/editor\/wp-json\/wp\/v2\/media\/72251"}],"wp:attachment":[{"href":"https:\/\/luchonoticias.com\/editor\/wp-json\/wp\/v2\/media?parent=72250"}],"wp:term":[{"taxonomy":"category","embeddable":true,"href":"https:\/\/luchonoticias.com\/editor\/wp-json\/wp\/v2\/categories?post=72250"},{"taxonomy":"post_tag","embeddable":true,"href":"https:\/\/luchonoticias.com\/editor\/wp-json\/wp\/v2\/tags?post=72250"}],"curies":[{"name":"wp","href":"https:\/\/api.w.org\/{rel}","templated":true}]}}