{"id":72253,"date":"2024-04-19T05:12:50","date_gmt":"2024-04-19T10:12:50","guid":{"rendered":"https:\/\/luchonoticias.com\/?p=72253"},"modified":"2024-04-19T05:12:50","modified_gmt":"2024-04-19T10:12:50","slug":"firmado-acuerdo-de-cooperacion-con-emiratos-arabes","status":"publish","type":"post","link":"https:\/\/luchonoticias.com\/editor\/firmado-acuerdo-de-cooperacion-con-emiratos-arabes\/","title":{"rendered":"Firmado acuerdo de cooperaci\u00f3n con Emiratos \u00c1rabes"},"content":{"rendered":"<div>Los ministros de Comercio, Industria y Turismo de Colombia, Germ\u00e1n Uma\u00f1a Mendoza, y de Estado para el Comercio Exterior de los Emiratos \u00c1rabes Unidos, Thani bin Ahmed Al Zeyoudi, firmaron el Acuerdo Integral de Asociaci\u00f3n Econ\u00f3mica (CEPA, por sus siglas en ingl\u00e9s), que negociaron durante dos a\u00f1os, entre noviembre del 2021 y diciembre del 2023.<\/div>\n<div><\/div>\n<div>Se trata del primer Acuerdo que Colombia firma con pa\u00edses \u00e1rabes, que son mercados con alto nivel de ingresos y r\u00e1pido crecimiento, y que ofrecen oportunidades en diferentes \u00e1reas para Colombia.<\/div>\n<div><\/div>\n<div>Precisamente, las mayores oportunidades est\u00e1n en los sectores de manufactura y agroindustriales, dado que Emiratos importa del mundo en el sector agropecuario y de alimentos un promedio anual de US$19.000 millones, mientras que Colombia le vendi\u00f3 en 2023 bienes no mineros por US$34,3 millones.<\/div>\n<div><\/div>\n<div>\u201cCelebramos la firma de este Acuerdo, que est\u00e1 acorde con los objetivos que impulsamos desde el Gobierno del Cambio, y en l\u00ednea con nuestras pol\u00edticas de comercio exterior, reindustrializaci\u00f3n y turismo. Emiratos \u00c1rabes Unidos es un aliado importante, no solo para la atracci\u00f3n de inversi\u00f3n extranjera sostenible, sino tambi\u00e9n en nuestra apuesta por la diversificaci\u00f3n de nuestra oferta exportable, con \u00e9nfasis en la creaci\u00f3n de fuentes energ\u00e9ticas afines con el objetivo de contrarrestar el cambio clim\u00e1tico\u201d, dijo el ministro Uma\u00f1a Mendoza.<\/div>\n<div><\/div>\n<div>Por su parte, el ministro de Estado para el Comercio Exterior de los Emiratos \u00c1rabes Unidos, Thani bin Ahmed Al Zeyoudi, asegur\u00f3 que \u201cnuestro Acuerdo Integral de Asociaci\u00f3n Econ\u00f3mica con Colombia, la cuarta econom\u00eda m\u00e1s grande de Am\u00e9rica del Sur, es un emocionante paso adelante en nuestra agenda de comercio exterior. Abre oportunidades en una naci\u00f3n vibrante y de alto crecimiento a nuestros exportadores e inversores, y proporciona un puente importante hacia el coraz\u00f3n de Am\u00e9rica del Sur\u201d.<\/div>\n<div><\/div>\n<div>El Acuerdo incluye 19 cap\u00edtulos, entre los que se encuentran: acceso a mercados de bienes; medidas sanitarias y fitosanitarias; reglas de origen; defensa comercial; pymes; obst\u00e1culos t\u00e9cnicos al comercio; cooperaci\u00f3n econ\u00f3mica; facilitaci\u00f3n del comercio; servicios; comercio digital; medio ambiente y desarrollo sostenible y turismo responsable.<\/div>\n<div><\/div>\n<div>Luego de que se cumplan los procesos internos, y tan pronto como el Acuerdo entre en vigor, el 85 % de los productos colombianos que ingresen a ese mercado, lo har\u00e1n sin arancel.<\/div>\n<div><\/div>\n<div>Dentro de este universo se encuentran productos como caf\u00e9 y sus preparaciones; frutas y hortalizas y sus preparaciones; confiter\u00eda; flores; carne bovina; pollo; productos l\u00e1cteos; cacao y chocolates; algunas galletas; jugos; fibras sint\u00e9ticas; prendas de vestir; manufacturas de cuero; calzado; manufacturas de papel; piedras preciosas; herramientas; manufacturas de madera; muebles pl\u00e1sticos; fertilizantes y agroqu\u00edmicos; jabones; relojes y dispositivos m\u00e9dicos, entre otros.<\/div>\n<div><\/div>\n<div>En este grupo tambi\u00e9n se encuentran materias primas y bienes de capital, con lo cual facilitar\u00e1 a las empresas colombianas acceder a este tipo de bienes y les ayudar\u00e1 a ser m\u00e1s competitivas.<\/div>\n<div><\/div>\n<div>Otro 13 % de los productos colombianos que entren a Emiratos \u00c1rabes Unidos tendr\u00e1 un cronograma de desgravaci\u00f3n a 5 a\u00f1os. Entre estos productos est\u00e1n: galletas dulces; waffles; medicamentos; productos cer\u00e1micos; m\u00e1quinas y electrodom\u00e9sticos, entre otros.<\/div>\n<div><\/div>\n<div>Para el caso de los productos emirat\u00edes, tan pronto como entre en vigor el Acuerdo, el 63 % ingresar\u00e1 a Colombia sin arancel. El 37 % restante tendr\u00e1 cronogramas de desgravaci\u00f3n de hasta 12 a\u00f1os y mantiene el mecanismo de franja de precios principalmente para aceites y az\u00facar.<\/div>\n","protected":false},"excerpt":{"rendered":"<p>Los ministros de Comercio, Industria y Turismo de Colombia, Germ\u00e1n Uma\u00f1a Mendoza, y de Estado para el Comercio Exterior de los Emiratos \u00c1rabes Unidos, Thani bin Ahmed Al Zeyoudi, firmaron el Acuerdo Integral de Asociaci\u00f3n Econ\u00f3mica (CEPA, por sus siglas en ingl\u00e9s), que negociaron durante dos a\u00f1os, entre noviembre del 2021 y diciembre del 2023. [&hellip;]<\/p>\n","protected":false},"author":2,"featured_media":72254,"comment_status":"closed","ping_status":"open","sticky":false,"template":"","format":"standard","meta":{"footnotes":""},"categories":[28],"tags":[],"class_list":["post-72253","post","type-post","status-publish","format-standard","has-post-thumbnail","hentry","category-actualidad"],"yoast_head":"<!-- This site is optimized with the Yoast SEO plugin v26.6 - https:\/\/yoast.com\/wordpress\/plugins\/seo\/ -->\n<title>Firmado acuerdo de cooperaci\u00f3n con Emiratos \u00c1rabes -<\/title>\n<meta name=\"robots\" content=\"index, follow, max-snippet:-1, max-image-preview:large, max-video-preview:-1\" \/>\n<link rel=\"canonical\" href=\"https:\/\/luchonoticias.com\/editor\/firmado-acuerdo-de-cooperacion-con-emiratos-arabes\/\" \/>\n<meta property=\"og:locale\" content=\"es_ES\" \/>\n<meta property=\"og:type\" content=\"article\" \/>\n<meta property=\"og:title\" content=\"Firmado acuerdo de cooperaci\u00f3n con Emiratos \u00c1rabes -\" \/>\n<meta property=\"og:url\" content=\"https:\/\/luchonoticias.com\/editor\/firmado-acuerdo-de-cooperacion-con-emiratos-arabes\/\" \/>\n<meta property=\"article:publisher\" content=\"https:\/\/www.facebook.com\/luchonoticiasneiva\" \/>\n<meta property=\"article:published_time\" content=\"2024-04-19T10:12:50+00:00\" \/>\n<meta property=\"og:image\" content=\"https:\/\/luchonoticias.com\/editor\/wp-content\/uploads\/2024\/04\/cooperacion.jpg\" \/>\n\t<meta property=\"og:image:width\" content=\"700\" \/>\n\t<meta property=\"og:image:height\" content=\"400\" \/>\n\t<meta property=\"og:image:type\" content=\"image\/jpeg\" \/>\n<meta name=\"author\" content=\"Editor General\" \/>\n<meta name=\"twitter:card\" content=\"summary_large_image\" \/>\n<meta name=\"twitter:label1\" content=\"Escrito por\" \/>\n\t<meta name=\"twitter:data1\" content=\"Editor General\" \/>\n\t<meta name=\"twitter:label2\" content=\"Tiempo de lectura\" \/>\n\t<meta name=\"twitter:data2\" content=\"3 minutos\" \/>\n<script type=\"application\/ld+json\" class=\"yoast-schema-graph\">{\"@context\":\"https:\/\/schema.org\",\"@graph\":[{\"@type\":\"Article\",\"@id\":\"https:\/\/luchonoticias.com\/editor\/firmado-acuerdo-de-cooperacion-con-emiratos-arabes\/#article\",\"isPartOf\":{\"@id\":\"https:\/\/luchonoticias.com\/editor\/firmado-acuerdo-de-cooperacion-con-emiratos-arabes\/\"},\"author\":{\"name\":\"Editor General\",\"@id\":\"https:\/\/luchonoticias.com\/editor\/#\/schema\/person\/29217990ddf6f14e35912b2866d591fb\"},\"headline\":\"Firmado acuerdo de cooperaci\u00f3n con Emiratos \u00c1rabes\",\"datePublished\":\"2024-04-19T10:12:50+00:00\",\"mainEntityOfPage\":{\"@id\":\"https:\/\/luchonoticias.com\/editor\/firmado-acuerdo-de-cooperacion-con-emiratos-arabes\/\"},\"wordCount\":592,\"publisher\":{\"@id\":\"https:\/\/luchonoticias.com\/editor\/#\/schema\/person\/7a7fd911f58561fd056dbac7b55af9cd\"},\"image\":{\"@id\":\"https:\/\/luchonoticias.com\/editor\/firmado-acuerdo-de-cooperacion-con-emiratos-arabes\/#primaryimage\"},\"thumbnailUrl\":\"https:\/\/luchonoticias.com\/editor\/wp-content\/uploads\/2024\/04\/cooperacion.jpg\",\"articleSection\":[\"Actualidad\"],\"inLanguage\":\"es\"},{\"@type\":\"WebPage\",\"@id\":\"https:\/\/luchonoticias.com\/editor\/firmado-acuerdo-de-cooperacion-con-emiratos-arabes\/\",\"url\":\"https:\/\/luchonoticias.com\/editor\/firmado-acuerdo-de-cooperacion-con-emiratos-arabes\/\",\"name\":\"Firmado acuerdo de cooperaci\u00f3n con Emiratos \u00c1rabes -\",\"isPartOf\":{\"@id\":\"https:\/\/luchonoticias.com\/editor\/#website\"},\"primaryImageOfPage\":{\"@id\":\"https:\/\/luchonoticias.com\/editor\/firmado-acuerdo-de-cooperacion-con-emiratos-arabes\/#primaryimage\"},\"image\":{\"@id\":\"https:\/\/luchonoticias.com\/editor\/firmado-acuerdo-de-cooperacion-con-emiratos-arabes\/#primaryimage\"},\"thumbnailUrl\":\"https:\/\/luchonoticias.com\/editor\/wp-content\/uploads\/2024\/04\/cooperacion.jpg\",\"datePublished\":\"2024-04-19T10:12:50+00:00\",\"breadcrumb\":{\"@id\":\"https:\/\/luchonoticias.com\/editor\/firmado-acuerdo-de-cooperacion-con-emiratos-arabes\/#breadcrumb\"},\"inLanguage\":\"es\",\"potentialAction\":[{\"@type\":\"ReadAction\",\"target\":[\"https:\/\/luchonoticias.com\/editor\/firmado-acuerdo-de-cooperacion-con-emiratos-arabes\/\"]}]},{\"@type\":\"ImageObject\",\"inLanguage\":\"es\",\"@id\":\"https:\/\/luchonoticias.com\/editor\/firmado-acuerdo-de-cooperacion-con-emiratos-arabes\/#primaryimage\",\"url\":\"https:\/\/luchonoticias.com\/editor\/wp-content\/uploads\/2024\/04\/cooperacion.jpg\",\"contentUrl\":\"https:\/\/luchonoticias.com\/editor\/wp-content\/uploads\/2024\/04\/cooperacion.jpg\",\"width\":700,\"height\":400},{\"@type\":\"BreadcrumbList\",\"@id\":\"https:\/\/luchonoticias.com\/editor\/firmado-acuerdo-de-cooperacion-con-emiratos-arabes\/#breadcrumb\",\"itemListElement\":[{\"@type\":\"ListItem\",\"position\":1,\"name\":\"Portada\",\"item\":\"https:\/\/luchonoticias.com\/editor\/\"},{\"@type\":\"ListItem\",\"position\":2,\"name\":\"Firmado acuerdo de cooperaci\u00f3n con Emiratos \u00c1rabes\"}]},{\"@type\":\"WebSite\",\"@id\":\"https:\/\/luchonoticias.com\/editor\/#website\",\"url\":\"https:\/\/luchonoticias.com\/editor\/\",\"name\":\"\",\"description\":\"\",\"publisher\":{\"@id\":\"https:\/\/luchonoticias.com\/editor\/#\/schema\/person\/7a7fd911f58561fd056dbac7b55af9cd\"},\"potentialAction\":[{\"@type\":\"SearchAction\",\"target\":{\"@type\":\"EntryPoint\",\"urlTemplate\":\"https:\/\/luchonoticias.com\/editor\/?s={search_term_string}\"},\"query-input\":{\"@type\":\"PropertyValueSpecification\",\"valueRequired\":true,\"valueName\":\"search_term_string\"}}],\"inLanguage\":\"es\"},{\"@type\":[\"Person\",\"Organization\"],\"@id\":\"https:\/\/luchonoticias.com\/editor\/#\/schema\/person\/7a7fd911f58561fd056dbac7b55af9cd\",\"name\":\"admin\",\"image\":{\"@type\":\"ImageObject\",\"inLanguage\":\"es\",\"@id\":\"https:\/\/luchonoticias.com\/editor\/#\/schema\/person\/image\/\",\"url\":\"https:\/\/luchonoticias.com\/editor\/wp-content\/uploads\/2024\/02\/cropped-cropped-logolu.webp\",\"contentUrl\":\"https:\/\/luchonoticias.com\/editor\/wp-content\/uploads\/2024\/02\/cropped-cropped-logolu.webp\",\"width\":382,\"height\":170,\"caption\":\"admin\"},\"logo\":{\"@id\":\"https:\/\/luchonoticias.com\/editor\/#\/schema\/person\/image\/\"},\"sameAs\":[\"https:\/\/www.facebook.com\/luchonoticiasneiva\"]},{\"@type\":\"Person\",\"@id\":\"https:\/\/luchonoticias.com\/editor\/#\/schema\/person\/29217990ddf6f14e35912b2866d591fb\",\"name\":\"Editor General\",\"image\":{\"@type\":\"ImageObject\",\"inLanguage\":\"es\",\"@id\":\"https:\/\/luchonoticias.com\/editor\/#\/schema\/person\/image\/\",\"url\":\"https:\/\/luchonoticias.com\/editor\/wp-content\/uploads\/2024\/02\/cropped-cropped-logolu-150x150.webp\",\"contentUrl\":\"https:\/\/luchonoticias.com\/editor\/wp-content\/uploads\/2024\/02\/cropped-cropped-logolu-150x150.webp\",\"caption\":\"Editor General\"},\"sameAs\":[\"https:\/\/luchonoticias.com\/\"],\"url\":\"https:\/\/luchonoticias.com\/editor\/author\/editor-general\/\"}]}<\/script>\n<!-- \/ Yoast SEO plugin. -->","yoast_head_json":{"title":"Firmado acuerdo de cooperaci\u00f3n con Emiratos \u00c1rabes -","robots":{"index":"index","follow":"follow","max-snippet":"max-snippet:-1","max-image-preview":"max-image-preview:large","max-video-preview":"max-video-preview:-1"},"canonical":"https:\/\/luchonoticias.com\/editor\/firmado-acuerdo-de-cooperacion-con-emiratos-arabes\/","og_locale":"es_ES","og_type":"article","og_title":"Firmado acuerdo de cooperaci\u00f3n con Emiratos \u00c1rabes -","og_url":"https:\/\/luchonoticias.com\/editor\/firmado-acuerdo-de-cooperacion-con-emiratos-arabes\/","article_publisher":"https:\/\/www.facebook.com\/luchonoticiasneiva","article_published_time":"2024-04-19T10:12:50+00:00","og_image":[{"width":700,"height":400,"url":"https:\/\/luchonoticias.com\/editor\/wp-content\/uploads\/2024\/04\/cooperacion.jpg","type":"image\/jpeg"}],"author":"Editor General","twitter_card":"summary_large_image","twitter_misc":{"Escrito por":"Editor General","Tiempo de lectura":"3 minutos"},"schema":{"@context":"https:\/\/schema.org","@graph":[{"@type":"Article","@id":"https:\/\/luchonoticias.com\/editor\/firmado-acuerdo-de-cooperacion-con-emiratos-arabes\/#article","isPartOf":{"@id":"https:\/\/luchonoticias.com\/editor\/firmado-acuerdo-de-cooperacion-con-emiratos-arabes\/"},"author":{"name":"Editor General","@id":"https:\/\/luchonoticias.com\/editor\/#\/schema\/person\/29217990ddf6f14e35912b2866d591fb"},"headline":"Firmado acuerdo de cooperaci\u00f3n con Emiratos \u00c1rabes","datePublished":"2024-04-19T10:12:50+00:00","mainEntityOfPage":{"@id":"https:\/\/luchonoticias.com\/editor\/firmado-acuerdo-de-cooperacion-con-emiratos-arabes\/"},"wordCount":592,"publisher":{"@id":"https:\/\/luchonoticias.com\/editor\/#\/schema\/person\/7a7fd911f58561fd056dbac7b55af9cd"},"image":{"@id":"https:\/\/luchonoticias.com\/editor\/firmado-acuerdo-de-cooperacion-con-emiratos-arabes\/#primaryimage"},"thumbnailUrl":"https:\/\/luchonoticias.com\/editor\/wp-content\/uploads\/2024\/04\/cooperacion.jpg","articleSection":["Actualidad"],"inLanguage":"es"},{"@type":"WebPage","@id":"https:\/\/luchonoticias.com\/editor\/firmado-acuerdo-de-cooperacion-con-emiratos-arabes\/","url":"https:\/\/luchonoticias.com\/editor\/firmado-acuerdo-de-cooperacion-con-emiratos-arabes\/","name":"Firmado acuerdo de cooperaci\u00f3n con Emiratos \u00c1rabes -","isPartOf":{"@id":"https:\/\/luchonoticias.com\/editor\/#website"},"primaryImageOfPage":{"@id":"https:\/\/luchonoticias.com\/editor\/firmado-acuerdo-de-cooperacion-con-emiratos-arabes\/#primaryimage"},"image":{"@id":"https:\/\/luchonoticias.com\/editor\/firmado-acuerdo-de-cooperacion-con-emiratos-arabes\/#primaryimage"},"thumbnailUrl":"https:\/\/luchonoticias.com\/editor\/wp-content\/uploads\/2024\/04\/cooperacion.jpg","datePublished":"2024-04-19T10:12:50+00:00","breadcrumb":{"@id":"https:\/\/luchonoticias.com\/editor\/firmado-acuerdo-de-cooperacion-con-emiratos-arabes\/#breadcrumb"},"inLanguage":"es","potentialAction":[{"@type":"ReadAction","target":["https:\/\/luchonoticias.com\/editor\/firmado-acuerdo-de-cooperacion-con-emiratos-arabes\/"]}]},{"@type":"ImageObject","inLanguage":"es","@id":"https:\/\/luchonoticias.com\/editor\/firmado-acuerdo-de-cooperacion-con-emiratos-arabes\/#primaryimage","url":"https:\/\/luchonoticias.com\/editor\/wp-content\/uploads\/2024\/04\/cooperacion.jpg","contentUrl":"https:\/\/luchonoticias.com\/editor\/wp-content\/uploads\/2024\/04\/cooperacion.jpg","width":700,"height":400},{"@type":"BreadcrumbList","@id":"https:\/\/luchonoticias.com\/editor\/firmado-acuerdo-de-cooperacion-con-emiratos-arabes\/#breadcrumb","itemListElement":[{"@type":"ListItem","position":1,"name":"Portada","item":"https:\/\/luchonoticias.com\/editor\/"},{"@type":"ListItem","position":2,"name":"Firmado acuerdo de cooperaci\u00f3n con Emiratos \u00c1rabes"}]},{"@type":"WebSite","@id":"https:\/\/luchonoticias.com\/editor\/#website","url":"https:\/\/luchonoticias.com\/editor\/","name":"","description":"","publisher":{"@id":"https:\/\/luchonoticias.com\/editor\/#\/schema\/person\/7a7fd911f58561fd056dbac7b55af9cd"},"potentialAction":[{"@type":"SearchAction","target":{"@type":"EntryPoint","urlTemplate":"https:\/\/luchonoticias.com\/editor\/?s={search_term_string}"},"query-input":{"@type":"PropertyValueSpecification","valueRequired":true,"valueName":"search_term_string"}}],"inLanguage":"es"},{"@type":["Person","Organization"],"@id":"https:\/\/luchonoticias.com\/editor\/#\/schema\/person\/7a7fd911f58561fd056dbac7b55af9cd","name":"admin","image":{"@type":"ImageObject","inLanguage":"es","@id":"https:\/\/luchonoticias.com\/editor\/#\/schema\/person\/image\/","url":"https:\/\/luchonoticias.com\/editor\/wp-content\/uploads\/2024\/02\/cropped-cropped-logolu.webp","contentUrl":"https:\/\/luchonoticias.com\/editor\/wp-content\/uploads\/2024\/02\/cropped-cropped-logolu.webp","width":382,"height":170,"caption":"admin"},"logo":{"@id":"https:\/\/luchonoticias.com\/editor\/#\/schema\/person\/image\/"},"sameAs":["https:\/\/www.facebook.com\/luchonoticiasneiva"]},{"@type":"Person","@id":"https:\/\/luchonoticias.com\/editor\/#\/schema\/person\/29217990ddf6f14e35912b2866d591fb","name":"Editor General","image":{"@type":"ImageObject","inLanguage":"es","@id":"https:\/\/luchonoticias.com\/editor\/#\/schema\/person\/image\/","url":"https:\/\/luchonoticias.com\/editor\/wp-content\/uploads\/2024\/02\/cropped-cropped-logolu-150x150.webp","contentUrl":"https:\/\/luchonoticias.com\/editor\/wp-content\/uploads\/2024\/02\/cropped-cropped-logolu-150x150.webp","caption":"Editor General"},"sameAs":["https:\/\/luchonoticias.com\/"],"url":"https:\/\/luchonoticias.com\/editor\/author\/editor-general\/"}]}},"_links":{"self":[{"href":"https:\/\/luchonoticias.com\/editor\/wp-json\/wp\/v2\/posts\/72253","targetHints":{"allow":["GET"]}}],"collection":[{"href":"https:\/\/luchonoticias.com\/editor\/wp-json\/wp\/v2\/posts"}],"about":[{"href":"https:\/\/luchonoticias.com\/editor\/wp-json\/wp\/v2\/types\/post"}],"author":[{"embeddable":true,"href":"https:\/\/luchonoticias.com\/editor\/wp-json\/wp\/v2\/users\/2"}],"replies":[{"embeddable":true,"href":"https:\/\/luchonoticias.com\/editor\/wp-json\/wp\/v2\/comments?post=72253"}],"version-history":[{"count":0,"href":"https:\/\/luchonoticias.com\/editor\/wp-json\/wp\/v2\/posts\/72253\/revisions"}],"wp:featuredmedia":[{"embeddable":true,"href":"https:\/\/luchonoticias.com\/editor\/wp-json\/wp\/v2\/media\/72254"}],"wp:attachment":[{"href":"https:\/\/luchonoticias.com\/editor\/wp-json\/wp\/v2\/media?parent=72253"}],"wp:term":[{"taxonomy":"category","embeddable":true,"href":"https:\/\/luchonoticias.com\/editor\/wp-json\/wp\/v2\/categories?post=72253"},{"taxonomy":"post_tag","embeddable":true,"href":"https:\/\/luchonoticias.com\/editor\/wp-json\/wp\/v2\/tags?post=72253"}],"curies":[{"name":"wp","href":"https:\/\/api.w.org\/{rel}","templated":true}]}}