{"id":72257,"date":"2024-04-19T05:17:56","date_gmt":"2024-04-19T10:17:56","guid":{"rendered":"https:\/\/luchonoticias.com\/?p=72257"},"modified":"2024-04-19T05:17:56","modified_gmt":"2024-04-19T10:17:56","slug":"se-fortalecera-el-cluster-agrominero","status":"publish","type":"post","link":"https:\/\/luchonoticias.com\/editor\/se-fortalecera-el-cluster-agrominero\/","title":{"rendered":"Se fortalecer\u00e1 el cluster agrominero"},"content":{"rendered":"<p>El gobernador del Huila Rodrigo Villalba junto a su equipo t\u00e9cnico visit\u00f3 las instalaciones de la Corporaci\u00f3n Agrominera del Huila \u2013 CORPOAGROMINH, para conocer de primera mano los avances de construcci\u00f3n y dotaci\u00f3n de la planta industrial de trituraci\u00f3n y molienda de rocas calc\u00e1reas (calizas y dolomitas), direccionada al fortalecimiento tecnol\u00f3gico de la cadena minera en el departamento del Huila.<\/p>\n<p>Este ambicioso proyecto financiado con recursos del sistema General de Regal\u00edas por encima de los $4.300 millones, permitir\u00e1 a trav\u00e9s de procesos tecnol\u00f3gicos mejorar la competitividad del subsector minero, beneficiando 28 unidades productivas de los municipios de Neiva, Palermo, Santa Mar\u00eda, y Teruel, dedicadas a la explotaci\u00f3n de rocas calc\u00edticas y dolom\u00edticas (carbonatos de calcio y magnesio).<\/p>\n<p>Gracias a este proceso de industrializaci\u00f3n se pueden lograr granulometr\u00edas de mallas entre 20 y 250, que convierten el Carbonato de Magnesio en un excelente corrector de suelos, como neutralizadora de PH, y fertilizantes; el carbonato de calcio en mallas de entre 20 y 80, como una excelente fuente de calcio de f\u00e1cil absorci\u00f3n; y en mallas m\u00e1s finas de entre 100 y 450, con destino al sector industrial de cer\u00e1micas, pisos, pinturas, detergentes, jabones, desinfectantes, entre otros subproductos.<\/p>\n<p>Para el mandatario huilense, una de las ventajas comparativas que tiene nuestro departamento, son las reservas mineras que pueden contribuir grandemente al proceso de agro industrializaci\u00f3n que est\u00e1 contemplado en el Plan Nacional de Desarrollo, y que de la mano de liderazgos como los que hoy encabezan las organizaciones mineras, ayudar\u00e1n al Huila a avanzar hacia un norte seguro.<\/p>\n<p><strong>Nuevo impulso al cl\u00faster agro minero<\/strong><\/p>\n<p>Durante este mismo evento que cont\u00f3 con la presencia de mineros del noroccidente del departamento, la Alcald\u00eda de Palermo, e importantes personalidades, el gobernador del Huila, firm\u00f3 un documento para entregar en comodato el lote donde se desarrollar\u00e1 una nueva fase del complejo de transformaci\u00f3n, a trav\u00e9s del proyecto denominado \u201cProducci\u00f3n de derivados p\u00e9treos a partir de calcinaci\u00f3n de rocas y mezclas org\u00e1nico-minerales en el\u00a0departamento del Huila\u201d, con el que se busca incrementar el volumen de procesamiento de materias primas p\u00e9treo-minerales con escaza diversificaci\u00f3n en el aprovechamiento industrial.<\/p>\n<p>Frente a esta nueva fase que ayudar\u00e1 a fortalecer el cl\u00faster agrominero, el mandatario regional expres\u00f3 la voluntad del gobierno departamental para contribuir al desarrollo de estas obras, que contribuir\u00e1n a fortalecer el departamento como potencia agropecuaria, tur\u00edstica, y a futuro como potencia de energ\u00edas limpias.<\/p>\n<p>\u201cEn hora buena aparece este proyecto que es como la parte final de este proceso agroindustrial, agrominero, en el cual nos comprometemos con el mayor gusto, aportando desde la gobernaci\u00f3n toda la disponibilidad para que aqu\u00ed mismo se pueda asentar y desarrollar este proceso. Hablar de la miner\u00eda, de Palermo, de Neiva, hablar de esta riqueza minera en la Cordillera Central, de dolomitas, m\u00e1rmoles, roca fosf\u00f3rica, y agregados, es un valor enorme que tiene el departamento del Huila, que a su vez es una potencia con turismo de naturaleza, y turismo emergente rural, y tambi\u00e9n hemos visionado que puede ser una potencia generadora de energ\u00edas sostenibles, y hoy vemos con muy buenos ojos este reto que ustedes vienen asumiendo, como lo es la agro miner\u00eda\u201d, indic\u00f3 el gobernador del Huila.<\/p>\n<p><strong>Sistema de alta tecnolog\u00eda<\/strong><\/p>\n<p>Este proyecto financiado con recursos del Ministerio de Minas y Energ\u00eda por el orden de los $5.000 millones, que cont\u00f3 con asesoramiento del equipo t\u00e9cnico de la Secretar\u00eda de Agricultura y Miner\u00eda del Departamento, y acompa\u00f1amiento institucional a la Alcald\u00eda de Palermo, permitir\u00e1 el desarrollo de un sistema de alta tecnolog\u00eda para la calcinaci\u00f3n de rocas, que incluye los procesos de trituraci\u00f3n, calcinaci\u00f3n, transporte interno, clasificaci\u00f3n, empaque y acopio para la producci\u00f3n de \u00f3xidos de calcio y de magnesio, con destino al mezclado de productos org\u00e1nico-minerales.<\/p>\n<p>Esta nueva fase est\u00e1 articulada al proceso previo de trituraci\u00f3n y molienda, en un eslab\u00f3n del encadenamiento productivo agro-minero, en el marco del desarrollo de un cl\u00faster de miner\u00eda en el norte del departamento, y contempla la construcci\u00f3n, suministro, equipamiento, y puesta en marcha de la Planta de Procesamiento de Minerales y sus derivados, con una capacidad de calcinaci\u00f3n de 24.000 toneladas de dolomitas por a\u00f1o, y una producci\u00f3n de mezclas org\u00e1nico-minerales por el orden de las 9.000 toneladas anuales.<\/p>\n<p>Para el alcalde de Palermo Kleyver Oviedo Farf\u00e1n, la terminaci\u00f3n del proyecto de trituraci\u00f3n y molienda de rocas calc\u00e1reas, y el inicio del proyecto de calcinaci\u00f3n de materiales p\u00e9treos, es una muestra de que, si se puede trabajar en equipo entre las diferentes instancias como la Gobernaci\u00f3n del Huila, la Alcald\u00eda de Palermo, y el gobierno nacional, beneficiando con este tipo de iniciativas a los campesinos, brind\u00e1ndoles mejores oportunidades.<\/p>\n","protected":false},"excerpt":{"rendered":"<p>El gobernador del Huila Rodrigo Villalba junto a su equipo t\u00e9cnico visit\u00f3 las instalaciones de la Corporaci\u00f3n Agrominera del Huila \u2013 CORPOAGROMINH, para conocer de primera mano los avances de construcci\u00f3n y dotaci\u00f3n de la planta industrial de trituraci\u00f3n y molienda de rocas calc\u00e1reas (calizas y dolomitas), direccionada al fortalecimiento tecnol\u00f3gico de la cadena minera [&hellip;]<\/p>\n","protected":false},"author":2,"featured_media":72258,"comment_status":"closed","ping_status":"open","sticky":false,"template":"","format":"standard","meta":{"footnotes":""},"categories":[33],"tags":[],"class_list":["post-72257","post","type-post","status-publish","format-standard","has-post-thumbnail","hentry","category-huila"],"yoast_head":"<!-- This site is optimized with the Yoast SEO plugin v26.6 - https:\/\/yoast.com\/wordpress\/plugins\/seo\/ -->\n<title>Se fortalecer\u00e1 el cluster agrominero -<\/title>\n<meta name=\"robots\" content=\"index, follow, max-snippet:-1, max-image-preview:large, max-video-preview:-1\" \/>\n<link rel=\"canonical\" href=\"https:\/\/luchonoticias.com\/editor\/se-fortalecera-el-cluster-agrominero\/\" \/>\n<meta property=\"og:locale\" content=\"es_ES\" \/>\n<meta property=\"og:type\" content=\"article\" \/>\n<meta property=\"og:title\" content=\"Se fortalecer\u00e1 el cluster agrominero -\" \/>\n<meta property=\"og:url\" content=\"https:\/\/luchonoticias.com\/editor\/se-fortalecera-el-cluster-agrominero\/\" \/>\n<meta property=\"article:publisher\" content=\"https:\/\/www.facebook.com\/luchonoticiasneiva\" \/>\n<meta property=\"article:published_time\" content=\"2024-04-19T10:17:56+00:00\" \/>\n<meta property=\"og:image\" content=\"https:\/\/luchonoticias.com\/editor\/wp-content\/uploads\/2024\/04\/agrominero.jpg\" \/>\n\t<meta property=\"og:image:width\" content=\"700\" \/>\n\t<meta property=\"og:image:height\" content=\"400\" \/>\n\t<meta property=\"og:image:type\" content=\"image\/jpeg\" \/>\n<meta name=\"author\" content=\"Editor General\" \/>\n<meta name=\"twitter:card\" content=\"summary_large_image\" \/>\n<meta name=\"twitter:label1\" content=\"Escrito por\" \/>\n\t<meta name=\"twitter:data1\" content=\"Editor General\" \/>\n\t<meta name=\"twitter:label2\" content=\"Tiempo de lectura\" \/>\n\t<meta name=\"twitter:data2\" content=\"4 minutos\" \/>\n<script type=\"application\/ld+json\" class=\"yoast-schema-graph\">{\"@context\":\"https:\/\/schema.org\",\"@graph\":[{\"@type\":\"Article\",\"@id\":\"https:\/\/luchonoticias.com\/editor\/se-fortalecera-el-cluster-agrominero\/#article\",\"isPartOf\":{\"@id\":\"https:\/\/luchonoticias.com\/editor\/se-fortalecera-el-cluster-agrominero\/\"},\"author\":{\"name\":\"Editor General\",\"@id\":\"https:\/\/luchonoticias.com\/editor\/#\/schema\/person\/29217990ddf6f14e35912b2866d591fb\"},\"headline\":\"Se fortalecer\u00e1 el cluster agrominero\",\"datePublished\":\"2024-04-19T10:17:56+00:00\",\"mainEntityOfPage\":{\"@id\":\"https:\/\/luchonoticias.com\/editor\/se-fortalecera-el-cluster-agrominero\/\"},\"wordCount\":833,\"publisher\":{\"@id\":\"https:\/\/luchonoticias.com\/editor\/#\/schema\/person\/7a7fd911f58561fd056dbac7b55af9cd\"},\"image\":{\"@id\":\"https:\/\/luchonoticias.com\/editor\/se-fortalecera-el-cluster-agrominero\/#primaryimage\"},\"thumbnailUrl\":\"https:\/\/luchonoticias.com\/editor\/wp-content\/uploads\/2024\/04\/agrominero.jpg\",\"articleSection\":[\"Huila\"],\"inLanguage\":\"es\"},{\"@type\":\"WebPage\",\"@id\":\"https:\/\/luchonoticias.com\/editor\/se-fortalecera-el-cluster-agrominero\/\",\"url\":\"https:\/\/luchonoticias.com\/editor\/se-fortalecera-el-cluster-agrominero\/\",\"name\":\"Se fortalecer\u00e1 el cluster agrominero -\",\"isPartOf\":{\"@id\":\"https:\/\/luchonoticias.com\/editor\/#website\"},\"primaryImageOfPage\":{\"@id\":\"https:\/\/luchonoticias.com\/editor\/se-fortalecera-el-cluster-agrominero\/#primaryimage\"},\"image\":{\"@id\":\"https:\/\/luchonoticias.com\/editor\/se-fortalecera-el-cluster-agrominero\/#primaryimage\"},\"thumbnailUrl\":\"https:\/\/luchonoticias.com\/editor\/wp-content\/uploads\/2024\/04\/agrominero.jpg\",\"datePublished\":\"2024-04-19T10:17:56+00:00\",\"breadcrumb\":{\"@id\":\"https:\/\/luchonoticias.com\/editor\/se-fortalecera-el-cluster-agrominero\/#breadcrumb\"},\"inLanguage\":\"es\",\"potentialAction\":[{\"@type\":\"ReadAction\",\"target\":[\"https:\/\/luchonoticias.com\/editor\/se-fortalecera-el-cluster-agrominero\/\"]}]},{\"@type\":\"ImageObject\",\"inLanguage\":\"es\",\"@id\":\"https:\/\/luchonoticias.com\/editor\/se-fortalecera-el-cluster-agrominero\/#primaryimage\",\"url\":\"https:\/\/luchonoticias.com\/editor\/wp-content\/uploads\/2024\/04\/agrominero.jpg\",\"contentUrl\":\"https:\/\/luchonoticias.com\/editor\/wp-content\/uploads\/2024\/04\/agrominero.jpg\",\"width\":700,\"height\":400},{\"@type\":\"BreadcrumbList\",\"@id\":\"https:\/\/luchonoticias.com\/editor\/se-fortalecera-el-cluster-agrominero\/#breadcrumb\",\"itemListElement\":[{\"@type\":\"ListItem\",\"position\":1,\"name\":\"Portada\",\"item\":\"https:\/\/luchonoticias.com\/editor\/\"},{\"@type\":\"ListItem\",\"position\":2,\"name\":\"Se fortalecer\u00e1 el cluster agrominero\"}]},{\"@type\":\"WebSite\",\"@id\":\"https:\/\/luchonoticias.com\/editor\/#website\",\"url\":\"https:\/\/luchonoticias.com\/editor\/\",\"name\":\"\",\"description\":\"\",\"publisher\":{\"@id\":\"https:\/\/luchonoticias.com\/editor\/#\/schema\/person\/7a7fd911f58561fd056dbac7b55af9cd\"},\"potentialAction\":[{\"@type\":\"SearchAction\",\"target\":{\"@type\":\"EntryPoint\",\"urlTemplate\":\"https:\/\/luchonoticias.com\/editor\/?s={search_term_string}\"},\"query-input\":{\"@type\":\"PropertyValueSpecification\",\"valueRequired\":true,\"valueName\":\"search_term_string\"}}],\"inLanguage\":\"es\"},{\"@type\":[\"Person\",\"Organization\"],\"@id\":\"https:\/\/luchonoticias.com\/editor\/#\/schema\/person\/7a7fd911f58561fd056dbac7b55af9cd\",\"name\":\"admin\",\"image\":{\"@type\":\"ImageObject\",\"inLanguage\":\"es\",\"@id\":\"https:\/\/luchonoticias.com\/editor\/#\/schema\/person\/image\/\",\"url\":\"https:\/\/luchonoticias.com\/editor\/wp-content\/uploads\/2024\/02\/cropped-cropped-logolu.webp\",\"contentUrl\":\"https:\/\/luchonoticias.com\/editor\/wp-content\/uploads\/2024\/02\/cropped-cropped-logolu.webp\",\"width\":382,\"height\":170,\"caption\":\"admin\"},\"logo\":{\"@id\":\"https:\/\/luchonoticias.com\/editor\/#\/schema\/person\/image\/\"},\"sameAs\":[\"https:\/\/www.facebook.com\/luchonoticiasneiva\"]},{\"@type\":\"Person\",\"@id\":\"https:\/\/luchonoticias.com\/editor\/#\/schema\/person\/29217990ddf6f14e35912b2866d591fb\",\"name\":\"Editor General\",\"image\":{\"@type\":\"ImageObject\",\"inLanguage\":\"es\",\"@id\":\"https:\/\/luchonoticias.com\/editor\/#\/schema\/person\/image\/\",\"url\":\"https:\/\/luchonoticias.com\/editor\/wp-content\/uploads\/2024\/02\/cropped-cropped-logolu-150x150.webp\",\"contentUrl\":\"https:\/\/luchonoticias.com\/editor\/wp-content\/uploads\/2024\/02\/cropped-cropped-logolu-150x150.webp\",\"caption\":\"Editor General\"},\"sameAs\":[\"https:\/\/luchonoticias.com\/\"],\"url\":\"https:\/\/luchonoticias.com\/editor\/author\/editor-general\/\"}]}<\/script>\n<!-- \/ Yoast SEO plugin. -->","yoast_head_json":{"title":"Se fortalecer\u00e1 el cluster agrominero -","robots":{"index":"index","follow":"follow","max-snippet":"max-snippet:-1","max-image-preview":"max-image-preview:large","max-video-preview":"max-video-preview:-1"},"canonical":"https:\/\/luchonoticias.com\/editor\/se-fortalecera-el-cluster-agrominero\/","og_locale":"es_ES","og_type":"article","og_title":"Se fortalecer\u00e1 el cluster agrominero -","og_url":"https:\/\/luchonoticias.com\/editor\/se-fortalecera-el-cluster-agrominero\/","article_publisher":"https:\/\/www.facebook.com\/luchonoticiasneiva","article_published_time":"2024-04-19T10:17:56+00:00","og_image":[{"width":700,"height":400,"url":"https:\/\/luchonoticias.com\/editor\/wp-content\/uploads\/2024\/04\/agrominero.jpg","type":"image\/jpeg"}],"author":"Editor General","twitter_card":"summary_large_image","twitter_misc":{"Escrito por":"Editor General","Tiempo de lectura":"4 minutos"},"schema":{"@context":"https:\/\/schema.org","@graph":[{"@type":"Article","@id":"https:\/\/luchonoticias.com\/editor\/se-fortalecera-el-cluster-agrominero\/#article","isPartOf":{"@id":"https:\/\/luchonoticias.com\/editor\/se-fortalecera-el-cluster-agrominero\/"},"author":{"name":"Editor General","@id":"https:\/\/luchonoticias.com\/editor\/#\/schema\/person\/29217990ddf6f14e35912b2866d591fb"},"headline":"Se fortalecer\u00e1 el cluster agrominero","datePublished":"2024-04-19T10:17:56+00:00","mainEntityOfPage":{"@id":"https:\/\/luchonoticias.com\/editor\/se-fortalecera-el-cluster-agrominero\/"},"wordCount":833,"publisher":{"@id":"https:\/\/luchonoticias.com\/editor\/#\/schema\/person\/7a7fd911f58561fd056dbac7b55af9cd"},"image":{"@id":"https:\/\/luchonoticias.com\/editor\/se-fortalecera-el-cluster-agrominero\/#primaryimage"},"thumbnailUrl":"https:\/\/luchonoticias.com\/editor\/wp-content\/uploads\/2024\/04\/agrominero.jpg","articleSection":["Huila"],"inLanguage":"es"},{"@type":"WebPage","@id":"https:\/\/luchonoticias.com\/editor\/se-fortalecera-el-cluster-agrominero\/","url":"https:\/\/luchonoticias.com\/editor\/se-fortalecera-el-cluster-agrominero\/","name":"Se fortalecer\u00e1 el cluster agrominero -","isPartOf":{"@id":"https:\/\/luchonoticias.com\/editor\/#website"},"primaryImageOfPage":{"@id":"https:\/\/luchonoticias.com\/editor\/se-fortalecera-el-cluster-agrominero\/#primaryimage"},"image":{"@id":"https:\/\/luchonoticias.com\/editor\/se-fortalecera-el-cluster-agrominero\/#primaryimage"},"thumbnailUrl":"https:\/\/luchonoticias.com\/editor\/wp-content\/uploads\/2024\/04\/agrominero.jpg","datePublished":"2024-04-19T10:17:56+00:00","breadcrumb":{"@id":"https:\/\/luchonoticias.com\/editor\/se-fortalecera-el-cluster-agrominero\/#breadcrumb"},"inLanguage":"es","potentialAction":[{"@type":"ReadAction","target":["https:\/\/luchonoticias.com\/editor\/se-fortalecera-el-cluster-agrominero\/"]}]},{"@type":"ImageObject","inLanguage":"es","@id":"https:\/\/luchonoticias.com\/editor\/se-fortalecera-el-cluster-agrominero\/#primaryimage","url":"https:\/\/luchonoticias.com\/editor\/wp-content\/uploads\/2024\/04\/agrominero.jpg","contentUrl":"https:\/\/luchonoticias.com\/editor\/wp-content\/uploads\/2024\/04\/agrominero.jpg","width":700,"height":400},{"@type":"BreadcrumbList","@id":"https:\/\/luchonoticias.com\/editor\/se-fortalecera-el-cluster-agrominero\/#breadcrumb","itemListElement":[{"@type":"ListItem","position":1,"name":"Portada","item":"https:\/\/luchonoticias.com\/editor\/"},{"@type":"ListItem","position":2,"name":"Se fortalecer\u00e1 el cluster agrominero"}]},{"@type":"WebSite","@id":"https:\/\/luchonoticias.com\/editor\/#website","url":"https:\/\/luchonoticias.com\/editor\/","name":"","description":"","publisher":{"@id":"https:\/\/luchonoticias.com\/editor\/#\/schema\/person\/7a7fd911f58561fd056dbac7b55af9cd"},"potentialAction":[{"@type":"SearchAction","target":{"@type":"EntryPoint","urlTemplate":"https:\/\/luchonoticias.com\/editor\/?s={search_term_string}"},"query-input":{"@type":"PropertyValueSpecification","valueRequired":true,"valueName":"search_term_string"}}],"inLanguage":"es"},{"@type":["Person","Organization"],"@id":"https:\/\/luchonoticias.com\/editor\/#\/schema\/person\/7a7fd911f58561fd056dbac7b55af9cd","name":"admin","image":{"@type":"ImageObject","inLanguage":"es","@id":"https:\/\/luchonoticias.com\/editor\/#\/schema\/person\/image\/","url":"https:\/\/luchonoticias.com\/editor\/wp-content\/uploads\/2024\/02\/cropped-cropped-logolu.webp","contentUrl":"https:\/\/luchonoticias.com\/editor\/wp-content\/uploads\/2024\/02\/cropped-cropped-logolu.webp","width":382,"height":170,"caption":"admin"},"logo":{"@id":"https:\/\/luchonoticias.com\/editor\/#\/schema\/person\/image\/"},"sameAs":["https:\/\/www.facebook.com\/luchonoticiasneiva"]},{"@type":"Person","@id":"https:\/\/luchonoticias.com\/editor\/#\/schema\/person\/29217990ddf6f14e35912b2866d591fb","name":"Editor General","image":{"@type":"ImageObject","inLanguage":"es","@id":"https:\/\/luchonoticias.com\/editor\/#\/schema\/person\/image\/","url":"https:\/\/luchonoticias.com\/editor\/wp-content\/uploads\/2024\/02\/cropped-cropped-logolu-150x150.webp","contentUrl":"https:\/\/luchonoticias.com\/editor\/wp-content\/uploads\/2024\/02\/cropped-cropped-logolu-150x150.webp","caption":"Editor General"},"sameAs":["https:\/\/luchonoticias.com\/"],"url":"https:\/\/luchonoticias.com\/editor\/author\/editor-general\/"}]}},"_links":{"self":[{"href":"https:\/\/luchonoticias.com\/editor\/wp-json\/wp\/v2\/posts\/72257","targetHints":{"allow":["GET"]}}],"collection":[{"href":"https:\/\/luchonoticias.com\/editor\/wp-json\/wp\/v2\/posts"}],"about":[{"href":"https:\/\/luchonoticias.com\/editor\/wp-json\/wp\/v2\/types\/post"}],"author":[{"embeddable":true,"href":"https:\/\/luchonoticias.com\/editor\/wp-json\/wp\/v2\/users\/2"}],"replies":[{"embeddable":true,"href":"https:\/\/luchonoticias.com\/editor\/wp-json\/wp\/v2\/comments?post=72257"}],"version-history":[{"count":0,"href":"https:\/\/luchonoticias.com\/editor\/wp-json\/wp\/v2\/posts\/72257\/revisions"}],"wp:featuredmedia":[{"embeddable":true,"href":"https:\/\/luchonoticias.com\/editor\/wp-json\/wp\/v2\/media\/72258"}],"wp:attachment":[{"href":"https:\/\/luchonoticias.com\/editor\/wp-json\/wp\/v2\/media?parent=72257"}],"wp:term":[{"taxonomy":"category","embeddable":true,"href":"https:\/\/luchonoticias.com\/editor\/wp-json\/wp\/v2\/categories?post=72257"},{"taxonomy":"post_tag","embeddable":true,"href":"https:\/\/luchonoticias.com\/editor\/wp-json\/wp\/v2\/tags?post=72257"}],"curies":[{"name":"wp","href":"https:\/\/api.w.org\/{rel}","templated":true}]}}