{"id":72260,"date":"2024-04-19T11:40:01","date_gmt":"2024-04-19T16:40:01","guid":{"rendered":"https:\/\/luchonoticias.com\/?p=72260"},"modified":"2024-04-19T11:40:01","modified_gmt":"2024-04-19T16:40:01","slug":"manana-vence-plazo-para-sembrar-cultivos-de-sorgo-y-maiz","status":"publish","type":"post","link":"https:\/\/luchonoticias.com\/editor\/manana-vence-plazo-para-sembrar-cultivos-de-sorgo-y-maiz\/","title":{"rendered":"Ma\u00f1ana vence plazo para sembrar cultivos de sorgo y ma\u00edz"},"content":{"rendered":"<p>Con el prop\u00f3sito de permitir el desarrollo de cultivos de ma\u00edz en per\u00edodos con mejores reg\u00edmenes de lluvias, y a la vez controlar los ciclos reproductivos del del Dalbulus maidis, plaga responsable de la transmisi\u00f3n de un complejo de pat\u00f3genos que desencadenan la enfermedad conocida como \u201cAchaparramiento Arbustivo de Ma\u00edz\u201d, se defini\u00f3 el calendario de siembras para el primer semestre de 2024, que inici\u00f3 el 18 de marzo y culmina este s\u00e1bado 20 de abril.<\/p>\n<p>Esta decisi\u00f3n est\u00e1 amparada por la resoluci\u00f3n 00001624 del 23 de febrero de 2024, emitida por el ICA, luego de una mesa de trabajo desarrollada a instancias del Consejo Departamental de Sanidad Vegetal del Huila, del que hace parte la Secretar\u00eda de Agricultura y Miner\u00eda del Departamento, donde se analiz\u00f3 el avance de la plaga, y su impacto negativo en los cultivos, provocando p\u00e9rdidas por encima del 70% en las cosechas.<\/p>\n<p>La medida cobija a comercializadores de semillas de ma\u00edz y sorgo, independientemente de su destinaci\u00f3n, grano seco, mazorca, y\/o ensilajes para suplementaci\u00f3n del ganado, as\u00ed como a productores agr\u00edcolas interesados en implementar labranzas, tanto como alternativa de rotaci\u00f3n de cultivos en zonas arroceras, como en zonas de ladera donde se hace renovaci\u00f3n de cafetales.<\/p>\n<p>El incumplimiento de cualquiera de las disposiciones establecidas en la presente resoluci\u00f3n ser\u00e1 sancionado de conformidad con lo establecido en el Cap\u00edtulo 10 del T\u00edtulo I de la parte 13 del Decreto 1071 de 2015, y art\u00edculos 156 y 157 de la ley 1955 del 2019 sin perjuicio de las acciones civiles y penales a que haya lugar.<\/p>\n<p><strong>Siembras a tiempo<\/strong><\/p>\n<p>En ese sentido, desde la Secretar\u00eda de Agricultura y Miner\u00eda del Huila, se le hace la invitaci\u00f3n a todos los cobijados por la presente medida, para que no adelanten actividades por fuera de las fechas estipuladas, pues esto podr\u00eda traer graves implicaciones en materia del status sanitario para el cultivo de ma\u00edz, al favorecer la reproducci\u00f3n y expansi\u00f3n del Dalbulus maidis, acarreando a su vez p\u00e9rdidas econ\u00f3micas por da\u00f1os de cosechas.<\/p>\n<p>Estas decisiones surgen de un continuo monitoreo de la plaga, gracias a un proyecto financiado por la Gobernaci\u00f3n del Huila, y desarrollado por Agrosavia, y la Universidad Corhuila, donde se evalu\u00f3 su comportamiento, y c\u00f3mo las variables entre las que se destacan la radiaci\u00f3n solar, humedad, corrientes de aire, disponibilidad de alimento, entre otras, afectan o favorecen el insecto, y por ende la expansi\u00f3n de la enfermedad.<\/p>\n","protected":false},"excerpt":{"rendered":"<p>Con el prop\u00f3sito de permitir el desarrollo de cultivos de ma\u00edz en per\u00edodos con mejores reg\u00edmenes de lluvias, y a la vez controlar los ciclos reproductivos del del Dalbulus maidis, plaga responsable de la transmisi\u00f3n de un complejo de pat\u00f3genos que desencadenan la enfermedad conocida como \u201cAchaparramiento Arbustivo de Ma\u00edz\u201d, se defini\u00f3 el calendario de [&hellip;]<\/p>\n","protected":false},"author":2,"featured_media":72261,"comment_status":"closed","ping_status":"open","sticky":false,"template":"","format":"standard","meta":{"footnotes":""},"categories":[33],"tags":[],"class_list":["post-72260","post","type-post","status-publish","format-standard","has-post-thumbnail","hentry","category-huila"],"yoast_head":"<!-- This site is optimized with the Yoast SEO plugin v26.6 - https:\/\/yoast.com\/wordpress\/plugins\/seo\/ -->\n<title>Ma\u00f1ana vence plazo para sembrar cultivos de sorgo y ma\u00edz -<\/title>\n<meta name=\"robots\" content=\"index, follow, max-snippet:-1, max-image-preview:large, max-video-preview:-1\" \/>\n<link rel=\"canonical\" href=\"https:\/\/luchonoticias.com\/editor\/manana-vence-plazo-para-sembrar-cultivos-de-sorgo-y-maiz\/\" \/>\n<meta property=\"og:locale\" content=\"es_ES\" \/>\n<meta property=\"og:type\" content=\"article\" \/>\n<meta property=\"og:title\" content=\"Ma\u00f1ana vence plazo para sembrar cultivos de sorgo y ma\u00edz -\" \/>\n<meta property=\"og:url\" content=\"https:\/\/luchonoticias.com\/editor\/manana-vence-plazo-para-sembrar-cultivos-de-sorgo-y-maiz\/\" \/>\n<meta property=\"article:publisher\" content=\"https:\/\/www.facebook.com\/luchonoticiasneiva\" \/>\n<meta property=\"article:published_time\" content=\"2024-04-19T16:40:01+00:00\" \/>\n<meta property=\"og:image\" content=\"https:\/\/luchonoticias.com\/editor\/wp-content\/uploads\/2024\/04\/campos.jpg\" \/>\n\t<meta property=\"og:image:width\" content=\"700\" \/>\n\t<meta property=\"og:image:height\" content=\"400\" \/>\n\t<meta property=\"og:image:type\" content=\"image\/jpeg\" \/>\n<meta name=\"author\" content=\"Editor General\" \/>\n<meta name=\"twitter:card\" content=\"summary_large_image\" \/>\n<meta name=\"twitter:label1\" content=\"Escrito por\" \/>\n\t<meta name=\"twitter:data1\" content=\"Editor General\" \/>\n\t<meta name=\"twitter:label2\" content=\"Tiempo de lectura\" \/>\n\t<meta name=\"twitter:data2\" content=\"2 minutos\" \/>\n<script type=\"application\/ld+json\" class=\"yoast-schema-graph\">{\"@context\":\"https:\/\/schema.org\",\"@graph\":[{\"@type\":\"Article\",\"@id\":\"https:\/\/luchonoticias.com\/editor\/manana-vence-plazo-para-sembrar-cultivos-de-sorgo-y-maiz\/#article\",\"isPartOf\":{\"@id\":\"https:\/\/luchonoticias.com\/editor\/manana-vence-plazo-para-sembrar-cultivos-de-sorgo-y-maiz\/\"},\"author\":{\"name\":\"Editor General\",\"@id\":\"https:\/\/luchonoticias.com\/editor\/#\/schema\/person\/29217990ddf6f14e35912b2866d591fb\"},\"headline\":\"Ma\u00f1ana vence plazo para sembrar cultivos de sorgo y ma\u00edz\",\"datePublished\":\"2024-04-19T16:40:01+00:00\",\"mainEntityOfPage\":{\"@id\":\"https:\/\/luchonoticias.com\/editor\/manana-vence-plazo-para-sembrar-cultivos-de-sorgo-y-maiz\/\"},\"wordCount\":434,\"publisher\":{\"@id\":\"https:\/\/luchonoticias.com\/editor\/#\/schema\/person\/7a7fd911f58561fd056dbac7b55af9cd\"},\"image\":{\"@id\":\"https:\/\/luchonoticias.com\/editor\/manana-vence-plazo-para-sembrar-cultivos-de-sorgo-y-maiz\/#primaryimage\"},\"thumbnailUrl\":\"https:\/\/luchonoticias.com\/editor\/wp-content\/uploads\/2024\/04\/campos.jpg\",\"articleSection\":[\"Huila\"],\"inLanguage\":\"es\"},{\"@type\":\"WebPage\",\"@id\":\"https:\/\/luchonoticias.com\/editor\/manana-vence-plazo-para-sembrar-cultivos-de-sorgo-y-maiz\/\",\"url\":\"https:\/\/luchonoticias.com\/editor\/manana-vence-plazo-para-sembrar-cultivos-de-sorgo-y-maiz\/\",\"name\":\"Ma\u00f1ana vence plazo para sembrar cultivos de sorgo y ma\u00edz -\",\"isPartOf\":{\"@id\":\"https:\/\/luchonoticias.com\/editor\/#website\"},\"primaryImageOfPage\":{\"@id\":\"https:\/\/luchonoticias.com\/editor\/manana-vence-plazo-para-sembrar-cultivos-de-sorgo-y-maiz\/#primaryimage\"},\"image\":{\"@id\":\"https:\/\/luchonoticias.com\/editor\/manana-vence-plazo-para-sembrar-cultivos-de-sorgo-y-maiz\/#primaryimage\"},\"thumbnailUrl\":\"https:\/\/luchonoticias.com\/editor\/wp-content\/uploads\/2024\/04\/campos.jpg\",\"datePublished\":\"2024-04-19T16:40:01+00:00\",\"breadcrumb\":{\"@id\":\"https:\/\/luchonoticias.com\/editor\/manana-vence-plazo-para-sembrar-cultivos-de-sorgo-y-maiz\/#breadcrumb\"},\"inLanguage\":\"es\",\"potentialAction\":[{\"@type\":\"ReadAction\",\"target\":[\"https:\/\/luchonoticias.com\/editor\/manana-vence-plazo-para-sembrar-cultivos-de-sorgo-y-maiz\/\"]}]},{\"@type\":\"ImageObject\",\"inLanguage\":\"es\",\"@id\":\"https:\/\/luchonoticias.com\/editor\/manana-vence-plazo-para-sembrar-cultivos-de-sorgo-y-maiz\/#primaryimage\",\"url\":\"https:\/\/luchonoticias.com\/editor\/wp-content\/uploads\/2024\/04\/campos.jpg\",\"contentUrl\":\"https:\/\/luchonoticias.com\/editor\/wp-content\/uploads\/2024\/04\/campos.jpg\",\"width\":700,\"height\":400},{\"@type\":\"BreadcrumbList\",\"@id\":\"https:\/\/luchonoticias.com\/editor\/manana-vence-plazo-para-sembrar-cultivos-de-sorgo-y-maiz\/#breadcrumb\",\"itemListElement\":[{\"@type\":\"ListItem\",\"position\":1,\"name\":\"Portada\",\"item\":\"https:\/\/luchonoticias.com\/editor\/\"},{\"@type\":\"ListItem\",\"position\":2,\"name\":\"Ma\u00f1ana vence plazo para sembrar cultivos de sorgo y ma\u00edz\"}]},{\"@type\":\"WebSite\",\"@id\":\"https:\/\/luchonoticias.com\/editor\/#website\",\"url\":\"https:\/\/luchonoticias.com\/editor\/\",\"name\":\"\",\"description\":\"\",\"publisher\":{\"@id\":\"https:\/\/luchonoticias.com\/editor\/#\/schema\/person\/7a7fd911f58561fd056dbac7b55af9cd\"},\"potentialAction\":[{\"@type\":\"SearchAction\",\"target\":{\"@type\":\"EntryPoint\",\"urlTemplate\":\"https:\/\/luchonoticias.com\/editor\/?s={search_term_string}\"},\"query-input\":{\"@type\":\"PropertyValueSpecification\",\"valueRequired\":true,\"valueName\":\"search_term_string\"}}],\"inLanguage\":\"es\"},{\"@type\":[\"Person\",\"Organization\"],\"@id\":\"https:\/\/luchonoticias.com\/editor\/#\/schema\/person\/7a7fd911f58561fd056dbac7b55af9cd\",\"name\":\"admin\",\"image\":{\"@type\":\"ImageObject\",\"inLanguage\":\"es\",\"@id\":\"https:\/\/luchonoticias.com\/editor\/#\/schema\/person\/image\/\",\"url\":\"https:\/\/luchonoticias.com\/editor\/wp-content\/uploads\/2024\/02\/cropped-cropped-logolu.webp\",\"contentUrl\":\"https:\/\/luchonoticias.com\/editor\/wp-content\/uploads\/2024\/02\/cropped-cropped-logolu.webp\",\"width\":382,\"height\":170,\"caption\":\"admin\"},\"logo\":{\"@id\":\"https:\/\/luchonoticias.com\/editor\/#\/schema\/person\/image\/\"},\"sameAs\":[\"https:\/\/www.facebook.com\/luchonoticiasneiva\"]},{\"@type\":\"Person\",\"@id\":\"https:\/\/luchonoticias.com\/editor\/#\/schema\/person\/29217990ddf6f14e35912b2866d591fb\",\"name\":\"Editor General\",\"image\":{\"@type\":\"ImageObject\",\"inLanguage\":\"es\",\"@id\":\"https:\/\/luchonoticias.com\/editor\/#\/schema\/person\/image\/\",\"url\":\"https:\/\/luchonoticias.com\/editor\/wp-content\/uploads\/2024\/02\/cropped-cropped-logolu-150x150.webp\",\"contentUrl\":\"https:\/\/luchonoticias.com\/editor\/wp-content\/uploads\/2024\/02\/cropped-cropped-logolu-150x150.webp\",\"caption\":\"Editor General\"},\"sameAs\":[\"https:\/\/luchonoticias.com\/\"],\"url\":\"https:\/\/luchonoticias.com\/editor\/author\/editor-general\/\"}]}<\/script>\n<!-- \/ Yoast SEO plugin. -->","yoast_head_json":{"title":"Ma\u00f1ana vence plazo para sembrar cultivos de sorgo y ma\u00edz -","robots":{"index":"index","follow":"follow","max-snippet":"max-snippet:-1","max-image-preview":"max-image-preview:large","max-video-preview":"max-video-preview:-1"},"canonical":"https:\/\/luchonoticias.com\/editor\/manana-vence-plazo-para-sembrar-cultivos-de-sorgo-y-maiz\/","og_locale":"es_ES","og_type":"article","og_title":"Ma\u00f1ana vence plazo para sembrar cultivos de sorgo y ma\u00edz -","og_url":"https:\/\/luchonoticias.com\/editor\/manana-vence-plazo-para-sembrar-cultivos-de-sorgo-y-maiz\/","article_publisher":"https:\/\/www.facebook.com\/luchonoticiasneiva","article_published_time":"2024-04-19T16:40:01+00:00","og_image":[{"width":700,"height":400,"url":"https:\/\/luchonoticias.com\/editor\/wp-content\/uploads\/2024\/04\/campos.jpg","type":"image\/jpeg"}],"author":"Editor General","twitter_card":"summary_large_image","twitter_misc":{"Escrito por":"Editor General","Tiempo de lectura":"2 minutos"},"schema":{"@context":"https:\/\/schema.org","@graph":[{"@type":"Article","@id":"https:\/\/luchonoticias.com\/editor\/manana-vence-plazo-para-sembrar-cultivos-de-sorgo-y-maiz\/#article","isPartOf":{"@id":"https:\/\/luchonoticias.com\/editor\/manana-vence-plazo-para-sembrar-cultivos-de-sorgo-y-maiz\/"},"author":{"name":"Editor General","@id":"https:\/\/luchonoticias.com\/editor\/#\/schema\/person\/29217990ddf6f14e35912b2866d591fb"},"headline":"Ma\u00f1ana vence plazo para sembrar cultivos de sorgo y ma\u00edz","datePublished":"2024-04-19T16:40:01+00:00","mainEntityOfPage":{"@id":"https:\/\/luchonoticias.com\/editor\/manana-vence-plazo-para-sembrar-cultivos-de-sorgo-y-maiz\/"},"wordCount":434,"publisher":{"@id":"https:\/\/luchonoticias.com\/editor\/#\/schema\/person\/7a7fd911f58561fd056dbac7b55af9cd"},"image":{"@id":"https:\/\/luchonoticias.com\/editor\/manana-vence-plazo-para-sembrar-cultivos-de-sorgo-y-maiz\/#primaryimage"},"thumbnailUrl":"https:\/\/luchonoticias.com\/editor\/wp-content\/uploads\/2024\/04\/campos.jpg","articleSection":["Huila"],"inLanguage":"es"},{"@type":"WebPage","@id":"https:\/\/luchonoticias.com\/editor\/manana-vence-plazo-para-sembrar-cultivos-de-sorgo-y-maiz\/","url":"https:\/\/luchonoticias.com\/editor\/manana-vence-plazo-para-sembrar-cultivos-de-sorgo-y-maiz\/","name":"Ma\u00f1ana vence plazo para sembrar cultivos de sorgo y ma\u00edz -","isPartOf":{"@id":"https:\/\/luchonoticias.com\/editor\/#website"},"primaryImageOfPage":{"@id":"https:\/\/luchonoticias.com\/editor\/manana-vence-plazo-para-sembrar-cultivos-de-sorgo-y-maiz\/#primaryimage"},"image":{"@id":"https:\/\/luchonoticias.com\/editor\/manana-vence-plazo-para-sembrar-cultivos-de-sorgo-y-maiz\/#primaryimage"},"thumbnailUrl":"https:\/\/luchonoticias.com\/editor\/wp-content\/uploads\/2024\/04\/campos.jpg","datePublished":"2024-04-19T16:40:01+00:00","breadcrumb":{"@id":"https:\/\/luchonoticias.com\/editor\/manana-vence-plazo-para-sembrar-cultivos-de-sorgo-y-maiz\/#breadcrumb"},"inLanguage":"es","potentialAction":[{"@type":"ReadAction","target":["https:\/\/luchonoticias.com\/editor\/manana-vence-plazo-para-sembrar-cultivos-de-sorgo-y-maiz\/"]}]},{"@type":"ImageObject","inLanguage":"es","@id":"https:\/\/luchonoticias.com\/editor\/manana-vence-plazo-para-sembrar-cultivos-de-sorgo-y-maiz\/#primaryimage","url":"https:\/\/luchonoticias.com\/editor\/wp-content\/uploads\/2024\/04\/campos.jpg","contentUrl":"https:\/\/luchonoticias.com\/editor\/wp-content\/uploads\/2024\/04\/campos.jpg","width":700,"height":400},{"@type":"BreadcrumbList","@id":"https:\/\/luchonoticias.com\/editor\/manana-vence-plazo-para-sembrar-cultivos-de-sorgo-y-maiz\/#breadcrumb","itemListElement":[{"@type":"ListItem","position":1,"name":"Portada","item":"https:\/\/luchonoticias.com\/editor\/"},{"@type":"ListItem","position":2,"name":"Ma\u00f1ana vence plazo para sembrar cultivos de sorgo y ma\u00edz"}]},{"@type":"WebSite","@id":"https:\/\/luchonoticias.com\/editor\/#website","url":"https:\/\/luchonoticias.com\/editor\/","name":"","description":"","publisher":{"@id":"https:\/\/luchonoticias.com\/editor\/#\/schema\/person\/7a7fd911f58561fd056dbac7b55af9cd"},"potentialAction":[{"@type":"SearchAction","target":{"@type":"EntryPoint","urlTemplate":"https:\/\/luchonoticias.com\/editor\/?s={search_term_string}"},"query-input":{"@type":"PropertyValueSpecification","valueRequired":true,"valueName":"search_term_string"}}],"inLanguage":"es"},{"@type":["Person","Organization"],"@id":"https:\/\/luchonoticias.com\/editor\/#\/schema\/person\/7a7fd911f58561fd056dbac7b55af9cd","name":"admin","image":{"@type":"ImageObject","inLanguage":"es","@id":"https:\/\/luchonoticias.com\/editor\/#\/schema\/person\/image\/","url":"https:\/\/luchonoticias.com\/editor\/wp-content\/uploads\/2024\/02\/cropped-cropped-logolu.webp","contentUrl":"https:\/\/luchonoticias.com\/editor\/wp-content\/uploads\/2024\/02\/cropped-cropped-logolu.webp","width":382,"height":170,"caption":"admin"},"logo":{"@id":"https:\/\/luchonoticias.com\/editor\/#\/schema\/person\/image\/"},"sameAs":["https:\/\/www.facebook.com\/luchonoticiasneiva"]},{"@type":"Person","@id":"https:\/\/luchonoticias.com\/editor\/#\/schema\/person\/29217990ddf6f14e35912b2866d591fb","name":"Editor General","image":{"@type":"ImageObject","inLanguage":"es","@id":"https:\/\/luchonoticias.com\/editor\/#\/schema\/person\/image\/","url":"https:\/\/luchonoticias.com\/editor\/wp-content\/uploads\/2024\/02\/cropped-cropped-logolu-150x150.webp","contentUrl":"https:\/\/luchonoticias.com\/editor\/wp-content\/uploads\/2024\/02\/cropped-cropped-logolu-150x150.webp","caption":"Editor General"},"sameAs":["https:\/\/luchonoticias.com\/"],"url":"https:\/\/luchonoticias.com\/editor\/author\/editor-general\/"}]}},"_links":{"self":[{"href":"https:\/\/luchonoticias.com\/editor\/wp-json\/wp\/v2\/posts\/72260","targetHints":{"allow":["GET"]}}],"collection":[{"href":"https:\/\/luchonoticias.com\/editor\/wp-json\/wp\/v2\/posts"}],"about":[{"href":"https:\/\/luchonoticias.com\/editor\/wp-json\/wp\/v2\/types\/post"}],"author":[{"embeddable":true,"href":"https:\/\/luchonoticias.com\/editor\/wp-json\/wp\/v2\/users\/2"}],"replies":[{"embeddable":true,"href":"https:\/\/luchonoticias.com\/editor\/wp-json\/wp\/v2\/comments?post=72260"}],"version-history":[{"count":0,"href":"https:\/\/luchonoticias.com\/editor\/wp-json\/wp\/v2\/posts\/72260\/revisions"}],"wp:featuredmedia":[{"embeddable":true,"href":"https:\/\/luchonoticias.com\/editor\/wp-json\/wp\/v2\/media\/72261"}],"wp:attachment":[{"href":"https:\/\/luchonoticias.com\/editor\/wp-json\/wp\/v2\/media?parent=72260"}],"wp:term":[{"taxonomy":"category","embeddable":true,"href":"https:\/\/luchonoticias.com\/editor\/wp-json\/wp\/v2\/categories?post=72260"},{"taxonomy":"post_tag","embeddable":true,"href":"https:\/\/luchonoticias.com\/editor\/wp-json\/wp\/v2\/tags?post=72260"}],"curies":[{"name":"wp","href":"https:\/\/api.w.org\/{rel}","templated":true}]}}