{"id":72263,"date":"2024-04-19T14:01:20","date_gmt":"2024-04-19T19:01:20","guid":{"rendered":"https:\/\/luchonoticias.com\/?p=72263"},"modified":"2024-04-19T14:01:20","modified_gmt":"2024-04-19T19:01:20","slug":"huila-ratifica-busqueda-de-justicia-con-el-caso-de-el-quimbo","status":"publish","type":"post","link":"https:\/\/luchonoticias.com\/editor\/huila-ratifica-busqueda-de-justicia-con-el-caso-de-el-quimbo\/","title":{"rendered":"Huila ratifica b\u00fasqueda de justicia con el caso de El Quimbo"},"content":{"rendered":"<p>En el marco de una audiencia de seguimiento a las compensaciones y afectaciones del Proyecto Hidroel\u00e9ctrico El Quimbo en el Huila, por parte de la Comisi\u00f3n Quinta del Congreso, y llevada a cabo en el Sal\u00f3n La Vor\u00e1gine del Centro de Convenciones &#8216;Jos\u00e9 Eustasio Rivera&#8217; de Neiva, el gobernador de los huilenses, Rodrigo Villalba Mosquera, se\u00f1al\u00f3 que estas audiencias son de suma importancia para seguir exigiendo al Gobierno Nacional y al operador del proyecto hidroel\u00e9ctrico, que se cumpla lo pactado.<\/p>\n<p>\u201cAspiro que esta audiencia de seguimiento, nos ofrezca avances. Le digo al operador privado, que es leg\u00edtima su actividad econ\u00f3mica, pero tambi\u00e9n les digo que a ustedes les conviene tener un buen clima con la regi\u00f3n. Queremos que haya un ambiente propositivo en la b\u00fasqueda del cumplimiento a cabalidad de las compensaciones pactadas para el bienestar de nuestras comunidades afectadas por la construcci\u00f3n de esta hidroel\u00e9ctrica\u201d, afirm\u00f3 Villalba.<\/p>\n<p>\u201cComo gobernador del Departamento tambi\u00e9n le ofrezco al operador Enel, la mayor cordialidad, siempre la disposici\u00f3n, los mejores buenos oficios para entenderlos. Pero quiero que nos entendamos alrededor de lo pactado\u201d, a\u00f1adi\u00f3.<\/p>\n<p>Expres\u00f3 que son largos los a\u00f1os donde se ha exigido el cumplimiento de las compensaciones de tipo ambiental, tenencia de la tierra, actividades productivas de los campesinos afectados, de puertos, v\u00edas, e incluso de una tarifa diferencial para el Huila en la energ\u00eda el\u00e9ctrica, que es lo que se pregunta por estas \u00e9pocas de la temporada del Ni\u00f1o, ya que es mucho lo que aporta el Huila en la generaci\u00f3n de energ\u00eda en el pa\u00eds y con consecuencias ambientales por todos ya conocidas.<\/p>\n<p><strong>Cambio de posici\u00f3n del Gobierno en favor de la regi\u00f3n<\/strong><\/p>\n<p>\u201cHoy ten\u00edamos un OCAD de la zona centro sur, donde hace parte Putumayo, Caquet\u00e1, Huila y Tolima y a \u00faltima hora por el decreto del d\u00eda c\u00edvico de hoy 19 de abril, fue cancelado, pero lo que queremos decir es que seguimos fomentando estos espacios para acompa\u00f1ar todas las inquietudes en torno a las afectaciones del Quimbo en el Huila\u201d, destac\u00f3 el gobernador huilense.<\/p>\n<p>El mandatario departamental resalt\u00f3 que uno de los aspectos positivos que han evaluado diversos actores pol\u00edticos, es el cambio de posici\u00f3n del Gobierno Nacional en favor de la regi\u00f3n del Huila.<\/p>\n<p>\u201cPor primera vez el Gobierno Nacional cambi\u00f3 de posici\u00f3n, a favor de la regi\u00f3n, inspirado en la reuni\u00f3n de la comisi\u00f3n 5 del Congreso hace un a\u00f1o, en el mes de abril de 2023. Hemos visto el avance en este \u00faltimo a\u00f1o, y que es la funci\u00f3n normal que debe tener el Gobierno, el ser neutral y hacer cumplir un compromiso que tiene ah\u00ed bajo su tutela alrededor del Ministerio de Medio Ambiente\u201d, asegur\u00f3 Rodrigo Villalba.<\/p>\n<p>\u201cCelebr\u00e9 desde esa \u00e9poca esa posici\u00f3n del Gobierno y que incluso llevara al Congreso a trav\u00e9s de la Ministra de Ambiente y Desarrollo Sostenible para que en este proyecto del Quimbo, se apliquen dos cosas: lo legal y lo justo con las regiones como la del Huila\u201d, argument\u00f3.<\/p>\n<p>A esta audiencia, hicieron presencia los congresistas pertenecientes a esta comisi\u00f3n quinta, como son las Representantes a la C\u00e1mara Leyla Rinc\u00f3n y Florita Perdomo, y el senador Carlos Julio Gonz\u00e1lez Villa, as\u00ed como parlamentarios representantes del Departamento del Putumayo entre otros actores pol\u00edticos, sociales y gremiales de la regi\u00f3n sur del pa\u00eds.<\/p>\n","protected":false},"excerpt":{"rendered":"<p>En el marco de una audiencia de seguimiento a las compensaciones y afectaciones del Proyecto Hidroel\u00e9ctrico El Quimbo en el Huila, por parte de la Comisi\u00f3n Quinta del Congreso, y llevada a cabo en el Sal\u00f3n La Vor\u00e1gine del Centro de Convenciones &#8216;Jos\u00e9 Eustasio Rivera&#8217; de Neiva, el gobernador de los huilenses, Rodrigo Villalba Mosquera, [&hellip;]<\/p>\n","protected":false},"author":2,"featured_media":72264,"comment_status":"closed","ping_status":"open","sticky":false,"template":"","format":"standard","meta":{"footnotes":""},"categories":[33],"tags":[],"class_list":["post-72263","post","type-post","status-publish","format-standard","has-post-thumbnail","hentry","category-huila"],"yoast_head":"<!-- This site is optimized with the Yoast SEO plugin v26.6 - https:\/\/yoast.com\/wordpress\/plugins\/seo\/ -->\n<title>Huila ratifica b\u00fasqueda de justicia con el caso de El Quimbo -<\/title>\n<meta name=\"robots\" content=\"index, follow, max-snippet:-1, max-image-preview:large, max-video-preview:-1\" \/>\n<link rel=\"canonical\" href=\"https:\/\/luchonoticias.com\/editor\/huila-ratifica-busqueda-de-justicia-con-el-caso-de-el-quimbo\/\" \/>\n<meta property=\"og:locale\" content=\"es_ES\" \/>\n<meta property=\"og:type\" content=\"article\" \/>\n<meta property=\"og:title\" content=\"Huila ratifica b\u00fasqueda de justicia con el caso de El Quimbo -\" \/>\n<meta property=\"og:url\" content=\"https:\/\/luchonoticias.com\/editor\/huila-ratifica-busqueda-de-justicia-con-el-caso-de-el-quimbo\/\" \/>\n<meta property=\"article:publisher\" content=\"https:\/\/www.facebook.com\/luchonoticiasneiva\" \/>\n<meta property=\"article:published_time\" content=\"2024-04-19T19:01:20+00:00\" \/>\n<meta property=\"og:image\" content=\"https:\/\/luchonoticias.com\/editor\/wp-content\/uploads\/2024\/04\/rodrigo-villalba.jpg\" \/>\n\t<meta property=\"og:image:width\" content=\"700\" \/>\n\t<meta property=\"og:image:height\" content=\"400\" \/>\n\t<meta property=\"og:image:type\" content=\"image\/jpeg\" \/>\n<meta name=\"author\" content=\"Editor General\" \/>\n<meta name=\"twitter:card\" content=\"summary_large_image\" \/>\n<meta name=\"twitter:label1\" content=\"Escrito por\" \/>\n\t<meta name=\"twitter:data1\" content=\"Editor General\" \/>\n\t<meta name=\"twitter:label2\" content=\"Tiempo de lectura\" \/>\n\t<meta name=\"twitter:data2\" content=\"3 minutos\" \/>\n<script type=\"application\/ld+json\" class=\"yoast-schema-graph\">{\"@context\":\"https:\/\/schema.org\",\"@graph\":[{\"@type\":\"Article\",\"@id\":\"https:\/\/luchonoticias.com\/editor\/huila-ratifica-busqueda-de-justicia-con-el-caso-de-el-quimbo\/#article\",\"isPartOf\":{\"@id\":\"https:\/\/luchonoticias.com\/editor\/huila-ratifica-busqueda-de-justicia-con-el-caso-de-el-quimbo\/\"},\"author\":{\"name\":\"Editor General\",\"@id\":\"https:\/\/luchonoticias.com\/editor\/#\/schema\/person\/29217990ddf6f14e35912b2866d591fb\"},\"headline\":\"Huila ratifica b\u00fasqueda de justicia con el caso de El Quimbo\",\"datePublished\":\"2024-04-19T19:01:20+00:00\",\"mainEntityOfPage\":{\"@id\":\"https:\/\/luchonoticias.com\/editor\/huila-ratifica-busqueda-de-justicia-con-el-caso-de-el-quimbo\/\"},\"wordCount\":602,\"publisher\":{\"@id\":\"https:\/\/luchonoticias.com\/editor\/#\/schema\/person\/7a7fd911f58561fd056dbac7b55af9cd\"},\"image\":{\"@id\":\"https:\/\/luchonoticias.com\/editor\/huila-ratifica-busqueda-de-justicia-con-el-caso-de-el-quimbo\/#primaryimage\"},\"thumbnailUrl\":\"https:\/\/luchonoticias.com\/editor\/wp-content\/uploads\/2024\/04\/rodrigo-villalba.jpg\",\"articleSection\":[\"Huila\"],\"inLanguage\":\"es\"},{\"@type\":\"WebPage\",\"@id\":\"https:\/\/luchonoticias.com\/editor\/huila-ratifica-busqueda-de-justicia-con-el-caso-de-el-quimbo\/\",\"url\":\"https:\/\/luchonoticias.com\/editor\/huila-ratifica-busqueda-de-justicia-con-el-caso-de-el-quimbo\/\",\"name\":\"Huila ratifica b\u00fasqueda de justicia con el caso de El Quimbo -\",\"isPartOf\":{\"@id\":\"https:\/\/luchonoticias.com\/editor\/#website\"},\"primaryImageOfPage\":{\"@id\":\"https:\/\/luchonoticias.com\/editor\/huila-ratifica-busqueda-de-justicia-con-el-caso-de-el-quimbo\/#primaryimage\"},\"image\":{\"@id\":\"https:\/\/luchonoticias.com\/editor\/huila-ratifica-busqueda-de-justicia-con-el-caso-de-el-quimbo\/#primaryimage\"},\"thumbnailUrl\":\"https:\/\/luchonoticias.com\/editor\/wp-content\/uploads\/2024\/04\/rodrigo-villalba.jpg\",\"datePublished\":\"2024-04-19T19:01:20+00:00\",\"breadcrumb\":{\"@id\":\"https:\/\/luchonoticias.com\/editor\/huila-ratifica-busqueda-de-justicia-con-el-caso-de-el-quimbo\/#breadcrumb\"},\"inLanguage\":\"es\",\"potentialAction\":[{\"@type\":\"ReadAction\",\"target\":[\"https:\/\/luchonoticias.com\/editor\/huila-ratifica-busqueda-de-justicia-con-el-caso-de-el-quimbo\/\"]}]},{\"@type\":\"ImageObject\",\"inLanguage\":\"es\",\"@id\":\"https:\/\/luchonoticias.com\/editor\/huila-ratifica-busqueda-de-justicia-con-el-caso-de-el-quimbo\/#primaryimage\",\"url\":\"https:\/\/luchonoticias.com\/editor\/wp-content\/uploads\/2024\/04\/rodrigo-villalba.jpg\",\"contentUrl\":\"https:\/\/luchonoticias.com\/editor\/wp-content\/uploads\/2024\/04\/rodrigo-villalba.jpg\",\"width\":700,\"height\":400},{\"@type\":\"BreadcrumbList\",\"@id\":\"https:\/\/luchonoticias.com\/editor\/huila-ratifica-busqueda-de-justicia-con-el-caso-de-el-quimbo\/#breadcrumb\",\"itemListElement\":[{\"@type\":\"ListItem\",\"position\":1,\"name\":\"Portada\",\"item\":\"https:\/\/luchonoticias.com\/editor\/\"},{\"@type\":\"ListItem\",\"position\":2,\"name\":\"Huila ratifica b\u00fasqueda de justicia con el caso de El Quimbo\"}]},{\"@type\":\"WebSite\",\"@id\":\"https:\/\/luchonoticias.com\/editor\/#website\",\"url\":\"https:\/\/luchonoticias.com\/editor\/\",\"name\":\"\",\"description\":\"\",\"publisher\":{\"@id\":\"https:\/\/luchonoticias.com\/editor\/#\/schema\/person\/7a7fd911f58561fd056dbac7b55af9cd\"},\"potentialAction\":[{\"@type\":\"SearchAction\",\"target\":{\"@type\":\"EntryPoint\",\"urlTemplate\":\"https:\/\/luchonoticias.com\/editor\/?s={search_term_string}\"},\"query-input\":{\"@type\":\"PropertyValueSpecification\",\"valueRequired\":true,\"valueName\":\"search_term_string\"}}],\"inLanguage\":\"es\"},{\"@type\":[\"Person\",\"Organization\"],\"@id\":\"https:\/\/luchonoticias.com\/editor\/#\/schema\/person\/7a7fd911f58561fd056dbac7b55af9cd\",\"name\":\"admin\",\"image\":{\"@type\":\"ImageObject\",\"inLanguage\":\"es\",\"@id\":\"https:\/\/luchonoticias.com\/editor\/#\/schema\/person\/image\/\",\"url\":\"https:\/\/luchonoticias.com\/editor\/wp-content\/uploads\/2024\/02\/cropped-cropped-logolu.webp\",\"contentUrl\":\"https:\/\/luchonoticias.com\/editor\/wp-content\/uploads\/2024\/02\/cropped-cropped-logolu.webp\",\"width\":382,\"height\":170,\"caption\":\"admin\"},\"logo\":{\"@id\":\"https:\/\/luchonoticias.com\/editor\/#\/schema\/person\/image\/\"},\"sameAs\":[\"https:\/\/www.facebook.com\/luchonoticiasneiva\"]},{\"@type\":\"Person\",\"@id\":\"https:\/\/luchonoticias.com\/editor\/#\/schema\/person\/29217990ddf6f14e35912b2866d591fb\",\"name\":\"Editor General\",\"image\":{\"@type\":\"ImageObject\",\"inLanguage\":\"es\",\"@id\":\"https:\/\/luchonoticias.com\/editor\/#\/schema\/person\/image\/\",\"url\":\"https:\/\/luchonoticias.com\/editor\/wp-content\/uploads\/2024\/02\/cropped-cropped-logolu-150x150.webp\",\"contentUrl\":\"https:\/\/luchonoticias.com\/editor\/wp-content\/uploads\/2024\/02\/cropped-cropped-logolu-150x150.webp\",\"caption\":\"Editor General\"},\"sameAs\":[\"https:\/\/luchonoticias.com\/\"],\"url\":\"https:\/\/luchonoticias.com\/editor\/author\/editor-general\/\"}]}<\/script>\n<!-- \/ Yoast SEO plugin. -->","yoast_head_json":{"title":"Huila ratifica b\u00fasqueda de justicia con el caso de El Quimbo -","robots":{"index":"index","follow":"follow","max-snippet":"max-snippet:-1","max-image-preview":"max-image-preview:large","max-video-preview":"max-video-preview:-1"},"canonical":"https:\/\/luchonoticias.com\/editor\/huila-ratifica-busqueda-de-justicia-con-el-caso-de-el-quimbo\/","og_locale":"es_ES","og_type":"article","og_title":"Huila ratifica b\u00fasqueda de justicia con el caso de El Quimbo -","og_url":"https:\/\/luchonoticias.com\/editor\/huila-ratifica-busqueda-de-justicia-con-el-caso-de-el-quimbo\/","article_publisher":"https:\/\/www.facebook.com\/luchonoticiasneiva","article_published_time":"2024-04-19T19:01:20+00:00","og_image":[{"width":700,"height":400,"url":"https:\/\/luchonoticias.com\/editor\/wp-content\/uploads\/2024\/04\/rodrigo-villalba.jpg","type":"image\/jpeg"}],"author":"Editor General","twitter_card":"summary_large_image","twitter_misc":{"Escrito por":"Editor General","Tiempo de lectura":"3 minutos"},"schema":{"@context":"https:\/\/schema.org","@graph":[{"@type":"Article","@id":"https:\/\/luchonoticias.com\/editor\/huila-ratifica-busqueda-de-justicia-con-el-caso-de-el-quimbo\/#article","isPartOf":{"@id":"https:\/\/luchonoticias.com\/editor\/huila-ratifica-busqueda-de-justicia-con-el-caso-de-el-quimbo\/"},"author":{"name":"Editor General","@id":"https:\/\/luchonoticias.com\/editor\/#\/schema\/person\/29217990ddf6f14e35912b2866d591fb"},"headline":"Huila ratifica b\u00fasqueda de justicia con el caso de El Quimbo","datePublished":"2024-04-19T19:01:20+00:00","mainEntityOfPage":{"@id":"https:\/\/luchonoticias.com\/editor\/huila-ratifica-busqueda-de-justicia-con-el-caso-de-el-quimbo\/"},"wordCount":602,"publisher":{"@id":"https:\/\/luchonoticias.com\/editor\/#\/schema\/person\/7a7fd911f58561fd056dbac7b55af9cd"},"image":{"@id":"https:\/\/luchonoticias.com\/editor\/huila-ratifica-busqueda-de-justicia-con-el-caso-de-el-quimbo\/#primaryimage"},"thumbnailUrl":"https:\/\/luchonoticias.com\/editor\/wp-content\/uploads\/2024\/04\/rodrigo-villalba.jpg","articleSection":["Huila"],"inLanguage":"es"},{"@type":"WebPage","@id":"https:\/\/luchonoticias.com\/editor\/huila-ratifica-busqueda-de-justicia-con-el-caso-de-el-quimbo\/","url":"https:\/\/luchonoticias.com\/editor\/huila-ratifica-busqueda-de-justicia-con-el-caso-de-el-quimbo\/","name":"Huila ratifica b\u00fasqueda de justicia con el caso de El Quimbo -","isPartOf":{"@id":"https:\/\/luchonoticias.com\/editor\/#website"},"primaryImageOfPage":{"@id":"https:\/\/luchonoticias.com\/editor\/huila-ratifica-busqueda-de-justicia-con-el-caso-de-el-quimbo\/#primaryimage"},"image":{"@id":"https:\/\/luchonoticias.com\/editor\/huila-ratifica-busqueda-de-justicia-con-el-caso-de-el-quimbo\/#primaryimage"},"thumbnailUrl":"https:\/\/luchonoticias.com\/editor\/wp-content\/uploads\/2024\/04\/rodrigo-villalba.jpg","datePublished":"2024-04-19T19:01:20+00:00","breadcrumb":{"@id":"https:\/\/luchonoticias.com\/editor\/huila-ratifica-busqueda-de-justicia-con-el-caso-de-el-quimbo\/#breadcrumb"},"inLanguage":"es","potentialAction":[{"@type":"ReadAction","target":["https:\/\/luchonoticias.com\/editor\/huila-ratifica-busqueda-de-justicia-con-el-caso-de-el-quimbo\/"]}]},{"@type":"ImageObject","inLanguage":"es","@id":"https:\/\/luchonoticias.com\/editor\/huila-ratifica-busqueda-de-justicia-con-el-caso-de-el-quimbo\/#primaryimage","url":"https:\/\/luchonoticias.com\/editor\/wp-content\/uploads\/2024\/04\/rodrigo-villalba.jpg","contentUrl":"https:\/\/luchonoticias.com\/editor\/wp-content\/uploads\/2024\/04\/rodrigo-villalba.jpg","width":700,"height":400},{"@type":"BreadcrumbList","@id":"https:\/\/luchonoticias.com\/editor\/huila-ratifica-busqueda-de-justicia-con-el-caso-de-el-quimbo\/#breadcrumb","itemListElement":[{"@type":"ListItem","position":1,"name":"Portada","item":"https:\/\/luchonoticias.com\/editor\/"},{"@type":"ListItem","position":2,"name":"Huila ratifica b\u00fasqueda de justicia con el caso de El Quimbo"}]},{"@type":"WebSite","@id":"https:\/\/luchonoticias.com\/editor\/#website","url":"https:\/\/luchonoticias.com\/editor\/","name":"","description":"","publisher":{"@id":"https:\/\/luchonoticias.com\/editor\/#\/schema\/person\/7a7fd911f58561fd056dbac7b55af9cd"},"potentialAction":[{"@type":"SearchAction","target":{"@type":"EntryPoint","urlTemplate":"https:\/\/luchonoticias.com\/editor\/?s={search_term_string}"},"query-input":{"@type":"PropertyValueSpecification","valueRequired":true,"valueName":"search_term_string"}}],"inLanguage":"es"},{"@type":["Person","Organization"],"@id":"https:\/\/luchonoticias.com\/editor\/#\/schema\/person\/7a7fd911f58561fd056dbac7b55af9cd","name":"admin","image":{"@type":"ImageObject","inLanguage":"es","@id":"https:\/\/luchonoticias.com\/editor\/#\/schema\/person\/image\/","url":"https:\/\/luchonoticias.com\/editor\/wp-content\/uploads\/2024\/02\/cropped-cropped-logolu.webp","contentUrl":"https:\/\/luchonoticias.com\/editor\/wp-content\/uploads\/2024\/02\/cropped-cropped-logolu.webp","width":382,"height":170,"caption":"admin"},"logo":{"@id":"https:\/\/luchonoticias.com\/editor\/#\/schema\/person\/image\/"},"sameAs":["https:\/\/www.facebook.com\/luchonoticiasneiva"]},{"@type":"Person","@id":"https:\/\/luchonoticias.com\/editor\/#\/schema\/person\/29217990ddf6f14e35912b2866d591fb","name":"Editor General","image":{"@type":"ImageObject","inLanguage":"es","@id":"https:\/\/luchonoticias.com\/editor\/#\/schema\/person\/image\/","url":"https:\/\/luchonoticias.com\/editor\/wp-content\/uploads\/2024\/02\/cropped-cropped-logolu-150x150.webp","contentUrl":"https:\/\/luchonoticias.com\/editor\/wp-content\/uploads\/2024\/02\/cropped-cropped-logolu-150x150.webp","caption":"Editor General"},"sameAs":["https:\/\/luchonoticias.com\/"],"url":"https:\/\/luchonoticias.com\/editor\/author\/editor-general\/"}]}},"_links":{"self":[{"href":"https:\/\/luchonoticias.com\/editor\/wp-json\/wp\/v2\/posts\/72263","targetHints":{"allow":["GET"]}}],"collection":[{"href":"https:\/\/luchonoticias.com\/editor\/wp-json\/wp\/v2\/posts"}],"about":[{"href":"https:\/\/luchonoticias.com\/editor\/wp-json\/wp\/v2\/types\/post"}],"author":[{"embeddable":true,"href":"https:\/\/luchonoticias.com\/editor\/wp-json\/wp\/v2\/users\/2"}],"replies":[{"embeddable":true,"href":"https:\/\/luchonoticias.com\/editor\/wp-json\/wp\/v2\/comments?post=72263"}],"version-history":[{"count":0,"href":"https:\/\/luchonoticias.com\/editor\/wp-json\/wp\/v2\/posts\/72263\/revisions"}],"wp:featuredmedia":[{"embeddable":true,"href":"https:\/\/luchonoticias.com\/editor\/wp-json\/wp\/v2\/media\/72264"}],"wp:attachment":[{"href":"https:\/\/luchonoticias.com\/editor\/wp-json\/wp\/v2\/media?parent=72263"}],"wp:term":[{"taxonomy":"category","embeddable":true,"href":"https:\/\/luchonoticias.com\/editor\/wp-json\/wp\/v2\/categories?post=72263"},{"taxonomy":"post_tag","embeddable":true,"href":"https:\/\/luchonoticias.com\/editor\/wp-json\/wp\/v2\/tags?post=72263"}],"curies":[{"name":"wp","href":"https:\/\/api.w.org\/{rel}","templated":true}]}}