{"id":72272,"date":"2024-04-20T05:25:44","date_gmt":"2024-04-20T10:25:44","guid":{"rendered":"https:\/\/luchonoticias.com\/?p=72272"},"modified":"2024-04-20T05:25:44","modified_gmt":"2024-04-20T10:25:44","slug":"asi-fue-la-ronda-sampedrina-en-el-corregimiento-de-el-caguan","status":"publish","type":"post","link":"https:\/\/luchonoticias.com\/editor\/asi-fue-la-ronda-sampedrina-en-el-corregimiento-de-el-caguan\/","title":{"rendered":"As\u00ed fue la ronda sampedrina en el corregimiento de El Cagu\u00e1n"},"content":{"rendered":"<p>Este a\u00f1o el corregimiento El Cagu\u00e1n decidi\u00f3 apostarle a una sola candidata para el Reinado Popular del Bambuco y una sola ni\u00f1a para Herederos de la Tradici\u00f3n, quienes demostraron todo su potencial cultural a trav\u00e9s del majestuoso Sanjuanero Huilense.<\/p>\n<p>\u201cLa Secretar\u00eda de Cultura municipal ha desarrollado la tercera de 10 rondas, que se encargan de abrir el escenario del Festival No. 63 de San Juan y San Pedro en nuestra ciudad. Afortunadamente celebramos el excelente comportamiento de cada una de las comunidades con quienes hemos compartido, la participaci\u00f3n de los ediles, juntas de acci\u00f3n comunal, los corregidores, y por supuesto, nuestras candidatas que se encargan de engalanar y embellecer nuestras festividades\u201d, expres\u00f3 Tania Beatriz Pe\u00f1afiel Espa\u00f1a, Secretaria de Cultura.<\/p>\n<p>El polideportivo techado central, fue el escenario que acogi\u00f3 a los neivanos y dem\u00e1s asistentes, para que fueran testigos de la cultura y el folclor que engalanaron a esta tercera ronda sampedrina.<\/p>\n<p>Sobre las 4:00 de la tarde se dio apertura al pre\u00e1mbulo de la ronda sampedrina con la \u2018Vitrina Microempresarial en San Juan y San Pedro\u2019, donde los emprendedores dieron a conocer sus productos gastron\u00f3micos y artesanales.<\/p>\n<p>All\u00ed la comunidad particip\u00f3 de manera masiva, apoyando esta iniciativa innovadora que lidera la Administraci\u00f3n Municipal a trav\u00e9s de la Secretaria de Cultura de Neiva.<\/p>\n<p>Candidatas<\/p>\n<p>Nataly Clarena T\u00e9llez, fue la seleccionada para llevar la banda del corregimiento El Cagu\u00e1n en el Reinado Popular del Bambuco.<\/p>\n<p>Mientras que la ni\u00f1a Maidy Liceth Bejarano, quien represent\u00f3 al barrio Las Margaritas del corregimiento El Cagu\u00e1n, obtuvo el t\u00edtulo para participar en Herederos de la Tradici\u00f3n.<\/p>\n<p>Al finalizar el evento, el corregimiento de El Cagu\u00e1n se deleit\u00f3 con la presentaci\u00f3n de la orquesta Oro Likido, que puso a bailar a los asistentes a ritmo de tecno-rumba sampedrina.<\/p>\n<p>Las rondas sampedrinas que se viven en la capital del Huila engalanan las tradiciones y permiten que propios y turistas puedan disfrutar desde ya lo que se avecina para la versi\u00f3n n\u00famero 63 del Festival del Bambuco en San Juan y en San Pedro.<\/p>\n","protected":false},"excerpt":{"rendered":"<p>Este a\u00f1o el corregimiento El Cagu\u00e1n decidi\u00f3 apostarle a una sola candidata para el Reinado Popular del Bambuco y una sola ni\u00f1a para Herederos de la Tradici\u00f3n, quienes demostraron todo su potencial cultural a trav\u00e9s del majestuoso Sanjuanero Huilense. \u201cLa Secretar\u00eda de Cultura municipal ha desarrollado la tercera de 10 rondas, que se encargan de [&hellip;]<\/p>\n","protected":false},"author":2,"featured_media":72273,"comment_status":"closed","ping_status":"open","sticky":false,"template":"","format":"standard","meta":{"footnotes":""},"categories":[31],"tags":[],"class_list":["post-72272","post","type-post","status-publish","format-standard","has-post-thumbnail","hentry","category-local"],"yoast_head":"<!-- This site is optimized with the Yoast SEO plugin v26.6 - https:\/\/yoast.com\/wordpress\/plugins\/seo\/ -->\n<title>As\u00ed fue la ronda sampedrina en el corregimiento de El Cagu\u00e1n -<\/title>\n<meta name=\"robots\" content=\"index, follow, max-snippet:-1, max-image-preview:large, max-video-preview:-1\" \/>\n<link rel=\"canonical\" href=\"https:\/\/luchonoticias.com\/editor\/asi-fue-la-ronda-sampedrina-en-el-corregimiento-de-el-caguan\/\" \/>\n<meta property=\"og:locale\" content=\"es_ES\" \/>\n<meta property=\"og:type\" content=\"article\" \/>\n<meta property=\"og:title\" content=\"As\u00ed fue la ronda sampedrina en el corregimiento de El Cagu\u00e1n -\" \/>\n<meta property=\"og:url\" content=\"https:\/\/luchonoticias.com\/editor\/asi-fue-la-ronda-sampedrina-en-el-corregimiento-de-el-caguan\/\" \/>\n<meta property=\"article:publisher\" content=\"https:\/\/www.facebook.com\/luchonoticiasneiva\" \/>\n<meta property=\"article:published_time\" content=\"2024-04-20T10:25:44+00:00\" \/>\n<meta property=\"og:image\" content=\"https:\/\/luchonoticias.com\/editor\/wp-content\/uploads\/2024\/04\/ronda-sampedrina-1.jpg\" \/>\n\t<meta property=\"og:image:width\" content=\"700\" \/>\n\t<meta property=\"og:image:height\" content=\"400\" \/>\n\t<meta property=\"og:image:type\" content=\"image\/jpeg\" \/>\n<meta name=\"author\" content=\"Editor General\" \/>\n<meta name=\"twitter:card\" content=\"summary_large_image\" \/>\n<meta name=\"twitter:label1\" content=\"Escrito por\" \/>\n\t<meta name=\"twitter:data1\" content=\"Editor General\" \/>\n\t<meta name=\"twitter:label2\" content=\"Tiempo de lectura\" \/>\n\t<meta name=\"twitter:data2\" content=\"2 minutos\" \/>\n<script type=\"application\/ld+json\" class=\"yoast-schema-graph\">{\"@context\":\"https:\/\/schema.org\",\"@graph\":[{\"@type\":\"Article\",\"@id\":\"https:\/\/luchonoticias.com\/editor\/asi-fue-la-ronda-sampedrina-en-el-corregimiento-de-el-caguan\/#article\",\"isPartOf\":{\"@id\":\"https:\/\/luchonoticias.com\/editor\/asi-fue-la-ronda-sampedrina-en-el-corregimiento-de-el-caguan\/\"},\"author\":{\"name\":\"Editor General\",\"@id\":\"https:\/\/luchonoticias.com\/editor\/#\/schema\/person\/29217990ddf6f14e35912b2866d591fb\"},\"headline\":\"As\u00ed fue la ronda sampedrina en el corregimiento de El Cagu\u00e1n\",\"datePublished\":\"2024-04-20T10:25:44+00:00\",\"mainEntityOfPage\":{\"@id\":\"https:\/\/luchonoticias.com\/editor\/asi-fue-la-ronda-sampedrina-en-el-corregimiento-de-el-caguan\/\"},\"wordCount\":368,\"publisher\":{\"@id\":\"https:\/\/luchonoticias.com\/editor\/#\/schema\/person\/7a7fd911f58561fd056dbac7b55af9cd\"},\"image\":{\"@id\":\"https:\/\/luchonoticias.com\/editor\/asi-fue-la-ronda-sampedrina-en-el-corregimiento-de-el-caguan\/#primaryimage\"},\"thumbnailUrl\":\"https:\/\/luchonoticias.com\/editor\/wp-content\/uploads\/2024\/04\/ronda-sampedrina-1.jpg\",\"articleSection\":[\"Local\"],\"inLanguage\":\"es\"},{\"@type\":\"WebPage\",\"@id\":\"https:\/\/luchonoticias.com\/editor\/asi-fue-la-ronda-sampedrina-en-el-corregimiento-de-el-caguan\/\",\"url\":\"https:\/\/luchonoticias.com\/editor\/asi-fue-la-ronda-sampedrina-en-el-corregimiento-de-el-caguan\/\",\"name\":\"As\u00ed fue la ronda sampedrina en el corregimiento de El Cagu\u00e1n -\",\"isPartOf\":{\"@id\":\"https:\/\/luchonoticias.com\/editor\/#website\"},\"primaryImageOfPage\":{\"@id\":\"https:\/\/luchonoticias.com\/editor\/asi-fue-la-ronda-sampedrina-en-el-corregimiento-de-el-caguan\/#primaryimage\"},\"image\":{\"@id\":\"https:\/\/luchonoticias.com\/editor\/asi-fue-la-ronda-sampedrina-en-el-corregimiento-de-el-caguan\/#primaryimage\"},\"thumbnailUrl\":\"https:\/\/luchonoticias.com\/editor\/wp-content\/uploads\/2024\/04\/ronda-sampedrina-1.jpg\",\"datePublished\":\"2024-04-20T10:25:44+00:00\",\"breadcrumb\":{\"@id\":\"https:\/\/luchonoticias.com\/editor\/asi-fue-la-ronda-sampedrina-en-el-corregimiento-de-el-caguan\/#breadcrumb\"},\"inLanguage\":\"es\",\"potentialAction\":[{\"@type\":\"ReadAction\",\"target\":[\"https:\/\/luchonoticias.com\/editor\/asi-fue-la-ronda-sampedrina-en-el-corregimiento-de-el-caguan\/\"]}]},{\"@type\":\"ImageObject\",\"inLanguage\":\"es\",\"@id\":\"https:\/\/luchonoticias.com\/editor\/asi-fue-la-ronda-sampedrina-en-el-corregimiento-de-el-caguan\/#primaryimage\",\"url\":\"https:\/\/luchonoticias.com\/editor\/wp-content\/uploads\/2024\/04\/ronda-sampedrina-1.jpg\",\"contentUrl\":\"https:\/\/luchonoticias.com\/editor\/wp-content\/uploads\/2024\/04\/ronda-sampedrina-1.jpg\",\"width\":700,\"height\":400},{\"@type\":\"BreadcrumbList\",\"@id\":\"https:\/\/luchonoticias.com\/editor\/asi-fue-la-ronda-sampedrina-en-el-corregimiento-de-el-caguan\/#breadcrumb\",\"itemListElement\":[{\"@type\":\"ListItem\",\"position\":1,\"name\":\"Portada\",\"item\":\"https:\/\/luchonoticias.com\/editor\/\"},{\"@type\":\"ListItem\",\"position\":2,\"name\":\"As\u00ed fue la ronda sampedrina en el corregimiento de El Cagu\u00e1n\"}]},{\"@type\":\"WebSite\",\"@id\":\"https:\/\/luchonoticias.com\/editor\/#website\",\"url\":\"https:\/\/luchonoticias.com\/editor\/\",\"name\":\"\",\"description\":\"\",\"publisher\":{\"@id\":\"https:\/\/luchonoticias.com\/editor\/#\/schema\/person\/7a7fd911f58561fd056dbac7b55af9cd\"},\"potentialAction\":[{\"@type\":\"SearchAction\",\"target\":{\"@type\":\"EntryPoint\",\"urlTemplate\":\"https:\/\/luchonoticias.com\/editor\/?s={search_term_string}\"},\"query-input\":{\"@type\":\"PropertyValueSpecification\",\"valueRequired\":true,\"valueName\":\"search_term_string\"}}],\"inLanguage\":\"es\"},{\"@type\":[\"Person\",\"Organization\"],\"@id\":\"https:\/\/luchonoticias.com\/editor\/#\/schema\/person\/7a7fd911f58561fd056dbac7b55af9cd\",\"name\":\"admin\",\"image\":{\"@type\":\"ImageObject\",\"inLanguage\":\"es\",\"@id\":\"https:\/\/luchonoticias.com\/editor\/#\/schema\/person\/image\/\",\"url\":\"https:\/\/luchonoticias.com\/editor\/wp-content\/uploads\/2024\/02\/cropped-cropped-logolu.webp\",\"contentUrl\":\"https:\/\/luchonoticias.com\/editor\/wp-content\/uploads\/2024\/02\/cropped-cropped-logolu.webp\",\"width\":382,\"height\":170,\"caption\":\"admin\"},\"logo\":{\"@id\":\"https:\/\/luchonoticias.com\/editor\/#\/schema\/person\/image\/\"},\"sameAs\":[\"https:\/\/www.facebook.com\/luchonoticiasneiva\"]},{\"@type\":\"Person\",\"@id\":\"https:\/\/luchonoticias.com\/editor\/#\/schema\/person\/29217990ddf6f14e35912b2866d591fb\",\"name\":\"Editor General\",\"image\":{\"@type\":\"ImageObject\",\"inLanguage\":\"es\",\"@id\":\"https:\/\/luchonoticias.com\/editor\/#\/schema\/person\/image\/\",\"url\":\"https:\/\/luchonoticias.com\/editor\/wp-content\/uploads\/2024\/02\/cropped-cropped-logolu-150x150.webp\",\"contentUrl\":\"https:\/\/luchonoticias.com\/editor\/wp-content\/uploads\/2024\/02\/cropped-cropped-logolu-150x150.webp\",\"caption\":\"Editor General\"},\"sameAs\":[\"https:\/\/luchonoticias.com\/\"],\"url\":\"https:\/\/luchonoticias.com\/editor\/author\/editor-general\/\"}]}<\/script>\n<!-- \/ Yoast SEO plugin. -->","yoast_head_json":{"title":"As\u00ed fue la ronda sampedrina en el corregimiento de El Cagu\u00e1n -","robots":{"index":"index","follow":"follow","max-snippet":"max-snippet:-1","max-image-preview":"max-image-preview:large","max-video-preview":"max-video-preview:-1"},"canonical":"https:\/\/luchonoticias.com\/editor\/asi-fue-la-ronda-sampedrina-en-el-corregimiento-de-el-caguan\/","og_locale":"es_ES","og_type":"article","og_title":"As\u00ed fue la ronda sampedrina en el corregimiento de El Cagu\u00e1n -","og_url":"https:\/\/luchonoticias.com\/editor\/asi-fue-la-ronda-sampedrina-en-el-corregimiento-de-el-caguan\/","article_publisher":"https:\/\/www.facebook.com\/luchonoticiasneiva","article_published_time":"2024-04-20T10:25:44+00:00","og_image":[{"width":700,"height":400,"url":"https:\/\/luchonoticias.com\/editor\/wp-content\/uploads\/2024\/04\/ronda-sampedrina-1.jpg","type":"image\/jpeg"}],"author":"Editor General","twitter_card":"summary_large_image","twitter_misc":{"Escrito por":"Editor General","Tiempo de lectura":"2 minutos"},"schema":{"@context":"https:\/\/schema.org","@graph":[{"@type":"Article","@id":"https:\/\/luchonoticias.com\/editor\/asi-fue-la-ronda-sampedrina-en-el-corregimiento-de-el-caguan\/#article","isPartOf":{"@id":"https:\/\/luchonoticias.com\/editor\/asi-fue-la-ronda-sampedrina-en-el-corregimiento-de-el-caguan\/"},"author":{"name":"Editor General","@id":"https:\/\/luchonoticias.com\/editor\/#\/schema\/person\/29217990ddf6f14e35912b2866d591fb"},"headline":"As\u00ed fue la ronda sampedrina en el corregimiento de El Cagu\u00e1n","datePublished":"2024-04-20T10:25:44+00:00","mainEntityOfPage":{"@id":"https:\/\/luchonoticias.com\/editor\/asi-fue-la-ronda-sampedrina-en-el-corregimiento-de-el-caguan\/"},"wordCount":368,"publisher":{"@id":"https:\/\/luchonoticias.com\/editor\/#\/schema\/person\/7a7fd911f58561fd056dbac7b55af9cd"},"image":{"@id":"https:\/\/luchonoticias.com\/editor\/asi-fue-la-ronda-sampedrina-en-el-corregimiento-de-el-caguan\/#primaryimage"},"thumbnailUrl":"https:\/\/luchonoticias.com\/editor\/wp-content\/uploads\/2024\/04\/ronda-sampedrina-1.jpg","articleSection":["Local"],"inLanguage":"es"},{"@type":"WebPage","@id":"https:\/\/luchonoticias.com\/editor\/asi-fue-la-ronda-sampedrina-en-el-corregimiento-de-el-caguan\/","url":"https:\/\/luchonoticias.com\/editor\/asi-fue-la-ronda-sampedrina-en-el-corregimiento-de-el-caguan\/","name":"As\u00ed fue la ronda sampedrina en el corregimiento de El Cagu\u00e1n -","isPartOf":{"@id":"https:\/\/luchonoticias.com\/editor\/#website"},"primaryImageOfPage":{"@id":"https:\/\/luchonoticias.com\/editor\/asi-fue-la-ronda-sampedrina-en-el-corregimiento-de-el-caguan\/#primaryimage"},"image":{"@id":"https:\/\/luchonoticias.com\/editor\/asi-fue-la-ronda-sampedrina-en-el-corregimiento-de-el-caguan\/#primaryimage"},"thumbnailUrl":"https:\/\/luchonoticias.com\/editor\/wp-content\/uploads\/2024\/04\/ronda-sampedrina-1.jpg","datePublished":"2024-04-20T10:25:44+00:00","breadcrumb":{"@id":"https:\/\/luchonoticias.com\/editor\/asi-fue-la-ronda-sampedrina-en-el-corregimiento-de-el-caguan\/#breadcrumb"},"inLanguage":"es","potentialAction":[{"@type":"ReadAction","target":["https:\/\/luchonoticias.com\/editor\/asi-fue-la-ronda-sampedrina-en-el-corregimiento-de-el-caguan\/"]}]},{"@type":"ImageObject","inLanguage":"es","@id":"https:\/\/luchonoticias.com\/editor\/asi-fue-la-ronda-sampedrina-en-el-corregimiento-de-el-caguan\/#primaryimage","url":"https:\/\/luchonoticias.com\/editor\/wp-content\/uploads\/2024\/04\/ronda-sampedrina-1.jpg","contentUrl":"https:\/\/luchonoticias.com\/editor\/wp-content\/uploads\/2024\/04\/ronda-sampedrina-1.jpg","width":700,"height":400},{"@type":"BreadcrumbList","@id":"https:\/\/luchonoticias.com\/editor\/asi-fue-la-ronda-sampedrina-en-el-corregimiento-de-el-caguan\/#breadcrumb","itemListElement":[{"@type":"ListItem","position":1,"name":"Portada","item":"https:\/\/luchonoticias.com\/editor\/"},{"@type":"ListItem","position":2,"name":"As\u00ed fue la ronda sampedrina en el corregimiento de El Cagu\u00e1n"}]},{"@type":"WebSite","@id":"https:\/\/luchonoticias.com\/editor\/#website","url":"https:\/\/luchonoticias.com\/editor\/","name":"","description":"","publisher":{"@id":"https:\/\/luchonoticias.com\/editor\/#\/schema\/person\/7a7fd911f58561fd056dbac7b55af9cd"},"potentialAction":[{"@type":"SearchAction","target":{"@type":"EntryPoint","urlTemplate":"https:\/\/luchonoticias.com\/editor\/?s={search_term_string}"},"query-input":{"@type":"PropertyValueSpecification","valueRequired":true,"valueName":"search_term_string"}}],"inLanguage":"es"},{"@type":["Person","Organization"],"@id":"https:\/\/luchonoticias.com\/editor\/#\/schema\/person\/7a7fd911f58561fd056dbac7b55af9cd","name":"admin","image":{"@type":"ImageObject","inLanguage":"es","@id":"https:\/\/luchonoticias.com\/editor\/#\/schema\/person\/image\/","url":"https:\/\/luchonoticias.com\/editor\/wp-content\/uploads\/2024\/02\/cropped-cropped-logolu.webp","contentUrl":"https:\/\/luchonoticias.com\/editor\/wp-content\/uploads\/2024\/02\/cropped-cropped-logolu.webp","width":382,"height":170,"caption":"admin"},"logo":{"@id":"https:\/\/luchonoticias.com\/editor\/#\/schema\/person\/image\/"},"sameAs":["https:\/\/www.facebook.com\/luchonoticiasneiva"]},{"@type":"Person","@id":"https:\/\/luchonoticias.com\/editor\/#\/schema\/person\/29217990ddf6f14e35912b2866d591fb","name":"Editor General","image":{"@type":"ImageObject","inLanguage":"es","@id":"https:\/\/luchonoticias.com\/editor\/#\/schema\/person\/image\/","url":"https:\/\/luchonoticias.com\/editor\/wp-content\/uploads\/2024\/02\/cropped-cropped-logolu-150x150.webp","contentUrl":"https:\/\/luchonoticias.com\/editor\/wp-content\/uploads\/2024\/02\/cropped-cropped-logolu-150x150.webp","caption":"Editor General"},"sameAs":["https:\/\/luchonoticias.com\/"],"url":"https:\/\/luchonoticias.com\/editor\/author\/editor-general\/"}]}},"_links":{"self":[{"href":"https:\/\/luchonoticias.com\/editor\/wp-json\/wp\/v2\/posts\/72272","targetHints":{"allow":["GET"]}}],"collection":[{"href":"https:\/\/luchonoticias.com\/editor\/wp-json\/wp\/v2\/posts"}],"about":[{"href":"https:\/\/luchonoticias.com\/editor\/wp-json\/wp\/v2\/types\/post"}],"author":[{"embeddable":true,"href":"https:\/\/luchonoticias.com\/editor\/wp-json\/wp\/v2\/users\/2"}],"replies":[{"embeddable":true,"href":"https:\/\/luchonoticias.com\/editor\/wp-json\/wp\/v2\/comments?post=72272"}],"version-history":[{"count":0,"href":"https:\/\/luchonoticias.com\/editor\/wp-json\/wp\/v2\/posts\/72272\/revisions"}],"wp:featuredmedia":[{"embeddable":true,"href":"https:\/\/luchonoticias.com\/editor\/wp-json\/wp\/v2\/media\/72273"}],"wp:attachment":[{"href":"https:\/\/luchonoticias.com\/editor\/wp-json\/wp\/v2\/media?parent=72272"}],"wp:term":[{"taxonomy":"category","embeddable":true,"href":"https:\/\/luchonoticias.com\/editor\/wp-json\/wp\/v2\/categories?post=72272"},{"taxonomy":"post_tag","embeddable":true,"href":"https:\/\/luchonoticias.com\/editor\/wp-json\/wp\/v2\/tags?post=72272"}],"curies":[{"name":"wp","href":"https:\/\/api.w.org\/{rel}","templated":true}]}}