{"id":72300,"date":"2024-04-21T05:25:48","date_gmt":"2024-04-21T10:25:48","guid":{"rendered":"https:\/\/luchonoticias.com\/?p=72300"},"modified":"2024-04-21T05:31:42","modified_gmt":"2024-04-21T10:31:42","slug":"comunas-seis-y-ocho-con-sus-rondas-sampedrinas","status":"publish","type":"post","link":"https:\/\/luchonoticias.com\/editor\/comunas-seis-y-ocho-con-sus-rondas-sampedrinas\/","title":{"rendered":"Comunas Seis y Ocho con sus rondas sampedrinas"},"content":{"rendered":"<p>Las comunas Seis y Ocho de la capital opita, vivieron una noche llena de cultura, danza y folclor, donde cada una de las candidatas demostr\u00f3 su potencial al momento de interpretar el Sanjuanero Huilense.<\/p>\n<p>En la ronda sampedrina desarrollada en el parque Mirador del Sur, se cont\u00f3 con la participaci\u00f3n de la \u2018Vitrina Microempresarial en San Juan y San Pedro\u2019, un espacio en el que los diferentes emprendedores de estas dos comunas tuvieron la oportunidad de dar a conocer sus productos, aportando as\u00ed a la reactivaci\u00f3n econ\u00f3mica de este sector de la ciudad.<\/p>\n<p>\u201cTerminamos la ronda n\u00famero cuatro donde reunimos a las comunas Seis y Ocho, tengo que manifestar que continuamos con alegr\u00eda y con folclor, agradeci\u00e9ndole a todas las comunidades el excelente comportamiento, vibramos con el folclor y con la alegr\u00eda de nuestras reinas con la presencia de los grupos art\u00edsticos y folcl\u00f3ricos, con la m\u00fasica estamos prestos para continuar este proceso\u201d, puntualiz\u00f3 Tania Beatriz Pe\u00f1afiel Espa\u00f1a, Secretaria de Cultura.<\/p>\n<p>Un total de tres candidatas de la comuna Seis participaron en esta cuarta ronda, mientras que la comuna Ocho tuvo dos candidatas.<\/p>\n<p>Candidatas al Reinado Popular comuna Seis<\/p>\n<p>Laura Sof\u00eda Forero &#8211; barrio Jos\u00e9 Antonio Gal\u00e1n.<\/p>\n<p>Laura Katalina Monroy Mari\u00f1o &#8211; Barrio Manzanares.<\/p>\n<p>Paula Andrea Oliveros G\u00f3mez &#8211; barrio Pozo Azul.<\/p>\n<p>Candidatas al Reinado Popular comuna Ocho<\/p>\n<p>Julieth Fabiana Perdomo Diaz &#8211; barrio Alfonso L\u00f3pez.<\/p>\n<p>Yandry Liseth Arias Min\u00fa &#8211; barrio Las Am\u00e9ricas.<\/p>\n<p>Para Herederos de la Tradici\u00f3n participaron dos ni\u00f1as por la comuna Seis, y una ni\u00f1a para la comuna Ocho.<\/p>\n<p>Candidatas a Herederos de la Tradici\u00f3n comuna Seis<\/p>\n<p>Emily Vanessa Valenzuela &#8211; barrio Canaima.<\/p>\n<p>Jenedin Sof\u00eda Mayorga Quimbaya &#8211; barrio Manzanares.<\/p>\n<p>Candidata a Herederos de la Tradici\u00f3n comuna Ocho<\/p>\n<p>Helen Sof\u00eda Cardozo Trujillo &#8211; barrio Las Am\u00e9ricas.<\/p>\n","protected":false},"excerpt":{"rendered":"<p>Las comunas Seis y Ocho de la capital opita, vivieron una noche llena de cultura, danza y folclor, donde cada una de las candidatas demostr\u00f3 su potencial al momento de interpretar el Sanjuanero Huilense. En la ronda sampedrina desarrollada en el parque Mirador del Sur, se cont\u00f3 con la participaci\u00f3n de la \u2018Vitrina Microempresarial en [&hellip;]<\/p>\n","protected":false},"author":2,"featured_media":72301,"comment_status":"closed","ping_status":"open","sticky":false,"template":"","format":"standard","meta":{"footnotes":""},"categories":[31],"tags":[],"class_list":["post-72300","post","type-post","status-publish","format-standard","has-post-thumbnail","hentry","category-local"],"yoast_head":"<!-- This site is optimized with the Yoast SEO plugin v26.6 - https:\/\/yoast.com\/wordpress\/plugins\/seo\/ -->\n<title>Comunas Seis y Ocho con sus rondas sampedrinas -<\/title>\n<meta name=\"robots\" content=\"index, follow, max-snippet:-1, max-image-preview:large, max-video-preview:-1\" \/>\n<link rel=\"canonical\" href=\"https:\/\/luchonoticias.com\/editor\/comunas-seis-y-ocho-con-sus-rondas-sampedrinas\/\" \/>\n<meta property=\"og:locale\" content=\"es_ES\" \/>\n<meta property=\"og:type\" content=\"article\" \/>\n<meta property=\"og:title\" content=\"Comunas Seis y Ocho con sus rondas sampedrinas -\" \/>\n<meta property=\"og:url\" content=\"https:\/\/luchonoticias.com\/editor\/comunas-seis-y-ocho-con-sus-rondas-sampedrinas\/\" \/>\n<meta property=\"article:publisher\" content=\"https:\/\/www.facebook.com\/luchonoticiasneiva\" \/>\n<meta property=\"article:published_time\" content=\"2024-04-21T10:25:48+00:00\" \/>\n<meta property=\"article:modified_time\" content=\"2024-04-21T10:31:42+00:00\" \/>\n<meta property=\"og:image\" content=\"https:\/\/luchonoticias.com\/editor\/wp-content\/uploads\/2024\/04\/ronda-sampedrina-2.jpg\" \/>\n\t<meta property=\"og:image:width\" content=\"700\" \/>\n\t<meta property=\"og:image:height\" content=\"400\" \/>\n\t<meta property=\"og:image:type\" content=\"image\/jpeg\" \/>\n<meta name=\"author\" content=\"Editor General\" \/>\n<meta name=\"twitter:card\" content=\"summary_large_image\" \/>\n<meta name=\"twitter:label1\" content=\"Escrito por\" \/>\n\t<meta name=\"twitter:data1\" content=\"Editor General\" \/>\n\t<meta name=\"twitter:label2\" content=\"Tiempo de lectura\" \/>\n\t<meta name=\"twitter:data2\" content=\"2 minutos\" \/>\n<script type=\"application\/ld+json\" class=\"yoast-schema-graph\">{\"@context\":\"https:\/\/schema.org\",\"@graph\":[{\"@type\":\"Article\",\"@id\":\"https:\/\/luchonoticias.com\/editor\/comunas-seis-y-ocho-con-sus-rondas-sampedrinas\/#article\",\"isPartOf\":{\"@id\":\"https:\/\/luchonoticias.com\/editor\/comunas-seis-y-ocho-con-sus-rondas-sampedrinas\/\"},\"author\":{\"name\":\"Editor General\",\"@id\":\"https:\/\/luchonoticias.com\/editor\/#\/schema\/person\/29217990ddf6f14e35912b2866d591fb\"},\"headline\":\"Comunas Seis y Ocho con sus rondas sampedrinas\",\"datePublished\":\"2024-04-21T10:25:48+00:00\",\"dateModified\":\"2024-04-21T10:31:42+00:00\",\"mainEntityOfPage\":{\"@id\":\"https:\/\/luchonoticias.com\/editor\/comunas-seis-y-ocho-con-sus-rondas-sampedrinas\/\"},\"wordCount\":324,\"publisher\":{\"@id\":\"https:\/\/luchonoticias.com\/editor\/#\/schema\/person\/7a7fd911f58561fd056dbac7b55af9cd\"},\"image\":{\"@id\":\"https:\/\/luchonoticias.com\/editor\/comunas-seis-y-ocho-con-sus-rondas-sampedrinas\/#primaryimage\"},\"thumbnailUrl\":\"https:\/\/luchonoticias.com\/editor\/wp-content\/uploads\/2024\/04\/ronda-sampedrina-2.jpg\",\"articleSection\":[\"Local\"],\"inLanguage\":\"es\"},{\"@type\":\"WebPage\",\"@id\":\"https:\/\/luchonoticias.com\/editor\/comunas-seis-y-ocho-con-sus-rondas-sampedrinas\/\",\"url\":\"https:\/\/luchonoticias.com\/editor\/comunas-seis-y-ocho-con-sus-rondas-sampedrinas\/\",\"name\":\"Comunas Seis y Ocho con sus rondas sampedrinas -\",\"isPartOf\":{\"@id\":\"https:\/\/luchonoticias.com\/editor\/#website\"},\"primaryImageOfPage\":{\"@id\":\"https:\/\/luchonoticias.com\/editor\/comunas-seis-y-ocho-con-sus-rondas-sampedrinas\/#primaryimage\"},\"image\":{\"@id\":\"https:\/\/luchonoticias.com\/editor\/comunas-seis-y-ocho-con-sus-rondas-sampedrinas\/#primaryimage\"},\"thumbnailUrl\":\"https:\/\/luchonoticias.com\/editor\/wp-content\/uploads\/2024\/04\/ronda-sampedrina-2.jpg\",\"datePublished\":\"2024-04-21T10:25:48+00:00\",\"dateModified\":\"2024-04-21T10:31:42+00:00\",\"breadcrumb\":{\"@id\":\"https:\/\/luchonoticias.com\/editor\/comunas-seis-y-ocho-con-sus-rondas-sampedrinas\/#breadcrumb\"},\"inLanguage\":\"es\",\"potentialAction\":[{\"@type\":\"ReadAction\",\"target\":[\"https:\/\/luchonoticias.com\/editor\/comunas-seis-y-ocho-con-sus-rondas-sampedrinas\/\"]}]},{\"@type\":\"ImageObject\",\"inLanguage\":\"es\",\"@id\":\"https:\/\/luchonoticias.com\/editor\/comunas-seis-y-ocho-con-sus-rondas-sampedrinas\/#primaryimage\",\"url\":\"https:\/\/luchonoticias.com\/editor\/wp-content\/uploads\/2024\/04\/ronda-sampedrina-2.jpg\",\"contentUrl\":\"https:\/\/luchonoticias.com\/editor\/wp-content\/uploads\/2024\/04\/ronda-sampedrina-2.jpg\",\"width\":700,\"height\":400},{\"@type\":\"BreadcrumbList\",\"@id\":\"https:\/\/luchonoticias.com\/editor\/comunas-seis-y-ocho-con-sus-rondas-sampedrinas\/#breadcrumb\",\"itemListElement\":[{\"@type\":\"ListItem\",\"position\":1,\"name\":\"Portada\",\"item\":\"https:\/\/luchonoticias.com\/editor\/\"},{\"@type\":\"ListItem\",\"position\":2,\"name\":\"Comunas Seis y Ocho con sus rondas sampedrinas\"}]},{\"@type\":\"WebSite\",\"@id\":\"https:\/\/luchonoticias.com\/editor\/#website\",\"url\":\"https:\/\/luchonoticias.com\/editor\/\",\"name\":\"\",\"description\":\"\",\"publisher\":{\"@id\":\"https:\/\/luchonoticias.com\/editor\/#\/schema\/person\/7a7fd911f58561fd056dbac7b55af9cd\"},\"potentialAction\":[{\"@type\":\"SearchAction\",\"target\":{\"@type\":\"EntryPoint\",\"urlTemplate\":\"https:\/\/luchonoticias.com\/editor\/?s={search_term_string}\"},\"query-input\":{\"@type\":\"PropertyValueSpecification\",\"valueRequired\":true,\"valueName\":\"search_term_string\"}}],\"inLanguage\":\"es\"},{\"@type\":[\"Person\",\"Organization\"],\"@id\":\"https:\/\/luchonoticias.com\/editor\/#\/schema\/person\/7a7fd911f58561fd056dbac7b55af9cd\",\"name\":\"admin\",\"image\":{\"@type\":\"ImageObject\",\"inLanguage\":\"es\",\"@id\":\"https:\/\/luchonoticias.com\/editor\/#\/schema\/person\/image\/\",\"url\":\"https:\/\/luchonoticias.com\/editor\/wp-content\/uploads\/2024\/02\/cropped-cropped-logolu.webp\",\"contentUrl\":\"https:\/\/luchonoticias.com\/editor\/wp-content\/uploads\/2024\/02\/cropped-cropped-logolu.webp\",\"width\":382,\"height\":170,\"caption\":\"admin\"},\"logo\":{\"@id\":\"https:\/\/luchonoticias.com\/editor\/#\/schema\/person\/image\/\"},\"sameAs\":[\"https:\/\/www.facebook.com\/luchonoticiasneiva\"]},{\"@type\":\"Person\",\"@id\":\"https:\/\/luchonoticias.com\/editor\/#\/schema\/person\/29217990ddf6f14e35912b2866d591fb\",\"name\":\"Editor General\",\"image\":{\"@type\":\"ImageObject\",\"inLanguage\":\"es\",\"@id\":\"https:\/\/luchonoticias.com\/editor\/#\/schema\/person\/image\/\",\"url\":\"https:\/\/luchonoticias.com\/editor\/wp-content\/uploads\/2024\/02\/cropped-cropped-logolu-150x150.webp\",\"contentUrl\":\"https:\/\/luchonoticias.com\/editor\/wp-content\/uploads\/2024\/02\/cropped-cropped-logolu-150x150.webp\",\"caption\":\"Editor General\"},\"sameAs\":[\"https:\/\/luchonoticias.com\/\"],\"url\":\"https:\/\/luchonoticias.com\/editor\/author\/editor-general\/\"}]}<\/script>\n<!-- \/ Yoast SEO plugin. -->","yoast_head_json":{"title":"Comunas Seis y Ocho con sus rondas sampedrinas -","robots":{"index":"index","follow":"follow","max-snippet":"max-snippet:-1","max-image-preview":"max-image-preview:large","max-video-preview":"max-video-preview:-1"},"canonical":"https:\/\/luchonoticias.com\/editor\/comunas-seis-y-ocho-con-sus-rondas-sampedrinas\/","og_locale":"es_ES","og_type":"article","og_title":"Comunas Seis y Ocho con sus rondas sampedrinas -","og_url":"https:\/\/luchonoticias.com\/editor\/comunas-seis-y-ocho-con-sus-rondas-sampedrinas\/","article_publisher":"https:\/\/www.facebook.com\/luchonoticiasneiva","article_published_time":"2024-04-21T10:25:48+00:00","article_modified_time":"2024-04-21T10:31:42+00:00","og_image":[{"width":700,"height":400,"url":"https:\/\/luchonoticias.com\/editor\/wp-content\/uploads\/2024\/04\/ronda-sampedrina-2.jpg","type":"image\/jpeg"}],"author":"Editor General","twitter_card":"summary_large_image","twitter_misc":{"Escrito por":"Editor General","Tiempo de lectura":"2 minutos"},"schema":{"@context":"https:\/\/schema.org","@graph":[{"@type":"Article","@id":"https:\/\/luchonoticias.com\/editor\/comunas-seis-y-ocho-con-sus-rondas-sampedrinas\/#article","isPartOf":{"@id":"https:\/\/luchonoticias.com\/editor\/comunas-seis-y-ocho-con-sus-rondas-sampedrinas\/"},"author":{"name":"Editor General","@id":"https:\/\/luchonoticias.com\/editor\/#\/schema\/person\/29217990ddf6f14e35912b2866d591fb"},"headline":"Comunas Seis y Ocho con sus rondas sampedrinas","datePublished":"2024-04-21T10:25:48+00:00","dateModified":"2024-04-21T10:31:42+00:00","mainEntityOfPage":{"@id":"https:\/\/luchonoticias.com\/editor\/comunas-seis-y-ocho-con-sus-rondas-sampedrinas\/"},"wordCount":324,"publisher":{"@id":"https:\/\/luchonoticias.com\/editor\/#\/schema\/person\/7a7fd911f58561fd056dbac7b55af9cd"},"image":{"@id":"https:\/\/luchonoticias.com\/editor\/comunas-seis-y-ocho-con-sus-rondas-sampedrinas\/#primaryimage"},"thumbnailUrl":"https:\/\/luchonoticias.com\/editor\/wp-content\/uploads\/2024\/04\/ronda-sampedrina-2.jpg","articleSection":["Local"],"inLanguage":"es"},{"@type":"WebPage","@id":"https:\/\/luchonoticias.com\/editor\/comunas-seis-y-ocho-con-sus-rondas-sampedrinas\/","url":"https:\/\/luchonoticias.com\/editor\/comunas-seis-y-ocho-con-sus-rondas-sampedrinas\/","name":"Comunas Seis y Ocho con sus rondas sampedrinas -","isPartOf":{"@id":"https:\/\/luchonoticias.com\/editor\/#website"},"primaryImageOfPage":{"@id":"https:\/\/luchonoticias.com\/editor\/comunas-seis-y-ocho-con-sus-rondas-sampedrinas\/#primaryimage"},"image":{"@id":"https:\/\/luchonoticias.com\/editor\/comunas-seis-y-ocho-con-sus-rondas-sampedrinas\/#primaryimage"},"thumbnailUrl":"https:\/\/luchonoticias.com\/editor\/wp-content\/uploads\/2024\/04\/ronda-sampedrina-2.jpg","datePublished":"2024-04-21T10:25:48+00:00","dateModified":"2024-04-21T10:31:42+00:00","breadcrumb":{"@id":"https:\/\/luchonoticias.com\/editor\/comunas-seis-y-ocho-con-sus-rondas-sampedrinas\/#breadcrumb"},"inLanguage":"es","potentialAction":[{"@type":"ReadAction","target":["https:\/\/luchonoticias.com\/editor\/comunas-seis-y-ocho-con-sus-rondas-sampedrinas\/"]}]},{"@type":"ImageObject","inLanguage":"es","@id":"https:\/\/luchonoticias.com\/editor\/comunas-seis-y-ocho-con-sus-rondas-sampedrinas\/#primaryimage","url":"https:\/\/luchonoticias.com\/editor\/wp-content\/uploads\/2024\/04\/ronda-sampedrina-2.jpg","contentUrl":"https:\/\/luchonoticias.com\/editor\/wp-content\/uploads\/2024\/04\/ronda-sampedrina-2.jpg","width":700,"height":400},{"@type":"BreadcrumbList","@id":"https:\/\/luchonoticias.com\/editor\/comunas-seis-y-ocho-con-sus-rondas-sampedrinas\/#breadcrumb","itemListElement":[{"@type":"ListItem","position":1,"name":"Portada","item":"https:\/\/luchonoticias.com\/editor\/"},{"@type":"ListItem","position":2,"name":"Comunas Seis y Ocho con sus rondas sampedrinas"}]},{"@type":"WebSite","@id":"https:\/\/luchonoticias.com\/editor\/#website","url":"https:\/\/luchonoticias.com\/editor\/","name":"","description":"","publisher":{"@id":"https:\/\/luchonoticias.com\/editor\/#\/schema\/person\/7a7fd911f58561fd056dbac7b55af9cd"},"potentialAction":[{"@type":"SearchAction","target":{"@type":"EntryPoint","urlTemplate":"https:\/\/luchonoticias.com\/editor\/?s={search_term_string}"},"query-input":{"@type":"PropertyValueSpecification","valueRequired":true,"valueName":"search_term_string"}}],"inLanguage":"es"},{"@type":["Person","Organization"],"@id":"https:\/\/luchonoticias.com\/editor\/#\/schema\/person\/7a7fd911f58561fd056dbac7b55af9cd","name":"admin","image":{"@type":"ImageObject","inLanguage":"es","@id":"https:\/\/luchonoticias.com\/editor\/#\/schema\/person\/image\/","url":"https:\/\/luchonoticias.com\/editor\/wp-content\/uploads\/2024\/02\/cropped-cropped-logolu.webp","contentUrl":"https:\/\/luchonoticias.com\/editor\/wp-content\/uploads\/2024\/02\/cropped-cropped-logolu.webp","width":382,"height":170,"caption":"admin"},"logo":{"@id":"https:\/\/luchonoticias.com\/editor\/#\/schema\/person\/image\/"},"sameAs":["https:\/\/www.facebook.com\/luchonoticiasneiva"]},{"@type":"Person","@id":"https:\/\/luchonoticias.com\/editor\/#\/schema\/person\/29217990ddf6f14e35912b2866d591fb","name":"Editor General","image":{"@type":"ImageObject","inLanguage":"es","@id":"https:\/\/luchonoticias.com\/editor\/#\/schema\/person\/image\/","url":"https:\/\/luchonoticias.com\/editor\/wp-content\/uploads\/2024\/02\/cropped-cropped-logolu-150x150.webp","contentUrl":"https:\/\/luchonoticias.com\/editor\/wp-content\/uploads\/2024\/02\/cropped-cropped-logolu-150x150.webp","caption":"Editor General"},"sameAs":["https:\/\/luchonoticias.com\/"],"url":"https:\/\/luchonoticias.com\/editor\/author\/editor-general\/"}]}},"_links":{"self":[{"href":"https:\/\/luchonoticias.com\/editor\/wp-json\/wp\/v2\/posts\/72300","targetHints":{"allow":["GET"]}}],"collection":[{"href":"https:\/\/luchonoticias.com\/editor\/wp-json\/wp\/v2\/posts"}],"about":[{"href":"https:\/\/luchonoticias.com\/editor\/wp-json\/wp\/v2\/types\/post"}],"author":[{"embeddable":true,"href":"https:\/\/luchonoticias.com\/editor\/wp-json\/wp\/v2\/users\/2"}],"replies":[{"embeddable":true,"href":"https:\/\/luchonoticias.com\/editor\/wp-json\/wp\/v2\/comments?post=72300"}],"version-history":[{"count":0,"href":"https:\/\/luchonoticias.com\/editor\/wp-json\/wp\/v2\/posts\/72300\/revisions"}],"wp:featuredmedia":[{"embeddable":true,"href":"https:\/\/luchonoticias.com\/editor\/wp-json\/wp\/v2\/media\/72301"}],"wp:attachment":[{"href":"https:\/\/luchonoticias.com\/editor\/wp-json\/wp\/v2\/media?parent=72300"}],"wp:term":[{"taxonomy":"category","embeddable":true,"href":"https:\/\/luchonoticias.com\/editor\/wp-json\/wp\/v2\/categories?post=72300"},{"taxonomy":"post_tag","embeddable":true,"href":"https:\/\/luchonoticias.com\/editor\/wp-json\/wp\/v2\/tags?post=72300"}],"curies":[{"name":"wp","href":"https:\/\/api.w.org\/{rel}","templated":true}]}}