{"id":72320,"date":"2024-04-21T20:38:49","date_gmt":"2024-04-22T01:38:49","guid":{"rendered":"https:\/\/luchonoticias.com\/?p=72320"},"modified":"2024-04-21T20:38:49","modified_gmt":"2024-04-22T01:38:49","slug":"en-marcha-plan-de-pavimentacion-para-pitalito","status":"publish","type":"post","link":"https:\/\/luchonoticias.com\/editor\/en-marcha-plan-de-pavimentacion-para-pitalito\/","title":{"rendered":"En marcha plan de pavimentaci\u00f3n para Pitalito"},"content":{"rendered":"<p>El gobierno de Rodrigo Villalba contin\u00faa liderando iniciativas en pro de la poblaci\u00f3n huilense. Los habitantes de los barrios Altos de Magdalena, C\u00e1mbulos, El Jard\u00edn, Juan Pablo II, Las Villas, Padrera, Sucre y Siglo XXI del Valle de Laboyos, ser\u00e1n beneficiados con la pavimentaci\u00f3n de 12.800 metros cuadrados de v\u00edas.<\/p>\n<p>El anuncio se hizo durante una importante jornada cumplida en el barrio Venecia, la cual congreg\u00f3 a distintos actores sociales. \u201cEste proyecto viene del gobierno anterior, de nuestro amigo Luis Enrique Duss\u00e1n. Nosotros lo vamos a ejecutar y queremos que esta obra llegue a un feliz t\u00e9rmino. Aqu\u00ed hay otra tambi\u00e9n que est\u00e1 camino, que es una saliendo de Pitalito y que llega hasta Palestina, es una obra grande. Vamos a estar ah\u00ed, al mil\u00edmetro. Y si faltan recursos pues hay que apropiarlos oportunamente, para que esa obra no sea un elefante blanco que se ve a lo largo y ancho del pa\u00eds, infortunadamente con frecuencia. Vamos a estar de la mano para trabajar como Dios manda en esto. Tengan la seguridad todos, no nos vamos a desviar del camino\u201d, asegur\u00f3 el mandatario regional.<\/p>\n<p>La inversi\u00f3n para la ejecuci\u00f3n de este proyecto es de $2.300 millones, recursos de regal\u00edas departamentales que vienen de la vigencia anterior con cofinanciaci\u00f3n de la Alcald\u00eda de Pitalito.<\/p>\n<p>\u201cNosotros como administraci\u00f3n municipal desde luego estamos muy dispuestos a adelantar, cofinanciar y apoyar los diferentes proyectos que se vayan a hacer, y m\u00e1s a\u00fan cuando hablamos de infraestructuras, cuando hablamos de v\u00edas, entre otros tantos\u201d, enfatiz\u00f3 Yider Luna, alcalde de Pitalito.<\/p>\n<p>\u25cf *V\u00edas que ser\u00e1n pavimentadas: *<\/p>\n<p>1. Calle 3B, entre carreras 5 este y 6 este.<br \/>\n2. Carrera 1 entre calle 14 sur y 15 sur<br \/>\n3. Calle 13A entre carreras S\u00e9ptima y Octava.<br \/>\n4. Calle 19B sur entre carreras Sexta y S\u00e9ptima.<br \/>\n5. Carrera Sexta este entre calle 2 sur y calle 2B sur.<br \/>\n6. Transversal 4A entre calle 12 sur y 14 sur.<br \/>\n7. Calle 14 sur entre transversal Cuarta y Quinta.<br \/>\n8. Calle 3A Bis entre carreras 16A y 18.<br \/>\n9. Calle 2 sur entre carreras 4 este y 5 este.<br \/>\n10. Calle 10 sur entre carreras 2 y 3.<br \/>\n11. Carrera 1 entre calles 15 sur y 16 sur.<br \/>\n12. Carrera 2 entre calles Trece y Catorce.<br \/>\n13. Carrera 9A entre calles 3 sur y 3D sur.<br \/>\n14. Calle 3 sur entre carreras Novena este y Once este.<br \/>\n15. Calle 4 entre carreras Tercera y S\u00e9ptima en el este.<\/p>\n","protected":false},"excerpt":{"rendered":"<p>El gobierno de Rodrigo Villalba contin\u00faa liderando iniciativas en pro de la poblaci\u00f3n huilense. Los habitantes de los barrios Altos de Magdalena, C\u00e1mbulos, El Jard\u00edn, Juan Pablo II, Las Villas, Padrera, Sucre y Siglo XXI del Valle de Laboyos, ser\u00e1n beneficiados con la pavimentaci\u00f3n de 12.800 metros cuadrados de v\u00edas. El anuncio se hizo durante [&hellip;]<\/p>\n","protected":false},"author":2,"featured_media":72321,"comment_status":"closed","ping_status":"open","sticky":false,"template":"","format":"standard","meta":{"footnotes":""},"categories":[33],"tags":[],"class_list":["post-72320","post","type-post","status-publish","format-standard","has-post-thumbnail","hentry","category-huila"],"yoast_head":"<!-- This site is optimized with the Yoast SEO plugin v26.6 - https:\/\/yoast.com\/wordpress\/plugins\/seo\/ -->\n<title>En marcha plan de pavimentaci\u00f3n para Pitalito -<\/title>\n<meta name=\"robots\" content=\"index, follow, max-snippet:-1, max-image-preview:large, max-video-preview:-1\" \/>\n<link rel=\"canonical\" href=\"https:\/\/luchonoticias.com\/editor\/en-marcha-plan-de-pavimentacion-para-pitalito\/\" \/>\n<meta property=\"og:locale\" content=\"es_ES\" \/>\n<meta property=\"og:type\" content=\"article\" \/>\n<meta property=\"og:title\" content=\"En marcha plan de pavimentaci\u00f3n para Pitalito -\" \/>\n<meta property=\"og:url\" content=\"https:\/\/luchonoticias.com\/editor\/en-marcha-plan-de-pavimentacion-para-pitalito\/\" \/>\n<meta property=\"article:publisher\" content=\"https:\/\/www.facebook.com\/luchonoticiasneiva\" \/>\n<meta property=\"article:published_time\" content=\"2024-04-22T01:38:49+00:00\" \/>\n<meta property=\"og:image\" content=\"https:\/\/luchonoticias.com\/editor\/wp-content\/uploads\/2024\/04\/pitalito-vias.jpg\" \/>\n\t<meta property=\"og:image:width\" content=\"700\" \/>\n\t<meta property=\"og:image:height\" content=\"400\" \/>\n\t<meta property=\"og:image:type\" content=\"image\/jpeg\" \/>\n<meta name=\"author\" content=\"Editor General\" \/>\n<meta name=\"twitter:card\" content=\"summary_large_image\" \/>\n<meta name=\"twitter:label1\" content=\"Escrito por\" \/>\n\t<meta name=\"twitter:data1\" content=\"Editor General\" \/>\n\t<meta name=\"twitter:label2\" content=\"Tiempo de lectura\" \/>\n\t<meta name=\"twitter:data2\" content=\"2 minutos\" \/>\n<script type=\"application\/ld+json\" class=\"yoast-schema-graph\">{\"@context\":\"https:\/\/schema.org\",\"@graph\":[{\"@type\":\"Article\",\"@id\":\"https:\/\/luchonoticias.com\/editor\/en-marcha-plan-de-pavimentacion-para-pitalito\/#article\",\"isPartOf\":{\"@id\":\"https:\/\/luchonoticias.com\/editor\/en-marcha-plan-de-pavimentacion-para-pitalito\/\"},\"author\":{\"name\":\"Editor General\",\"@id\":\"https:\/\/luchonoticias.com\/editor\/#\/schema\/person\/29217990ddf6f14e35912b2866d591fb\"},\"headline\":\"En marcha plan de pavimentaci\u00f3n para Pitalito\",\"datePublished\":\"2024-04-22T01:38:49+00:00\",\"mainEntityOfPage\":{\"@id\":\"https:\/\/luchonoticias.com\/editor\/en-marcha-plan-de-pavimentacion-para-pitalito\/\"},\"wordCount\":400,\"publisher\":{\"@id\":\"https:\/\/luchonoticias.com\/editor\/#\/schema\/person\/7a7fd911f58561fd056dbac7b55af9cd\"},\"image\":{\"@id\":\"https:\/\/luchonoticias.com\/editor\/en-marcha-plan-de-pavimentacion-para-pitalito\/#primaryimage\"},\"thumbnailUrl\":\"https:\/\/luchonoticias.com\/editor\/wp-content\/uploads\/2024\/04\/pitalito-vias.jpg\",\"articleSection\":[\"Huila\"],\"inLanguage\":\"es\"},{\"@type\":\"WebPage\",\"@id\":\"https:\/\/luchonoticias.com\/editor\/en-marcha-plan-de-pavimentacion-para-pitalito\/\",\"url\":\"https:\/\/luchonoticias.com\/editor\/en-marcha-plan-de-pavimentacion-para-pitalito\/\",\"name\":\"En marcha plan de pavimentaci\u00f3n para Pitalito -\",\"isPartOf\":{\"@id\":\"https:\/\/luchonoticias.com\/editor\/#website\"},\"primaryImageOfPage\":{\"@id\":\"https:\/\/luchonoticias.com\/editor\/en-marcha-plan-de-pavimentacion-para-pitalito\/#primaryimage\"},\"image\":{\"@id\":\"https:\/\/luchonoticias.com\/editor\/en-marcha-plan-de-pavimentacion-para-pitalito\/#primaryimage\"},\"thumbnailUrl\":\"https:\/\/luchonoticias.com\/editor\/wp-content\/uploads\/2024\/04\/pitalito-vias.jpg\",\"datePublished\":\"2024-04-22T01:38:49+00:00\",\"breadcrumb\":{\"@id\":\"https:\/\/luchonoticias.com\/editor\/en-marcha-plan-de-pavimentacion-para-pitalito\/#breadcrumb\"},\"inLanguage\":\"es\",\"potentialAction\":[{\"@type\":\"ReadAction\",\"target\":[\"https:\/\/luchonoticias.com\/editor\/en-marcha-plan-de-pavimentacion-para-pitalito\/\"]}]},{\"@type\":\"ImageObject\",\"inLanguage\":\"es\",\"@id\":\"https:\/\/luchonoticias.com\/editor\/en-marcha-plan-de-pavimentacion-para-pitalito\/#primaryimage\",\"url\":\"https:\/\/luchonoticias.com\/editor\/wp-content\/uploads\/2024\/04\/pitalito-vias.jpg\",\"contentUrl\":\"https:\/\/luchonoticias.com\/editor\/wp-content\/uploads\/2024\/04\/pitalito-vias.jpg\",\"width\":700,\"height\":400},{\"@type\":\"BreadcrumbList\",\"@id\":\"https:\/\/luchonoticias.com\/editor\/en-marcha-plan-de-pavimentacion-para-pitalito\/#breadcrumb\",\"itemListElement\":[{\"@type\":\"ListItem\",\"position\":1,\"name\":\"Portada\",\"item\":\"https:\/\/luchonoticias.com\/editor\/\"},{\"@type\":\"ListItem\",\"position\":2,\"name\":\"En marcha plan de pavimentaci\u00f3n para Pitalito\"}]},{\"@type\":\"WebSite\",\"@id\":\"https:\/\/luchonoticias.com\/editor\/#website\",\"url\":\"https:\/\/luchonoticias.com\/editor\/\",\"name\":\"\",\"description\":\"\",\"publisher\":{\"@id\":\"https:\/\/luchonoticias.com\/editor\/#\/schema\/person\/7a7fd911f58561fd056dbac7b55af9cd\"},\"potentialAction\":[{\"@type\":\"SearchAction\",\"target\":{\"@type\":\"EntryPoint\",\"urlTemplate\":\"https:\/\/luchonoticias.com\/editor\/?s={search_term_string}\"},\"query-input\":{\"@type\":\"PropertyValueSpecification\",\"valueRequired\":true,\"valueName\":\"search_term_string\"}}],\"inLanguage\":\"es\"},{\"@type\":[\"Person\",\"Organization\"],\"@id\":\"https:\/\/luchonoticias.com\/editor\/#\/schema\/person\/7a7fd911f58561fd056dbac7b55af9cd\",\"name\":\"admin\",\"image\":{\"@type\":\"ImageObject\",\"inLanguage\":\"es\",\"@id\":\"https:\/\/luchonoticias.com\/editor\/#\/schema\/person\/image\/\",\"url\":\"https:\/\/luchonoticias.com\/editor\/wp-content\/uploads\/2024\/02\/cropped-cropped-logolu.webp\",\"contentUrl\":\"https:\/\/luchonoticias.com\/editor\/wp-content\/uploads\/2024\/02\/cropped-cropped-logolu.webp\",\"width\":382,\"height\":170,\"caption\":\"admin\"},\"logo\":{\"@id\":\"https:\/\/luchonoticias.com\/editor\/#\/schema\/person\/image\/\"},\"sameAs\":[\"https:\/\/www.facebook.com\/luchonoticiasneiva\"]},{\"@type\":\"Person\",\"@id\":\"https:\/\/luchonoticias.com\/editor\/#\/schema\/person\/29217990ddf6f14e35912b2866d591fb\",\"name\":\"Editor General\",\"image\":{\"@type\":\"ImageObject\",\"inLanguage\":\"es\",\"@id\":\"https:\/\/luchonoticias.com\/editor\/#\/schema\/person\/image\/\",\"url\":\"https:\/\/luchonoticias.com\/editor\/wp-content\/uploads\/2024\/02\/cropped-cropped-logolu-150x150.webp\",\"contentUrl\":\"https:\/\/luchonoticias.com\/editor\/wp-content\/uploads\/2024\/02\/cropped-cropped-logolu-150x150.webp\",\"caption\":\"Editor General\"},\"sameAs\":[\"https:\/\/luchonoticias.com\/\"],\"url\":\"https:\/\/luchonoticias.com\/editor\/author\/editor-general\/\"}]}<\/script>\n<!-- \/ Yoast SEO plugin. -->","yoast_head_json":{"title":"En marcha plan de pavimentaci\u00f3n para Pitalito -","robots":{"index":"index","follow":"follow","max-snippet":"max-snippet:-1","max-image-preview":"max-image-preview:large","max-video-preview":"max-video-preview:-1"},"canonical":"https:\/\/luchonoticias.com\/editor\/en-marcha-plan-de-pavimentacion-para-pitalito\/","og_locale":"es_ES","og_type":"article","og_title":"En marcha plan de pavimentaci\u00f3n para Pitalito -","og_url":"https:\/\/luchonoticias.com\/editor\/en-marcha-plan-de-pavimentacion-para-pitalito\/","article_publisher":"https:\/\/www.facebook.com\/luchonoticiasneiva","article_published_time":"2024-04-22T01:38:49+00:00","og_image":[{"width":700,"height":400,"url":"https:\/\/luchonoticias.com\/editor\/wp-content\/uploads\/2024\/04\/pitalito-vias.jpg","type":"image\/jpeg"}],"author":"Editor General","twitter_card":"summary_large_image","twitter_misc":{"Escrito por":"Editor General","Tiempo de lectura":"2 minutos"},"schema":{"@context":"https:\/\/schema.org","@graph":[{"@type":"Article","@id":"https:\/\/luchonoticias.com\/editor\/en-marcha-plan-de-pavimentacion-para-pitalito\/#article","isPartOf":{"@id":"https:\/\/luchonoticias.com\/editor\/en-marcha-plan-de-pavimentacion-para-pitalito\/"},"author":{"name":"Editor General","@id":"https:\/\/luchonoticias.com\/editor\/#\/schema\/person\/29217990ddf6f14e35912b2866d591fb"},"headline":"En marcha plan de pavimentaci\u00f3n para Pitalito","datePublished":"2024-04-22T01:38:49+00:00","mainEntityOfPage":{"@id":"https:\/\/luchonoticias.com\/editor\/en-marcha-plan-de-pavimentacion-para-pitalito\/"},"wordCount":400,"publisher":{"@id":"https:\/\/luchonoticias.com\/editor\/#\/schema\/person\/7a7fd911f58561fd056dbac7b55af9cd"},"image":{"@id":"https:\/\/luchonoticias.com\/editor\/en-marcha-plan-de-pavimentacion-para-pitalito\/#primaryimage"},"thumbnailUrl":"https:\/\/luchonoticias.com\/editor\/wp-content\/uploads\/2024\/04\/pitalito-vias.jpg","articleSection":["Huila"],"inLanguage":"es"},{"@type":"WebPage","@id":"https:\/\/luchonoticias.com\/editor\/en-marcha-plan-de-pavimentacion-para-pitalito\/","url":"https:\/\/luchonoticias.com\/editor\/en-marcha-plan-de-pavimentacion-para-pitalito\/","name":"En marcha plan de pavimentaci\u00f3n para Pitalito -","isPartOf":{"@id":"https:\/\/luchonoticias.com\/editor\/#website"},"primaryImageOfPage":{"@id":"https:\/\/luchonoticias.com\/editor\/en-marcha-plan-de-pavimentacion-para-pitalito\/#primaryimage"},"image":{"@id":"https:\/\/luchonoticias.com\/editor\/en-marcha-plan-de-pavimentacion-para-pitalito\/#primaryimage"},"thumbnailUrl":"https:\/\/luchonoticias.com\/editor\/wp-content\/uploads\/2024\/04\/pitalito-vias.jpg","datePublished":"2024-04-22T01:38:49+00:00","breadcrumb":{"@id":"https:\/\/luchonoticias.com\/editor\/en-marcha-plan-de-pavimentacion-para-pitalito\/#breadcrumb"},"inLanguage":"es","potentialAction":[{"@type":"ReadAction","target":["https:\/\/luchonoticias.com\/editor\/en-marcha-plan-de-pavimentacion-para-pitalito\/"]}]},{"@type":"ImageObject","inLanguage":"es","@id":"https:\/\/luchonoticias.com\/editor\/en-marcha-plan-de-pavimentacion-para-pitalito\/#primaryimage","url":"https:\/\/luchonoticias.com\/editor\/wp-content\/uploads\/2024\/04\/pitalito-vias.jpg","contentUrl":"https:\/\/luchonoticias.com\/editor\/wp-content\/uploads\/2024\/04\/pitalito-vias.jpg","width":700,"height":400},{"@type":"BreadcrumbList","@id":"https:\/\/luchonoticias.com\/editor\/en-marcha-plan-de-pavimentacion-para-pitalito\/#breadcrumb","itemListElement":[{"@type":"ListItem","position":1,"name":"Portada","item":"https:\/\/luchonoticias.com\/editor\/"},{"@type":"ListItem","position":2,"name":"En marcha plan de pavimentaci\u00f3n para Pitalito"}]},{"@type":"WebSite","@id":"https:\/\/luchonoticias.com\/editor\/#website","url":"https:\/\/luchonoticias.com\/editor\/","name":"","description":"","publisher":{"@id":"https:\/\/luchonoticias.com\/editor\/#\/schema\/person\/7a7fd911f58561fd056dbac7b55af9cd"},"potentialAction":[{"@type":"SearchAction","target":{"@type":"EntryPoint","urlTemplate":"https:\/\/luchonoticias.com\/editor\/?s={search_term_string}"},"query-input":{"@type":"PropertyValueSpecification","valueRequired":true,"valueName":"search_term_string"}}],"inLanguage":"es"},{"@type":["Person","Organization"],"@id":"https:\/\/luchonoticias.com\/editor\/#\/schema\/person\/7a7fd911f58561fd056dbac7b55af9cd","name":"admin","image":{"@type":"ImageObject","inLanguage":"es","@id":"https:\/\/luchonoticias.com\/editor\/#\/schema\/person\/image\/","url":"https:\/\/luchonoticias.com\/editor\/wp-content\/uploads\/2024\/02\/cropped-cropped-logolu.webp","contentUrl":"https:\/\/luchonoticias.com\/editor\/wp-content\/uploads\/2024\/02\/cropped-cropped-logolu.webp","width":382,"height":170,"caption":"admin"},"logo":{"@id":"https:\/\/luchonoticias.com\/editor\/#\/schema\/person\/image\/"},"sameAs":["https:\/\/www.facebook.com\/luchonoticiasneiva"]},{"@type":"Person","@id":"https:\/\/luchonoticias.com\/editor\/#\/schema\/person\/29217990ddf6f14e35912b2866d591fb","name":"Editor General","image":{"@type":"ImageObject","inLanguage":"es","@id":"https:\/\/luchonoticias.com\/editor\/#\/schema\/person\/image\/","url":"https:\/\/luchonoticias.com\/editor\/wp-content\/uploads\/2024\/02\/cropped-cropped-logolu-150x150.webp","contentUrl":"https:\/\/luchonoticias.com\/editor\/wp-content\/uploads\/2024\/02\/cropped-cropped-logolu-150x150.webp","caption":"Editor General"},"sameAs":["https:\/\/luchonoticias.com\/"],"url":"https:\/\/luchonoticias.com\/editor\/author\/editor-general\/"}]}},"_links":{"self":[{"href":"https:\/\/luchonoticias.com\/editor\/wp-json\/wp\/v2\/posts\/72320","targetHints":{"allow":["GET"]}}],"collection":[{"href":"https:\/\/luchonoticias.com\/editor\/wp-json\/wp\/v2\/posts"}],"about":[{"href":"https:\/\/luchonoticias.com\/editor\/wp-json\/wp\/v2\/types\/post"}],"author":[{"embeddable":true,"href":"https:\/\/luchonoticias.com\/editor\/wp-json\/wp\/v2\/users\/2"}],"replies":[{"embeddable":true,"href":"https:\/\/luchonoticias.com\/editor\/wp-json\/wp\/v2\/comments?post=72320"}],"version-history":[{"count":0,"href":"https:\/\/luchonoticias.com\/editor\/wp-json\/wp\/v2\/posts\/72320\/revisions"}],"wp:featuredmedia":[{"embeddable":true,"href":"https:\/\/luchonoticias.com\/editor\/wp-json\/wp\/v2\/media\/72321"}],"wp:attachment":[{"href":"https:\/\/luchonoticias.com\/editor\/wp-json\/wp\/v2\/media?parent=72320"}],"wp:term":[{"taxonomy":"category","embeddable":true,"href":"https:\/\/luchonoticias.com\/editor\/wp-json\/wp\/v2\/categories?post=72320"},{"taxonomy":"post_tag","embeddable":true,"href":"https:\/\/luchonoticias.com\/editor\/wp-json\/wp\/v2\/tags?post=72320"}],"curies":[{"name":"wp","href":"https:\/\/api.w.org\/{rel}","templated":true}]}}