{"id":72323,"date":"2024-04-21T20:42:27","date_gmt":"2024-04-22T01:42:27","guid":{"rendered":"https:\/\/luchonoticias.com\/?p=72323"},"modified":"2024-04-21T20:42:27","modified_gmt":"2024-04-22T01:42:27","slug":"trabajos-de-ornato-y-embellecimiento-en-el-parque-el-caracoli","status":"publish","type":"post","link":"https:\/\/luchonoticias.com\/editor\/trabajos-de-ornato-y-embellecimiento-en-el-parque-el-caracoli\/","title":{"rendered":"Trabajos de ornato y embellecimiento en el Parque El Caracol\u00ed"},"content":{"rendered":"<p>Actualmente diferentes parques p\u00fablicos de la ciudad de Neiva se encuentran en un estado cr\u00edtico de deterioro, por falta de limpieza y mantenimiento de estos espacios. La Administraci\u00f3n Municipal reconociendo la importancia que tienen estos lugares para el goce y el disfrute de las familias neivanas, se dio a la tarea de realizar una jornada de embellecimiento y mejoramiento del parque Caracol\u00ed, ubicado sobre la avenida Circunvalar.<\/p>\n<p>Diny Borrero, coordinadora de \u2018Parches Juveniles\u2019 de la Secretar\u00eda de Juventud expres\u00f3 \u201cel prop\u00f3sito de esta actividad es recuperar estos espacios, por eso estamos iniciando un programa que se va a llamar \u2018Juernes de Juventud\u2019 donde vamos a encontrar espacios de arte, m\u00fasica, cine, teatro y deporte\u201d.<\/p>\n<p>En una alianza interinstitucional se desarroll\u00f3 esta jornada, que cont\u00f3 con la participaci\u00f3n de la Secretar\u00edas de Juventud, Medio Ambiente, Movilidad, el colegio Gimnasio Human\u00edstico Del Alto Magdalena, Ciudad Limpia, la Casa de Habitantes de Calle y comunidad del sector.<\/p>\n<p><strong>\u00bfQu\u00e9 dice la comunidad?<\/strong><\/p>\n<p>Silvia Cristina Ruiz, rectora del Gimnasio Human\u00edstico indic\u00f3 \u201ces una idea fabulosa porque cada uno por aparte no podemos hacer todo, pero si nos unimos como en el d\u00eda de hoy, que est\u00e1n las secretar\u00edas y los j\u00f3venes, podemos hacer una labor much\u00edsimo m\u00e1s grande que lo que podr\u00edamos hacer cada uno por aparte\u201d.<\/p>\n<p>Recuperar este espacio no solo es importante para los habitantes del barrio Caracol\u00ed quienes se ven afectados por la basura que all\u00ed se acumula y la inseguridad que genera este espacio, sino tambi\u00e9n para toda la comunidad neivana, ya que gracias a esta iniciativa las familias podr\u00e1n regresar al lugar para disfrutar de las diferentes actividades que ofrece el parque, como v\u00f3ley playa, ciclo ruta y las dem\u00e1s actividades que all\u00ed se puedan realizar.<\/p>\n<p>Asimismo, Rogelio Celis quien ha sido habitante del sector por m\u00e1s de 70 a\u00f1os afirm\u00f3\u201cle digo a la comunidad del barrio Caracol\u00ed que nos pongamos la mano en el pecho y consideremos lo que es de nosotros; debemos colaborarle a la administraci\u00f3n, ya que la alcald\u00eda est\u00e1 en pie de recuperar, de ayudarnos y colaborarnos\u201d.<\/p>\n","protected":false},"excerpt":{"rendered":"<p>Actualmente diferentes parques p\u00fablicos de la ciudad de Neiva se encuentran en un estado cr\u00edtico de deterioro, por falta de limpieza y mantenimiento de estos espacios. La Administraci\u00f3n Municipal reconociendo la importancia que tienen estos lugares para el goce y el disfrute de las familias neivanas, se dio a la tarea de realizar una jornada [&hellip;]<\/p>\n","protected":false},"author":2,"featured_media":72324,"comment_status":"closed","ping_status":"open","sticky":false,"template":"","format":"standard","meta":{"footnotes":""},"categories":[31],"tags":[],"class_list":["post-72323","post","type-post","status-publish","format-standard","has-post-thumbnail","hentry","category-local"],"yoast_head":"<!-- This site is optimized with the Yoast SEO plugin v26.6 - https:\/\/yoast.com\/wordpress\/plugins\/seo\/ -->\n<title>Trabajos de ornato y embellecimiento en el Parque El Caracol\u00ed -<\/title>\n<meta name=\"robots\" content=\"index, follow, max-snippet:-1, max-image-preview:large, max-video-preview:-1\" \/>\n<link rel=\"canonical\" href=\"https:\/\/luchonoticias.com\/editor\/trabajos-de-ornato-y-embellecimiento-en-el-parque-el-caracoli\/\" \/>\n<meta property=\"og:locale\" content=\"es_ES\" \/>\n<meta property=\"og:type\" content=\"article\" \/>\n<meta property=\"og:title\" content=\"Trabajos de ornato y embellecimiento en el Parque El Caracol\u00ed -\" \/>\n<meta property=\"og:url\" content=\"https:\/\/luchonoticias.com\/editor\/trabajos-de-ornato-y-embellecimiento-en-el-parque-el-caracoli\/\" \/>\n<meta property=\"article:publisher\" content=\"https:\/\/www.facebook.com\/luchonoticiasneiva\" \/>\n<meta property=\"article:published_time\" content=\"2024-04-22T01:42:27+00:00\" \/>\n<meta property=\"og:image\" content=\"https:\/\/luchonoticias.com\/editor\/wp-content\/uploads\/2024\/04\/parque-el-caracoli.jpg\" \/>\n\t<meta property=\"og:image:width\" content=\"700\" \/>\n\t<meta property=\"og:image:height\" content=\"400\" \/>\n\t<meta property=\"og:image:type\" content=\"image\/jpeg\" \/>\n<meta name=\"author\" content=\"Editor General\" \/>\n<meta name=\"twitter:card\" content=\"summary_large_image\" \/>\n<meta name=\"twitter:label1\" content=\"Escrito por\" \/>\n\t<meta name=\"twitter:data1\" content=\"Editor General\" \/>\n\t<meta name=\"twitter:label2\" content=\"Tiempo de lectura\" \/>\n\t<meta name=\"twitter:data2\" content=\"2 minutos\" \/>\n<script type=\"application\/ld+json\" class=\"yoast-schema-graph\">{\"@context\":\"https:\/\/schema.org\",\"@graph\":[{\"@type\":\"Article\",\"@id\":\"https:\/\/luchonoticias.com\/editor\/trabajos-de-ornato-y-embellecimiento-en-el-parque-el-caracoli\/#article\",\"isPartOf\":{\"@id\":\"https:\/\/luchonoticias.com\/editor\/trabajos-de-ornato-y-embellecimiento-en-el-parque-el-caracoli\/\"},\"author\":{\"name\":\"Editor General\",\"@id\":\"https:\/\/luchonoticias.com\/editor\/#\/schema\/person\/29217990ddf6f14e35912b2866d591fb\"},\"headline\":\"Trabajos de ornato y embellecimiento en el Parque El Caracol\u00ed\",\"datePublished\":\"2024-04-22T01:42:27+00:00\",\"mainEntityOfPage\":{\"@id\":\"https:\/\/luchonoticias.com\/editor\/trabajos-de-ornato-y-embellecimiento-en-el-parque-el-caracoli\/\"},\"wordCount\":376,\"publisher\":{\"@id\":\"https:\/\/luchonoticias.com\/editor\/#\/schema\/person\/7a7fd911f58561fd056dbac7b55af9cd\"},\"image\":{\"@id\":\"https:\/\/luchonoticias.com\/editor\/trabajos-de-ornato-y-embellecimiento-en-el-parque-el-caracoli\/#primaryimage\"},\"thumbnailUrl\":\"https:\/\/luchonoticias.com\/editor\/wp-content\/uploads\/2024\/04\/parque-el-caracoli.jpg\",\"articleSection\":[\"Local\"],\"inLanguage\":\"es\"},{\"@type\":\"WebPage\",\"@id\":\"https:\/\/luchonoticias.com\/editor\/trabajos-de-ornato-y-embellecimiento-en-el-parque-el-caracoli\/\",\"url\":\"https:\/\/luchonoticias.com\/editor\/trabajos-de-ornato-y-embellecimiento-en-el-parque-el-caracoli\/\",\"name\":\"Trabajos de ornato y embellecimiento en el Parque El Caracol\u00ed -\",\"isPartOf\":{\"@id\":\"https:\/\/luchonoticias.com\/editor\/#website\"},\"primaryImageOfPage\":{\"@id\":\"https:\/\/luchonoticias.com\/editor\/trabajos-de-ornato-y-embellecimiento-en-el-parque-el-caracoli\/#primaryimage\"},\"image\":{\"@id\":\"https:\/\/luchonoticias.com\/editor\/trabajos-de-ornato-y-embellecimiento-en-el-parque-el-caracoli\/#primaryimage\"},\"thumbnailUrl\":\"https:\/\/luchonoticias.com\/editor\/wp-content\/uploads\/2024\/04\/parque-el-caracoli.jpg\",\"datePublished\":\"2024-04-22T01:42:27+00:00\",\"breadcrumb\":{\"@id\":\"https:\/\/luchonoticias.com\/editor\/trabajos-de-ornato-y-embellecimiento-en-el-parque-el-caracoli\/#breadcrumb\"},\"inLanguage\":\"es\",\"potentialAction\":[{\"@type\":\"ReadAction\",\"target\":[\"https:\/\/luchonoticias.com\/editor\/trabajos-de-ornato-y-embellecimiento-en-el-parque-el-caracoli\/\"]}]},{\"@type\":\"ImageObject\",\"inLanguage\":\"es\",\"@id\":\"https:\/\/luchonoticias.com\/editor\/trabajos-de-ornato-y-embellecimiento-en-el-parque-el-caracoli\/#primaryimage\",\"url\":\"https:\/\/luchonoticias.com\/editor\/wp-content\/uploads\/2024\/04\/parque-el-caracoli.jpg\",\"contentUrl\":\"https:\/\/luchonoticias.com\/editor\/wp-content\/uploads\/2024\/04\/parque-el-caracoli.jpg\",\"width\":700,\"height\":400},{\"@type\":\"BreadcrumbList\",\"@id\":\"https:\/\/luchonoticias.com\/editor\/trabajos-de-ornato-y-embellecimiento-en-el-parque-el-caracoli\/#breadcrumb\",\"itemListElement\":[{\"@type\":\"ListItem\",\"position\":1,\"name\":\"Portada\",\"item\":\"https:\/\/luchonoticias.com\/editor\/\"},{\"@type\":\"ListItem\",\"position\":2,\"name\":\"Trabajos de ornato y embellecimiento en el Parque El Caracol\u00ed\"}]},{\"@type\":\"WebSite\",\"@id\":\"https:\/\/luchonoticias.com\/editor\/#website\",\"url\":\"https:\/\/luchonoticias.com\/editor\/\",\"name\":\"\",\"description\":\"\",\"publisher\":{\"@id\":\"https:\/\/luchonoticias.com\/editor\/#\/schema\/person\/7a7fd911f58561fd056dbac7b55af9cd\"},\"potentialAction\":[{\"@type\":\"SearchAction\",\"target\":{\"@type\":\"EntryPoint\",\"urlTemplate\":\"https:\/\/luchonoticias.com\/editor\/?s={search_term_string}\"},\"query-input\":{\"@type\":\"PropertyValueSpecification\",\"valueRequired\":true,\"valueName\":\"search_term_string\"}}],\"inLanguage\":\"es\"},{\"@type\":[\"Person\",\"Organization\"],\"@id\":\"https:\/\/luchonoticias.com\/editor\/#\/schema\/person\/7a7fd911f58561fd056dbac7b55af9cd\",\"name\":\"admin\",\"image\":{\"@type\":\"ImageObject\",\"inLanguage\":\"es\",\"@id\":\"https:\/\/luchonoticias.com\/editor\/#\/schema\/person\/image\/\",\"url\":\"https:\/\/luchonoticias.com\/editor\/wp-content\/uploads\/2024\/02\/cropped-cropped-logolu.webp\",\"contentUrl\":\"https:\/\/luchonoticias.com\/editor\/wp-content\/uploads\/2024\/02\/cropped-cropped-logolu.webp\",\"width\":382,\"height\":170,\"caption\":\"admin\"},\"logo\":{\"@id\":\"https:\/\/luchonoticias.com\/editor\/#\/schema\/person\/image\/\"},\"sameAs\":[\"https:\/\/www.facebook.com\/luchonoticiasneiva\"]},{\"@type\":\"Person\",\"@id\":\"https:\/\/luchonoticias.com\/editor\/#\/schema\/person\/29217990ddf6f14e35912b2866d591fb\",\"name\":\"Editor General\",\"image\":{\"@type\":\"ImageObject\",\"inLanguage\":\"es\",\"@id\":\"https:\/\/luchonoticias.com\/editor\/#\/schema\/person\/image\/\",\"url\":\"https:\/\/luchonoticias.com\/editor\/wp-content\/uploads\/2024\/02\/cropped-cropped-logolu-150x150.webp\",\"contentUrl\":\"https:\/\/luchonoticias.com\/editor\/wp-content\/uploads\/2024\/02\/cropped-cropped-logolu-150x150.webp\",\"caption\":\"Editor General\"},\"sameAs\":[\"https:\/\/luchonoticias.com\/\"],\"url\":\"https:\/\/luchonoticias.com\/editor\/author\/editor-general\/\"}]}<\/script>\n<!-- \/ Yoast SEO plugin. -->","yoast_head_json":{"title":"Trabajos de ornato y embellecimiento en el Parque El Caracol\u00ed -","robots":{"index":"index","follow":"follow","max-snippet":"max-snippet:-1","max-image-preview":"max-image-preview:large","max-video-preview":"max-video-preview:-1"},"canonical":"https:\/\/luchonoticias.com\/editor\/trabajos-de-ornato-y-embellecimiento-en-el-parque-el-caracoli\/","og_locale":"es_ES","og_type":"article","og_title":"Trabajos de ornato y embellecimiento en el Parque El Caracol\u00ed -","og_url":"https:\/\/luchonoticias.com\/editor\/trabajos-de-ornato-y-embellecimiento-en-el-parque-el-caracoli\/","article_publisher":"https:\/\/www.facebook.com\/luchonoticiasneiva","article_published_time":"2024-04-22T01:42:27+00:00","og_image":[{"width":700,"height":400,"url":"https:\/\/luchonoticias.com\/editor\/wp-content\/uploads\/2024\/04\/parque-el-caracoli.jpg","type":"image\/jpeg"}],"author":"Editor General","twitter_card":"summary_large_image","twitter_misc":{"Escrito por":"Editor General","Tiempo de lectura":"2 minutos"},"schema":{"@context":"https:\/\/schema.org","@graph":[{"@type":"Article","@id":"https:\/\/luchonoticias.com\/editor\/trabajos-de-ornato-y-embellecimiento-en-el-parque-el-caracoli\/#article","isPartOf":{"@id":"https:\/\/luchonoticias.com\/editor\/trabajos-de-ornato-y-embellecimiento-en-el-parque-el-caracoli\/"},"author":{"name":"Editor General","@id":"https:\/\/luchonoticias.com\/editor\/#\/schema\/person\/29217990ddf6f14e35912b2866d591fb"},"headline":"Trabajos de ornato y embellecimiento en el Parque El Caracol\u00ed","datePublished":"2024-04-22T01:42:27+00:00","mainEntityOfPage":{"@id":"https:\/\/luchonoticias.com\/editor\/trabajos-de-ornato-y-embellecimiento-en-el-parque-el-caracoli\/"},"wordCount":376,"publisher":{"@id":"https:\/\/luchonoticias.com\/editor\/#\/schema\/person\/7a7fd911f58561fd056dbac7b55af9cd"},"image":{"@id":"https:\/\/luchonoticias.com\/editor\/trabajos-de-ornato-y-embellecimiento-en-el-parque-el-caracoli\/#primaryimage"},"thumbnailUrl":"https:\/\/luchonoticias.com\/editor\/wp-content\/uploads\/2024\/04\/parque-el-caracoli.jpg","articleSection":["Local"],"inLanguage":"es"},{"@type":"WebPage","@id":"https:\/\/luchonoticias.com\/editor\/trabajos-de-ornato-y-embellecimiento-en-el-parque-el-caracoli\/","url":"https:\/\/luchonoticias.com\/editor\/trabajos-de-ornato-y-embellecimiento-en-el-parque-el-caracoli\/","name":"Trabajos de ornato y embellecimiento en el Parque El Caracol\u00ed -","isPartOf":{"@id":"https:\/\/luchonoticias.com\/editor\/#website"},"primaryImageOfPage":{"@id":"https:\/\/luchonoticias.com\/editor\/trabajos-de-ornato-y-embellecimiento-en-el-parque-el-caracoli\/#primaryimage"},"image":{"@id":"https:\/\/luchonoticias.com\/editor\/trabajos-de-ornato-y-embellecimiento-en-el-parque-el-caracoli\/#primaryimage"},"thumbnailUrl":"https:\/\/luchonoticias.com\/editor\/wp-content\/uploads\/2024\/04\/parque-el-caracoli.jpg","datePublished":"2024-04-22T01:42:27+00:00","breadcrumb":{"@id":"https:\/\/luchonoticias.com\/editor\/trabajos-de-ornato-y-embellecimiento-en-el-parque-el-caracoli\/#breadcrumb"},"inLanguage":"es","potentialAction":[{"@type":"ReadAction","target":["https:\/\/luchonoticias.com\/editor\/trabajos-de-ornato-y-embellecimiento-en-el-parque-el-caracoli\/"]}]},{"@type":"ImageObject","inLanguage":"es","@id":"https:\/\/luchonoticias.com\/editor\/trabajos-de-ornato-y-embellecimiento-en-el-parque-el-caracoli\/#primaryimage","url":"https:\/\/luchonoticias.com\/editor\/wp-content\/uploads\/2024\/04\/parque-el-caracoli.jpg","contentUrl":"https:\/\/luchonoticias.com\/editor\/wp-content\/uploads\/2024\/04\/parque-el-caracoli.jpg","width":700,"height":400},{"@type":"BreadcrumbList","@id":"https:\/\/luchonoticias.com\/editor\/trabajos-de-ornato-y-embellecimiento-en-el-parque-el-caracoli\/#breadcrumb","itemListElement":[{"@type":"ListItem","position":1,"name":"Portada","item":"https:\/\/luchonoticias.com\/editor\/"},{"@type":"ListItem","position":2,"name":"Trabajos de ornato y embellecimiento en el Parque El Caracol\u00ed"}]},{"@type":"WebSite","@id":"https:\/\/luchonoticias.com\/editor\/#website","url":"https:\/\/luchonoticias.com\/editor\/","name":"","description":"","publisher":{"@id":"https:\/\/luchonoticias.com\/editor\/#\/schema\/person\/7a7fd911f58561fd056dbac7b55af9cd"},"potentialAction":[{"@type":"SearchAction","target":{"@type":"EntryPoint","urlTemplate":"https:\/\/luchonoticias.com\/editor\/?s={search_term_string}"},"query-input":{"@type":"PropertyValueSpecification","valueRequired":true,"valueName":"search_term_string"}}],"inLanguage":"es"},{"@type":["Person","Organization"],"@id":"https:\/\/luchonoticias.com\/editor\/#\/schema\/person\/7a7fd911f58561fd056dbac7b55af9cd","name":"admin","image":{"@type":"ImageObject","inLanguage":"es","@id":"https:\/\/luchonoticias.com\/editor\/#\/schema\/person\/image\/","url":"https:\/\/luchonoticias.com\/editor\/wp-content\/uploads\/2024\/02\/cropped-cropped-logolu.webp","contentUrl":"https:\/\/luchonoticias.com\/editor\/wp-content\/uploads\/2024\/02\/cropped-cropped-logolu.webp","width":382,"height":170,"caption":"admin"},"logo":{"@id":"https:\/\/luchonoticias.com\/editor\/#\/schema\/person\/image\/"},"sameAs":["https:\/\/www.facebook.com\/luchonoticiasneiva"]},{"@type":"Person","@id":"https:\/\/luchonoticias.com\/editor\/#\/schema\/person\/29217990ddf6f14e35912b2866d591fb","name":"Editor General","image":{"@type":"ImageObject","inLanguage":"es","@id":"https:\/\/luchonoticias.com\/editor\/#\/schema\/person\/image\/","url":"https:\/\/luchonoticias.com\/editor\/wp-content\/uploads\/2024\/02\/cropped-cropped-logolu-150x150.webp","contentUrl":"https:\/\/luchonoticias.com\/editor\/wp-content\/uploads\/2024\/02\/cropped-cropped-logolu-150x150.webp","caption":"Editor General"},"sameAs":["https:\/\/luchonoticias.com\/"],"url":"https:\/\/luchonoticias.com\/editor\/author\/editor-general\/"}]}},"_links":{"self":[{"href":"https:\/\/luchonoticias.com\/editor\/wp-json\/wp\/v2\/posts\/72323","targetHints":{"allow":["GET"]}}],"collection":[{"href":"https:\/\/luchonoticias.com\/editor\/wp-json\/wp\/v2\/posts"}],"about":[{"href":"https:\/\/luchonoticias.com\/editor\/wp-json\/wp\/v2\/types\/post"}],"author":[{"embeddable":true,"href":"https:\/\/luchonoticias.com\/editor\/wp-json\/wp\/v2\/users\/2"}],"replies":[{"embeddable":true,"href":"https:\/\/luchonoticias.com\/editor\/wp-json\/wp\/v2\/comments?post=72323"}],"version-history":[{"count":0,"href":"https:\/\/luchonoticias.com\/editor\/wp-json\/wp\/v2\/posts\/72323\/revisions"}],"wp:featuredmedia":[{"embeddable":true,"href":"https:\/\/luchonoticias.com\/editor\/wp-json\/wp\/v2\/media\/72324"}],"wp:attachment":[{"href":"https:\/\/luchonoticias.com\/editor\/wp-json\/wp\/v2\/media?parent=72323"}],"wp:term":[{"taxonomy":"category","embeddable":true,"href":"https:\/\/luchonoticias.com\/editor\/wp-json\/wp\/v2\/categories?post=72323"},{"taxonomy":"post_tag","embeddable":true,"href":"https:\/\/luchonoticias.com\/editor\/wp-json\/wp\/v2\/tags?post=72323"}],"curies":[{"name":"wp","href":"https:\/\/api.w.org\/{rel}","templated":true}]}}