{"id":72332,"date":"2024-04-22T05:29:55","date_gmt":"2024-04-22T10:29:55","guid":{"rendered":"https:\/\/luchonoticias.com\/?p=72332"},"modified":"2024-04-22T05:29:55","modified_gmt":"2024-04-22T10:29:55","slug":"procuraduria-abre-nueva-investigacion-disciplinaria-contra-el-ex-alcalde-de-neiva","status":"publish","type":"post","link":"https:\/\/luchonoticias.com\/editor\/procuraduria-abre-nueva-investigacion-disciplinaria-contra-el-ex-alcalde-de-neiva\/","title":{"rendered":"Procuradur\u00eda abre nueva investigaci\u00f3n disciplinaria contra el ex alcalde de Neiva"},"content":{"rendered":"<div>La\u00a0<strong>Procuradur\u00eda General de la Naci\u00f3n<\/strong>\u00a0orden\u00f3 la apertura de una investigaci\u00f3n disciplinaria contra\u00a0<strong>el exalcalde de Neiva, Huila, Gorky Mu\u00f1oz Calder\u00f3n (2020 \u2013 2023)<\/strong>, por presuntas irregularidades en la asignaci\u00f3n al emporio Hilsaca del\u00a0<strong>contrato para actualizar el catastro municipal.<\/strong><\/div>\n<div><\/div>\n<div><strong>La Segunda Delegada para la Contrataci\u00f3n Estatal\u00a0<\/strong>adujo que, al parecer, el exmandatario celebr\u00f3 un\u00a0<strong>convenio para actualizar y administrar el catastro durante 15 a\u00f1os,\u00a0<\/strong>para lo que\u00a0<strong>argument\u00f3 una mejora en el recaudo presupuestal,\u00a0<\/strong>y se comprometi\u00f3 a devolver la inversi\u00f3n inicial, intereses y<strong>\u00a0otros rubros que sumar\u00edan m\u00e1s de $100 mil millones.\u00a0 \u00a0<\/strong><\/div>\n<div><\/div>\n<div>Por otro lado,\u00a0<strong>Mu\u00f1oz Calder\u00f3n habr\u00eda omitido tener en cuenta el Plan de Desarrollo<\/strong>\u00a0en el que manifest\u00f3 la disposici\u00f3n de cofinanciar a los municipios que\u00a0<strong>solicitaran recursos para el mismo prop\u00f3sito.<\/strong><\/div>\n<div><\/div>\n<div>Para el<strong>\u00a0Ente de control\u00a0<\/strong>el entonces alcalde de Neiva pudo incurrir en una presunta irregularidad con<strong>\u00a0la suscripci\u00f3n del negocio jur\u00eddico mediante la modalidad de convenio<\/strong>\u00a0interadministrativo, ya que debi\u00f3 adelantar un proceso acorde con la cuant\u00eda y el objeto contratado.<\/div>\n<div><\/div>\n<div><strong>Con esta etapa procesal\u00a0<\/strong>y la solicitud de pruebas que se hizo la Entidad busca verificar la ocurrencia de<strong>\u00a0los hechos denunciados, determinar<\/strong>\u00a0si son constitutivos de falta disciplinaria; y definir si los implicados actuaron o no al amparo de una causal de<strong>\u00a0exclusi\u00f3n de responsabilidad.<\/strong><\/div>\n","protected":false},"excerpt":{"rendered":"<p>La\u00a0Procuradur\u00eda General de la Naci\u00f3n\u00a0orden\u00f3 la apertura de una investigaci\u00f3n disciplinaria contra\u00a0el exalcalde de Neiva, Huila, Gorky Mu\u00f1oz Calder\u00f3n (2020 \u2013 2023), por presuntas irregularidades en la asignaci\u00f3n al emporio Hilsaca del\u00a0contrato para actualizar el catastro municipal. La Segunda Delegada para la Contrataci\u00f3n Estatal\u00a0adujo que, al parecer, el exmandatario celebr\u00f3 un\u00a0convenio para actualizar y administrar [&hellip;]<\/p>\n","protected":false},"author":2,"featured_media":72333,"comment_status":"closed","ping_status":"open","sticky":false,"template":"","format":"standard","meta":{"footnotes":""},"categories":[31],"tags":[],"class_list":["post-72332","post","type-post","status-publish","format-standard","has-post-thumbnail","hentry","category-local"],"yoast_head":"<!-- This site is optimized with the Yoast SEO plugin v26.6 - https:\/\/yoast.com\/wordpress\/plugins\/seo\/ -->\n<title>Procuradur\u00eda abre nueva investigaci\u00f3n disciplinaria contra el ex alcalde de Neiva -<\/title>\n<meta name=\"robots\" content=\"index, follow, max-snippet:-1, max-image-preview:large, max-video-preview:-1\" \/>\n<link rel=\"canonical\" href=\"https:\/\/luchonoticias.com\/editor\/procuraduria-abre-nueva-investigacion-disciplinaria-contra-el-ex-alcalde-de-neiva\/\" \/>\n<meta property=\"og:locale\" content=\"es_ES\" \/>\n<meta property=\"og:type\" content=\"article\" \/>\n<meta property=\"og:title\" content=\"Procuradur\u00eda abre nueva investigaci\u00f3n disciplinaria contra el ex alcalde de Neiva -\" \/>\n<meta property=\"og:url\" content=\"https:\/\/luchonoticias.com\/editor\/procuraduria-abre-nueva-investigacion-disciplinaria-contra-el-ex-alcalde-de-neiva\/\" \/>\n<meta property=\"article:publisher\" content=\"https:\/\/www.facebook.com\/luchonoticiasneiva\" \/>\n<meta property=\"article:published_time\" content=\"2024-04-22T10:29:55+00:00\" \/>\n<meta property=\"og:image\" content=\"https:\/\/luchonoticias.com\/editor\/wp-content\/uploads\/2024\/04\/contratacion.jpg\" \/>\n\t<meta property=\"og:image:width\" content=\"700\" \/>\n\t<meta property=\"og:image:height\" content=\"400\" \/>\n\t<meta property=\"og:image:type\" content=\"image\/jpeg\" \/>\n<meta name=\"author\" content=\"Editor General\" \/>\n<meta name=\"twitter:card\" content=\"summary_large_image\" \/>\n<meta name=\"twitter:label1\" content=\"Escrito por\" \/>\n\t<meta name=\"twitter:data1\" content=\"Editor General\" \/>\n\t<meta name=\"twitter:label2\" content=\"Tiempo de lectura\" \/>\n\t<meta name=\"twitter:data2\" content=\"1 minuto\" \/>\n<script type=\"application\/ld+json\" class=\"yoast-schema-graph\">{\"@context\":\"https:\/\/schema.org\",\"@graph\":[{\"@type\":\"Article\",\"@id\":\"https:\/\/luchonoticias.com\/editor\/procuraduria-abre-nueva-investigacion-disciplinaria-contra-el-ex-alcalde-de-neiva\/#article\",\"isPartOf\":{\"@id\":\"https:\/\/luchonoticias.com\/editor\/procuraduria-abre-nueva-investigacion-disciplinaria-contra-el-ex-alcalde-de-neiva\/\"},\"author\":{\"name\":\"Editor General\",\"@id\":\"https:\/\/luchonoticias.com\/editor\/#\/schema\/person\/29217990ddf6f14e35912b2866d591fb\"},\"headline\":\"Procuradur\u00eda abre nueva investigaci\u00f3n disciplinaria contra el ex alcalde de Neiva\",\"datePublished\":\"2024-04-22T10:29:55+00:00\",\"mainEntityOfPage\":{\"@id\":\"https:\/\/luchonoticias.com\/editor\/procuraduria-abre-nueva-investigacion-disciplinaria-contra-el-ex-alcalde-de-neiva\/\"},\"wordCount\":243,\"publisher\":{\"@id\":\"https:\/\/luchonoticias.com\/editor\/#\/schema\/person\/7a7fd911f58561fd056dbac7b55af9cd\"},\"image\":{\"@id\":\"https:\/\/luchonoticias.com\/editor\/procuraduria-abre-nueva-investigacion-disciplinaria-contra-el-ex-alcalde-de-neiva\/#primaryimage\"},\"thumbnailUrl\":\"https:\/\/luchonoticias.com\/editor\/wp-content\/uploads\/2024\/04\/contratacion.jpg\",\"articleSection\":[\"Local\"],\"inLanguage\":\"es\"},{\"@type\":\"WebPage\",\"@id\":\"https:\/\/luchonoticias.com\/editor\/procuraduria-abre-nueva-investigacion-disciplinaria-contra-el-ex-alcalde-de-neiva\/\",\"url\":\"https:\/\/luchonoticias.com\/editor\/procuraduria-abre-nueva-investigacion-disciplinaria-contra-el-ex-alcalde-de-neiva\/\",\"name\":\"Procuradur\u00eda abre nueva investigaci\u00f3n disciplinaria contra el ex alcalde de Neiva -\",\"isPartOf\":{\"@id\":\"https:\/\/luchonoticias.com\/editor\/#website\"},\"primaryImageOfPage\":{\"@id\":\"https:\/\/luchonoticias.com\/editor\/procuraduria-abre-nueva-investigacion-disciplinaria-contra-el-ex-alcalde-de-neiva\/#primaryimage\"},\"image\":{\"@id\":\"https:\/\/luchonoticias.com\/editor\/procuraduria-abre-nueva-investigacion-disciplinaria-contra-el-ex-alcalde-de-neiva\/#primaryimage\"},\"thumbnailUrl\":\"https:\/\/luchonoticias.com\/editor\/wp-content\/uploads\/2024\/04\/contratacion.jpg\",\"datePublished\":\"2024-04-22T10:29:55+00:00\",\"breadcrumb\":{\"@id\":\"https:\/\/luchonoticias.com\/editor\/procuraduria-abre-nueva-investigacion-disciplinaria-contra-el-ex-alcalde-de-neiva\/#breadcrumb\"},\"inLanguage\":\"es\",\"potentialAction\":[{\"@type\":\"ReadAction\",\"target\":[\"https:\/\/luchonoticias.com\/editor\/procuraduria-abre-nueva-investigacion-disciplinaria-contra-el-ex-alcalde-de-neiva\/\"]}]},{\"@type\":\"ImageObject\",\"inLanguage\":\"es\",\"@id\":\"https:\/\/luchonoticias.com\/editor\/procuraduria-abre-nueva-investigacion-disciplinaria-contra-el-ex-alcalde-de-neiva\/#primaryimage\",\"url\":\"https:\/\/luchonoticias.com\/editor\/wp-content\/uploads\/2024\/04\/contratacion.jpg\",\"contentUrl\":\"https:\/\/luchonoticias.com\/editor\/wp-content\/uploads\/2024\/04\/contratacion.jpg\",\"width\":700,\"height\":400},{\"@type\":\"BreadcrumbList\",\"@id\":\"https:\/\/luchonoticias.com\/editor\/procuraduria-abre-nueva-investigacion-disciplinaria-contra-el-ex-alcalde-de-neiva\/#breadcrumb\",\"itemListElement\":[{\"@type\":\"ListItem\",\"position\":1,\"name\":\"Portada\",\"item\":\"https:\/\/luchonoticias.com\/editor\/\"},{\"@type\":\"ListItem\",\"position\":2,\"name\":\"Procuradur\u00eda abre nueva investigaci\u00f3n disciplinaria contra el ex alcalde de Neiva\"}]},{\"@type\":\"WebSite\",\"@id\":\"https:\/\/luchonoticias.com\/editor\/#website\",\"url\":\"https:\/\/luchonoticias.com\/editor\/\",\"name\":\"\",\"description\":\"\",\"publisher\":{\"@id\":\"https:\/\/luchonoticias.com\/editor\/#\/schema\/person\/7a7fd911f58561fd056dbac7b55af9cd\"},\"potentialAction\":[{\"@type\":\"SearchAction\",\"target\":{\"@type\":\"EntryPoint\",\"urlTemplate\":\"https:\/\/luchonoticias.com\/editor\/?s={search_term_string}\"},\"query-input\":{\"@type\":\"PropertyValueSpecification\",\"valueRequired\":true,\"valueName\":\"search_term_string\"}}],\"inLanguage\":\"es\"},{\"@type\":[\"Person\",\"Organization\"],\"@id\":\"https:\/\/luchonoticias.com\/editor\/#\/schema\/person\/7a7fd911f58561fd056dbac7b55af9cd\",\"name\":\"admin\",\"image\":{\"@type\":\"ImageObject\",\"inLanguage\":\"es\",\"@id\":\"https:\/\/luchonoticias.com\/editor\/#\/schema\/person\/image\/\",\"url\":\"https:\/\/luchonoticias.com\/editor\/wp-content\/uploads\/2024\/02\/cropped-cropped-logolu.webp\",\"contentUrl\":\"https:\/\/luchonoticias.com\/editor\/wp-content\/uploads\/2024\/02\/cropped-cropped-logolu.webp\",\"width\":382,\"height\":170,\"caption\":\"admin\"},\"logo\":{\"@id\":\"https:\/\/luchonoticias.com\/editor\/#\/schema\/person\/image\/\"},\"sameAs\":[\"https:\/\/www.facebook.com\/luchonoticiasneiva\"]},{\"@type\":\"Person\",\"@id\":\"https:\/\/luchonoticias.com\/editor\/#\/schema\/person\/29217990ddf6f14e35912b2866d591fb\",\"name\":\"Editor General\",\"image\":{\"@type\":\"ImageObject\",\"inLanguage\":\"es\",\"@id\":\"https:\/\/luchonoticias.com\/editor\/#\/schema\/person\/image\/\",\"url\":\"https:\/\/luchonoticias.com\/editor\/wp-content\/uploads\/2024\/02\/cropped-cropped-logolu-150x150.webp\",\"contentUrl\":\"https:\/\/luchonoticias.com\/editor\/wp-content\/uploads\/2024\/02\/cropped-cropped-logolu-150x150.webp\",\"caption\":\"Editor General\"},\"sameAs\":[\"https:\/\/luchonoticias.com\/\"],\"url\":\"https:\/\/luchonoticias.com\/editor\/author\/editor-general\/\"}]}<\/script>\n<!-- \/ Yoast SEO plugin. -->","yoast_head_json":{"title":"Procuradur\u00eda abre nueva investigaci\u00f3n disciplinaria contra el ex alcalde de Neiva -","robots":{"index":"index","follow":"follow","max-snippet":"max-snippet:-1","max-image-preview":"max-image-preview:large","max-video-preview":"max-video-preview:-1"},"canonical":"https:\/\/luchonoticias.com\/editor\/procuraduria-abre-nueva-investigacion-disciplinaria-contra-el-ex-alcalde-de-neiva\/","og_locale":"es_ES","og_type":"article","og_title":"Procuradur\u00eda abre nueva investigaci\u00f3n disciplinaria contra el ex alcalde de Neiva -","og_url":"https:\/\/luchonoticias.com\/editor\/procuraduria-abre-nueva-investigacion-disciplinaria-contra-el-ex-alcalde-de-neiva\/","article_publisher":"https:\/\/www.facebook.com\/luchonoticiasneiva","article_published_time":"2024-04-22T10:29:55+00:00","og_image":[{"width":700,"height":400,"url":"https:\/\/luchonoticias.com\/editor\/wp-content\/uploads\/2024\/04\/contratacion.jpg","type":"image\/jpeg"}],"author":"Editor General","twitter_card":"summary_large_image","twitter_misc":{"Escrito por":"Editor General","Tiempo de lectura":"1 minuto"},"schema":{"@context":"https:\/\/schema.org","@graph":[{"@type":"Article","@id":"https:\/\/luchonoticias.com\/editor\/procuraduria-abre-nueva-investigacion-disciplinaria-contra-el-ex-alcalde-de-neiva\/#article","isPartOf":{"@id":"https:\/\/luchonoticias.com\/editor\/procuraduria-abre-nueva-investigacion-disciplinaria-contra-el-ex-alcalde-de-neiva\/"},"author":{"name":"Editor General","@id":"https:\/\/luchonoticias.com\/editor\/#\/schema\/person\/29217990ddf6f14e35912b2866d591fb"},"headline":"Procuradur\u00eda abre nueva investigaci\u00f3n disciplinaria contra el ex alcalde de Neiva","datePublished":"2024-04-22T10:29:55+00:00","mainEntityOfPage":{"@id":"https:\/\/luchonoticias.com\/editor\/procuraduria-abre-nueva-investigacion-disciplinaria-contra-el-ex-alcalde-de-neiva\/"},"wordCount":243,"publisher":{"@id":"https:\/\/luchonoticias.com\/editor\/#\/schema\/person\/7a7fd911f58561fd056dbac7b55af9cd"},"image":{"@id":"https:\/\/luchonoticias.com\/editor\/procuraduria-abre-nueva-investigacion-disciplinaria-contra-el-ex-alcalde-de-neiva\/#primaryimage"},"thumbnailUrl":"https:\/\/luchonoticias.com\/editor\/wp-content\/uploads\/2024\/04\/contratacion.jpg","articleSection":["Local"],"inLanguage":"es"},{"@type":"WebPage","@id":"https:\/\/luchonoticias.com\/editor\/procuraduria-abre-nueva-investigacion-disciplinaria-contra-el-ex-alcalde-de-neiva\/","url":"https:\/\/luchonoticias.com\/editor\/procuraduria-abre-nueva-investigacion-disciplinaria-contra-el-ex-alcalde-de-neiva\/","name":"Procuradur\u00eda abre nueva investigaci\u00f3n disciplinaria contra el ex alcalde de Neiva -","isPartOf":{"@id":"https:\/\/luchonoticias.com\/editor\/#website"},"primaryImageOfPage":{"@id":"https:\/\/luchonoticias.com\/editor\/procuraduria-abre-nueva-investigacion-disciplinaria-contra-el-ex-alcalde-de-neiva\/#primaryimage"},"image":{"@id":"https:\/\/luchonoticias.com\/editor\/procuraduria-abre-nueva-investigacion-disciplinaria-contra-el-ex-alcalde-de-neiva\/#primaryimage"},"thumbnailUrl":"https:\/\/luchonoticias.com\/editor\/wp-content\/uploads\/2024\/04\/contratacion.jpg","datePublished":"2024-04-22T10:29:55+00:00","breadcrumb":{"@id":"https:\/\/luchonoticias.com\/editor\/procuraduria-abre-nueva-investigacion-disciplinaria-contra-el-ex-alcalde-de-neiva\/#breadcrumb"},"inLanguage":"es","potentialAction":[{"@type":"ReadAction","target":["https:\/\/luchonoticias.com\/editor\/procuraduria-abre-nueva-investigacion-disciplinaria-contra-el-ex-alcalde-de-neiva\/"]}]},{"@type":"ImageObject","inLanguage":"es","@id":"https:\/\/luchonoticias.com\/editor\/procuraduria-abre-nueva-investigacion-disciplinaria-contra-el-ex-alcalde-de-neiva\/#primaryimage","url":"https:\/\/luchonoticias.com\/editor\/wp-content\/uploads\/2024\/04\/contratacion.jpg","contentUrl":"https:\/\/luchonoticias.com\/editor\/wp-content\/uploads\/2024\/04\/contratacion.jpg","width":700,"height":400},{"@type":"BreadcrumbList","@id":"https:\/\/luchonoticias.com\/editor\/procuraduria-abre-nueva-investigacion-disciplinaria-contra-el-ex-alcalde-de-neiva\/#breadcrumb","itemListElement":[{"@type":"ListItem","position":1,"name":"Portada","item":"https:\/\/luchonoticias.com\/editor\/"},{"@type":"ListItem","position":2,"name":"Procuradur\u00eda abre nueva investigaci\u00f3n disciplinaria contra el ex alcalde de Neiva"}]},{"@type":"WebSite","@id":"https:\/\/luchonoticias.com\/editor\/#website","url":"https:\/\/luchonoticias.com\/editor\/","name":"","description":"","publisher":{"@id":"https:\/\/luchonoticias.com\/editor\/#\/schema\/person\/7a7fd911f58561fd056dbac7b55af9cd"},"potentialAction":[{"@type":"SearchAction","target":{"@type":"EntryPoint","urlTemplate":"https:\/\/luchonoticias.com\/editor\/?s={search_term_string}"},"query-input":{"@type":"PropertyValueSpecification","valueRequired":true,"valueName":"search_term_string"}}],"inLanguage":"es"},{"@type":["Person","Organization"],"@id":"https:\/\/luchonoticias.com\/editor\/#\/schema\/person\/7a7fd911f58561fd056dbac7b55af9cd","name":"admin","image":{"@type":"ImageObject","inLanguage":"es","@id":"https:\/\/luchonoticias.com\/editor\/#\/schema\/person\/image\/","url":"https:\/\/luchonoticias.com\/editor\/wp-content\/uploads\/2024\/02\/cropped-cropped-logolu.webp","contentUrl":"https:\/\/luchonoticias.com\/editor\/wp-content\/uploads\/2024\/02\/cropped-cropped-logolu.webp","width":382,"height":170,"caption":"admin"},"logo":{"@id":"https:\/\/luchonoticias.com\/editor\/#\/schema\/person\/image\/"},"sameAs":["https:\/\/www.facebook.com\/luchonoticiasneiva"]},{"@type":"Person","@id":"https:\/\/luchonoticias.com\/editor\/#\/schema\/person\/29217990ddf6f14e35912b2866d591fb","name":"Editor General","image":{"@type":"ImageObject","inLanguage":"es","@id":"https:\/\/luchonoticias.com\/editor\/#\/schema\/person\/image\/","url":"https:\/\/luchonoticias.com\/editor\/wp-content\/uploads\/2024\/02\/cropped-cropped-logolu-150x150.webp","contentUrl":"https:\/\/luchonoticias.com\/editor\/wp-content\/uploads\/2024\/02\/cropped-cropped-logolu-150x150.webp","caption":"Editor General"},"sameAs":["https:\/\/luchonoticias.com\/"],"url":"https:\/\/luchonoticias.com\/editor\/author\/editor-general\/"}]}},"_links":{"self":[{"href":"https:\/\/luchonoticias.com\/editor\/wp-json\/wp\/v2\/posts\/72332","targetHints":{"allow":["GET"]}}],"collection":[{"href":"https:\/\/luchonoticias.com\/editor\/wp-json\/wp\/v2\/posts"}],"about":[{"href":"https:\/\/luchonoticias.com\/editor\/wp-json\/wp\/v2\/types\/post"}],"author":[{"embeddable":true,"href":"https:\/\/luchonoticias.com\/editor\/wp-json\/wp\/v2\/users\/2"}],"replies":[{"embeddable":true,"href":"https:\/\/luchonoticias.com\/editor\/wp-json\/wp\/v2\/comments?post=72332"}],"version-history":[{"count":0,"href":"https:\/\/luchonoticias.com\/editor\/wp-json\/wp\/v2\/posts\/72332\/revisions"}],"wp:featuredmedia":[{"embeddable":true,"href":"https:\/\/luchonoticias.com\/editor\/wp-json\/wp\/v2\/media\/72333"}],"wp:attachment":[{"href":"https:\/\/luchonoticias.com\/editor\/wp-json\/wp\/v2\/media?parent=72332"}],"wp:term":[{"taxonomy":"category","embeddable":true,"href":"https:\/\/luchonoticias.com\/editor\/wp-json\/wp\/v2\/categories?post=72332"},{"taxonomy":"post_tag","embeddable":true,"href":"https:\/\/luchonoticias.com\/editor\/wp-json\/wp\/v2\/tags?post=72332"}],"curies":[{"name":"wp","href":"https:\/\/api.w.org\/{rel}","templated":true}]}}