{"id":72341,"date":"2024-04-22T11:24:36","date_gmt":"2024-04-22T16:24:36","guid":{"rendered":"https:\/\/luchonoticias.com\/?p=72341"},"modified":"2024-04-22T11:24:36","modified_gmt":"2024-04-22T16:24:36","slug":"como-va-el-avance-de-las-vias-4g-en-el-pais","status":"publish","type":"post","link":"https:\/\/luchonoticias.com\/editor\/como-va-el-avance-de-las-vias-4g-en-el-pais\/","title":{"rendered":"\u00bfC\u00f3mo va el avance de las v\u00edas 4G en el pa\u00eds?"},"content":{"rendered":"<p>En materia de inversi\u00f3n, se han inyectado a la econom\u00eda en CAPEX, cerca de $63.53 billones de pesos (precios de referencia de diciembre de 2023) y cerca de $63.37 billones de pesos en OPEX (precios de referencia de diciembre de 2023) para las obras 4G en el pa\u00eds. A la fecha, el promedio de ejecuci\u00f3n de los 28 proyectos en fase de construcci\u00f3n es del 80%, mientras que los 2 restantes se encuentran en preconstrucci\u00f3n.<\/p>\n<p>\u201c<em>Hoy<\/em>\u00a0<em>estamos<\/em>\u00a0<em>activando<\/em>\u00a0<em>una<\/em>\u00a0<em>de<\/em>\u00a0<em>las unidades funcionales del proyecto Bucaramanga \u2013 Barranca<\/em><\/p>\n<p><em>\u2013 Yondo que hace parte de este ambicioso programa de Cuarta Generaci\u00f3n que a la fecha tiene una inversi\u00f3n de $126 billones (Capex y Opex), generando alrededor de 170 mil empleos directos e indirectos en el pa\u00eds, y que dinamizan la econom\u00eda con el portafolio de 7.200 kil\u00f3metros que administra la Agencia Nacional de Infraestructura<\/em>\u201d, explic\u00f3 el Ministro de Transporte, Ing. William Camargo Triana.<\/p>\n<p>Es de anotar que, actualmente, 10 proyectos de cuarta generaci\u00f3n registran un avance superior al 90% en su fase de construcci\u00f3n, por lo que se espera que estos proyectos inicien la etapa de operaci\u00f3n y mantenimiento durante los a\u00f1os 2024, 2025 y 2026. De estos 10 proyectos, 3 entrar\u00edan en operaci\u00f3n en el transcurso del 2024, correspondientes a la IP Cambao \u2013 Manizales, Pamplona \u2013 C\u00facuta y Autopista Conexi\u00f3n Pac\u00edfico 3.<\/p>\n<p>As\u00ed mismo, se espera que los proyectos de Quinta Generaci\u00f3n al finalizar el 2024, puedan iniciar la fase de construcci\u00f3n. Estos son las Troncales del Magdalena C1 \u201cPuerto Salgar \u2013 Barrancabermeja\u201d, C2 \u201cSabana de Torres \u2013 Curuman\u00ed\u201d, Nueva Malla Vial del Valle del Cauca: Corredor: Buenaventura \u2013 Loboguerrero \u2013 Buga, Avenida Longitudinal de Occidente Tramo Sur (ALO Sur) y Accesos Norte Fase II.<\/p>\n<p>Es de destacar que recientemente las Trocales del Magdalena 1 y 2, claves para conectar el interior del pa\u00eds con la Costa Caribe, lograron su cierre financiero, lo cual garantiza su consolidaci\u00f3n y se cumple uno de los requisitos previos con miras al inicio de la fase de construcci\u00f3n de los proyectos.<\/p>\n<p>\u201c<em>Fortalecer la infraestructura principal, las v\u00edas por las cuales se conecta la competitividad del pa\u00eds, con los puertos y con las zonas del interior, nos permitir\u00e1 recaudar recursos bajo el esquema de valorizaci\u00f3n. Con estos mecanismos esperamos ampliar la cobertura de las inversiones del Estado y garantizar conectividad, oportunidades, resiliencia y generaci\u00f3n de nuevos proyectos en otras partes del pa\u00eds que no han tenido la inversi\u00f3n de este paquete de cuarta y quinta generaci\u00f3n<\/em>\u201d, concluy\u00f3 el Ministro.<\/p>\n","protected":false},"excerpt":{"rendered":"<p>En materia de inversi\u00f3n, se han inyectado a la econom\u00eda en CAPEX, cerca de $63.53 billones de pesos (precios de referencia de diciembre de 2023) y cerca de $63.37 billones de pesos en OPEX (precios de referencia de diciembre de 2023) para las obras 4G en el pa\u00eds. A la fecha, el promedio de ejecuci\u00f3n [&hellip;]<\/p>\n","protected":false},"author":2,"featured_media":72342,"comment_status":"closed","ping_status":"open","sticky":false,"template":"","format":"standard","meta":{"footnotes":""},"categories":[28],"tags":[],"class_list":["post-72341","post","type-post","status-publish","format-standard","has-post-thumbnail","hentry","category-actualidad"],"yoast_head":"<!-- This site is optimized with the Yoast SEO plugin v26.6 - https:\/\/yoast.com\/wordpress\/plugins\/seo\/ -->\n<title>\u00bfC\u00f3mo va el avance de las v\u00edas 4G en el pa\u00eds? -<\/title>\n<meta name=\"robots\" content=\"index, follow, max-snippet:-1, max-image-preview:large, max-video-preview:-1\" \/>\n<link rel=\"canonical\" href=\"https:\/\/luchonoticias.com\/editor\/como-va-el-avance-de-las-vias-4g-en-el-pais\/\" \/>\n<meta property=\"og:locale\" content=\"es_ES\" \/>\n<meta property=\"og:type\" content=\"article\" \/>\n<meta property=\"og:title\" content=\"\u00bfC\u00f3mo va el avance de las v\u00edas 4G en el pa\u00eds? -\" \/>\n<meta property=\"og:url\" content=\"https:\/\/luchonoticias.com\/editor\/como-va-el-avance-de-las-vias-4g-en-el-pais\/\" \/>\n<meta property=\"article:publisher\" content=\"https:\/\/www.facebook.com\/luchonoticiasneiva\" \/>\n<meta property=\"article:published_time\" content=\"2024-04-22T16:24:36+00:00\" \/>\n<meta property=\"og:image\" content=\"https:\/\/luchonoticias.com\/editor\/wp-content\/uploads\/2024\/04\/vias-1.jpg\" \/>\n\t<meta property=\"og:image:width\" content=\"700\" \/>\n\t<meta property=\"og:image:height\" content=\"400\" \/>\n\t<meta property=\"og:image:type\" content=\"image\/jpeg\" \/>\n<meta name=\"author\" content=\"Editor General\" \/>\n<meta name=\"twitter:card\" content=\"summary_large_image\" \/>\n<meta name=\"twitter:label1\" content=\"Escrito por\" \/>\n\t<meta name=\"twitter:data1\" content=\"Editor General\" \/>\n\t<meta name=\"twitter:label2\" content=\"Tiempo de lectura\" \/>\n\t<meta name=\"twitter:data2\" content=\"2 minutos\" \/>\n<script type=\"application\/ld+json\" class=\"yoast-schema-graph\">{\"@context\":\"https:\/\/schema.org\",\"@graph\":[{\"@type\":\"Article\",\"@id\":\"https:\/\/luchonoticias.com\/editor\/como-va-el-avance-de-las-vias-4g-en-el-pais\/#article\",\"isPartOf\":{\"@id\":\"https:\/\/luchonoticias.com\/editor\/como-va-el-avance-de-las-vias-4g-en-el-pais\/\"},\"author\":{\"name\":\"Editor General\",\"@id\":\"https:\/\/luchonoticias.com\/editor\/#\/schema\/person\/29217990ddf6f14e35912b2866d591fb\"},\"headline\":\"\u00bfC\u00f3mo va el avance de las v\u00edas 4G en el pa\u00eds?\",\"datePublished\":\"2024-04-22T16:24:36+00:00\",\"mainEntityOfPage\":{\"@id\":\"https:\/\/luchonoticias.com\/editor\/como-va-el-avance-de-las-vias-4g-en-el-pais\/\"},\"wordCount\":431,\"publisher\":{\"@id\":\"https:\/\/luchonoticias.com\/editor\/#\/schema\/person\/7a7fd911f58561fd056dbac7b55af9cd\"},\"image\":{\"@id\":\"https:\/\/luchonoticias.com\/editor\/como-va-el-avance-de-las-vias-4g-en-el-pais\/#primaryimage\"},\"thumbnailUrl\":\"https:\/\/luchonoticias.com\/editor\/wp-content\/uploads\/2024\/04\/vias-1.jpg\",\"articleSection\":[\"Actualidad\"],\"inLanguage\":\"es\"},{\"@type\":\"WebPage\",\"@id\":\"https:\/\/luchonoticias.com\/editor\/como-va-el-avance-de-las-vias-4g-en-el-pais\/\",\"url\":\"https:\/\/luchonoticias.com\/editor\/como-va-el-avance-de-las-vias-4g-en-el-pais\/\",\"name\":\"\u00bfC\u00f3mo va el avance de las v\u00edas 4G en el pa\u00eds? -\",\"isPartOf\":{\"@id\":\"https:\/\/luchonoticias.com\/editor\/#website\"},\"primaryImageOfPage\":{\"@id\":\"https:\/\/luchonoticias.com\/editor\/como-va-el-avance-de-las-vias-4g-en-el-pais\/#primaryimage\"},\"image\":{\"@id\":\"https:\/\/luchonoticias.com\/editor\/como-va-el-avance-de-las-vias-4g-en-el-pais\/#primaryimage\"},\"thumbnailUrl\":\"https:\/\/luchonoticias.com\/editor\/wp-content\/uploads\/2024\/04\/vias-1.jpg\",\"datePublished\":\"2024-04-22T16:24:36+00:00\",\"breadcrumb\":{\"@id\":\"https:\/\/luchonoticias.com\/editor\/como-va-el-avance-de-las-vias-4g-en-el-pais\/#breadcrumb\"},\"inLanguage\":\"es\",\"potentialAction\":[{\"@type\":\"ReadAction\",\"target\":[\"https:\/\/luchonoticias.com\/editor\/como-va-el-avance-de-las-vias-4g-en-el-pais\/\"]}]},{\"@type\":\"ImageObject\",\"inLanguage\":\"es\",\"@id\":\"https:\/\/luchonoticias.com\/editor\/como-va-el-avance-de-las-vias-4g-en-el-pais\/#primaryimage\",\"url\":\"https:\/\/luchonoticias.com\/editor\/wp-content\/uploads\/2024\/04\/vias-1.jpg\",\"contentUrl\":\"https:\/\/luchonoticias.com\/editor\/wp-content\/uploads\/2024\/04\/vias-1.jpg\",\"width\":700,\"height\":400},{\"@type\":\"BreadcrumbList\",\"@id\":\"https:\/\/luchonoticias.com\/editor\/como-va-el-avance-de-las-vias-4g-en-el-pais\/#breadcrumb\",\"itemListElement\":[{\"@type\":\"ListItem\",\"position\":1,\"name\":\"Portada\",\"item\":\"https:\/\/luchonoticias.com\/editor\/\"},{\"@type\":\"ListItem\",\"position\":2,\"name\":\"\u00bfC\u00f3mo va el avance de las v\u00edas 4G en el pa\u00eds?\"}]},{\"@type\":\"WebSite\",\"@id\":\"https:\/\/luchonoticias.com\/editor\/#website\",\"url\":\"https:\/\/luchonoticias.com\/editor\/\",\"name\":\"\",\"description\":\"\",\"publisher\":{\"@id\":\"https:\/\/luchonoticias.com\/editor\/#\/schema\/person\/7a7fd911f58561fd056dbac7b55af9cd\"},\"potentialAction\":[{\"@type\":\"SearchAction\",\"target\":{\"@type\":\"EntryPoint\",\"urlTemplate\":\"https:\/\/luchonoticias.com\/editor\/?s={search_term_string}\"},\"query-input\":{\"@type\":\"PropertyValueSpecification\",\"valueRequired\":true,\"valueName\":\"search_term_string\"}}],\"inLanguage\":\"es\"},{\"@type\":[\"Person\",\"Organization\"],\"@id\":\"https:\/\/luchonoticias.com\/editor\/#\/schema\/person\/7a7fd911f58561fd056dbac7b55af9cd\",\"name\":\"admin\",\"image\":{\"@type\":\"ImageObject\",\"inLanguage\":\"es\",\"@id\":\"https:\/\/luchonoticias.com\/editor\/#\/schema\/person\/image\/\",\"url\":\"https:\/\/luchonoticias.com\/editor\/wp-content\/uploads\/2024\/02\/cropped-cropped-logolu.webp\",\"contentUrl\":\"https:\/\/luchonoticias.com\/editor\/wp-content\/uploads\/2024\/02\/cropped-cropped-logolu.webp\",\"width\":382,\"height\":170,\"caption\":\"admin\"},\"logo\":{\"@id\":\"https:\/\/luchonoticias.com\/editor\/#\/schema\/person\/image\/\"},\"sameAs\":[\"https:\/\/www.facebook.com\/luchonoticiasneiva\"]},{\"@type\":\"Person\",\"@id\":\"https:\/\/luchonoticias.com\/editor\/#\/schema\/person\/29217990ddf6f14e35912b2866d591fb\",\"name\":\"Editor General\",\"image\":{\"@type\":\"ImageObject\",\"inLanguage\":\"es\",\"@id\":\"https:\/\/luchonoticias.com\/editor\/#\/schema\/person\/image\/\",\"url\":\"https:\/\/luchonoticias.com\/editor\/wp-content\/uploads\/2024\/02\/cropped-cropped-logolu-150x150.webp\",\"contentUrl\":\"https:\/\/luchonoticias.com\/editor\/wp-content\/uploads\/2024\/02\/cropped-cropped-logolu-150x150.webp\",\"caption\":\"Editor General\"},\"sameAs\":[\"https:\/\/luchonoticias.com\/\"],\"url\":\"https:\/\/luchonoticias.com\/editor\/author\/editor-general\/\"}]}<\/script>\n<!-- \/ Yoast SEO plugin. -->","yoast_head_json":{"title":"\u00bfC\u00f3mo va el avance de las v\u00edas 4G en el pa\u00eds? -","robots":{"index":"index","follow":"follow","max-snippet":"max-snippet:-1","max-image-preview":"max-image-preview:large","max-video-preview":"max-video-preview:-1"},"canonical":"https:\/\/luchonoticias.com\/editor\/como-va-el-avance-de-las-vias-4g-en-el-pais\/","og_locale":"es_ES","og_type":"article","og_title":"\u00bfC\u00f3mo va el avance de las v\u00edas 4G en el pa\u00eds? -","og_url":"https:\/\/luchonoticias.com\/editor\/como-va-el-avance-de-las-vias-4g-en-el-pais\/","article_publisher":"https:\/\/www.facebook.com\/luchonoticiasneiva","article_published_time":"2024-04-22T16:24:36+00:00","og_image":[{"width":700,"height":400,"url":"https:\/\/luchonoticias.com\/editor\/wp-content\/uploads\/2024\/04\/vias-1.jpg","type":"image\/jpeg"}],"author":"Editor General","twitter_card":"summary_large_image","twitter_misc":{"Escrito por":"Editor General","Tiempo de lectura":"2 minutos"},"schema":{"@context":"https:\/\/schema.org","@graph":[{"@type":"Article","@id":"https:\/\/luchonoticias.com\/editor\/como-va-el-avance-de-las-vias-4g-en-el-pais\/#article","isPartOf":{"@id":"https:\/\/luchonoticias.com\/editor\/como-va-el-avance-de-las-vias-4g-en-el-pais\/"},"author":{"name":"Editor General","@id":"https:\/\/luchonoticias.com\/editor\/#\/schema\/person\/29217990ddf6f14e35912b2866d591fb"},"headline":"\u00bfC\u00f3mo va el avance de las v\u00edas 4G en el pa\u00eds?","datePublished":"2024-04-22T16:24:36+00:00","mainEntityOfPage":{"@id":"https:\/\/luchonoticias.com\/editor\/como-va-el-avance-de-las-vias-4g-en-el-pais\/"},"wordCount":431,"publisher":{"@id":"https:\/\/luchonoticias.com\/editor\/#\/schema\/person\/7a7fd911f58561fd056dbac7b55af9cd"},"image":{"@id":"https:\/\/luchonoticias.com\/editor\/como-va-el-avance-de-las-vias-4g-en-el-pais\/#primaryimage"},"thumbnailUrl":"https:\/\/luchonoticias.com\/editor\/wp-content\/uploads\/2024\/04\/vias-1.jpg","articleSection":["Actualidad"],"inLanguage":"es"},{"@type":"WebPage","@id":"https:\/\/luchonoticias.com\/editor\/como-va-el-avance-de-las-vias-4g-en-el-pais\/","url":"https:\/\/luchonoticias.com\/editor\/como-va-el-avance-de-las-vias-4g-en-el-pais\/","name":"\u00bfC\u00f3mo va el avance de las v\u00edas 4G en el pa\u00eds? -","isPartOf":{"@id":"https:\/\/luchonoticias.com\/editor\/#website"},"primaryImageOfPage":{"@id":"https:\/\/luchonoticias.com\/editor\/como-va-el-avance-de-las-vias-4g-en-el-pais\/#primaryimage"},"image":{"@id":"https:\/\/luchonoticias.com\/editor\/como-va-el-avance-de-las-vias-4g-en-el-pais\/#primaryimage"},"thumbnailUrl":"https:\/\/luchonoticias.com\/editor\/wp-content\/uploads\/2024\/04\/vias-1.jpg","datePublished":"2024-04-22T16:24:36+00:00","breadcrumb":{"@id":"https:\/\/luchonoticias.com\/editor\/como-va-el-avance-de-las-vias-4g-en-el-pais\/#breadcrumb"},"inLanguage":"es","potentialAction":[{"@type":"ReadAction","target":["https:\/\/luchonoticias.com\/editor\/como-va-el-avance-de-las-vias-4g-en-el-pais\/"]}]},{"@type":"ImageObject","inLanguage":"es","@id":"https:\/\/luchonoticias.com\/editor\/como-va-el-avance-de-las-vias-4g-en-el-pais\/#primaryimage","url":"https:\/\/luchonoticias.com\/editor\/wp-content\/uploads\/2024\/04\/vias-1.jpg","contentUrl":"https:\/\/luchonoticias.com\/editor\/wp-content\/uploads\/2024\/04\/vias-1.jpg","width":700,"height":400},{"@type":"BreadcrumbList","@id":"https:\/\/luchonoticias.com\/editor\/como-va-el-avance-de-las-vias-4g-en-el-pais\/#breadcrumb","itemListElement":[{"@type":"ListItem","position":1,"name":"Portada","item":"https:\/\/luchonoticias.com\/editor\/"},{"@type":"ListItem","position":2,"name":"\u00bfC\u00f3mo va el avance de las v\u00edas 4G en el pa\u00eds?"}]},{"@type":"WebSite","@id":"https:\/\/luchonoticias.com\/editor\/#website","url":"https:\/\/luchonoticias.com\/editor\/","name":"","description":"","publisher":{"@id":"https:\/\/luchonoticias.com\/editor\/#\/schema\/person\/7a7fd911f58561fd056dbac7b55af9cd"},"potentialAction":[{"@type":"SearchAction","target":{"@type":"EntryPoint","urlTemplate":"https:\/\/luchonoticias.com\/editor\/?s={search_term_string}"},"query-input":{"@type":"PropertyValueSpecification","valueRequired":true,"valueName":"search_term_string"}}],"inLanguage":"es"},{"@type":["Person","Organization"],"@id":"https:\/\/luchonoticias.com\/editor\/#\/schema\/person\/7a7fd911f58561fd056dbac7b55af9cd","name":"admin","image":{"@type":"ImageObject","inLanguage":"es","@id":"https:\/\/luchonoticias.com\/editor\/#\/schema\/person\/image\/","url":"https:\/\/luchonoticias.com\/editor\/wp-content\/uploads\/2024\/02\/cropped-cropped-logolu.webp","contentUrl":"https:\/\/luchonoticias.com\/editor\/wp-content\/uploads\/2024\/02\/cropped-cropped-logolu.webp","width":382,"height":170,"caption":"admin"},"logo":{"@id":"https:\/\/luchonoticias.com\/editor\/#\/schema\/person\/image\/"},"sameAs":["https:\/\/www.facebook.com\/luchonoticiasneiva"]},{"@type":"Person","@id":"https:\/\/luchonoticias.com\/editor\/#\/schema\/person\/29217990ddf6f14e35912b2866d591fb","name":"Editor General","image":{"@type":"ImageObject","inLanguage":"es","@id":"https:\/\/luchonoticias.com\/editor\/#\/schema\/person\/image\/","url":"https:\/\/luchonoticias.com\/editor\/wp-content\/uploads\/2024\/02\/cropped-cropped-logolu-150x150.webp","contentUrl":"https:\/\/luchonoticias.com\/editor\/wp-content\/uploads\/2024\/02\/cropped-cropped-logolu-150x150.webp","caption":"Editor General"},"sameAs":["https:\/\/luchonoticias.com\/"],"url":"https:\/\/luchonoticias.com\/editor\/author\/editor-general\/"}]}},"_links":{"self":[{"href":"https:\/\/luchonoticias.com\/editor\/wp-json\/wp\/v2\/posts\/72341","targetHints":{"allow":["GET"]}}],"collection":[{"href":"https:\/\/luchonoticias.com\/editor\/wp-json\/wp\/v2\/posts"}],"about":[{"href":"https:\/\/luchonoticias.com\/editor\/wp-json\/wp\/v2\/types\/post"}],"author":[{"embeddable":true,"href":"https:\/\/luchonoticias.com\/editor\/wp-json\/wp\/v2\/users\/2"}],"replies":[{"embeddable":true,"href":"https:\/\/luchonoticias.com\/editor\/wp-json\/wp\/v2\/comments?post=72341"}],"version-history":[{"count":0,"href":"https:\/\/luchonoticias.com\/editor\/wp-json\/wp\/v2\/posts\/72341\/revisions"}],"wp:featuredmedia":[{"embeddable":true,"href":"https:\/\/luchonoticias.com\/editor\/wp-json\/wp\/v2\/media\/72342"}],"wp:attachment":[{"href":"https:\/\/luchonoticias.com\/editor\/wp-json\/wp\/v2\/media?parent=72341"}],"wp:term":[{"taxonomy":"category","embeddable":true,"href":"https:\/\/luchonoticias.com\/editor\/wp-json\/wp\/v2\/categories?post=72341"},{"taxonomy":"post_tag","embeddable":true,"href":"https:\/\/luchonoticias.com\/editor\/wp-json\/wp\/v2\/tags?post=72341"}],"curies":[{"name":"wp","href":"https:\/\/api.w.org\/{rel}","templated":true}]}}