{"id":72347,"date":"2024-04-22T16:00:21","date_gmt":"2024-04-22T21:00:21","guid":{"rendered":"https:\/\/luchonoticias.com\/?p=72347"},"modified":"2024-04-22T16:00:21","modified_gmt":"2024-04-22T21:00:21","slug":"embalses-colombianos-recuperan-su-nivel","status":"publish","type":"post","link":"https:\/\/luchonoticias.com\/editor\/embalses-colombianos-recuperan-su-nivel\/","title":{"rendered":"Embalses colombianos recuperan su nivel"},"content":{"rendered":"<p>Los embalses del pa\u00eds se encuentran hoy en un nivel de 29,5% y mostraron una \u201cimportante recuperaci\u00f3n\u00bb de 1%\u00a0respecto de la semana anterior. Durante el fin de semana, incluido el pasado viernes cuando el Gobierno del Cambio decret\u00f3 el D\u00eda C\u00edvico de la Paz con la Naturaleza, se registr\u00f3 una disminuci\u00f3n de 4% en la demanda de energ\u00eda.\u200b\u200b<\/p>\n<p>De acuerdo con el reporte de los ministerios de Minas y Energ\u00eda y Ambiente y Desarrollo Sostenible, si bien el nivel de los embalses ha mejorado, \u201cno se puede cantar victoria\u00bb, y es necesario continuar con la campa\u00f1a de ahorro de agua y energ\u00eda: &#8216;Cierra la llave y apaga la luz&#8217;.<\/p>\n<p>Frente al aumento del nivel de los embalses, el presidente Gustavo Petro dijo hoy en su\u00a0<a href=\"https:\/\/x.com\/petrogustavo\/status\/1782412994678321409?t=QjWL44CGMn6MjvkwzlIAfA&amp;s=03\"><em>cuenta oficial de X<\/em><\/a>: \u201cDe 27% que era el nivel cr\u00edtico donde comenzaban los racionamientos de energ\u00eda el\u00e9ctrica, hemos pasado este fin de semana a 29,5% gracias al ahorro en el D\u00eda C\u00edvico y las lluvias\u00bb.<\/p>\n<p>El mandatario agreg\u00f3 que su trino: \u201cNos alejamos del racionamiento, pero a\u00fan no es s\u00f3lido que se mantenga el nivel de lluvias suficiente. Hay que seguir ahorrando\u00bb.<\/p>\n<p>Por su parte, la ministra de Ambiente, Susana Muhamad, dijo que esta semana se registrar\u00e1n nuevas lluvias, de acuerdo con los pron\u00f3sticos del Ideam (Instituto de Hidrolog\u00eda, Meteorolog\u00eda y Estudios Ambientales). No obstante, abril cerrar\u00e1 con un rango por debajo del promedio de lo normal para este mes.<\/p>\n<p>Y frente a mayo entrante, explic\u00f3 la funcionaria que las lluvias bajar\u00e1n de intensidad en la primera semana, pero durante todo el mes el promedio estar\u00e1 dentro de los niveles esperados.<\/p>\n<p>La ministra Muhamad asegur\u00f3 que debido a las lluvias permanecen en alerta de deslizamientos de tierra 691 municipios, en especial de la regi\u00f3n Pac\u00edfica, mientras que 95 de estos se encuentran en alerta roja.<\/p>\n<h2>Incentivos para el\u200b cuidado de la energ\u00eda<\/h2>\n<p>\u200bPor su parte, el ministro de Minas y Energ\u00eda, Andr\u00e9s Camacho, entreg\u00f3 un reporte de las acciones adelantadas para mitigar los efectos del fen\u00f3meno de El Ni\u00f1o en todo el pa\u00eds.<\/p>\n<p>Para incentivar el ahorro de energ\u00eda, el ministro dijo que se public\u00f3 para comentarios una resoluci\u00f3n CREG (Comisi\u00f3n Reguladora de Energ\u00eda y Gas) que establece incentivos para el ahorro que hagan de los usuarios a partir del ciclo de facturaci\u00f3n del 15 de abril, as\u00ed:<\/p>\n<p>Si el consumo es superior a ese promedio, al usuario se le cobrar\u00e1 un porcentaje m\u00e1s por cada Kvh superior al de su referencia.<\/p>\n<p>&nbsp;<\/p>\n<p>&#8211; Para estratos 1 a 3 tendr\u00e1 un costo 30% mayor por cada Kvh.<\/p>\n<p>&#8211; Para estratos 4 a 6, el costo mayor por Kvh adicional ser\u00e1 de 50% mayor.<\/p>\n<p>&#8211; Para el sector comercio e industria el costo adicional ser\u00e1 de 100% por Kvh.<\/p>\n<p>El recaudo adicional que haga cada comercializadora a los usuarios que superaron los niveles de consumo de referencia, se abonar\u00e1 proporcionalmente, como incentivo, a quienes tuvieron un consumo inferior al de referencia.<\/p>\n","protected":false},"excerpt":{"rendered":"<p>Los embalses del pa\u00eds se encuentran hoy en un nivel de 29,5% y mostraron una \u201cimportante recuperaci\u00f3n\u00bb de 1%\u00a0respecto de la semana anterior. Durante el fin de semana, incluido el pasado viernes cuando el Gobierno del Cambio decret\u00f3 el D\u00eda C\u00edvico de la Paz con la Naturaleza, se registr\u00f3 una disminuci\u00f3n de 4% en la [&hellip;]<\/p>\n","protected":false},"author":2,"featured_media":72348,"comment_status":"closed","ping_status":"open","sticky":false,"template":"","format":"standard","meta":{"footnotes":""},"categories":[28],"tags":[],"class_list":["post-72347","post","type-post","status-publish","format-standard","has-post-thumbnail","hentry","category-actualidad"],"yoast_head":"<!-- This site is optimized with the Yoast SEO plugin v26.6 - https:\/\/yoast.com\/wordpress\/plugins\/seo\/ -->\n<title>Embalses colombianos recuperan su nivel -<\/title>\n<meta name=\"robots\" content=\"index, follow, max-snippet:-1, max-image-preview:large, max-video-preview:-1\" \/>\n<link rel=\"canonical\" href=\"https:\/\/luchonoticias.com\/editor\/embalses-colombianos-recuperan-su-nivel\/\" \/>\n<meta property=\"og:locale\" content=\"es_ES\" \/>\n<meta property=\"og:type\" content=\"article\" \/>\n<meta property=\"og:title\" content=\"Embalses colombianos recuperan su nivel -\" \/>\n<meta property=\"og:url\" content=\"https:\/\/luchonoticias.com\/editor\/embalses-colombianos-recuperan-su-nivel\/\" \/>\n<meta property=\"article:publisher\" content=\"https:\/\/www.facebook.com\/luchonoticiasneiva\" \/>\n<meta property=\"article:published_time\" content=\"2024-04-22T21:00:21+00:00\" \/>\n<meta property=\"og:image\" content=\"https:\/\/luchonoticias.com\/editor\/wp-content\/uploads\/2024\/04\/embalses.jpg\" \/>\n\t<meta property=\"og:image:width\" content=\"700\" \/>\n\t<meta property=\"og:image:height\" content=\"400\" \/>\n\t<meta property=\"og:image:type\" content=\"image\/jpeg\" \/>\n<meta name=\"author\" content=\"Editor General\" \/>\n<meta name=\"twitter:card\" content=\"summary_large_image\" \/>\n<meta name=\"twitter:label1\" content=\"Escrito por\" \/>\n\t<meta name=\"twitter:data1\" content=\"Editor General\" \/>\n\t<meta name=\"twitter:label2\" content=\"Tiempo de lectura\" \/>\n\t<meta name=\"twitter:data2\" content=\"3 minutos\" \/>\n<script type=\"application\/ld+json\" class=\"yoast-schema-graph\">{\"@context\":\"https:\/\/schema.org\",\"@graph\":[{\"@type\":\"Article\",\"@id\":\"https:\/\/luchonoticias.com\/editor\/embalses-colombianos-recuperan-su-nivel\/#article\",\"isPartOf\":{\"@id\":\"https:\/\/luchonoticias.com\/editor\/embalses-colombianos-recuperan-su-nivel\/\"},\"author\":{\"name\":\"Editor General\",\"@id\":\"https:\/\/luchonoticias.com\/editor\/#\/schema\/person\/29217990ddf6f14e35912b2866d591fb\"},\"headline\":\"Embalses colombianos recuperan su nivel\",\"datePublished\":\"2024-04-22T21:00:21+00:00\",\"mainEntityOfPage\":{\"@id\":\"https:\/\/luchonoticias.com\/editor\/embalses-colombianos-recuperan-su-nivel\/\"},\"wordCount\":512,\"publisher\":{\"@id\":\"https:\/\/luchonoticias.com\/editor\/#\/schema\/person\/7a7fd911f58561fd056dbac7b55af9cd\"},\"image\":{\"@id\":\"https:\/\/luchonoticias.com\/editor\/embalses-colombianos-recuperan-su-nivel\/#primaryimage\"},\"thumbnailUrl\":\"https:\/\/luchonoticias.com\/editor\/wp-content\/uploads\/2024\/04\/embalses.jpg\",\"articleSection\":[\"Actualidad\"],\"inLanguage\":\"es\"},{\"@type\":\"WebPage\",\"@id\":\"https:\/\/luchonoticias.com\/editor\/embalses-colombianos-recuperan-su-nivel\/\",\"url\":\"https:\/\/luchonoticias.com\/editor\/embalses-colombianos-recuperan-su-nivel\/\",\"name\":\"Embalses colombianos recuperan su nivel -\",\"isPartOf\":{\"@id\":\"https:\/\/luchonoticias.com\/editor\/#website\"},\"primaryImageOfPage\":{\"@id\":\"https:\/\/luchonoticias.com\/editor\/embalses-colombianos-recuperan-su-nivel\/#primaryimage\"},\"image\":{\"@id\":\"https:\/\/luchonoticias.com\/editor\/embalses-colombianos-recuperan-su-nivel\/#primaryimage\"},\"thumbnailUrl\":\"https:\/\/luchonoticias.com\/editor\/wp-content\/uploads\/2024\/04\/embalses.jpg\",\"datePublished\":\"2024-04-22T21:00:21+00:00\",\"breadcrumb\":{\"@id\":\"https:\/\/luchonoticias.com\/editor\/embalses-colombianos-recuperan-su-nivel\/#breadcrumb\"},\"inLanguage\":\"es\",\"potentialAction\":[{\"@type\":\"ReadAction\",\"target\":[\"https:\/\/luchonoticias.com\/editor\/embalses-colombianos-recuperan-su-nivel\/\"]}]},{\"@type\":\"ImageObject\",\"inLanguage\":\"es\",\"@id\":\"https:\/\/luchonoticias.com\/editor\/embalses-colombianos-recuperan-su-nivel\/#primaryimage\",\"url\":\"https:\/\/luchonoticias.com\/editor\/wp-content\/uploads\/2024\/04\/embalses.jpg\",\"contentUrl\":\"https:\/\/luchonoticias.com\/editor\/wp-content\/uploads\/2024\/04\/embalses.jpg\",\"width\":700,\"height\":400},{\"@type\":\"BreadcrumbList\",\"@id\":\"https:\/\/luchonoticias.com\/editor\/embalses-colombianos-recuperan-su-nivel\/#breadcrumb\",\"itemListElement\":[{\"@type\":\"ListItem\",\"position\":1,\"name\":\"Portada\",\"item\":\"https:\/\/luchonoticias.com\/editor\/\"},{\"@type\":\"ListItem\",\"position\":2,\"name\":\"Embalses colombianos recuperan su nivel\"}]},{\"@type\":\"WebSite\",\"@id\":\"https:\/\/luchonoticias.com\/editor\/#website\",\"url\":\"https:\/\/luchonoticias.com\/editor\/\",\"name\":\"\",\"description\":\"\",\"publisher\":{\"@id\":\"https:\/\/luchonoticias.com\/editor\/#\/schema\/person\/7a7fd911f58561fd056dbac7b55af9cd\"},\"potentialAction\":[{\"@type\":\"SearchAction\",\"target\":{\"@type\":\"EntryPoint\",\"urlTemplate\":\"https:\/\/luchonoticias.com\/editor\/?s={search_term_string}\"},\"query-input\":{\"@type\":\"PropertyValueSpecification\",\"valueRequired\":true,\"valueName\":\"search_term_string\"}}],\"inLanguage\":\"es\"},{\"@type\":[\"Person\",\"Organization\"],\"@id\":\"https:\/\/luchonoticias.com\/editor\/#\/schema\/person\/7a7fd911f58561fd056dbac7b55af9cd\",\"name\":\"admin\",\"image\":{\"@type\":\"ImageObject\",\"inLanguage\":\"es\",\"@id\":\"https:\/\/luchonoticias.com\/editor\/#\/schema\/person\/image\/\",\"url\":\"https:\/\/luchonoticias.com\/editor\/wp-content\/uploads\/2024\/02\/cropped-cropped-logolu.webp\",\"contentUrl\":\"https:\/\/luchonoticias.com\/editor\/wp-content\/uploads\/2024\/02\/cropped-cropped-logolu.webp\",\"width\":382,\"height\":170,\"caption\":\"admin\"},\"logo\":{\"@id\":\"https:\/\/luchonoticias.com\/editor\/#\/schema\/person\/image\/\"},\"sameAs\":[\"https:\/\/www.facebook.com\/luchonoticiasneiva\"]},{\"@type\":\"Person\",\"@id\":\"https:\/\/luchonoticias.com\/editor\/#\/schema\/person\/29217990ddf6f14e35912b2866d591fb\",\"name\":\"Editor General\",\"image\":{\"@type\":\"ImageObject\",\"inLanguage\":\"es\",\"@id\":\"https:\/\/luchonoticias.com\/editor\/#\/schema\/person\/image\/\",\"url\":\"https:\/\/luchonoticias.com\/editor\/wp-content\/uploads\/2024\/02\/cropped-cropped-logolu-150x150.webp\",\"contentUrl\":\"https:\/\/luchonoticias.com\/editor\/wp-content\/uploads\/2024\/02\/cropped-cropped-logolu-150x150.webp\",\"caption\":\"Editor General\"},\"sameAs\":[\"https:\/\/luchonoticias.com\/\"],\"url\":\"https:\/\/luchonoticias.com\/editor\/author\/editor-general\/\"}]}<\/script>\n<!-- \/ Yoast SEO plugin. -->","yoast_head_json":{"title":"Embalses colombianos recuperan su nivel -","robots":{"index":"index","follow":"follow","max-snippet":"max-snippet:-1","max-image-preview":"max-image-preview:large","max-video-preview":"max-video-preview:-1"},"canonical":"https:\/\/luchonoticias.com\/editor\/embalses-colombianos-recuperan-su-nivel\/","og_locale":"es_ES","og_type":"article","og_title":"Embalses colombianos recuperan su nivel -","og_url":"https:\/\/luchonoticias.com\/editor\/embalses-colombianos-recuperan-su-nivel\/","article_publisher":"https:\/\/www.facebook.com\/luchonoticiasneiva","article_published_time":"2024-04-22T21:00:21+00:00","og_image":[{"width":700,"height":400,"url":"https:\/\/luchonoticias.com\/editor\/wp-content\/uploads\/2024\/04\/embalses.jpg","type":"image\/jpeg"}],"author":"Editor General","twitter_card":"summary_large_image","twitter_misc":{"Escrito por":"Editor General","Tiempo de lectura":"3 minutos"},"schema":{"@context":"https:\/\/schema.org","@graph":[{"@type":"Article","@id":"https:\/\/luchonoticias.com\/editor\/embalses-colombianos-recuperan-su-nivel\/#article","isPartOf":{"@id":"https:\/\/luchonoticias.com\/editor\/embalses-colombianos-recuperan-su-nivel\/"},"author":{"name":"Editor General","@id":"https:\/\/luchonoticias.com\/editor\/#\/schema\/person\/29217990ddf6f14e35912b2866d591fb"},"headline":"Embalses colombianos recuperan su nivel","datePublished":"2024-04-22T21:00:21+00:00","mainEntityOfPage":{"@id":"https:\/\/luchonoticias.com\/editor\/embalses-colombianos-recuperan-su-nivel\/"},"wordCount":512,"publisher":{"@id":"https:\/\/luchonoticias.com\/editor\/#\/schema\/person\/7a7fd911f58561fd056dbac7b55af9cd"},"image":{"@id":"https:\/\/luchonoticias.com\/editor\/embalses-colombianos-recuperan-su-nivel\/#primaryimage"},"thumbnailUrl":"https:\/\/luchonoticias.com\/editor\/wp-content\/uploads\/2024\/04\/embalses.jpg","articleSection":["Actualidad"],"inLanguage":"es"},{"@type":"WebPage","@id":"https:\/\/luchonoticias.com\/editor\/embalses-colombianos-recuperan-su-nivel\/","url":"https:\/\/luchonoticias.com\/editor\/embalses-colombianos-recuperan-su-nivel\/","name":"Embalses colombianos recuperan su nivel -","isPartOf":{"@id":"https:\/\/luchonoticias.com\/editor\/#website"},"primaryImageOfPage":{"@id":"https:\/\/luchonoticias.com\/editor\/embalses-colombianos-recuperan-su-nivel\/#primaryimage"},"image":{"@id":"https:\/\/luchonoticias.com\/editor\/embalses-colombianos-recuperan-su-nivel\/#primaryimage"},"thumbnailUrl":"https:\/\/luchonoticias.com\/editor\/wp-content\/uploads\/2024\/04\/embalses.jpg","datePublished":"2024-04-22T21:00:21+00:00","breadcrumb":{"@id":"https:\/\/luchonoticias.com\/editor\/embalses-colombianos-recuperan-su-nivel\/#breadcrumb"},"inLanguage":"es","potentialAction":[{"@type":"ReadAction","target":["https:\/\/luchonoticias.com\/editor\/embalses-colombianos-recuperan-su-nivel\/"]}]},{"@type":"ImageObject","inLanguage":"es","@id":"https:\/\/luchonoticias.com\/editor\/embalses-colombianos-recuperan-su-nivel\/#primaryimage","url":"https:\/\/luchonoticias.com\/editor\/wp-content\/uploads\/2024\/04\/embalses.jpg","contentUrl":"https:\/\/luchonoticias.com\/editor\/wp-content\/uploads\/2024\/04\/embalses.jpg","width":700,"height":400},{"@type":"BreadcrumbList","@id":"https:\/\/luchonoticias.com\/editor\/embalses-colombianos-recuperan-su-nivel\/#breadcrumb","itemListElement":[{"@type":"ListItem","position":1,"name":"Portada","item":"https:\/\/luchonoticias.com\/editor\/"},{"@type":"ListItem","position":2,"name":"Embalses colombianos recuperan su nivel"}]},{"@type":"WebSite","@id":"https:\/\/luchonoticias.com\/editor\/#website","url":"https:\/\/luchonoticias.com\/editor\/","name":"","description":"","publisher":{"@id":"https:\/\/luchonoticias.com\/editor\/#\/schema\/person\/7a7fd911f58561fd056dbac7b55af9cd"},"potentialAction":[{"@type":"SearchAction","target":{"@type":"EntryPoint","urlTemplate":"https:\/\/luchonoticias.com\/editor\/?s={search_term_string}"},"query-input":{"@type":"PropertyValueSpecification","valueRequired":true,"valueName":"search_term_string"}}],"inLanguage":"es"},{"@type":["Person","Organization"],"@id":"https:\/\/luchonoticias.com\/editor\/#\/schema\/person\/7a7fd911f58561fd056dbac7b55af9cd","name":"admin","image":{"@type":"ImageObject","inLanguage":"es","@id":"https:\/\/luchonoticias.com\/editor\/#\/schema\/person\/image\/","url":"https:\/\/luchonoticias.com\/editor\/wp-content\/uploads\/2024\/02\/cropped-cropped-logolu.webp","contentUrl":"https:\/\/luchonoticias.com\/editor\/wp-content\/uploads\/2024\/02\/cropped-cropped-logolu.webp","width":382,"height":170,"caption":"admin"},"logo":{"@id":"https:\/\/luchonoticias.com\/editor\/#\/schema\/person\/image\/"},"sameAs":["https:\/\/www.facebook.com\/luchonoticiasneiva"]},{"@type":"Person","@id":"https:\/\/luchonoticias.com\/editor\/#\/schema\/person\/29217990ddf6f14e35912b2866d591fb","name":"Editor General","image":{"@type":"ImageObject","inLanguage":"es","@id":"https:\/\/luchonoticias.com\/editor\/#\/schema\/person\/image\/","url":"https:\/\/luchonoticias.com\/editor\/wp-content\/uploads\/2024\/02\/cropped-cropped-logolu-150x150.webp","contentUrl":"https:\/\/luchonoticias.com\/editor\/wp-content\/uploads\/2024\/02\/cropped-cropped-logolu-150x150.webp","caption":"Editor General"},"sameAs":["https:\/\/luchonoticias.com\/"],"url":"https:\/\/luchonoticias.com\/editor\/author\/editor-general\/"}]}},"_links":{"self":[{"href":"https:\/\/luchonoticias.com\/editor\/wp-json\/wp\/v2\/posts\/72347","targetHints":{"allow":["GET"]}}],"collection":[{"href":"https:\/\/luchonoticias.com\/editor\/wp-json\/wp\/v2\/posts"}],"about":[{"href":"https:\/\/luchonoticias.com\/editor\/wp-json\/wp\/v2\/types\/post"}],"author":[{"embeddable":true,"href":"https:\/\/luchonoticias.com\/editor\/wp-json\/wp\/v2\/users\/2"}],"replies":[{"embeddable":true,"href":"https:\/\/luchonoticias.com\/editor\/wp-json\/wp\/v2\/comments?post=72347"}],"version-history":[{"count":0,"href":"https:\/\/luchonoticias.com\/editor\/wp-json\/wp\/v2\/posts\/72347\/revisions"}],"wp:featuredmedia":[{"embeddable":true,"href":"https:\/\/luchonoticias.com\/editor\/wp-json\/wp\/v2\/media\/72348"}],"wp:attachment":[{"href":"https:\/\/luchonoticias.com\/editor\/wp-json\/wp\/v2\/media?parent=72347"}],"wp:term":[{"taxonomy":"category","embeddable":true,"href":"https:\/\/luchonoticias.com\/editor\/wp-json\/wp\/v2\/categories?post=72347"},{"taxonomy":"post_tag","embeddable":true,"href":"https:\/\/luchonoticias.com\/editor\/wp-json\/wp\/v2\/tags?post=72347"}],"curies":[{"name":"wp","href":"https:\/\/api.w.org\/{rel}","templated":true}]}}