{"id":72350,"date":"2024-04-22T16:14:11","date_gmt":"2024-04-22T21:14:11","guid":{"rendered":"https:\/\/luchonoticias.com\/?p=72350"},"modified":"2024-04-22T16:14:11","modified_gmt":"2024-04-22T21:14:11","slug":"animales-atendidos-por-la-cam-fueron-dejados-en-su-habitat","status":"publish","type":"post","link":"https:\/\/luchonoticias.com\/editor\/animales-atendidos-por-la-cam-fueron-dejados-en-su-habitat\/","title":{"rendered":"Animales atendidos por la CAM fueron dejados en su habitat"},"content":{"rendered":"<p>Ocho animales silvestres, entre los que se encontraban aves y mam\u00edferos, fueron liberados en su h\u00e1bitat natural tras recibir atenci\u00f3n m\u00e9dica y biol\u00f3gica por parte de profesionales de fauna de la Corporaci\u00f3n Aut\u00f3noma Regional del Alto Magdalena- CAM.<\/p>\n<p>Las liberaciones se llevaron a cabo en reservas naturales del sur y norte del Huila.<\/p>\n<p>Los ejemplares liberados corresponden a un venado colorado (Mazama rufina), un mapache (Procyon cancrivorus), una Boruga (Cuniculus paca) y cinco aves rapaces, como lo son un gavil\u00e1n caminero, un gavil\u00e1n gris y tres b\u00fahos currucut\u00fa.<\/p>\n<p>\u201cLa CAM realiz\u00f3 la liberaci\u00f3n de ocho animales silvestres que fueron ingresados a los hogares de paso, los cuales fueron valorados m\u00e9dica y biol\u00f3gicamente para determinar su destino final. Luego de su recuperaci\u00f3n, se escogieron las reservas naturales donde estos ejemplares tienen distribuci\u00f3n y finalmente regresaron a su h\u00e1bitat natural\u201d, indic\u00f3 Edward Su\u00e1rez, veterinario de la CAM.<\/p>\n<p><strong>Rescates de la tenencia ilegal<\/strong><\/p>\n<p>Las aves y mam\u00edferos liberados proven\u00edan de rescates que adelantaron la CAM y la Polic\u00eda Ambiental tras recibir informaci\u00f3n de la comunidad.<\/p>\n<p>Es as\u00ed como se conoci\u00f3 que el mapache era v\u00edctima de tenencia ilegal ya que era tenida como mascota en una casa en el sur del Huila. Por su parte, el venado colorado, una hembra adulta, era perseguida por perros de cacer\u00eda, la cual logr\u00f3 ser auxiliada por campesinos que posteriormente se comunicaron con la CAM.<\/p>\n<p>As\u00ed mismo, la Corporaci\u00f3n incaut\u00f3 una boruga, que tras ser extra\u00edda de su h\u00e1bitat natural, iba a ser sacrificada y comercializada como carne de monte.<\/p>\n<p>Tras ser recuperados estos animales silvestres, fueron llevados a los Hogares de Paso de Fauna Silvestre de Pitalito y Neiva donde recibieron cuidado m\u00e9dico, nutricional y biol\u00f3gico.<\/p>\n<p>\u201cAlgunos ejemplares llegaron en etapa de polluelos, se le hizo alimentaci\u00f3n asistida y se le evalu\u00f3 su capacidad de vuelo y aterrizaje antes de su final liberaci\u00f3n\u201d, argument\u00f3 el veterinario de la corporaci\u00f3n ambiental.<\/p>\n<p><strong>Amenazas de la fauna silvestre<\/strong><\/p>\n<p>La m\u00e1xima autoridad ambiental del Huila, dio a conocer que las principales amenazas para la fauna silvestre son la tala de los bosques, los incendios forestales, ataque de gatos y perros dom\u00e9sticos y hasta el mismo hombre que los tiene ilegalmente como mascotas.<\/p>\n<p><strong>Invitaci\u00f3n a reportar<\/strong><\/p>\n<p>La corporaci\u00f3n ambiental invit\u00f3 a todos los huilenses a reportar los casos de riesgo o de amenaza que involucren a los animales silvestres.<\/p>\n<p>As\u00ed mismo record\u00f3 que estas especies deben estar en su h\u00e1bitat natural y no ser tenidas como mascotas en las casas.<\/p>\n<p>\u201cLa CAM hace un llamado a toda la comunidad para que se abstenga de extraer, comercializar y tener en cautiverio fauna silvestre. Recordar tambi\u00e9n que estas actuaciones son delitos ambientales y pueden ocasionar sanciones econ\u00f3micas y penales\u201d, finaliz\u00f3 diciendo el veterinario Su\u00e1rez.<\/p>\n","protected":false},"excerpt":{"rendered":"<p>Ocho animales silvestres, entre los que se encontraban aves y mam\u00edferos, fueron liberados en su h\u00e1bitat natural tras recibir atenci\u00f3n m\u00e9dica y biol\u00f3gica por parte de profesionales de fauna de la Corporaci\u00f3n Aut\u00f3noma Regional del Alto Magdalena- CAM. Las liberaciones se llevaron a cabo en reservas naturales del sur y norte del Huila. Los ejemplares [&hellip;]<\/p>\n","protected":false},"author":2,"featured_media":72351,"comment_status":"closed","ping_status":"open","sticky":false,"template":"","format":"standard","meta":{"footnotes":""},"categories":[33],"tags":[],"class_list":["post-72350","post","type-post","status-publish","format-standard","has-post-thumbnail","hentry","category-huila"],"yoast_head":"<!-- This site is optimized with the Yoast SEO plugin v26.6 - https:\/\/yoast.com\/wordpress\/plugins\/seo\/ -->\n<title>Animales atendidos por la CAM fueron dejados en su habitat -<\/title>\n<meta name=\"robots\" content=\"index, follow, max-snippet:-1, max-image-preview:large, max-video-preview:-1\" \/>\n<link rel=\"canonical\" href=\"https:\/\/luchonoticias.com\/editor\/animales-atendidos-por-la-cam-fueron-dejados-en-su-habitat\/\" \/>\n<meta property=\"og:locale\" content=\"es_ES\" \/>\n<meta property=\"og:type\" content=\"article\" \/>\n<meta property=\"og:title\" content=\"Animales atendidos por la CAM fueron dejados en su habitat -\" \/>\n<meta property=\"og:url\" content=\"https:\/\/luchonoticias.com\/editor\/animales-atendidos-por-la-cam-fueron-dejados-en-su-habitat\/\" \/>\n<meta property=\"article:publisher\" content=\"https:\/\/www.facebook.com\/luchonoticiasneiva\" \/>\n<meta property=\"article:published_time\" content=\"2024-04-22T21:14:11+00:00\" \/>\n<meta property=\"og:image\" content=\"https:\/\/luchonoticias.com\/editor\/wp-content\/uploads\/2024\/04\/animales-liberados.jpg\" \/>\n\t<meta property=\"og:image:width\" content=\"700\" \/>\n\t<meta property=\"og:image:height\" content=\"400\" \/>\n\t<meta property=\"og:image:type\" content=\"image\/jpeg\" \/>\n<meta name=\"author\" content=\"Editor General\" \/>\n<meta name=\"twitter:card\" content=\"summary_large_image\" \/>\n<meta name=\"twitter:label1\" content=\"Escrito por\" \/>\n\t<meta name=\"twitter:data1\" content=\"Editor General\" \/>\n\t<meta name=\"twitter:label2\" content=\"Tiempo de lectura\" \/>\n\t<meta name=\"twitter:data2\" content=\"2 minutos\" \/>\n<script type=\"application\/ld+json\" class=\"yoast-schema-graph\">{\"@context\":\"https:\/\/schema.org\",\"@graph\":[{\"@type\":\"Article\",\"@id\":\"https:\/\/luchonoticias.com\/editor\/animales-atendidos-por-la-cam-fueron-dejados-en-su-habitat\/#article\",\"isPartOf\":{\"@id\":\"https:\/\/luchonoticias.com\/editor\/animales-atendidos-por-la-cam-fueron-dejados-en-su-habitat\/\"},\"author\":{\"name\":\"Editor General\",\"@id\":\"https:\/\/luchonoticias.com\/editor\/#\/schema\/person\/29217990ddf6f14e35912b2866d591fb\"},\"headline\":\"Animales atendidos por la CAM fueron dejados en su habitat\",\"datePublished\":\"2024-04-22T21:14:11+00:00\",\"mainEntityOfPage\":{\"@id\":\"https:\/\/luchonoticias.com\/editor\/animales-atendidos-por-la-cam-fueron-dejados-en-su-habitat\/\"},\"wordCount\":500,\"publisher\":{\"@id\":\"https:\/\/luchonoticias.com\/editor\/#\/schema\/person\/7a7fd911f58561fd056dbac7b55af9cd\"},\"image\":{\"@id\":\"https:\/\/luchonoticias.com\/editor\/animales-atendidos-por-la-cam-fueron-dejados-en-su-habitat\/#primaryimage\"},\"thumbnailUrl\":\"https:\/\/luchonoticias.com\/editor\/wp-content\/uploads\/2024\/04\/animales-liberados.jpg\",\"articleSection\":[\"Huila\"],\"inLanguage\":\"es\"},{\"@type\":\"WebPage\",\"@id\":\"https:\/\/luchonoticias.com\/editor\/animales-atendidos-por-la-cam-fueron-dejados-en-su-habitat\/\",\"url\":\"https:\/\/luchonoticias.com\/editor\/animales-atendidos-por-la-cam-fueron-dejados-en-su-habitat\/\",\"name\":\"Animales atendidos por la CAM fueron dejados en su habitat -\",\"isPartOf\":{\"@id\":\"https:\/\/luchonoticias.com\/editor\/#website\"},\"primaryImageOfPage\":{\"@id\":\"https:\/\/luchonoticias.com\/editor\/animales-atendidos-por-la-cam-fueron-dejados-en-su-habitat\/#primaryimage\"},\"image\":{\"@id\":\"https:\/\/luchonoticias.com\/editor\/animales-atendidos-por-la-cam-fueron-dejados-en-su-habitat\/#primaryimage\"},\"thumbnailUrl\":\"https:\/\/luchonoticias.com\/editor\/wp-content\/uploads\/2024\/04\/animales-liberados.jpg\",\"datePublished\":\"2024-04-22T21:14:11+00:00\",\"breadcrumb\":{\"@id\":\"https:\/\/luchonoticias.com\/editor\/animales-atendidos-por-la-cam-fueron-dejados-en-su-habitat\/#breadcrumb\"},\"inLanguage\":\"es\",\"potentialAction\":[{\"@type\":\"ReadAction\",\"target\":[\"https:\/\/luchonoticias.com\/editor\/animales-atendidos-por-la-cam-fueron-dejados-en-su-habitat\/\"]}]},{\"@type\":\"ImageObject\",\"inLanguage\":\"es\",\"@id\":\"https:\/\/luchonoticias.com\/editor\/animales-atendidos-por-la-cam-fueron-dejados-en-su-habitat\/#primaryimage\",\"url\":\"https:\/\/luchonoticias.com\/editor\/wp-content\/uploads\/2024\/04\/animales-liberados.jpg\",\"contentUrl\":\"https:\/\/luchonoticias.com\/editor\/wp-content\/uploads\/2024\/04\/animales-liberados.jpg\",\"width\":700,\"height\":400},{\"@type\":\"BreadcrumbList\",\"@id\":\"https:\/\/luchonoticias.com\/editor\/animales-atendidos-por-la-cam-fueron-dejados-en-su-habitat\/#breadcrumb\",\"itemListElement\":[{\"@type\":\"ListItem\",\"position\":1,\"name\":\"Portada\",\"item\":\"https:\/\/luchonoticias.com\/editor\/\"},{\"@type\":\"ListItem\",\"position\":2,\"name\":\"Animales atendidos por la CAM fueron dejados en su habitat\"}]},{\"@type\":\"WebSite\",\"@id\":\"https:\/\/luchonoticias.com\/editor\/#website\",\"url\":\"https:\/\/luchonoticias.com\/editor\/\",\"name\":\"\",\"description\":\"\",\"publisher\":{\"@id\":\"https:\/\/luchonoticias.com\/editor\/#\/schema\/person\/7a7fd911f58561fd056dbac7b55af9cd\"},\"potentialAction\":[{\"@type\":\"SearchAction\",\"target\":{\"@type\":\"EntryPoint\",\"urlTemplate\":\"https:\/\/luchonoticias.com\/editor\/?s={search_term_string}\"},\"query-input\":{\"@type\":\"PropertyValueSpecification\",\"valueRequired\":true,\"valueName\":\"search_term_string\"}}],\"inLanguage\":\"es\"},{\"@type\":[\"Person\",\"Organization\"],\"@id\":\"https:\/\/luchonoticias.com\/editor\/#\/schema\/person\/7a7fd911f58561fd056dbac7b55af9cd\",\"name\":\"admin\",\"image\":{\"@type\":\"ImageObject\",\"inLanguage\":\"es\",\"@id\":\"https:\/\/luchonoticias.com\/editor\/#\/schema\/person\/image\/\",\"url\":\"https:\/\/luchonoticias.com\/editor\/wp-content\/uploads\/2024\/02\/cropped-cropped-logolu.webp\",\"contentUrl\":\"https:\/\/luchonoticias.com\/editor\/wp-content\/uploads\/2024\/02\/cropped-cropped-logolu.webp\",\"width\":382,\"height\":170,\"caption\":\"admin\"},\"logo\":{\"@id\":\"https:\/\/luchonoticias.com\/editor\/#\/schema\/person\/image\/\"},\"sameAs\":[\"https:\/\/www.facebook.com\/luchonoticiasneiva\"]},{\"@type\":\"Person\",\"@id\":\"https:\/\/luchonoticias.com\/editor\/#\/schema\/person\/29217990ddf6f14e35912b2866d591fb\",\"name\":\"Editor General\",\"image\":{\"@type\":\"ImageObject\",\"inLanguage\":\"es\",\"@id\":\"https:\/\/luchonoticias.com\/editor\/#\/schema\/person\/image\/\",\"url\":\"https:\/\/luchonoticias.com\/editor\/wp-content\/uploads\/2024\/02\/cropped-cropped-logolu-150x150.webp\",\"contentUrl\":\"https:\/\/luchonoticias.com\/editor\/wp-content\/uploads\/2024\/02\/cropped-cropped-logolu-150x150.webp\",\"caption\":\"Editor General\"},\"sameAs\":[\"https:\/\/luchonoticias.com\/\"],\"url\":\"https:\/\/luchonoticias.com\/editor\/author\/editor-general\/\"}]}<\/script>\n<!-- \/ Yoast SEO plugin. -->","yoast_head_json":{"title":"Animales atendidos por la CAM fueron dejados en su habitat -","robots":{"index":"index","follow":"follow","max-snippet":"max-snippet:-1","max-image-preview":"max-image-preview:large","max-video-preview":"max-video-preview:-1"},"canonical":"https:\/\/luchonoticias.com\/editor\/animales-atendidos-por-la-cam-fueron-dejados-en-su-habitat\/","og_locale":"es_ES","og_type":"article","og_title":"Animales atendidos por la CAM fueron dejados en su habitat -","og_url":"https:\/\/luchonoticias.com\/editor\/animales-atendidos-por-la-cam-fueron-dejados-en-su-habitat\/","article_publisher":"https:\/\/www.facebook.com\/luchonoticiasneiva","article_published_time":"2024-04-22T21:14:11+00:00","og_image":[{"width":700,"height":400,"url":"https:\/\/luchonoticias.com\/editor\/wp-content\/uploads\/2024\/04\/animales-liberados.jpg","type":"image\/jpeg"}],"author":"Editor General","twitter_card":"summary_large_image","twitter_misc":{"Escrito por":"Editor General","Tiempo de lectura":"2 minutos"},"schema":{"@context":"https:\/\/schema.org","@graph":[{"@type":"Article","@id":"https:\/\/luchonoticias.com\/editor\/animales-atendidos-por-la-cam-fueron-dejados-en-su-habitat\/#article","isPartOf":{"@id":"https:\/\/luchonoticias.com\/editor\/animales-atendidos-por-la-cam-fueron-dejados-en-su-habitat\/"},"author":{"name":"Editor General","@id":"https:\/\/luchonoticias.com\/editor\/#\/schema\/person\/29217990ddf6f14e35912b2866d591fb"},"headline":"Animales atendidos por la CAM fueron dejados en su habitat","datePublished":"2024-04-22T21:14:11+00:00","mainEntityOfPage":{"@id":"https:\/\/luchonoticias.com\/editor\/animales-atendidos-por-la-cam-fueron-dejados-en-su-habitat\/"},"wordCount":500,"publisher":{"@id":"https:\/\/luchonoticias.com\/editor\/#\/schema\/person\/7a7fd911f58561fd056dbac7b55af9cd"},"image":{"@id":"https:\/\/luchonoticias.com\/editor\/animales-atendidos-por-la-cam-fueron-dejados-en-su-habitat\/#primaryimage"},"thumbnailUrl":"https:\/\/luchonoticias.com\/editor\/wp-content\/uploads\/2024\/04\/animales-liberados.jpg","articleSection":["Huila"],"inLanguage":"es"},{"@type":"WebPage","@id":"https:\/\/luchonoticias.com\/editor\/animales-atendidos-por-la-cam-fueron-dejados-en-su-habitat\/","url":"https:\/\/luchonoticias.com\/editor\/animales-atendidos-por-la-cam-fueron-dejados-en-su-habitat\/","name":"Animales atendidos por la CAM fueron dejados en su habitat -","isPartOf":{"@id":"https:\/\/luchonoticias.com\/editor\/#website"},"primaryImageOfPage":{"@id":"https:\/\/luchonoticias.com\/editor\/animales-atendidos-por-la-cam-fueron-dejados-en-su-habitat\/#primaryimage"},"image":{"@id":"https:\/\/luchonoticias.com\/editor\/animales-atendidos-por-la-cam-fueron-dejados-en-su-habitat\/#primaryimage"},"thumbnailUrl":"https:\/\/luchonoticias.com\/editor\/wp-content\/uploads\/2024\/04\/animales-liberados.jpg","datePublished":"2024-04-22T21:14:11+00:00","breadcrumb":{"@id":"https:\/\/luchonoticias.com\/editor\/animales-atendidos-por-la-cam-fueron-dejados-en-su-habitat\/#breadcrumb"},"inLanguage":"es","potentialAction":[{"@type":"ReadAction","target":["https:\/\/luchonoticias.com\/editor\/animales-atendidos-por-la-cam-fueron-dejados-en-su-habitat\/"]}]},{"@type":"ImageObject","inLanguage":"es","@id":"https:\/\/luchonoticias.com\/editor\/animales-atendidos-por-la-cam-fueron-dejados-en-su-habitat\/#primaryimage","url":"https:\/\/luchonoticias.com\/editor\/wp-content\/uploads\/2024\/04\/animales-liberados.jpg","contentUrl":"https:\/\/luchonoticias.com\/editor\/wp-content\/uploads\/2024\/04\/animales-liberados.jpg","width":700,"height":400},{"@type":"BreadcrumbList","@id":"https:\/\/luchonoticias.com\/editor\/animales-atendidos-por-la-cam-fueron-dejados-en-su-habitat\/#breadcrumb","itemListElement":[{"@type":"ListItem","position":1,"name":"Portada","item":"https:\/\/luchonoticias.com\/editor\/"},{"@type":"ListItem","position":2,"name":"Animales atendidos por la CAM fueron dejados en su habitat"}]},{"@type":"WebSite","@id":"https:\/\/luchonoticias.com\/editor\/#website","url":"https:\/\/luchonoticias.com\/editor\/","name":"","description":"","publisher":{"@id":"https:\/\/luchonoticias.com\/editor\/#\/schema\/person\/7a7fd911f58561fd056dbac7b55af9cd"},"potentialAction":[{"@type":"SearchAction","target":{"@type":"EntryPoint","urlTemplate":"https:\/\/luchonoticias.com\/editor\/?s={search_term_string}"},"query-input":{"@type":"PropertyValueSpecification","valueRequired":true,"valueName":"search_term_string"}}],"inLanguage":"es"},{"@type":["Person","Organization"],"@id":"https:\/\/luchonoticias.com\/editor\/#\/schema\/person\/7a7fd911f58561fd056dbac7b55af9cd","name":"admin","image":{"@type":"ImageObject","inLanguage":"es","@id":"https:\/\/luchonoticias.com\/editor\/#\/schema\/person\/image\/","url":"https:\/\/luchonoticias.com\/editor\/wp-content\/uploads\/2024\/02\/cropped-cropped-logolu.webp","contentUrl":"https:\/\/luchonoticias.com\/editor\/wp-content\/uploads\/2024\/02\/cropped-cropped-logolu.webp","width":382,"height":170,"caption":"admin"},"logo":{"@id":"https:\/\/luchonoticias.com\/editor\/#\/schema\/person\/image\/"},"sameAs":["https:\/\/www.facebook.com\/luchonoticiasneiva"]},{"@type":"Person","@id":"https:\/\/luchonoticias.com\/editor\/#\/schema\/person\/29217990ddf6f14e35912b2866d591fb","name":"Editor General","image":{"@type":"ImageObject","inLanguage":"es","@id":"https:\/\/luchonoticias.com\/editor\/#\/schema\/person\/image\/","url":"https:\/\/luchonoticias.com\/editor\/wp-content\/uploads\/2024\/02\/cropped-cropped-logolu-150x150.webp","contentUrl":"https:\/\/luchonoticias.com\/editor\/wp-content\/uploads\/2024\/02\/cropped-cropped-logolu-150x150.webp","caption":"Editor General"},"sameAs":["https:\/\/luchonoticias.com\/"],"url":"https:\/\/luchonoticias.com\/editor\/author\/editor-general\/"}]}},"_links":{"self":[{"href":"https:\/\/luchonoticias.com\/editor\/wp-json\/wp\/v2\/posts\/72350","targetHints":{"allow":["GET"]}}],"collection":[{"href":"https:\/\/luchonoticias.com\/editor\/wp-json\/wp\/v2\/posts"}],"about":[{"href":"https:\/\/luchonoticias.com\/editor\/wp-json\/wp\/v2\/types\/post"}],"author":[{"embeddable":true,"href":"https:\/\/luchonoticias.com\/editor\/wp-json\/wp\/v2\/users\/2"}],"replies":[{"embeddable":true,"href":"https:\/\/luchonoticias.com\/editor\/wp-json\/wp\/v2\/comments?post=72350"}],"version-history":[{"count":0,"href":"https:\/\/luchonoticias.com\/editor\/wp-json\/wp\/v2\/posts\/72350\/revisions"}],"wp:featuredmedia":[{"embeddable":true,"href":"https:\/\/luchonoticias.com\/editor\/wp-json\/wp\/v2\/media\/72351"}],"wp:attachment":[{"href":"https:\/\/luchonoticias.com\/editor\/wp-json\/wp\/v2\/media?parent=72350"}],"wp:term":[{"taxonomy":"category","embeddable":true,"href":"https:\/\/luchonoticias.com\/editor\/wp-json\/wp\/v2\/categories?post=72350"},{"taxonomy":"post_tag","embeddable":true,"href":"https:\/\/luchonoticias.com\/editor\/wp-json\/wp\/v2\/tags?post=72350"}],"curies":[{"name":"wp","href":"https:\/\/api.w.org\/{rel}","templated":true}]}}