{"id":72353,"date":"2024-04-22T20:15:15","date_gmt":"2024-04-23T01:15:15","guid":{"rendered":"https:\/\/luchonoticias.com\/?p=72353"},"modified":"2024-04-22T20:15:15","modified_gmt":"2024-04-23T01:15:15","slug":"queda-una-semana-de-inscripciones-para-estudiar-pregrado-en-la-usco","status":"publish","type":"post","link":"https:\/\/luchonoticias.com\/editor\/queda-una-semana-de-inscripciones-para-estudiar-pregrado-en-la-usco\/","title":{"rendered":"Queda una semana de inscripciones para estudiar pregrado en la USCO"},"content":{"rendered":"<p>La vicerrectora acad\u00e9mica de la Universidad Surcolombiana, Mar\u00eda Fernanda Jaime Osorio, invit\u00f3 a los j\u00f3venes que quieran realizar una carrera profesional en esta instituci\u00f3n a no perder la oportunidad de hacerlo.<\/p>\n<p>El plazo para inscribirse es hasta el pr\u00f3ximo 29 de abril a las cuatro de la tarde y corresponde al segundo periodo acad\u00e9mico de 2024 para todas las sedes del alma m\u00e1ter, desde la sede principal en Neiva hasta las regionales de Pitalito, Garz\u00f3n y La Plata.<\/p>\n<p>\u201cLa Universidad surcolombiana tiene abiertas sus inscripciones para los programas de pregrado y algunos posgrados. En este momento desde www.usco.edu.co se pueden consultar las fechas. Hasta el pr\u00f3ximo 29 de abril van a estar abiertas las inscripciones para los programas de pregrado en Neiva, Pitalito, Garz\u00f3n y La Plata\u201d, expres\u00f3 la vicerrectora.<\/p>\n<p>Tambi\u00e9n record\u00f3 que a partir del segundo periodo de 2024 la Universidad Surcolombiana est\u00e1 estrenando valor del pin y el descuento por la compra del segundo del 50%. \u201cUsted puede comprar un pin por 130.000 pesos y el segundo le va a quedar en 65.000.\u201d<\/p>\n<p><strong>Sede Neiva<\/strong><\/p>\n<p>En la sede central en Neiva se ofrecen los siguientes programas, algunos, como el de Medicina son de car\u00e1cter anual:<br \/>\nFacultad de Ciencias Exactas y Naturales<br \/>\n\u2022 Matem\u00e1tica Aplicada<br \/>\n\u2022 Fisica<br \/>\n\u2022 Biolog\u00eda Aplicada<br \/>\nFacultad de Ciencias Jur\u00eddicas y Pol\u00edticas<br \/>\n\u2022 Ciencia Pol\u00edtica<br \/>\n\u2022 Derecho<br \/>\nFacultad de Ciencias Sociales y Humanas<br \/>\n\u2022 Antropolog\u00eda<br \/>\n\u2022 Comunicaci\u00f3n Social y Periodismo<br \/>\n\u2022 Psicolog\u00eda<br \/>\nFacultad de Econom\u00eda y Administraci\u00f3n<br \/>\n\u2022 Administraci\u00f3n de Empresas<br \/>\n\u2022 Administraci\u00f3n Financiera<br \/>\n\u2022 Administraci\u00f3n Tur\u00edstica y Hotelera<br \/>\n\u2022 Contadur\u00eda P\u00fablica<br \/>\n\u2022 Econom\u00eda<br \/>\nFacultad de Educaci\u00f3n<br \/>\n\u2022 Licenciatura Ciencias Naturales y Educaci\u00f3n Ambiental<br \/>\n\u2022 Licenciatura en Ciencias Sociales<br \/>\n\u2022 Licenciatura en Educaci\u00f3n Art\u00edstica<br \/>\n\u2022 Licenciatura en Educaci\u00f3n F\u00edsica, Recreaci\u00f3n y Deportes<br \/>\n\u2022 Licenciatura en Educaci\u00f3n Infantil<br \/>\n\u2022 Licenciatura en Lenguas Extranjeras con \u00c9nfasis en Ingl\u00e9s<br \/>\n\u2022 Licenciatura en Literatura y Lengua Castellana<br \/>\n\u2022 Licenciatura en Matem\u00e1ticas<\/p>\n<p>Facultad de Ingenier\u00eda<br \/>\n\u2022 Ingenier\u00eda Agr\u00edcola<br \/>\n\u2022 Ingenier\u00eda Agroindustrial<br \/>\n\u2022 Ingenier\u00eda Civil<br \/>\n\u2022 Ingenier\u00eda de Petr\u00f3leos<br \/>\n\u2022 Ingenier\u00eda de Software<br \/>\n\u2022 Ingenier\u00eda Electr\u00f3nica<br \/>\n\u2022 Tecnolog\u00eda en Construcci\u00f3n de Obras Civiles<br \/>\n\u2022 Tecnolog\u00eda en Desarrollo de Software<\/p>\n<p>Facultad de Salud<br \/>\n\u2022 Enfermer\u00eda<br \/>\n\u2022 Medicina<br \/>\nPara este segundo periodo acad\u00e9mico de 2024, en las sedes regionales de la universidad, algunos programas como Educaci\u00f3n F\u00edsica y Comunicaci\u00f3n Social, que son de car\u00e1cter anual, no ser\u00e1n ofertados.<\/p>\n<p>De tal manera, la oferta acad\u00e9mica en los programas de pregrado para las sedes regionales en 2024-2, es la siguiente:<\/p>\n<p><strong>Sede Pitalito<\/strong><br \/>\n\u2022 Derecho<br \/>\n\u2022 Ingenier\u00eda Agr\u00edcola<br \/>\n\u2022 Administraci\u00f3n Tur\u00edstica y Hotelera<br \/>\n\u2022 Administraci\u00f3n de Empresas (nocturna)<br \/>\n\u2022 Contadur\u00eda P\u00fablica (nocturna)<\/p>\n<p><strong>Sede Garz\u00f3n<\/strong><br \/>\n\u2022 Ingenier\u00eda Agr\u00edcola<br \/>\n\u2022 Administraci\u00f3n de Empresas (nocturna)<br \/>\n\u2022 Contadur\u00eda P\u00fablica (nocturna)<\/p>\n<p>Sede La Plata<br \/>\n\u2022 Ingenier\u00eda Agr\u00edcola<br \/>\n\u2022 Administraci\u00f3n de Empresas (nocturna)<br \/>\n\u2022 Contadur\u00eda P\u00fablica (nocturna)<\/p>\n","protected":false},"excerpt":{"rendered":"<p>La vicerrectora acad\u00e9mica de la Universidad Surcolombiana, Mar\u00eda Fernanda Jaime Osorio, invit\u00f3 a los j\u00f3venes que quieran realizar una carrera profesional en esta instituci\u00f3n a no perder la oportunidad de hacerlo. El plazo para inscribirse es hasta el pr\u00f3ximo 29 de abril a las cuatro de la tarde y corresponde al segundo periodo acad\u00e9mico de [&hellip;]<\/p>\n","protected":false},"author":2,"featured_media":72354,"comment_status":"closed","ping_status":"open","sticky":false,"template":"","format":"standard","meta":{"footnotes":""},"categories":[33],"tags":[],"class_list":["post-72353","post","type-post","status-publish","format-standard","has-post-thumbnail","hentry","category-huila"],"yoast_head":"<!-- This site is optimized with the Yoast SEO plugin v26.6 - https:\/\/yoast.com\/wordpress\/plugins\/seo\/ -->\n<title>Queda una semana de inscripciones para estudiar pregrado en la USCO -<\/title>\n<meta name=\"robots\" content=\"index, follow, max-snippet:-1, max-image-preview:large, max-video-preview:-1\" \/>\n<link rel=\"canonical\" href=\"https:\/\/luchonoticias.com\/editor\/queda-una-semana-de-inscripciones-para-estudiar-pregrado-en-la-usco\/\" \/>\n<meta property=\"og:locale\" content=\"es_ES\" \/>\n<meta property=\"og:type\" content=\"article\" \/>\n<meta property=\"og:title\" content=\"Queda una semana de inscripciones para estudiar pregrado en la USCO -\" \/>\n<meta property=\"og:url\" content=\"https:\/\/luchonoticias.com\/editor\/queda-una-semana-de-inscripciones-para-estudiar-pregrado-en-la-usco\/\" \/>\n<meta property=\"article:publisher\" content=\"https:\/\/www.facebook.com\/luchonoticiasneiva\" \/>\n<meta property=\"article:published_time\" content=\"2024-04-23T01:15:15+00:00\" \/>\n<meta property=\"og:image\" content=\"https:\/\/luchonoticias.com\/editor\/wp-content\/uploads\/2024\/04\/WhatsApp-Image-2024-04-22-at-19.34.35.jpeg\" \/>\n\t<meta property=\"og:image:width\" content=\"1280\" \/>\n\t<meta property=\"og:image:height\" content=\"889\" \/>\n\t<meta property=\"og:image:type\" content=\"image\/jpeg\" \/>\n<meta name=\"author\" content=\"Editor General\" \/>\n<meta name=\"twitter:card\" content=\"summary_large_image\" \/>\n<meta name=\"twitter:label1\" content=\"Escrito por\" \/>\n\t<meta name=\"twitter:data1\" content=\"Editor General\" \/>\n\t<meta name=\"twitter:label2\" content=\"Tiempo de lectura\" \/>\n\t<meta name=\"twitter:data2\" content=\"2 minutos\" \/>\n<script type=\"application\/ld+json\" class=\"yoast-schema-graph\">{\"@context\":\"https:\/\/schema.org\",\"@graph\":[{\"@type\":\"Article\",\"@id\":\"https:\/\/luchonoticias.com\/editor\/queda-una-semana-de-inscripciones-para-estudiar-pregrado-en-la-usco\/#article\",\"isPartOf\":{\"@id\":\"https:\/\/luchonoticias.com\/editor\/queda-una-semana-de-inscripciones-para-estudiar-pregrado-en-la-usco\/\"},\"author\":{\"name\":\"Editor General\",\"@id\":\"https:\/\/luchonoticias.com\/editor\/#\/schema\/person\/29217990ddf6f14e35912b2866d591fb\"},\"headline\":\"Queda una semana de inscripciones para estudiar pregrado en la USCO\",\"datePublished\":\"2024-04-23T01:15:15+00:00\",\"mainEntityOfPage\":{\"@id\":\"https:\/\/luchonoticias.com\/editor\/queda-una-semana-de-inscripciones-para-estudiar-pregrado-en-la-usco\/\"},\"wordCount\":497,\"publisher\":{\"@id\":\"https:\/\/luchonoticias.com\/editor\/#\/schema\/person\/7a7fd911f58561fd056dbac7b55af9cd\"},\"image\":{\"@id\":\"https:\/\/luchonoticias.com\/editor\/queda-una-semana-de-inscripciones-para-estudiar-pregrado-en-la-usco\/#primaryimage\"},\"thumbnailUrl\":\"https:\/\/luchonoticias.com\/editor\/wp-content\/uploads\/2024\/04\/WhatsApp-Image-2024-04-22-at-19.34.35.jpeg\",\"articleSection\":[\"Huila\"],\"inLanguage\":\"es\"},{\"@type\":\"WebPage\",\"@id\":\"https:\/\/luchonoticias.com\/editor\/queda-una-semana-de-inscripciones-para-estudiar-pregrado-en-la-usco\/\",\"url\":\"https:\/\/luchonoticias.com\/editor\/queda-una-semana-de-inscripciones-para-estudiar-pregrado-en-la-usco\/\",\"name\":\"Queda una semana de inscripciones para estudiar pregrado en la USCO -\",\"isPartOf\":{\"@id\":\"https:\/\/luchonoticias.com\/editor\/#website\"},\"primaryImageOfPage\":{\"@id\":\"https:\/\/luchonoticias.com\/editor\/queda-una-semana-de-inscripciones-para-estudiar-pregrado-en-la-usco\/#primaryimage\"},\"image\":{\"@id\":\"https:\/\/luchonoticias.com\/editor\/queda-una-semana-de-inscripciones-para-estudiar-pregrado-en-la-usco\/#primaryimage\"},\"thumbnailUrl\":\"https:\/\/luchonoticias.com\/editor\/wp-content\/uploads\/2024\/04\/WhatsApp-Image-2024-04-22-at-19.34.35.jpeg\",\"datePublished\":\"2024-04-23T01:15:15+00:00\",\"breadcrumb\":{\"@id\":\"https:\/\/luchonoticias.com\/editor\/queda-una-semana-de-inscripciones-para-estudiar-pregrado-en-la-usco\/#breadcrumb\"},\"inLanguage\":\"es\",\"potentialAction\":[{\"@type\":\"ReadAction\",\"target\":[\"https:\/\/luchonoticias.com\/editor\/queda-una-semana-de-inscripciones-para-estudiar-pregrado-en-la-usco\/\"]}]},{\"@type\":\"ImageObject\",\"inLanguage\":\"es\",\"@id\":\"https:\/\/luchonoticias.com\/editor\/queda-una-semana-de-inscripciones-para-estudiar-pregrado-en-la-usco\/#primaryimage\",\"url\":\"https:\/\/luchonoticias.com\/editor\/wp-content\/uploads\/2024\/04\/WhatsApp-Image-2024-04-22-at-19.34.35.jpeg\",\"contentUrl\":\"https:\/\/luchonoticias.com\/editor\/wp-content\/uploads\/2024\/04\/WhatsApp-Image-2024-04-22-at-19.34.35.jpeg\",\"width\":1280,\"height\":889},{\"@type\":\"BreadcrumbList\",\"@id\":\"https:\/\/luchonoticias.com\/editor\/queda-una-semana-de-inscripciones-para-estudiar-pregrado-en-la-usco\/#breadcrumb\",\"itemListElement\":[{\"@type\":\"ListItem\",\"position\":1,\"name\":\"Portada\",\"item\":\"https:\/\/luchonoticias.com\/editor\/\"},{\"@type\":\"ListItem\",\"position\":2,\"name\":\"Queda una semana de inscripciones para estudiar pregrado en la USCO\"}]},{\"@type\":\"WebSite\",\"@id\":\"https:\/\/luchonoticias.com\/editor\/#website\",\"url\":\"https:\/\/luchonoticias.com\/editor\/\",\"name\":\"\",\"description\":\"\",\"publisher\":{\"@id\":\"https:\/\/luchonoticias.com\/editor\/#\/schema\/person\/7a7fd911f58561fd056dbac7b55af9cd\"},\"potentialAction\":[{\"@type\":\"SearchAction\",\"target\":{\"@type\":\"EntryPoint\",\"urlTemplate\":\"https:\/\/luchonoticias.com\/editor\/?s={search_term_string}\"},\"query-input\":{\"@type\":\"PropertyValueSpecification\",\"valueRequired\":true,\"valueName\":\"search_term_string\"}}],\"inLanguage\":\"es\"},{\"@type\":[\"Person\",\"Organization\"],\"@id\":\"https:\/\/luchonoticias.com\/editor\/#\/schema\/person\/7a7fd911f58561fd056dbac7b55af9cd\",\"name\":\"admin\",\"image\":{\"@type\":\"ImageObject\",\"inLanguage\":\"es\",\"@id\":\"https:\/\/luchonoticias.com\/editor\/#\/schema\/person\/image\/\",\"url\":\"https:\/\/luchonoticias.com\/editor\/wp-content\/uploads\/2024\/02\/cropped-cropped-logolu.webp\",\"contentUrl\":\"https:\/\/luchonoticias.com\/editor\/wp-content\/uploads\/2024\/02\/cropped-cropped-logolu.webp\",\"width\":382,\"height\":170,\"caption\":\"admin\"},\"logo\":{\"@id\":\"https:\/\/luchonoticias.com\/editor\/#\/schema\/person\/image\/\"},\"sameAs\":[\"https:\/\/www.facebook.com\/luchonoticiasneiva\"]},{\"@type\":\"Person\",\"@id\":\"https:\/\/luchonoticias.com\/editor\/#\/schema\/person\/29217990ddf6f14e35912b2866d591fb\",\"name\":\"Editor General\",\"image\":{\"@type\":\"ImageObject\",\"inLanguage\":\"es\",\"@id\":\"https:\/\/luchonoticias.com\/editor\/#\/schema\/person\/image\/\",\"url\":\"https:\/\/luchonoticias.com\/editor\/wp-content\/uploads\/2024\/02\/cropped-cropped-logolu-150x150.webp\",\"contentUrl\":\"https:\/\/luchonoticias.com\/editor\/wp-content\/uploads\/2024\/02\/cropped-cropped-logolu-150x150.webp\",\"caption\":\"Editor General\"},\"sameAs\":[\"https:\/\/luchonoticias.com\/\"],\"url\":\"https:\/\/luchonoticias.com\/editor\/author\/editor-general\/\"}]}<\/script>\n<!-- \/ Yoast SEO plugin. -->","yoast_head_json":{"title":"Queda una semana de inscripciones para estudiar pregrado en la USCO -","robots":{"index":"index","follow":"follow","max-snippet":"max-snippet:-1","max-image-preview":"max-image-preview:large","max-video-preview":"max-video-preview:-1"},"canonical":"https:\/\/luchonoticias.com\/editor\/queda-una-semana-de-inscripciones-para-estudiar-pregrado-en-la-usco\/","og_locale":"es_ES","og_type":"article","og_title":"Queda una semana de inscripciones para estudiar pregrado en la USCO -","og_url":"https:\/\/luchonoticias.com\/editor\/queda-una-semana-de-inscripciones-para-estudiar-pregrado-en-la-usco\/","article_publisher":"https:\/\/www.facebook.com\/luchonoticiasneiva","article_published_time":"2024-04-23T01:15:15+00:00","og_image":[{"width":1280,"height":889,"url":"https:\/\/luchonoticias.com\/editor\/wp-content\/uploads\/2024\/04\/WhatsApp-Image-2024-04-22-at-19.34.35.jpeg","type":"image\/jpeg"}],"author":"Editor General","twitter_card":"summary_large_image","twitter_misc":{"Escrito por":"Editor General","Tiempo de lectura":"2 minutos"},"schema":{"@context":"https:\/\/schema.org","@graph":[{"@type":"Article","@id":"https:\/\/luchonoticias.com\/editor\/queda-una-semana-de-inscripciones-para-estudiar-pregrado-en-la-usco\/#article","isPartOf":{"@id":"https:\/\/luchonoticias.com\/editor\/queda-una-semana-de-inscripciones-para-estudiar-pregrado-en-la-usco\/"},"author":{"name":"Editor General","@id":"https:\/\/luchonoticias.com\/editor\/#\/schema\/person\/29217990ddf6f14e35912b2866d591fb"},"headline":"Queda una semana de inscripciones para estudiar pregrado en la USCO","datePublished":"2024-04-23T01:15:15+00:00","mainEntityOfPage":{"@id":"https:\/\/luchonoticias.com\/editor\/queda-una-semana-de-inscripciones-para-estudiar-pregrado-en-la-usco\/"},"wordCount":497,"publisher":{"@id":"https:\/\/luchonoticias.com\/editor\/#\/schema\/person\/7a7fd911f58561fd056dbac7b55af9cd"},"image":{"@id":"https:\/\/luchonoticias.com\/editor\/queda-una-semana-de-inscripciones-para-estudiar-pregrado-en-la-usco\/#primaryimage"},"thumbnailUrl":"https:\/\/luchonoticias.com\/editor\/wp-content\/uploads\/2024\/04\/WhatsApp-Image-2024-04-22-at-19.34.35.jpeg","articleSection":["Huila"],"inLanguage":"es"},{"@type":"WebPage","@id":"https:\/\/luchonoticias.com\/editor\/queda-una-semana-de-inscripciones-para-estudiar-pregrado-en-la-usco\/","url":"https:\/\/luchonoticias.com\/editor\/queda-una-semana-de-inscripciones-para-estudiar-pregrado-en-la-usco\/","name":"Queda una semana de inscripciones para estudiar pregrado en la USCO -","isPartOf":{"@id":"https:\/\/luchonoticias.com\/editor\/#website"},"primaryImageOfPage":{"@id":"https:\/\/luchonoticias.com\/editor\/queda-una-semana-de-inscripciones-para-estudiar-pregrado-en-la-usco\/#primaryimage"},"image":{"@id":"https:\/\/luchonoticias.com\/editor\/queda-una-semana-de-inscripciones-para-estudiar-pregrado-en-la-usco\/#primaryimage"},"thumbnailUrl":"https:\/\/luchonoticias.com\/editor\/wp-content\/uploads\/2024\/04\/WhatsApp-Image-2024-04-22-at-19.34.35.jpeg","datePublished":"2024-04-23T01:15:15+00:00","breadcrumb":{"@id":"https:\/\/luchonoticias.com\/editor\/queda-una-semana-de-inscripciones-para-estudiar-pregrado-en-la-usco\/#breadcrumb"},"inLanguage":"es","potentialAction":[{"@type":"ReadAction","target":["https:\/\/luchonoticias.com\/editor\/queda-una-semana-de-inscripciones-para-estudiar-pregrado-en-la-usco\/"]}]},{"@type":"ImageObject","inLanguage":"es","@id":"https:\/\/luchonoticias.com\/editor\/queda-una-semana-de-inscripciones-para-estudiar-pregrado-en-la-usco\/#primaryimage","url":"https:\/\/luchonoticias.com\/editor\/wp-content\/uploads\/2024\/04\/WhatsApp-Image-2024-04-22-at-19.34.35.jpeg","contentUrl":"https:\/\/luchonoticias.com\/editor\/wp-content\/uploads\/2024\/04\/WhatsApp-Image-2024-04-22-at-19.34.35.jpeg","width":1280,"height":889},{"@type":"BreadcrumbList","@id":"https:\/\/luchonoticias.com\/editor\/queda-una-semana-de-inscripciones-para-estudiar-pregrado-en-la-usco\/#breadcrumb","itemListElement":[{"@type":"ListItem","position":1,"name":"Portada","item":"https:\/\/luchonoticias.com\/editor\/"},{"@type":"ListItem","position":2,"name":"Queda una semana de inscripciones para estudiar pregrado en la USCO"}]},{"@type":"WebSite","@id":"https:\/\/luchonoticias.com\/editor\/#website","url":"https:\/\/luchonoticias.com\/editor\/","name":"","description":"","publisher":{"@id":"https:\/\/luchonoticias.com\/editor\/#\/schema\/person\/7a7fd911f58561fd056dbac7b55af9cd"},"potentialAction":[{"@type":"SearchAction","target":{"@type":"EntryPoint","urlTemplate":"https:\/\/luchonoticias.com\/editor\/?s={search_term_string}"},"query-input":{"@type":"PropertyValueSpecification","valueRequired":true,"valueName":"search_term_string"}}],"inLanguage":"es"},{"@type":["Person","Organization"],"@id":"https:\/\/luchonoticias.com\/editor\/#\/schema\/person\/7a7fd911f58561fd056dbac7b55af9cd","name":"admin","image":{"@type":"ImageObject","inLanguage":"es","@id":"https:\/\/luchonoticias.com\/editor\/#\/schema\/person\/image\/","url":"https:\/\/luchonoticias.com\/editor\/wp-content\/uploads\/2024\/02\/cropped-cropped-logolu.webp","contentUrl":"https:\/\/luchonoticias.com\/editor\/wp-content\/uploads\/2024\/02\/cropped-cropped-logolu.webp","width":382,"height":170,"caption":"admin"},"logo":{"@id":"https:\/\/luchonoticias.com\/editor\/#\/schema\/person\/image\/"},"sameAs":["https:\/\/www.facebook.com\/luchonoticiasneiva"]},{"@type":"Person","@id":"https:\/\/luchonoticias.com\/editor\/#\/schema\/person\/29217990ddf6f14e35912b2866d591fb","name":"Editor General","image":{"@type":"ImageObject","inLanguage":"es","@id":"https:\/\/luchonoticias.com\/editor\/#\/schema\/person\/image\/","url":"https:\/\/luchonoticias.com\/editor\/wp-content\/uploads\/2024\/02\/cropped-cropped-logolu-150x150.webp","contentUrl":"https:\/\/luchonoticias.com\/editor\/wp-content\/uploads\/2024\/02\/cropped-cropped-logolu-150x150.webp","caption":"Editor General"},"sameAs":["https:\/\/luchonoticias.com\/"],"url":"https:\/\/luchonoticias.com\/editor\/author\/editor-general\/"}]}},"_links":{"self":[{"href":"https:\/\/luchonoticias.com\/editor\/wp-json\/wp\/v2\/posts\/72353","targetHints":{"allow":["GET"]}}],"collection":[{"href":"https:\/\/luchonoticias.com\/editor\/wp-json\/wp\/v2\/posts"}],"about":[{"href":"https:\/\/luchonoticias.com\/editor\/wp-json\/wp\/v2\/types\/post"}],"author":[{"embeddable":true,"href":"https:\/\/luchonoticias.com\/editor\/wp-json\/wp\/v2\/users\/2"}],"replies":[{"embeddable":true,"href":"https:\/\/luchonoticias.com\/editor\/wp-json\/wp\/v2\/comments?post=72353"}],"version-history":[{"count":0,"href":"https:\/\/luchonoticias.com\/editor\/wp-json\/wp\/v2\/posts\/72353\/revisions"}],"wp:featuredmedia":[{"embeddable":true,"href":"https:\/\/luchonoticias.com\/editor\/wp-json\/wp\/v2\/media\/72354"}],"wp:attachment":[{"href":"https:\/\/luchonoticias.com\/editor\/wp-json\/wp\/v2\/media?parent=72353"}],"wp:term":[{"taxonomy":"category","embeddable":true,"href":"https:\/\/luchonoticias.com\/editor\/wp-json\/wp\/v2\/categories?post=72353"},{"taxonomy":"post_tag","embeddable":true,"href":"https:\/\/luchonoticias.com\/editor\/wp-json\/wp\/v2\/tags?post=72353"}],"curies":[{"name":"wp","href":"https:\/\/api.w.org\/{rel}","templated":true}]}}