{"id":72376,"date":"2024-04-23T16:44:07","date_gmt":"2024-04-23T21:44:07","guid":{"rendered":"https:\/\/luchonoticias.com\/?p=72376"},"modified":"2024-04-23T21:41:47","modified_gmt":"2024-04-24T02:41:47","slug":"tecnico-superior-estrena-nuevas-aulas-y-laboratorios","status":"publish","type":"post","link":"https:\/\/luchonoticias.com\/editor\/tecnico-superior-estrena-nuevas-aulas-y-laboratorios\/","title":{"rendered":"T\u00e9cnico Superior estrena nuevas aulas y laboratorios"},"content":{"rendered":"<p>Desde la Administraci\u00f3n Municipal en cabeza del ingeniero Germ\u00e1n Casagua Bonilla, sigue en firme el prop\u00f3sito de mejorar las condiciones de las instituciones educativas para que los ni\u00f1os, ni\u00f1as y adolescentes puedan tener educaci\u00f3n de altos est\u00e1ndares.<\/p>\n<p>D\u00e1ndole constante seguimiento al contrato de obra 0883 de 2019, la Alcald\u00eda de Neiva realiz\u00f3, despu\u00e9s de seis a\u00f1os, la entrega del proyecto de mejoramiento de infraestructura de \u00e1reas administrativas y de los talleres t\u00e9cnicos, as\u00ed como equipos tecnol\u00f3gicos que posicionan a la instituci\u00f3n educativa como una de las sedes a nivel surcolombiano con talleres \u00fanicos.<\/p>\n<p>\u201cHoy hicimos entrega en el colegio T\u00e9cnico Superior de importantes laboratorios que ser\u00e1n puestos al servicio de nuestros estudiantes en la formaci\u00f3n t\u00e9cnica en diferentes disciplinas como obras civiles, mecatr\u00f3nica, desarrollo y programaci\u00f3n de software, entre otras; esto sin duda alguna beneficiar\u00e1 la formaci\u00f3n de nuestros estudiantes\u201d, sostuvo el alcalde de Neiva Germ\u00e1n Casagua Bonilla.<\/p>\n<p>Con una inversi\u00f3n total de 12.948.962.516,99 millones de pesos, la instituci\u00f3n educativa se dot\u00f3 en sus 10 ambientes t\u00e9cnicos al igual que la intervenci\u00f3n de la red de acueducto y alcantarillado, mejoras estructurales en los talleres y el aula interactiva, tales como cambios de pisos, reforzamiento estructural, cubiertas, componentes el\u00e9ctricos, sistema contra incendios y otras mejoras; lo anterior, dejando constancia de que el proyecto es de tres etapas y en sus dos primeras se gest\u00f3 inversi\u00f3n de las \u00faltimas dos alcald\u00edas con recursos propios y de regal\u00edas del Municipio.<\/p>\n<p>\u00abAll\u00ed tenemos una inversi\u00f3n superior a los 12.900 millones de pesos y la modernizaci\u00f3n de diez ambientes de aprendizaje, muchos de ellos medias t\u00e9cnicas propias de la instituci\u00f3n educativa como ebanister\u00eda, mec\u00e1nica industrial, rob\u00f3tica, dibujo t\u00e9cnico, entre otras\u00bb, afirm\u00f3 Natalia Andrea Rodr\u00edguez, secretar\u00eda de Educaci\u00f3n de Neiva.<\/p>\n<p>Dentro de las novedades, los ni\u00f1os y ni\u00f1as de esta instituci\u00f3n educativa podr\u00e1n experimentar en los talleres de mecatr\u00f3nica y autotr\u00f3nica, en los que hay dotaci\u00f3n de alta calidad y \u00faltima tecnolog\u00eda. Con la mecatr\u00f3nica, \u00e1rea multidisciplinaria de la ingenier\u00eda, los peque\u00f1os podr\u00e1n prepararse t\u00e9cnicamente para asumir la ingenier\u00eda y con ello, apuntarle a la innovaci\u00f3n, el desarrollo de dispositivos y automatizaci\u00f3n. Con la autotr\u00f3nica los ni\u00f1os y las ni\u00f1as podr\u00e1n trabajar en los campos de la ciencia y la tecnolog\u00eda, promoviendo la invenci\u00f3n de elementos que les permitan resolver y comprender problemas el\u00e9ctricos y electr\u00f3nicos propios del \u00e1rea de ingenier\u00eda.<\/p>\n<p><strong>Reacciones<\/strong><\/p>\n<p>Alejandro Ninco Garc\u00eda tiene 12 a\u00f1os y est\u00e1 cursando grado sexto, para \u00e9l la innovaci\u00f3n en los talleres t\u00e9cnicos de esta instituci\u00f3n es una gran noticia porque considera que son una plataforma para poder formarse como un gran profesional. \u00abEl T\u00e9cnico me ha brindado talleres nuevos como mecatr\u00f3nica y autotr\u00f3nica, yo estoy muy emocionado gracias a estos talleres que me han dado, ya que en mecatr\u00f3nica y autotr\u00f3nica se habla de energ\u00edas renovables\u00bb, mencion\u00f3 el menor.<\/p>\n<p>\u00abGracias a la incre\u00edble gesti\u00f3n de las \u00faltimas alcald\u00edas se ha logrado que hoy se entreguen estas nuevas aulas de las t\u00e9cnicas, que distinguen a nuestro colegio, a nuestra instituci\u00f3n, por eso se llama T\u00e9cnico Superior\u00bb, reconoci\u00f3 Juan David Ortiz contralor estudiantil de la I.E. T\u00e9cnico Superior.<\/p>\n<p>Desde la Administraci\u00f3n Municipal se seguir\u00e1n gestionando recursos y proyectos en aras de mejorar la educaci\u00f3n de los ni\u00f1os, ni\u00f1as y adolescentes, para que existan entornos escolares m\u00e1s sanos y que le aporten al proyecto de vida de los peque\u00f1os que son el futuro de la ciudad.<\/p>\n","protected":false},"excerpt":{"rendered":"<p>Desde la Administraci\u00f3n Municipal en cabeza del ingeniero Germ\u00e1n Casagua Bonilla, sigue en firme el prop\u00f3sito de mejorar las condiciones de las instituciones educativas para que los ni\u00f1os, ni\u00f1as y adolescentes puedan tener educaci\u00f3n de altos est\u00e1ndares. D\u00e1ndole constante seguimiento al contrato de obra 0883 de 2019, la Alcald\u00eda de Neiva realiz\u00f3, despu\u00e9s de seis [&hellip;]<\/p>\n","protected":false},"author":2,"featured_media":72377,"comment_status":"closed","ping_status":"open","sticky":false,"template":"","format":"standard","meta":{"footnotes":""},"categories":[31],"tags":[],"class_list":["post-72376","post","type-post","status-publish","format-standard","has-post-thumbnail","hentry","category-local"],"yoast_head":"<!-- This site is optimized with the Yoast SEO plugin v26.6 - https:\/\/yoast.com\/wordpress\/plugins\/seo\/ -->\n<title>T\u00e9cnico Superior estrena nuevas aulas y laboratorios -<\/title>\n<meta name=\"robots\" content=\"index, follow, max-snippet:-1, max-image-preview:large, max-video-preview:-1\" \/>\n<link rel=\"canonical\" href=\"https:\/\/luchonoticias.com\/editor\/tecnico-superior-estrena-nuevas-aulas-y-laboratorios\/\" \/>\n<meta property=\"og:locale\" content=\"es_ES\" \/>\n<meta property=\"og:type\" content=\"article\" \/>\n<meta property=\"og:title\" content=\"T\u00e9cnico Superior estrena nuevas aulas y laboratorios -\" \/>\n<meta property=\"og:url\" content=\"https:\/\/luchonoticias.com\/editor\/tecnico-superior-estrena-nuevas-aulas-y-laboratorios\/\" \/>\n<meta property=\"article:publisher\" content=\"https:\/\/www.facebook.com\/luchonoticiasneiva\" \/>\n<meta property=\"article:published_time\" content=\"2024-04-23T21:44:07+00:00\" \/>\n<meta property=\"article:modified_time\" content=\"2024-04-24T02:41:47+00:00\" \/>\n<meta property=\"og:image\" content=\"https:\/\/luchonoticias.com\/editor\/wp-content\/uploads\/2024\/04\/alcaldia.jpg\" \/>\n\t<meta property=\"og:image:width\" content=\"700\" \/>\n\t<meta property=\"og:image:height\" content=\"400\" \/>\n\t<meta property=\"og:image:type\" content=\"image\/jpeg\" \/>\n<meta name=\"author\" content=\"Editor General\" \/>\n<meta name=\"twitter:card\" content=\"summary_large_image\" \/>\n<meta name=\"twitter:label1\" content=\"Escrito por\" \/>\n\t<meta name=\"twitter:data1\" content=\"Editor General\" \/>\n\t<meta name=\"twitter:label2\" content=\"Tiempo de lectura\" \/>\n\t<meta name=\"twitter:data2\" content=\"3 minutos\" \/>\n<script type=\"application\/ld+json\" class=\"yoast-schema-graph\">{\"@context\":\"https:\/\/schema.org\",\"@graph\":[{\"@type\":\"Article\",\"@id\":\"https:\/\/luchonoticias.com\/editor\/tecnico-superior-estrena-nuevas-aulas-y-laboratorios\/#article\",\"isPartOf\":{\"@id\":\"https:\/\/luchonoticias.com\/editor\/tecnico-superior-estrena-nuevas-aulas-y-laboratorios\/\"},\"author\":{\"name\":\"Editor General\",\"@id\":\"https:\/\/luchonoticias.com\/editor\/#\/schema\/person\/29217990ddf6f14e35912b2866d591fb\"},\"headline\":\"T\u00e9cnico Superior estrena nuevas aulas y laboratorios\",\"datePublished\":\"2024-04-23T21:44:07+00:00\",\"dateModified\":\"2024-04-24T02:41:47+00:00\",\"mainEntityOfPage\":{\"@id\":\"https:\/\/luchonoticias.com\/editor\/tecnico-superior-estrena-nuevas-aulas-y-laboratorios\/\"},\"wordCount\":650,\"publisher\":{\"@id\":\"https:\/\/luchonoticias.com\/editor\/#\/schema\/person\/7a7fd911f58561fd056dbac7b55af9cd\"},\"image\":{\"@id\":\"https:\/\/luchonoticias.com\/editor\/tecnico-superior-estrena-nuevas-aulas-y-laboratorios\/#primaryimage\"},\"thumbnailUrl\":\"https:\/\/luchonoticias.com\/editor\/wp-content\/uploads\/2024\/04\/alcaldia.jpg\",\"articleSection\":[\"Local\"],\"inLanguage\":\"es\"},{\"@type\":\"WebPage\",\"@id\":\"https:\/\/luchonoticias.com\/editor\/tecnico-superior-estrena-nuevas-aulas-y-laboratorios\/\",\"url\":\"https:\/\/luchonoticias.com\/editor\/tecnico-superior-estrena-nuevas-aulas-y-laboratorios\/\",\"name\":\"T\u00e9cnico Superior estrena nuevas aulas y laboratorios -\",\"isPartOf\":{\"@id\":\"https:\/\/luchonoticias.com\/editor\/#website\"},\"primaryImageOfPage\":{\"@id\":\"https:\/\/luchonoticias.com\/editor\/tecnico-superior-estrena-nuevas-aulas-y-laboratorios\/#primaryimage\"},\"image\":{\"@id\":\"https:\/\/luchonoticias.com\/editor\/tecnico-superior-estrena-nuevas-aulas-y-laboratorios\/#primaryimage\"},\"thumbnailUrl\":\"https:\/\/luchonoticias.com\/editor\/wp-content\/uploads\/2024\/04\/alcaldia.jpg\",\"datePublished\":\"2024-04-23T21:44:07+00:00\",\"dateModified\":\"2024-04-24T02:41:47+00:00\",\"breadcrumb\":{\"@id\":\"https:\/\/luchonoticias.com\/editor\/tecnico-superior-estrena-nuevas-aulas-y-laboratorios\/#breadcrumb\"},\"inLanguage\":\"es\",\"potentialAction\":[{\"@type\":\"ReadAction\",\"target\":[\"https:\/\/luchonoticias.com\/editor\/tecnico-superior-estrena-nuevas-aulas-y-laboratorios\/\"]}]},{\"@type\":\"ImageObject\",\"inLanguage\":\"es\",\"@id\":\"https:\/\/luchonoticias.com\/editor\/tecnico-superior-estrena-nuevas-aulas-y-laboratorios\/#primaryimage\",\"url\":\"https:\/\/luchonoticias.com\/editor\/wp-content\/uploads\/2024\/04\/alcaldia.jpg\",\"contentUrl\":\"https:\/\/luchonoticias.com\/editor\/wp-content\/uploads\/2024\/04\/alcaldia.jpg\",\"width\":700,\"height\":400},{\"@type\":\"BreadcrumbList\",\"@id\":\"https:\/\/luchonoticias.com\/editor\/tecnico-superior-estrena-nuevas-aulas-y-laboratorios\/#breadcrumb\",\"itemListElement\":[{\"@type\":\"ListItem\",\"position\":1,\"name\":\"Portada\",\"item\":\"https:\/\/luchonoticias.com\/editor\/\"},{\"@type\":\"ListItem\",\"position\":2,\"name\":\"T\u00e9cnico Superior estrena nuevas aulas y laboratorios\"}]},{\"@type\":\"WebSite\",\"@id\":\"https:\/\/luchonoticias.com\/editor\/#website\",\"url\":\"https:\/\/luchonoticias.com\/editor\/\",\"name\":\"\",\"description\":\"\",\"publisher\":{\"@id\":\"https:\/\/luchonoticias.com\/editor\/#\/schema\/person\/7a7fd911f58561fd056dbac7b55af9cd\"},\"potentialAction\":[{\"@type\":\"SearchAction\",\"target\":{\"@type\":\"EntryPoint\",\"urlTemplate\":\"https:\/\/luchonoticias.com\/editor\/?s={search_term_string}\"},\"query-input\":{\"@type\":\"PropertyValueSpecification\",\"valueRequired\":true,\"valueName\":\"search_term_string\"}}],\"inLanguage\":\"es\"},{\"@type\":[\"Person\",\"Organization\"],\"@id\":\"https:\/\/luchonoticias.com\/editor\/#\/schema\/person\/7a7fd911f58561fd056dbac7b55af9cd\",\"name\":\"admin\",\"image\":{\"@type\":\"ImageObject\",\"inLanguage\":\"es\",\"@id\":\"https:\/\/luchonoticias.com\/editor\/#\/schema\/person\/image\/\",\"url\":\"https:\/\/luchonoticias.com\/editor\/wp-content\/uploads\/2024\/02\/cropped-cropped-logolu.webp\",\"contentUrl\":\"https:\/\/luchonoticias.com\/editor\/wp-content\/uploads\/2024\/02\/cropped-cropped-logolu.webp\",\"width\":382,\"height\":170,\"caption\":\"admin\"},\"logo\":{\"@id\":\"https:\/\/luchonoticias.com\/editor\/#\/schema\/person\/image\/\"},\"sameAs\":[\"https:\/\/www.facebook.com\/luchonoticiasneiva\"]},{\"@type\":\"Person\",\"@id\":\"https:\/\/luchonoticias.com\/editor\/#\/schema\/person\/29217990ddf6f14e35912b2866d591fb\",\"name\":\"Editor General\",\"image\":{\"@type\":\"ImageObject\",\"inLanguage\":\"es\",\"@id\":\"https:\/\/luchonoticias.com\/editor\/#\/schema\/person\/image\/\",\"url\":\"https:\/\/luchonoticias.com\/editor\/wp-content\/uploads\/2024\/02\/cropped-cropped-logolu-150x150.webp\",\"contentUrl\":\"https:\/\/luchonoticias.com\/editor\/wp-content\/uploads\/2024\/02\/cropped-cropped-logolu-150x150.webp\",\"caption\":\"Editor General\"},\"sameAs\":[\"https:\/\/luchonoticias.com\/\"],\"url\":\"https:\/\/luchonoticias.com\/editor\/author\/editor-general\/\"}]}<\/script>\n<!-- \/ Yoast SEO plugin. -->","yoast_head_json":{"title":"T\u00e9cnico Superior estrena nuevas aulas y laboratorios -","robots":{"index":"index","follow":"follow","max-snippet":"max-snippet:-1","max-image-preview":"max-image-preview:large","max-video-preview":"max-video-preview:-1"},"canonical":"https:\/\/luchonoticias.com\/editor\/tecnico-superior-estrena-nuevas-aulas-y-laboratorios\/","og_locale":"es_ES","og_type":"article","og_title":"T\u00e9cnico Superior estrena nuevas aulas y laboratorios -","og_url":"https:\/\/luchonoticias.com\/editor\/tecnico-superior-estrena-nuevas-aulas-y-laboratorios\/","article_publisher":"https:\/\/www.facebook.com\/luchonoticiasneiva","article_published_time":"2024-04-23T21:44:07+00:00","article_modified_time":"2024-04-24T02:41:47+00:00","og_image":[{"width":700,"height":400,"url":"https:\/\/luchonoticias.com\/editor\/wp-content\/uploads\/2024\/04\/alcaldia.jpg","type":"image\/jpeg"}],"author":"Editor General","twitter_card":"summary_large_image","twitter_misc":{"Escrito por":"Editor General","Tiempo de lectura":"3 minutos"},"schema":{"@context":"https:\/\/schema.org","@graph":[{"@type":"Article","@id":"https:\/\/luchonoticias.com\/editor\/tecnico-superior-estrena-nuevas-aulas-y-laboratorios\/#article","isPartOf":{"@id":"https:\/\/luchonoticias.com\/editor\/tecnico-superior-estrena-nuevas-aulas-y-laboratorios\/"},"author":{"name":"Editor General","@id":"https:\/\/luchonoticias.com\/editor\/#\/schema\/person\/29217990ddf6f14e35912b2866d591fb"},"headline":"T\u00e9cnico Superior estrena nuevas aulas y laboratorios","datePublished":"2024-04-23T21:44:07+00:00","dateModified":"2024-04-24T02:41:47+00:00","mainEntityOfPage":{"@id":"https:\/\/luchonoticias.com\/editor\/tecnico-superior-estrena-nuevas-aulas-y-laboratorios\/"},"wordCount":650,"publisher":{"@id":"https:\/\/luchonoticias.com\/editor\/#\/schema\/person\/7a7fd911f58561fd056dbac7b55af9cd"},"image":{"@id":"https:\/\/luchonoticias.com\/editor\/tecnico-superior-estrena-nuevas-aulas-y-laboratorios\/#primaryimage"},"thumbnailUrl":"https:\/\/luchonoticias.com\/editor\/wp-content\/uploads\/2024\/04\/alcaldia.jpg","articleSection":["Local"],"inLanguage":"es"},{"@type":"WebPage","@id":"https:\/\/luchonoticias.com\/editor\/tecnico-superior-estrena-nuevas-aulas-y-laboratorios\/","url":"https:\/\/luchonoticias.com\/editor\/tecnico-superior-estrena-nuevas-aulas-y-laboratorios\/","name":"T\u00e9cnico Superior estrena nuevas aulas y laboratorios -","isPartOf":{"@id":"https:\/\/luchonoticias.com\/editor\/#website"},"primaryImageOfPage":{"@id":"https:\/\/luchonoticias.com\/editor\/tecnico-superior-estrena-nuevas-aulas-y-laboratorios\/#primaryimage"},"image":{"@id":"https:\/\/luchonoticias.com\/editor\/tecnico-superior-estrena-nuevas-aulas-y-laboratorios\/#primaryimage"},"thumbnailUrl":"https:\/\/luchonoticias.com\/editor\/wp-content\/uploads\/2024\/04\/alcaldia.jpg","datePublished":"2024-04-23T21:44:07+00:00","dateModified":"2024-04-24T02:41:47+00:00","breadcrumb":{"@id":"https:\/\/luchonoticias.com\/editor\/tecnico-superior-estrena-nuevas-aulas-y-laboratorios\/#breadcrumb"},"inLanguage":"es","potentialAction":[{"@type":"ReadAction","target":["https:\/\/luchonoticias.com\/editor\/tecnico-superior-estrena-nuevas-aulas-y-laboratorios\/"]}]},{"@type":"ImageObject","inLanguage":"es","@id":"https:\/\/luchonoticias.com\/editor\/tecnico-superior-estrena-nuevas-aulas-y-laboratorios\/#primaryimage","url":"https:\/\/luchonoticias.com\/editor\/wp-content\/uploads\/2024\/04\/alcaldia.jpg","contentUrl":"https:\/\/luchonoticias.com\/editor\/wp-content\/uploads\/2024\/04\/alcaldia.jpg","width":700,"height":400},{"@type":"BreadcrumbList","@id":"https:\/\/luchonoticias.com\/editor\/tecnico-superior-estrena-nuevas-aulas-y-laboratorios\/#breadcrumb","itemListElement":[{"@type":"ListItem","position":1,"name":"Portada","item":"https:\/\/luchonoticias.com\/editor\/"},{"@type":"ListItem","position":2,"name":"T\u00e9cnico Superior estrena nuevas aulas y laboratorios"}]},{"@type":"WebSite","@id":"https:\/\/luchonoticias.com\/editor\/#website","url":"https:\/\/luchonoticias.com\/editor\/","name":"","description":"","publisher":{"@id":"https:\/\/luchonoticias.com\/editor\/#\/schema\/person\/7a7fd911f58561fd056dbac7b55af9cd"},"potentialAction":[{"@type":"SearchAction","target":{"@type":"EntryPoint","urlTemplate":"https:\/\/luchonoticias.com\/editor\/?s={search_term_string}"},"query-input":{"@type":"PropertyValueSpecification","valueRequired":true,"valueName":"search_term_string"}}],"inLanguage":"es"},{"@type":["Person","Organization"],"@id":"https:\/\/luchonoticias.com\/editor\/#\/schema\/person\/7a7fd911f58561fd056dbac7b55af9cd","name":"admin","image":{"@type":"ImageObject","inLanguage":"es","@id":"https:\/\/luchonoticias.com\/editor\/#\/schema\/person\/image\/","url":"https:\/\/luchonoticias.com\/editor\/wp-content\/uploads\/2024\/02\/cropped-cropped-logolu.webp","contentUrl":"https:\/\/luchonoticias.com\/editor\/wp-content\/uploads\/2024\/02\/cropped-cropped-logolu.webp","width":382,"height":170,"caption":"admin"},"logo":{"@id":"https:\/\/luchonoticias.com\/editor\/#\/schema\/person\/image\/"},"sameAs":["https:\/\/www.facebook.com\/luchonoticiasneiva"]},{"@type":"Person","@id":"https:\/\/luchonoticias.com\/editor\/#\/schema\/person\/29217990ddf6f14e35912b2866d591fb","name":"Editor General","image":{"@type":"ImageObject","inLanguage":"es","@id":"https:\/\/luchonoticias.com\/editor\/#\/schema\/person\/image\/","url":"https:\/\/luchonoticias.com\/editor\/wp-content\/uploads\/2024\/02\/cropped-cropped-logolu-150x150.webp","contentUrl":"https:\/\/luchonoticias.com\/editor\/wp-content\/uploads\/2024\/02\/cropped-cropped-logolu-150x150.webp","caption":"Editor General"},"sameAs":["https:\/\/luchonoticias.com\/"],"url":"https:\/\/luchonoticias.com\/editor\/author\/editor-general\/"}]}},"_links":{"self":[{"href":"https:\/\/luchonoticias.com\/editor\/wp-json\/wp\/v2\/posts\/72376","targetHints":{"allow":["GET"]}}],"collection":[{"href":"https:\/\/luchonoticias.com\/editor\/wp-json\/wp\/v2\/posts"}],"about":[{"href":"https:\/\/luchonoticias.com\/editor\/wp-json\/wp\/v2\/types\/post"}],"author":[{"embeddable":true,"href":"https:\/\/luchonoticias.com\/editor\/wp-json\/wp\/v2\/users\/2"}],"replies":[{"embeddable":true,"href":"https:\/\/luchonoticias.com\/editor\/wp-json\/wp\/v2\/comments?post=72376"}],"version-history":[{"count":0,"href":"https:\/\/luchonoticias.com\/editor\/wp-json\/wp\/v2\/posts\/72376\/revisions"}],"wp:featuredmedia":[{"embeddable":true,"href":"https:\/\/luchonoticias.com\/editor\/wp-json\/wp\/v2\/media\/72377"}],"wp:attachment":[{"href":"https:\/\/luchonoticias.com\/editor\/wp-json\/wp\/v2\/media?parent=72376"}],"wp:term":[{"taxonomy":"category","embeddable":true,"href":"https:\/\/luchonoticias.com\/editor\/wp-json\/wp\/v2\/categories?post=72376"},{"taxonomy":"post_tag","embeddable":true,"href":"https:\/\/luchonoticias.com\/editor\/wp-json\/wp\/v2\/tags?post=72376"}],"curies":[{"name":"wp","href":"https:\/\/api.w.org\/{rel}","templated":true}]}}