{"id":72551,"date":"2024-04-29T15:50:52","date_gmt":"2024-04-29T20:50:52","guid":{"rendered":"https:\/\/luchonoticias.com\/?p=72551"},"modified":"2024-04-29T15:50:52","modified_gmt":"2024-04-29T20:50:52","slug":"anulado-decreto-que-designaba-a-primera-dama-como-embajadora","status":"publish","type":"post","link":"https:\/\/luchonoticias.com\/editor\/anulado-decreto-que-designaba-a-primera-dama-como-embajadora\/","title":{"rendered":"Anulado decreto que designaba a Primera Dama como embajadora"},"content":{"rendered":"<p>El\u00a0<b>Tribunal Administrativo de Cundinamarca<\/b>\u00a0anul\u00f3 el\u00a0<i>Decreto 0035<\/i>\u00a0por medio del cual el presidente de la Rep\u00fablica design\u00f3 como embajadora en Misi\u00f3n Especial a\u00a0<b>Ver\u00f3nica Alcocer<\/b>, primera dama de la Naci\u00f3n.<\/p>\n<p><b>Magistrados de la Secci\u00f3n Primera del Tribunal acogieron los argumentos de la Procuradur\u00eda,<\/b>\u00a0que solicit\u00f3 mediante una demanda de nulidad electoral tumbar el decreto con el que el jefe de Estado le permiti\u00f3 a la primera dama viajar hasta la Ciudad del Vaticano para asistir a una audiencia con el\u00a0<b>papa Francisco<\/b>.<\/p>\n<p>El demandante,\u00a0<b>Harold Eduardo Sua Monta\u00f1a,<\/b>\u00a0argument\u00f3 que no era procedente dicha designaci\u00f3n por parte de Petro a su esposa,\u00a0<b>Ver\u00f3nica Alcocer,\u00a0<\/b>por lo que<b>\u00a0<\/b>el Tribunal advirti\u00f3 que la labor de embajadora y de esposa, son\u00a0<b>absolutamente diferentes.<\/b><\/p>\n<p>\u201cLas dos calidades, embajador en Misi\u00f3n Especial y c\u00f3nyuge o compa\u00f1era permanente del presidente de la Rep\u00fablica, son antag\u00f3nicas: seg\u00fan el<i>\u00a0art\u00edculo 126, inciso 1, de la Carta<\/i>, el servidor p\u00fablico\u00a0<b>no podr\u00e1 \u201cnombrar\u201d\u00a0<\/b>a persona con quien est\u00e9 ligado por matrimonio o uni\u00f3n permanente\u201d.<\/p>\n<p>Igualmente,\u00a0<b>se consider\u00f3 como ilegal<\/b><b>\u00a0<\/b>el decreto que expidi\u00f3 el mandatario.<\/p>\n<p>Con informaci\u00f3n de W Radio<\/p>\n<div id=\"wradio_gpt-INTEXT\" data-google-query-id=\"CKTZ0NCl6IUDFdGGgwgdT9cBJA\"><\/div>\n","protected":false},"excerpt":{"rendered":"<p>El\u00a0Tribunal Administrativo de Cundinamarca\u00a0anul\u00f3 el\u00a0Decreto 0035\u00a0por medio del cual el presidente de la Rep\u00fablica design\u00f3 como embajadora en Misi\u00f3n Especial a\u00a0Ver\u00f3nica Alcocer, primera dama de la Naci\u00f3n. Magistrados de la Secci\u00f3n Primera del Tribunal acogieron los argumentos de la Procuradur\u00eda,\u00a0que solicit\u00f3 mediante una demanda de nulidad electoral tumbar el decreto con el que el jefe [&hellip;]<\/p>\n","protected":false},"author":2,"featured_media":72552,"comment_status":"closed","ping_status":"open","sticky":false,"template":"","format":"standard","meta":{"footnotes":""},"categories":[28],"tags":[],"class_list":["post-72551","post","type-post","status-publish","format-standard","has-post-thumbnail","hentry","category-actualidad"],"yoast_head":"<!-- This site is optimized with the Yoast SEO plugin v26.6 - https:\/\/yoast.com\/wordpress\/plugins\/seo\/ -->\n<title>Anulado decreto que designaba a Primera Dama como embajadora -<\/title>\n<meta name=\"robots\" content=\"index, follow, max-snippet:-1, max-image-preview:large, max-video-preview:-1\" \/>\n<link rel=\"canonical\" href=\"https:\/\/luchonoticias.com\/editor\/anulado-decreto-que-designaba-a-primera-dama-como-embajadora\/\" \/>\n<meta property=\"og:locale\" content=\"es_ES\" \/>\n<meta property=\"og:type\" content=\"article\" \/>\n<meta property=\"og:title\" content=\"Anulado decreto que designaba a Primera Dama como embajadora -\" \/>\n<meta property=\"og:url\" content=\"https:\/\/luchonoticias.com\/editor\/anulado-decreto-que-designaba-a-primera-dama-como-embajadora\/\" \/>\n<meta property=\"article:publisher\" content=\"https:\/\/www.facebook.com\/luchonoticiasneiva\" \/>\n<meta property=\"article:published_time\" content=\"2024-04-29T20:50:52+00:00\" \/>\n<meta property=\"og:image\" content=\"https:\/\/luchonoticias.com\/editor\/wp-content\/uploads\/2024\/04\/petro-3.jpg\" \/>\n\t<meta property=\"og:image:width\" content=\"700\" \/>\n\t<meta property=\"og:image:height\" content=\"400\" \/>\n\t<meta property=\"og:image:type\" content=\"image\/jpeg\" \/>\n<meta name=\"author\" content=\"Editor General\" \/>\n<meta name=\"twitter:card\" content=\"summary_large_image\" \/>\n<meta name=\"twitter:label1\" content=\"Escrito por\" \/>\n\t<meta name=\"twitter:data1\" content=\"Editor General\" \/>\n\t<meta name=\"twitter:label2\" content=\"Tiempo de lectura\" \/>\n\t<meta name=\"twitter:data2\" content=\"1 minuto\" \/>\n<script type=\"application\/ld+json\" class=\"yoast-schema-graph\">{\"@context\":\"https:\/\/schema.org\",\"@graph\":[{\"@type\":\"Article\",\"@id\":\"https:\/\/luchonoticias.com\/editor\/anulado-decreto-que-designaba-a-primera-dama-como-embajadora\/#article\",\"isPartOf\":{\"@id\":\"https:\/\/luchonoticias.com\/editor\/anulado-decreto-que-designaba-a-primera-dama-como-embajadora\/\"},\"author\":{\"name\":\"Editor General\",\"@id\":\"https:\/\/luchonoticias.com\/editor\/#\/schema\/person\/29217990ddf6f14e35912b2866d591fb\"},\"headline\":\"Anulado decreto que designaba a Primera Dama como embajadora\",\"datePublished\":\"2024-04-29T20:50:52+00:00\",\"mainEntityOfPage\":{\"@id\":\"https:\/\/luchonoticias.com\/editor\/anulado-decreto-que-designaba-a-primera-dama-como-embajadora\/\"},\"wordCount\":209,\"publisher\":{\"@id\":\"https:\/\/luchonoticias.com\/editor\/#\/schema\/person\/7a7fd911f58561fd056dbac7b55af9cd\"},\"image\":{\"@id\":\"https:\/\/luchonoticias.com\/editor\/anulado-decreto-que-designaba-a-primera-dama-como-embajadora\/#primaryimage\"},\"thumbnailUrl\":\"https:\/\/luchonoticias.com\/editor\/wp-content\/uploads\/2024\/04\/petro-3.jpg\",\"articleSection\":[\"Actualidad\"],\"inLanguage\":\"es\"},{\"@type\":\"WebPage\",\"@id\":\"https:\/\/luchonoticias.com\/editor\/anulado-decreto-que-designaba-a-primera-dama-como-embajadora\/\",\"url\":\"https:\/\/luchonoticias.com\/editor\/anulado-decreto-que-designaba-a-primera-dama-como-embajadora\/\",\"name\":\"Anulado decreto que designaba a Primera Dama como embajadora -\",\"isPartOf\":{\"@id\":\"https:\/\/luchonoticias.com\/editor\/#website\"},\"primaryImageOfPage\":{\"@id\":\"https:\/\/luchonoticias.com\/editor\/anulado-decreto-que-designaba-a-primera-dama-como-embajadora\/#primaryimage\"},\"image\":{\"@id\":\"https:\/\/luchonoticias.com\/editor\/anulado-decreto-que-designaba-a-primera-dama-como-embajadora\/#primaryimage\"},\"thumbnailUrl\":\"https:\/\/luchonoticias.com\/editor\/wp-content\/uploads\/2024\/04\/petro-3.jpg\",\"datePublished\":\"2024-04-29T20:50:52+00:00\",\"breadcrumb\":{\"@id\":\"https:\/\/luchonoticias.com\/editor\/anulado-decreto-que-designaba-a-primera-dama-como-embajadora\/#breadcrumb\"},\"inLanguage\":\"es\",\"potentialAction\":[{\"@type\":\"ReadAction\",\"target\":[\"https:\/\/luchonoticias.com\/editor\/anulado-decreto-que-designaba-a-primera-dama-como-embajadora\/\"]}]},{\"@type\":\"ImageObject\",\"inLanguage\":\"es\",\"@id\":\"https:\/\/luchonoticias.com\/editor\/anulado-decreto-que-designaba-a-primera-dama-como-embajadora\/#primaryimage\",\"url\":\"https:\/\/luchonoticias.com\/editor\/wp-content\/uploads\/2024\/04\/petro-3.jpg\",\"contentUrl\":\"https:\/\/luchonoticias.com\/editor\/wp-content\/uploads\/2024\/04\/petro-3.jpg\",\"width\":700,\"height\":400},{\"@type\":\"BreadcrumbList\",\"@id\":\"https:\/\/luchonoticias.com\/editor\/anulado-decreto-que-designaba-a-primera-dama-como-embajadora\/#breadcrumb\",\"itemListElement\":[{\"@type\":\"ListItem\",\"position\":1,\"name\":\"Portada\",\"item\":\"https:\/\/luchonoticias.com\/editor\/\"},{\"@type\":\"ListItem\",\"position\":2,\"name\":\"Anulado decreto que designaba a Primera Dama como embajadora\"}]},{\"@type\":\"WebSite\",\"@id\":\"https:\/\/luchonoticias.com\/editor\/#website\",\"url\":\"https:\/\/luchonoticias.com\/editor\/\",\"name\":\"\",\"description\":\"\",\"publisher\":{\"@id\":\"https:\/\/luchonoticias.com\/editor\/#\/schema\/person\/7a7fd911f58561fd056dbac7b55af9cd\"},\"potentialAction\":[{\"@type\":\"SearchAction\",\"target\":{\"@type\":\"EntryPoint\",\"urlTemplate\":\"https:\/\/luchonoticias.com\/editor\/?s={search_term_string}\"},\"query-input\":{\"@type\":\"PropertyValueSpecification\",\"valueRequired\":true,\"valueName\":\"search_term_string\"}}],\"inLanguage\":\"es\"},{\"@type\":[\"Person\",\"Organization\"],\"@id\":\"https:\/\/luchonoticias.com\/editor\/#\/schema\/person\/7a7fd911f58561fd056dbac7b55af9cd\",\"name\":\"admin\",\"image\":{\"@type\":\"ImageObject\",\"inLanguage\":\"es\",\"@id\":\"https:\/\/luchonoticias.com\/editor\/#\/schema\/person\/image\/\",\"url\":\"https:\/\/luchonoticias.com\/editor\/wp-content\/uploads\/2024\/02\/cropped-cropped-logolu.webp\",\"contentUrl\":\"https:\/\/luchonoticias.com\/editor\/wp-content\/uploads\/2024\/02\/cropped-cropped-logolu.webp\",\"width\":382,\"height\":170,\"caption\":\"admin\"},\"logo\":{\"@id\":\"https:\/\/luchonoticias.com\/editor\/#\/schema\/person\/image\/\"},\"sameAs\":[\"https:\/\/www.facebook.com\/luchonoticiasneiva\"]},{\"@type\":\"Person\",\"@id\":\"https:\/\/luchonoticias.com\/editor\/#\/schema\/person\/29217990ddf6f14e35912b2866d591fb\",\"name\":\"Editor General\",\"image\":{\"@type\":\"ImageObject\",\"inLanguage\":\"es\",\"@id\":\"https:\/\/luchonoticias.com\/editor\/#\/schema\/person\/image\/\",\"url\":\"https:\/\/luchonoticias.com\/editor\/wp-content\/uploads\/2024\/02\/cropped-cropped-logolu-150x150.webp\",\"contentUrl\":\"https:\/\/luchonoticias.com\/editor\/wp-content\/uploads\/2024\/02\/cropped-cropped-logolu-150x150.webp\",\"caption\":\"Editor General\"},\"sameAs\":[\"https:\/\/luchonoticias.com\/\"],\"url\":\"https:\/\/luchonoticias.com\/editor\/author\/editor-general\/\"}]}<\/script>\n<!-- \/ Yoast SEO plugin. -->","yoast_head_json":{"title":"Anulado decreto que designaba a Primera Dama como embajadora -","robots":{"index":"index","follow":"follow","max-snippet":"max-snippet:-1","max-image-preview":"max-image-preview:large","max-video-preview":"max-video-preview:-1"},"canonical":"https:\/\/luchonoticias.com\/editor\/anulado-decreto-que-designaba-a-primera-dama-como-embajadora\/","og_locale":"es_ES","og_type":"article","og_title":"Anulado decreto que designaba a Primera Dama como embajadora -","og_url":"https:\/\/luchonoticias.com\/editor\/anulado-decreto-que-designaba-a-primera-dama-como-embajadora\/","article_publisher":"https:\/\/www.facebook.com\/luchonoticiasneiva","article_published_time":"2024-04-29T20:50:52+00:00","og_image":[{"width":700,"height":400,"url":"https:\/\/luchonoticias.com\/editor\/wp-content\/uploads\/2024\/04\/petro-3.jpg","type":"image\/jpeg"}],"author":"Editor General","twitter_card":"summary_large_image","twitter_misc":{"Escrito por":"Editor General","Tiempo de lectura":"1 minuto"},"schema":{"@context":"https:\/\/schema.org","@graph":[{"@type":"Article","@id":"https:\/\/luchonoticias.com\/editor\/anulado-decreto-que-designaba-a-primera-dama-como-embajadora\/#article","isPartOf":{"@id":"https:\/\/luchonoticias.com\/editor\/anulado-decreto-que-designaba-a-primera-dama-como-embajadora\/"},"author":{"name":"Editor General","@id":"https:\/\/luchonoticias.com\/editor\/#\/schema\/person\/29217990ddf6f14e35912b2866d591fb"},"headline":"Anulado decreto que designaba a Primera Dama como embajadora","datePublished":"2024-04-29T20:50:52+00:00","mainEntityOfPage":{"@id":"https:\/\/luchonoticias.com\/editor\/anulado-decreto-que-designaba-a-primera-dama-como-embajadora\/"},"wordCount":209,"publisher":{"@id":"https:\/\/luchonoticias.com\/editor\/#\/schema\/person\/7a7fd911f58561fd056dbac7b55af9cd"},"image":{"@id":"https:\/\/luchonoticias.com\/editor\/anulado-decreto-que-designaba-a-primera-dama-como-embajadora\/#primaryimage"},"thumbnailUrl":"https:\/\/luchonoticias.com\/editor\/wp-content\/uploads\/2024\/04\/petro-3.jpg","articleSection":["Actualidad"],"inLanguage":"es"},{"@type":"WebPage","@id":"https:\/\/luchonoticias.com\/editor\/anulado-decreto-que-designaba-a-primera-dama-como-embajadora\/","url":"https:\/\/luchonoticias.com\/editor\/anulado-decreto-que-designaba-a-primera-dama-como-embajadora\/","name":"Anulado decreto que designaba a Primera Dama como embajadora -","isPartOf":{"@id":"https:\/\/luchonoticias.com\/editor\/#website"},"primaryImageOfPage":{"@id":"https:\/\/luchonoticias.com\/editor\/anulado-decreto-que-designaba-a-primera-dama-como-embajadora\/#primaryimage"},"image":{"@id":"https:\/\/luchonoticias.com\/editor\/anulado-decreto-que-designaba-a-primera-dama-como-embajadora\/#primaryimage"},"thumbnailUrl":"https:\/\/luchonoticias.com\/editor\/wp-content\/uploads\/2024\/04\/petro-3.jpg","datePublished":"2024-04-29T20:50:52+00:00","breadcrumb":{"@id":"https:\/\/luchonoticias.com\/editor\/anulado-decreto-que-designaba-a-primera-dama-como-embajadora\/#breadcrumb"},"inLanguage":"es","potentialAction":[{"@type":"ReadAction","target":["https:\/\/luchonoticias.com\/editor\/anulado-decreto-que-designaba-a-primera-dama-como-embajadora\/"]}]},{"@type":"ImageObject","inLanguage":"es","@id":"https:\/\/luchonoticias.com\/editor\/anulado-decreto-que-designaba-a-primera-dama-como-embajadora\/#primaryimage","url":"https:\/\/luchonoticias.com\/editor\/wp-content\/uploads\/2024\/04\/petro-3.jpg","contentUrl":"https:\/\/luchonoticias.com\/editor\/wp-content\/uploads\/2024\/04\/petro-3.jpg","width":700,"height":400},{"@type":"BreadcrumbList","@id":"https:\/\/luchonoticias.com\/editor\/anulado-decreto-que-designaba-a-primera-dama-como-embajadora\/#breadcrumb","itemListElement":[{"@type":"ListItem","position":1,"name":"Portada","item":"https:\/\/luchonoticias.com\/editor\/"},{"@type":"ListItem","position":2,"name":"Anulado decreto que designaba a Primera Dama como embajadora"}]},{"@type":"WebSite","@id":"https:\/\/luchonoticias.com\/editor\/#website","url":"https:\/\/luchonoticias.com\/editor\/","name":"","description":"","publisher":{"@id":"https:\/\/luchonoticias.com\/editor\/#\/schema\/person\/7a7fd911f58561fd056dbac7b55af9cd"},"potentialAction":[{"@type":"SearchAction","target":{"@type":"EntryPoint","urlTemplate":"https:\/\/luchonoticias.com\/editor\/?s={search_term_string}"},"query-input":{"@type":"PropertyValueSpecification","valueRequired":true,"valueName":"search_term_string"}}],"inLanguage":"es"},{"@type":["Person","Organization"],"@id":"https:\/\/luchonoticias.com\/editor\/#\/schema\/person\/7a7fd911f58561fd056dbac7b55af9cd","name":"admin","image":{"@type":"ImageObject","inLanguage":"es","@id":"https:\/\/luchonoticias.com\/editor\/#\/schema\/person\/image\/","url":"https:\/\/luchonoticias.com\/editor\/wp-content\/uploads\/2024\/02\/cropped-cropped-logolu.webp","contentUrl":"https:\/\/luchonoticias.com\/editor\/wp-content\/uploads\/2024\/02\/cropped-cropped-logolu.webp","width":382,"height":170,"caption":"admin"},"logo":{"@id":"https:\/\/luchonoticias.com\/editor\/#\/schema\/person\/image\/"},"sameAs":["https:\/\/www.facebook.com\/luchonoticiasneiva"]},{"@type":"Person","@id":"https:\/\/luchonoticias.com\/editor\/#\/schema\/person\/29217990ddf6f14e35912b2866d591fb","name":"Editor General","image":{"@type":"ImageObject","inLanguage":"es","@id":"https:\/\/luchonoticias.com\/editor\/#\/schema\/person\/image\/","url":"https:\/\/luchonoticias.com\/editor\/wp-content\/uploads\/2024\/02\/cropped-cropped-logolu-150x150.webp","contentUrl":"https:\/\/luchonoticias.com\/editor\/wp-content\/uploads\/2024\/02\/cropped-cropped-logolu-150x150.webp","caption":"Editor General"},"sameAs":["https:\/\/luchonoticias.com\/"],"url":"https:\/\/luchonoticias.com\/editor\/author\/editor-general\/"}]}},"_links":{"self":[{"href":"https:\/\/luchonoticias.com\/editor\/wp-json\/wp\/v2\/posts\/72551","targetHints":{"allow":["GET"]}}],"collection":[{"href":"https:\/\/luchonoticias.com\/editor\/wp-json\/wp\/v2\/posts"}],"about":[{"href":"https:\/\/luchonoticias.com\/editor\/wp-json\/wp\/v2\/types\/post"}],"author":[{"embeddable":true,"href":"https:\/\/luchonoticias.com\/editor\/wp-json\/wp\/v2\/users\/2"}],"replies":[{"embeddable":true,"href":"https:\/\/luchonoticias.com\/editor\/wp-json\/wp\/v2\/comments?post=72551"}],"version-history":[{"count":0,"href":"https:\/\/luchonoticias.com\/editor\/wp-json\/wp\/v2\/posts\/72551\/revisions"}],"wp:featuredmedia":[{"embeddable":true,"href":"https:\/\/luchonoticias.com\/editor\/wp-json\/wp\/v2\/media\/72552"}],"wp:attachment":[{"href":"https:\/\/luchonoticias.com\/editor\/wp-json\/wp\/v2\/media?parent=72551"}],"wp:term":[{"taxonomy":"category","embeddable":true,"href":"https:\/\/luchonoticias.com\/editor\/wp-json\/wp\/v2\/categories?post=72551"},{"taxonomy":"post_tag","embeddable":true,"href":"https:\/\/luchonoticias.com\/editor\/wp-json\/wp\/v2\/tags?post=72551"}],"curies":[{"name":"wp","href":"https:\/\/api.w.org\/{rel}","templated":true}]}}