{"id":72554,"date":"2024-04-29T18:03:12","date_gmt":"2024-04-29T23:03:12","guid":{"rendered":"https:\/\/luchonoticias.com\/?p=72554"},"modified":"2024-04-29T18:03:12","modified_gmt":"2024-04-29T23:03:12","slug":"accidente-en-bolivar-deja-nueve-militares-muertos","status":"publish","type":"post","link":"https:\/\/luchonoticias.com\/editor\/accidente-en-bolivar-deja-nueve-militares-muertos\/","title":{"rendered":"Accidente en Bol\u00edvar deja nueve militares muertos"},"content":{"rendered":"<p><b>Un nuevo siniestro a\u00e9reo sacude al Ej\u00e9rcito Nacional<\/b>. Uno de sus helic\u00f3pteros, un MI-17 de matr\u00edcula EJC-3395, cay\u00f3 en zona rural del municipio de\u00a0<b>Santa Rosa, sur de Bol\u00edvar.<\/b><\/p>\n<p><b>Informaci\u00f3n preliminar indica que se perdi\u00f3 comunicaci\u00f3n con la aeronave<\/b>\u00a0y no regres\u00f3 a la base. Ya se activaron los\u00a0protocolos de b\u00fasqueda y rescate.<\/p>\n<p>Seg\u00fan fuentes consultadas por Caracol Radio, toda la tripulaci\u00f3n del helic\u00f3ptero, conformada por cinco militares, falleci\u00f3.<b>\u00a0<\/b>Se trata del<b>\u00a0Mayor Edward Espinosa, el Teniente Coronel Jes\u00fas Carvajal, los sargentos Diego Ram\u00edrez y Michael Villanueva y el cabo Cristian Ordo\u00f1ez.<\/b><\/p>\n<p><b>Tambi\u00e9n murieron cuatro militares m\u00e1s.<\/b>\u00a0Se trata del cabo\u00a0<b>Jhon Arlen Olea<\/b>\u00a0y los soldados\u00a0<b>Sman Sanabria, Jes\u00fas Montalvo y Yeisson Mendoza M\u00e9ndez.\u00a0<\/b>La aeronave los hab\u00eda recogido en la Fuerza de Tarea Marte.<\/p>\n<p>De manera preliminar, se indica que\u00a0<b>la causa del accidente a\u00e9reo pudo haber sido el mal clima<\/b>\u00a0de esa regi\u00f3n monta\u00f1osa de Bol\u00edvar. La tripulaci\u00f3n decidi\u00f3 devolverse a la base militar al notar las p\u00e9simas condiciones meteorol\u00f3gicas,\u00a0<b>pero se precipit\u00f3 a tierra antes de llegar.<\/b><\/p>\n<p>De hecho, en los videos que han sido divulgados, se ve a la comunidad de la vereda Guaraperia llegar\u00a0<b>al lugar del siniestro en medio de un aguacero.\u00a0<\/b>Los habitantes encontraron las identificaciones de los militares y partes de la aeronave dispersas en la espesa vegetaci\u00f3n.<\/p>\n<p>Con informaci\u00f3n de Caracol Radio.<\/p>\n","protected":false},"excerpt":{"rendered":"<p>Un nuevo siniestro a\u00e9reo sacude al Ej\u00e9rcito Nacional. Uno de sus helic\u00f3pteros, un MI-17 de matr\u00edcula EJC-3395, cay\u00f3 en zona rural del municipio de\u00a0Santa Rosa, sur de Bol\u00edvar. Informaci\u00f3n preliminar indica que se perdi\u00f3 comunicaci\u00f3n con la aeronave\u00a0y no regres\u00f3 a la base. Ya se activaron los\u00a0protocolos de b\u00fasqueda y rescate. Seg\u00fan fuentes consultadas por [&hellip;]<\/p>\n","protected":false},"author":2,"featured_media":72555,"comment_status":"closed","ping_status":"open","sticky":false,"template":"","format":"standard","meta":{"footnotes":""},"categories":[28],"tags":[],"class_list":["post-72554","post","type-post","status-publish","format-standard","has-post-thumbnail","hentry","category-actualidad"],"yoast_head":"<!-- This site is optimized with the Yoast SEO plugin v26.6 - https:\/\/yoast.com\/wordpress\/plugins\/seo\/ -->\n<title>Accidente en Bol\u00edvar deja nueve militares muertos -<\/title>\n<meta name=\"robots\" content=\"index, follow, max-snippet:-1, max-image-preview:large, max-video-preview:-1\" \/>\n<link rel=\"canonical\" href=\"https:\/\/luchonoticias.com\/editor\/accidente-en-bolivar-deja-nueve-militares-muertos\/\" \/>\n<meta property=\"og:locale\" content=\"es_ES\" \/>\n<meta property=\"og:type\" content=\"article\" \/>\n<meta property=\"og:title\" content=\"Accidente en Bol\u00edvar deja nueve militares muertos -\" \/>\n<meta property=\"og:url\" content=\"https:\/\/luchonoticias.com\/editor\/accidente-en-bolivar-deja-nueve-militares-muertos\/\" \/>\n<meta property=\"article:publisher\" content=\"https:\/\/www.facebook.com\/luchonoticiasneiva\" \/>\n<meta property=\"article:published_time\" content=\"2024-04-29T23:03:12+00:00\" \/>\n<meta property=\"og:image\" content=\"https:\/\/luchonoticias.com\/editor\/wp-content\/uploads\/2024\/04\/militares-muertos.jpg\" \/>\n\t<meta property=\"og:image:width\" content=\"700\" \/>\n\t<meta property=\"og:image:height\" content=\"400\" \/>\n\t<meta property=\"og:image:type\" content=\"image\/jpeg\" \/>\n<meta name=\"author\" content=\"Editor General\" \/>\n<meta name=\"twitter:card\" content=\"summary_large_image\" \/>\n<meta name=\"twitter:label1\" content=\"Escrito por\" \/>\n\t<meta name=\"twitter:data1\" content=\"Editor General\" \/>\n\t<meta name=\"twitter:label2\" content=\"Tiempo de lectura\" \/>\n\t<meta name=\"twitter:data2\" content=\"1 minuto\" \/>\n<script type=\"application\/ld+json\" class=\"yoast-schema-graph\">{\"@context\":\"https:\/\/schema.org\",\"@graph\":[{\"@type\":\"Article\",\"@id\":\"https:\/\/luchonoticias.com\/editor\/accidente-en-bolivar-deja-nueve-militares-muertos\/#article\",\"isPartOf\":{\"@id\":\"https:\/\/luchonoticias.com\/editor\/accidente-en-bolivar-deja-nueve-militares-muertos\/\"},\"author\":{\"name\":\"Editor General\",\"@id\":\"https:\/\/luchonoticias.com\/editor\/#\/schema\/person\/29217990ddf6f14e35912b2866d591fb\"},\"headline\":\"Accidente en Bol\u00edvar deja nueve militares muertos\",\"datePublished\":\"2024-04-29T23:03:12+00:00\",\"mainEntityOfPage\":{\"@id\":\"https:\/\/luchonoticias.com\/editor\/accidente-en-bolivar-deja-nueve-militares-muertos\/\"},\"wordCount\":259,\"publisher\":{\"@id\":\"https:\/\/luchonoticias.com\/editor\/#\/schema\/person\/7a7fd911f58561fd056dbac7b55af9cd\"},\"image\":{\"@id\":\"https:\/\/luchonoticias.com\/editor\/accidente-en-bolivar-deja-nueve-militares-muertos\/#primaryimage\"},\"thumbnailUrl\":\"https:\/\/luchonoticias.com\/editor\/wp-content\/uploads\/2024\/04\/militares-muertos.jpg\",\"articleSection\":[\"Actualidad\"],\"inLanguage\":\"es\"},{\"@type\":\"WebPage\",\"@id\":\"https:\/\/luchonoticias.com\/editor\/accidente-en-bolivar-deja-nueve-militares-muertos\/\",\"url\":\"https:\/\/luchonoticias.com\/editor\/accidente-en-bolivar-deja-nueve-militares-muertos\/\",\"name\":\"Accidente en Bol\u00edvar deja nueve militares muertos -\",\"isPartOf\":{\"@id\":\"https:\/\/luchonoticias.com\/editor\/#website\"},\"primaryImageOfPage\":{\"@id\":\"https:\/\/luchonoticias.com\/editor\/accidente-en-bolivar-deja-nueve-militares-muertos\/#primaryimage\"},\"image\":{\"@id\":\"https:\/\/luchonoticias.com\/editor\/accidente-en-bolivar-deja-nueve-militares-muertos\/#primaryimage\"},\"thumbnailUrl\":\"https:\/\/luchonoticias.com\/editor\/wp-content\/uploads\/2024\/04\/militares-muertos.jpg\",\"datePublished\":\"2024-04-29T23:03:12+00:00\",\"breadcrumb\":{\"@id\":\"https:\/\/luchonoticias.com\/editor\/accidente-en-bolivar-deja-nueve-militares-muertos\/#breadcrumb\"},\"inLanguage\":\"es\",\"potentialAction\":[{\"@type\":\"ReadAction\",\"target\":[\"https:\/\/luchonoticias.com\/editor\/accidente-en-bolivar-deja-nueve-militares-muertos\/\"]}]},{\"@type\":\"ImageObject\",\"inLanguage\":\"es\",\"@id\":\"https:\/\/luchonoticias.com\/editor\/accidente-en-bolivar-deja-nueve-militares-muertos\/#primaryimage\",\"url\":\"https:\/\/luchonoticias.com\/editor\/wp-content\/uploads\/2024\/04\/militares-muertos.jpg\",\"contentUrl\":\"https:\/\/luchonoticias.com\/editor\/wp-content\/uploads\/2024\/04\/militares-muertos.jpg\",\"width\":700,\"height\":400},{\"@type\":\"BreadcrumbList\",\"@id\":\"https:\/\/luchonoticias.com\/editor\/accidente-en-bolivar-deja-nueve-militares-muertos\/#breadcrumb\",\"itemListElement\":[{\"@type\":\"ListItem\",\"position\":1,\"name\":\"Portada\",\"item\":\"https:\/\/luchonoticias.com\/editor\/\"},{\"@type\":\"ListItem\",\"position\":2,\"name\":\"Accidente en Bol\u00edvar deja nueve militares muertos\"}]},{\"@type\":\"WebSite\",\"@id\":\"https:\/\/luchonoticias.com\/editor\/#website\",\"url\":\"https:\/\/luchonoticias.com\/editor\/\",\"name\":\"\",\"description\":\"\",\"publisher\":{\"@id\":\"https:\/\/luchonoticias.com\/editor\/#\/schema\/person\/7a7fd911f58561fd056dbac7b55af9cd\"},\"potentialAction\":[{\"@type\":\"SearchAction\",\"target\":{\"@type\":\"EntryPoint\",\"urlTemplate\":\"https:\/\/luchonoticias.com\/editor\/?s={search_term_string}\"},\"query-input\":{\"@type\":\"PropertyValueSpecification\",\"valueRequired\":true,\"valueName\":\"search_term_string\"}}],\"inLanguage\":\"es\"},{\"@type\":[\"Person\",\"Organization\"],\"@id\":\"https:\/\/luchonoticias.com\/editor\/#\/schema\/person\/7a7fd911f58561fd056dbac7b55af9cd\",\"name\":\"admin\",\"image\":{\"@type\":\"ImageObject\",\"inLanguage\":\"es\",\"@id\":\"https:\/\/luchonoticias.com\/editor\/#\/schema\/person\/image\/\",\"url\":\"https:\/\/luchonoticias.com\/editor\/wp-content\/uploads\/2024\/02\/cropped-cropped-logolu.webp\",\"contentUrl\":\"https:\/\/luchonoticias.com\/editor\/wp-content\/uploads\/2024\/02\/cropped-cropped-logolu.webp\",\"width\":382,\"height\":170,\"caption\":\"admin\"},\"logo\":{\"@id\":\"https:\/\/luchonoticias.com\/editor\/#\/schema\/person\/image\/\"},\"sameAs\":[\"https:\/\/www.facebook.com\/luchonoticiasneiva\"]},{\"@type\":\"Person\",\"@id\":\"https:\/\/luchonoticias.com\/editor\/#\/schema\/person\/29217990ddf6f14e35912b2866d591fb\",\"name\":\"Editor General\",\"image\":{\"@type\":\"ImageObject\",\"inLanguage\":\"es\",\"@id\":\"https:\/\/luchonoticias.com\/editor\/#\/schema\/person\/image\/\",\"url\":\"https:\/\/luchonoticias.com\/editor\/wp-content\/uploads\/2024\/02\/cropped-cropped-logolu-150x150.webp\",\"contentUrl\":\"https:\/\/luchonoticias.com\/editor\/wp-content\/uploads\/2024\/02\/cropped-cropped-logolu-150x150.webp\",\"caption\":\"Editor General\"},\"sameAs\":[\"https:\/\/luchonoticias.com\/\"],\"url\":\"https:\/\/luchonoticias.com\/editor\/author\/editor-general\/\"}]}<\/script>\n<!-- \/ Yoast SEO plugin. -->","yoast_head_json":{"title":"Accidente en Bol\u00edvar deja nueve militares muertos -","robots":{"index":"index","follow":"follow","max-snippet":"max-snippet:-1","max-image-preview":"max-image-preview:large","max-video-preview":"max-video-preview:-1"},"canonical":"https:\/\/luchonoticias.com\/editor\/accidente-en-bolivar-deja-nueve-militares-muertos\/","og_locale":"es_ES","og_type":"article","og_title":"Accidente en Bol\u00edvar deja nueve militares muertos -","og_url":"https:\/\/luchonoticias.com\/editor\/accidente-en-bolivar-deja-nueve-militares-muertos\/","article_publisher":"https:\/\/www.facebook.com\/luchonoticiasneiva","article_published_time":"2024-04-29T23:03:12+00:00","og_image":[{"width":700,"height":400,"url":"https:\/\/luchonoticias.com\/editor\/wp-content\/uploads\/2024\/04\/militares-muertos.jpg","type":"image\/jpeg"}],"author":"Editor General","twitter_card":"summary_large_image","twitter_misc":{"Escrito por":"Editor General","Tiempo de lectura":"1 minuto"},"schema":{"@context":"https:\/\/schema.org","@graph":[{"@type":"Article","@id":"https:\/\/luchonoticias.com\/editor\/accidente-en-bolivar-deja-nueve-militares-muertos\/#article","isPartOf":{"@id":"https:\/\/luchonoticias.com\/editor\/accidente-en-bolivar-deja-nueve-militares-muertos\/"},"author":{"name":"Editor General","@id":"https:\/\/luchonoticias.com\/editor\/#\/schema\/person\/29217990ddf6f14e35912b2866d591fb"},"headline":"Accidente en Bol\u00edvar deja nueve militares muertos","datePublished":"2024-04-29T23:03:12+00:00","mainEntityOfPage":{"@id":"https:\/\/luchonoticias.com\/editor\/accidente-en-bolivar-deja-nueve-militares-muertos\/"},"wordCount":259,"publisher":{"@id":"https:\/\/luchonoticias.com\/editor\/#\/schema\/person\/7a7fd911f58561fd056dbac7b55af9cd"},"image":{"@id":"https:\/\/luchonoticias.com\/editor\/accidente-en-bolivar-deja-nueve-militares-muertos\/#primaryimage"},"thumbnailUrl":"https:\/\/luchonoticias.com\/editor\/wp-content\/uploads\/2024\/04\/militares-muertos.jpg","articleSection":["Actualidad"],"inLanguage":"es"},{"@type":"WebPage","@id":"https:\/\/luchonoticias.com\/editor\/accidente-en-bolivar-deja-nueve-militares-muertos\/","url":"https:\/\/luchonoticias.com\/editor\/accidente-en-bolivar-deja-nueve-militares-muertos\/","name":"Accidente en Bol\u00edvar deja nueve militares muertos -","isPartOf":{"@id":"https:\/\/luchonoticias.com\/editor\/#website"},"primaryImageOfPage":{"@id":"https:\/\/luchonoticias.com\/editor\/accidente-en-bolivar-deja-nueve-militares-muertos\/#primaryimage"},"image":{"@id":"https:\/\/luchonoticias.com\/editor\/accidente-en-bolivar-deja-nueve-militares-muertos\/#primaryimage"},"thumbnailUrl":"https:\/\/luchonoticias.com\/editor\/wp-content\/uploads\/2024\/04\/militares-muertos.jpg","datePublished":"2024-04-29T23:03:12+00:00","breadcrumb":{"@id":"https:\/\/luchonoticias.com\/editor\/accidente-en-bolivar-deja-nueve-militares-muertos\/#breadcrumb"},"inLanguage":"es","potentialAction":[{"@type":"ReadAction","target":["https:\/\/luchonoticias.com\/editor\/accidente-en-bolivar-deja-nueve-militares-muertos\/"]}]},{"@type":"ImageObject","inLanguage":"es","@id":"https:\/\/luchonoticias.com\/editor\/accidente-en-bolivar-deja-nueve-militares-muertos\/#primaryimage","url":"https:\/\/luchonoticias.com\/editor\/wp-content\/uploads\/2024\/04\/militares-muertos.jpg","contentUrl":"https:\/\/luchonoticias.com\/editor\/wp-content\/uploads\/2024\/04\/militares-muertos.jpg","width":700,"height":400},{"@type":"BreadcrumbList","@id":"https:\/\/luchonoticias.com\/editor\/accidente-en-bolivar-deja-nueve-militares-muertos\/#breadcrumb","itemListElement":[{"@type":"ListItem","position":1,"name":"Portada","item":"https:\/\/luchonoticias.com\/editor\/"},{"@type":"ListItem","position":2,"name":"Accidente en Bol\u00edvar deja nueve militares muertos"}]},{"@type":"WebSite","@id":"https:\/\/luchonoticias.com\/editor\/#website","url":"https:\/\/luchonoticias.com\/editor\/","name":"","description":"","publisher":{"@id":"https:\/\/luchonoticias.com\/editor\/#\/schema\/person\/7a7fd911f58561fd056dbac7b55af9cd"},"potentialAction":[{"@type":"SearchAction","target":{"@type":"EntryPoint","urlTemplate":"https:\/\/luchonoticias.com\/editor\/?s={search_term_string}"},"query-input":{"@type":"PropertyValueSpecification","valueRequired":true,"valueName":"search_term_string"}}],"inLanguage":"es"},{"@type":["Person","Organization"],"@id":"https:\/\/luchonoticias.com\/editor\/#\/schema\/person\/7a7fd911f58561fd056dbac7b55af9cd","name":"admin","image":{"@type":"ImageObject","inLanguage":"es","@id":"https:\/\/luchonoticias.com\/editor\/#\/schema\/person\/image\/","url":"https:\/\/luchonoticias.com\/editor\/wp-content\/uploads\/2024\/02\/cropped-cropped-logolu.webp","contentUrl":"https:\/\/luchonoticias.com\/editor\/wp-content\/uploads\/2024\/02\/cropped-cropped-logolu.webp","width":382,"height":170,"caption":"admin"},"logo":{"@id":"https:\/\/luchonoticias.com\/editor\/#\/schema\/person\/image\/"},"sameAs":["https:\/\/www.facebook.com\/luchonoticiasneiva"]},{"@type":"Person","@id":"https:\/\/luchonoticias.com\/editor\/#\/schema\/person\/29217990ddf6f14e35912b2866d591fb","name":"Editor General","image":{"@type":"ImageObject","inLanguage":"es","@id":"https:\/\/luchonoticias.com\/editor\/#\/schema\/person\/image\/","url":"https:\/\/luchonoticias.com\/editor\/wp-content\/uploads\/2024\/02\/cropped-cropped-logolu-150x150.webp","contentUrl":"https:\/\/luchonoticias.com\/editor\/wp-content\/uploads\/2024\/02\/cropped-cropped-logolu-150x150.webp","caption":"Editor General"},"sameAs":["https:\/\/luchonoticias.com\/"],"url":"https:\/\/luchonoticias.com\/editor\/author\/editor-general\/"}]}},"_links":{"self":[{"href":"https:\/\/luchonoticias.com\/editor\/wp-json\/wp\/v2\/posts\/72554","targetHints":{"allow":["GET"]}}],"collection":[{"href":"https:\/\/luchonoticias.com\/editor\/wp-json\/wp\/v2\/posts"}],"about":[{"href":"https:\/\/luchonoticias.com\/editor\/wp-json\/wp\/v2\/types\/post"}],"author":[{"embeddable":true,"href":"https:\/\/luchonoticias.com\/editor\/wp-json\/wp\/v2\/users\/2"}],"replies":[{"embeddable":true,"href":"https:\/\/luchonoticias.com\/editor\/wp-json\/wp\/v2\/comments?post=72554"}],"version-history":[{"count":0,"href":"https:\/\/luchonoticias.com\/editor\/wp-json\/wp\/v2\/posts\/72554\/revisions"}],"wp:featuredmedia":[{"embeddable":true,"href":"https:\/\/luchonoticias.com\/editor\/wp-json\/wp\/v2\/media\/72555"}],"wp:attachment":[{"href":"https:\/\/luchonoticias.com\/editor\/wp-json\/wp\/v2\/media?parent=72554"}],"wp:term":[{"taxonomy":"category","embeddable":true,"href":"https:\/\/luchonoticias.com\/editor\/wp-json\/wp\/v2\/categories?post=72554"},{"taxonomy":"post_tag","embeddable":true,"href":"https:\/\/luchonoticias.com\/editor\/wp-json\/wp\/v2\/tags?post=72554"}],"curies":[{"name":"wp","href":"https:\/\/api.w.org\/{rel}","templated":true}]}}