{"id":72564,"date":"2024-04-30T06:59:37","date_gmt":"2024-04-30T11:59:37","guid":{"rendered":"https:\/\/luchonoticias.com\/?p=72564"},"modified":"2024-04-30T06:59:37","modified_gmt":"2024-04-30T11:59:37","slug":"entregadas-mas-de-200-000-indemnizaciones-a-victimas-del-conflicto-armado","status":"publish","type":"post","link":"https:\/\/luchonoticias.com\/editor\/entregadas-mas-de-200-000-indemnizaciones-a-victimas-del-conflicto-armado\/","title":{"rendered":"Entregadas m\u00e1s de 200.000 indemnizaciones a v\u00edctimas del conflicto armado"},"content":{"rendered":"<div>A casi dos a\u00f1os del Gobierno, la Unidad para las V\u00edctimas present\u00f3 el balance en la atenci\u00f3n y reparaci\u00f3n a las v\u00edctimas del conflicto armado.<\/div>\n<div><\/div>\n<div>Desde agosto de 2022, se han entregado 204.703 indemnizaciones a 178.953 v\u00edctimas, por un valor de 1,7 billones de pesos. Adem\u00e1s, se han reconocido como v\u00edctimas del conflicto a grupos \u00e9tnicos, como el pueblo raizal del Archipi\u00e9lago, al movimiento sindical y a la comunidad campesina de Sumapaz.<\/div>\n<div><\/div>\n<div>Se logr\u00f3 el ingreso a zonas que est\u00e1n en medio de crisis de desplazamiento masivo y confinamiento, para brindar atenci\u00f3n humanitaria a 516 comunidades con 48.594 hogares, por un valor superior a los 33.885 millones de pesos.<\/div>\n<div><\/div>\n<div>Con metas ambiciosas para el cuatrienio 2022-2026, la Unidad busca indemnizar a 600.000 v\u00edctimas, formular y avanzar en 642 Planes Integrales de Reparaci\u00f3n Colectiva, y contribuir a la superaci\u00f3n de la vulnerabilidad de 2.000.000 de v\u00edctimas.<\/div>\n<div><\/div>\n<div>El aumento del presupuesto, de 2,7 billones en 2023 a 4,4 billones en 2024, respalda estos compromisos y marca un punto hist\u00f3rico en la atenci\u00f3n a las v\u00edctimas del conflicto armado en Colombia.<\/div>\n<div><\/div>\n<div>El enfoque de soluciones duraderas en los municipios y departamentos, as\u00ed como la promoci\u00f3n de la reforma a la Ley de V\u00edctimas en el Congreso, son pilares clave de la gesti\u00f3n de la Unidad.<\/div>\n<div><\/div>\n<div>La directora de la entidad, Patricia Tob\u00f3n Yagar\u00ed, destac\u00f3 las transformaciones institucionales que se realizaron desde agosto de 2022, necesarias para derribar los obst\u00e1culos a los que se enfrentaban las v\u00edctimas cuando se encontraban por primera vez con la entidad.<\/div>\n<div><\/div>\n<div>\u201cEncontramos una entidad centralizada, que no ten\u00eda en cuenta las necesidades de las v\u00edctimas en los territorios, porque el modelo de planeaci\u00f3n y gesti\u00f3n de la pol\u00edtica p\u00fablica era centralista y no lograba articular efectivamente las acciones\u201d, precis\u00f3 Tob\u00f3n Yagar\u00ed, resaltando el alto n\u00famero de procedimientos y la insuficiencia de recursos que generaron un d\u00e9ficit en la atenci\u00f3n y reparaci\u00f3n, \u201cpues en los m\u00e1s de diez a\u00f1os de la ley solo se han indemnizado 1,3 millones de personas\u201d, de m\u00e1s de cinco millones de v\u00edctimas que solicitaron esta medida de reparaci\u00f3n.<\/div>\n<div><\/div>\n<div>La participaci\u00f3n de las v\u00edctimas del conflicto ha sido fortalecida mediante la implementaci\u00f3n del enfoque diferencial y territorial.<\/div>\n<div><\/div>\n<div>El Modelo de Intervenci\u00f3n Territorial Integral (MITI) ha sido una herramienta clave para comprender las necesidades espec\u00edficas de cada territorio y articular programas sociales de manera efectiva.<\/div>\n<div><\/div>\n","protected":false},"excerpt":{"rendered":"<p>A casi dos a\u00f1os del Gobierno, la Unidad para las V\u00edctimas present\u00f3 el balance en la atenci\u00f3n y reparaci\u00f3n a las v\u00edctimas del conflicto armado. Desde agosto de 2022, se han entregado 204.703 indemnizaciones a 178.953 v\u00edctimas, por un valor de 1,7 billones de pesos. Adem\u00e1s, se han reconocido como v\u00edctimas del conflicto a grupos [&hellip;]<\/p>\n","protected":false},"author":2,"featured_media":72565,"comment_status":"closed","ping_status":"open","sticky":false,"template":"","format":"standard","meta":{"footnotes":""},"categories":[28],"tags":[],"class_list":["post-72564","post","type-post","status-publish","format-standard","has-post-thumbnail","hentry","category-actualidad"],"yoast_head":"<!-- This site is optimized with the Yoast SEO plugin v26.6 - https:\/\/yoast.com\/wordpress\/plugins\/seo\/ -->\n<title>Entregadas m\u00e1s de 200.000 indemnizaciones a v\u00edctimas del conflicto armado -<\/title>\n<meta name=\"robots\" content=\"index, follow, max-snippet:-1, max-image-preview:large, max-video-preview:-1\" \/>\n<link rel=\"canonical\" href=\"https:\/\/luchonoticias.com\/editor\/entregadas-mas-de-200-000-indemnizaciones-a-victimas-del-conflicto-armado\/\" \/>\n<meta property=\"og:locale\" content=\"es_ES\" \/>\n<meta property=\"og:type\" content=\"article\" \/>\n<meta property=\"og:title\" content=\"Entregadas m\u00e1s de 200.000 indemnizaciones a v\u00edctimas del conflicto armado -\" \/>\n<meta property=\"og:url\" content=\"https:\/\/luchonoticias.com\/editor\/entregadas-mas-de-200-000-indemnizaciones-a-victimas-del-conflicto-armado\/\" \/>\n<meta property=\"article:publisher\" content=\"https:\/\/www.facebook.com\/luchonoticiasneiva\" \/>\n<meta property=\"article:published_time\" content=\"2024-04-30T11:59:37+00:00\" \/>\n<meta property=\"og:image\" content=\"https:\/\/luchonoticias.com\/editor\/wp-content\/uploads\/2024\/04\/indemnizaciones.jpg\" \/>\n\t<meta property=\"og:image:width\" content=\"700\" \/>\n\t<meta property=\"og:image:height\" content=\"400\" \/>\n\t<meta property=\"og:image:type\" content=\"image\/jpeg\" \/>\n<meta name=\"author\" content=\"Editor General\" \/>\n<meta name=\"twitter:card\" content=\"summary_large_image\" \/>\n<meta name=\"twitter:label1\" content=\"Escrito por\" \/>\n\t<meta name=\"twitter:data1\" content=\"Editor General\" \/>\n\t<meta name=\"twitter:label2\" content=\"Tiempo de lectura\" \/>\n\t<meta name=\"twitter:data2\" content=\"2 minutos\" \/>\n<script type=\"application\/ld+json\" class=\"yoast-schema-graph\">{\"@context\":\"https:\/\/schema.org\",\"@graph\":[{\"@type\":\"Article\",\"@id\":\"https:\/\/luchonoticias.com\/editor\/entregadas-mas-de-200-000-indemnizaciones-a-victimas-del-conflicto-armado\/#article\",\"isPartOf\":{\"@id\":\"https:\/\/luchonoticias.com\/editor\/entregadas-mas-de-200-000-indemnizaciones-a-victimas-del-conflicto-armado\/\"},\"author\":{\"name\":\"Editor General\",\"@id\":\"https:\/\/luchonoticias.com\/editor\/#\/schema\/person\/29217990ddf6f14e35912b2866d591fb\"},\"headline\":\"Entregadas m\u00e1s de 200.000 indemnizaciones a v\u00edctimas del conflicto armado\",\"datePublished\":\"2024-04-30T11:59:37+00:00\",\"mainEntityOfPage\":{\"@id\":\"https:\/\/luchonoticias.com\/editor\/entregadas-mas-de-200-000-indemnizaciones-a-victimas-del-conflicto-armado\/\"},\"wordCount\":428,\"publisher\":{\"@id\":\"https:\/\/luchonoticias.com\/editor\/#\/schema\/person\/7a7fd911f58561fd056dbac7b55af9cd\"},\"image\":{\"@id\":\"https:\/\/luchonoticias.com\/editor\/entregadas-mas-de-200-000-indemnizaciones-a-victimas-del-conflicto-armado\/#primaryimage\"},\"thumbnailUrl\":\"https:\/\/luchonoticias.com\/editor\/wp-content\/uploads\/2024\/04\/indemnizaciones.jpg\",\"articleSection\":[\"Actualidad\"],\"inLanguage\":\"es\"},{\"@type\":\"WebPage\",\"@id\":\"https:\/\/luchonoticias.com\/editor\/entregadas-mas-de-200-000-indemnizaciones-a-victimas-del-conflicto-armado\/\",\"url\":\"https:\/\/luchonoticias.com\/editor\/entregadas-mas-de-200-000-indemnizaciones-a-victimas-del-conflicto-armado\/\",\"name\":\"Entregadas m\u00e1s de 200.000 indemnizaciones a v\u00edctimas del conflicto armado -\",\"isPartOf\":{\"@id\":\"https:\/\/luchonoticias.com\/editor\/#website\"},\"primaryImageOfPage\":{\"@id\":\"https:\/\/luchonoticias.com\/editor\/entregadas-mas-de-200-000-indemnizaciones-a-victimas-del-conflicto-armado\/#primaryimage\"},\"image\":{\"@id\":\"https:\/\/luchonoticias.com\/editor\/entregadas-mas-de-200-000-indemnizaciones-a-victimas-del-conflicto-armado\/#primaryimage\"},\"thumbnailUrl\":\"https:\/\/luchonoticias.com\/editor\/wp-content\/uploads\/2024\/04\/indemnizaciones.jpg\",\"datePublished\":\"2024-04-30T11:59:37+00:00\",\"breadcrumb\":{\"@id\":\"https:\/\/luchonoticias.com\/editor\/entregadas-mas-de-200-000-indemnizaciones-a-victimas-del-conflicto-armado\/#breadcrumb\"},\"inLanguage\":\"es\",\"potentialAction\":[{\"@type\":\"ReadAction\",\"target\":[\"https:\/\/luchonoticias.com\/editor\/entregadas-mas-de-200-000-indemnizaciones-a-victimas-del-conflicto-armado\/\"]}]},{\"@type\":\"ImageObject\",\"inLanguage\":\"es\",\"@id\":\"https:\/\/luchonoticias.com\/editor\/entregadas-mas-de-200-000-indemnizaciones-a-victimas-del-conflicto-armado\/#primaryimage\",\"url\":\"https:\/\/luchonoticias.com\/editor\/wp-content\/uploads\/2024\/04\/indemnizaciones.jpg\",\"contentUrl\":\"https:\/\/luchonoticias.com\/editor\/wp-content\/uploads\/2024\/04\/indemnizaciones.jpg\",\"width\":700,\"height\":400},{\"@type\":\"BreadcrumbList\",\"@id\":\"https:\/\/luchonoticias.com\/editor\/entregadas-mas-de-200-000-indemnizaciones-a-victimas-del-conflicto-armado\/#breadcrumb\",\"itemListElement\":[{\"@type\":\"ListItem\",\"position\":1,\"name\":\"Portada\",\"item\":\"https:\/\/luchonoticias.com\/editor\/\"},{\"@type\":\"ListItem\",\"position\":2,\"name\":\"Entregadas m\u00e1s de 200.000 indemnizaciones a v\u00edctimas del conflicto armado\"}]},{\"@type\":\"WebSite\",\"@id\":\"https:\/\/luchonoticias.com\/editor\/#website\",\"url\":\"https:\/\/luchonoticias.com\/editor\/\",\"name\":\"\",\"description\":\"\",\"publisher\":{\"@id\":\"https:\/\/luchonoticias.com\/editor\/#\/schema\/person\/7a7fd911f58561fd056dbac7b55af9cd\"},\"potentialAction\":[{\"@type\":\"SearchAction\",\"target\":{\"@type\":\"EntryPoint\",\"urlTemplate\":\"https:\/\/luchonoticias.com\/editor\/?s={search_term_string}\"},\"query-input\":{\"@type\":\"PropertyValueSpecification\",\"valueRequired\":true,\"valueName\":\"search_term_string\"}}],\"inLanguage\":\"es\"},{\"@type\":[\"Person\",\"Organization\"],\"@id\":\"https:\/\/luchonoticias.com\/editor\/#\/schema\/person\/7a7fd911f58561fd056dbac7b55af9cd\",\"name\":\"admin\",\"image\":{\"@type\":\"ImageObject\",\"inLanguage\":\"es\",\"@id\":\"https:\/\/luchonoticias.com\/editor\/#\/schema\/person\/image\/\",\"url\":\"https:\/\/luchonoticias.com\/editor\/wp-content\/uploads\/2024\/02\/cropped-cropped-logolu.webp\",\"contentUrl\":\"https:\/\/luchonoticias.com\/editor\/wp-content\/uploads\/2024\/02\/cropped-cropped-logolu.webp\",\"width\":382,\"height\":170,\"caption\":\"admin\"},\"logo\":{\"@id\":\"https:\/\/luchonoticias.com\/editor\/#\/schema\/person\/image\/\"},\"sameAs\":[\"https:\/\/www.facebook.com\/luchonoticiasneiva\"]},{\"@type\":\"Person\",\"@id\":\"https:\/\/luchonoticias.com\/editor\/#\/schema\/person\/29217990ddf6f14e35912b2866d591fb\",\"name\":\"Editor General\",\"image\":{\"@type\":\"ImageObject\",\"inLanguage\":\"es\",\"@id\":\"https:\/\/luchonoticias.com\/editor\/#\/schema\/person\/image\/\",\"url\":\"https:\/\/luchonoticias.com\/editor\/wp-content\/uploads\/2024\/02\/cropped-cropped-logolu-150x150.webp\",\"contentUrl\":\"https:\/\/luchonoticias.com\/editor\/wp-content\/uploads\/2024\/02\/cropped-cropped-logolu-150x150.webp\",\"caption\":\"Editor General\"},\"sameAs\":[\"https:\/\/luchonoticias.com\/\"],\"url\":\"https:\/\/luchonoticias.com\/editor\/author\/editor-general\/\"}]}<\/script>\n<!-- \/ Yoast SEO plugin. -->","yoast_head_json":{"title":"Entregadas m\u00e1s de 200.000 indemnizaciones a v\u00edctimas del conflicto armado -","robots":{"index":"index","follow":"follow","max-snippet":"max-snippet:-1","max-image-preview":"max-image-preview:large","max-video-preview":"max-video-preview:-1"},"canonical":"https:\/\/luchonoticias.com\/editor\/entregadas-mas-de-200-000-indemnizaciones-a-victimas-del-conflicto-armado\/","og_locale":"es_ES","og_type":"article","og_title":"Entregadas m\u00e1s de 200.000 indemnizaciones a v\u00edctimas del conflicto armado -","og_url":"https:\/\/luchonoticias.com\/editor\/entregadas-mas-de-200-000-indemnizaciones-a-victimas-del-conflicto-armado\/","article_publisher":"https:\/\/www.facebook.com\/luchonoticiasneiva","article_published_time":"2024-04-30T11:59:37+00:00","og_image":[{"width":700,"height":400,"url":"https:\/\/luchonoticias.com\/editor\/wp-content\/uploads\/2024\/04\/indemnizaciones.jpg","type":"image\/jpeg"}],"author":"Editor General","twitter_card":"summary_large_image","twitter_misc":{"Escrito por":"Editor General","Tiempo de lectura":"2 minutos"},"schema":{"@context":"https:\/\/schema.org","@graph":[{"@type":"Article","@id":"https:\/\/luchonoticias.com\/editor\/entregadas-mas-de-200-000-indemnizaciones-a-victimas-del-conflicto-armado\/#article","isPartOf":{"@id":"https:\/\/luchonoticias.com\/editor\/entregadas-mas-de-200-000-indemnizaciones-a-victimas-del-conflicto-armado\/"},"author":{"name":"Editor General","@id":"https:\/\/luchonoticias.com\/editor\/#\/schema\/person\/29217990ddf6f14e35912b2866d591fb"},"headline":"Entregadas m\u00e1s de 200.000 indemnizaciones a v\u00edctimas del conflicto armado","datePublished":"2024-04-30T11:59:37+00:00","mainEntityOfPage":{"@id":"https:\/\/luchonoticias.com\/editor\/entregadas-mas-de-200-000-indemnizaciones-a-victimas-del-conflicto-armado\/"},"wordCount":428,"publisher":{"@id":"https:\/\/luchonoticias.com\/editor\/#\/schema\/person\/7a7fd911f58561fd056dbac7b55af9cd"},"image":{"@id":"https:\/\/luchonoticias.com\/editor\/entregadas-mas-de-200-000-indemnizaciones-a-victimas-del-conflicto-armado\/#primaryimage"},"thumbnailUrl":"https:\/\/luchonoticias.com\/editor\/wp-content\/uploads\/2024\/04\/indemnizaciones.jpg","articleSection":["Actualidad"],"inLanguage":"es"},{"@type":"WebPage","@id":"https:\/\/luchonoticias.com\/editor\/entregadas-mas-de-200-000-indemnizaciones-a-victimas-del-conflicto-armado\/","url":"https:\/\/luchonoticias.com\/editor\/entregadas-mas-de-200-000-indemnizaciones-a-victimas-del-conflicto-armado\/","name":"Entregadas m\u00e1s de 200.000 indemnizaciones a v\u00edctimas del conflicto armado -","isPartOf":{"@id":"https:\/\/luchonoticias.com\/editor\/#website"},"primaryImageOfPage":{"@id":"https:\/\/luchonoticias.com\/editor\/entregadas-mas-de-200-000-indemnizaciones-a-victimas-del-conflicto-armado\/#primaryimage"},"image":{"@id":"https:\/\/luchonoticias.com\/editor\/entregadas-mas-de-200-000-indemnizaciones-a-victimas-del-conflicto-armado\/#primaryimage"},"thumbnailUrl":"https:\/\/luchonoticias.com\/editor\/wp-content\/uploads\/2024\/04\/indemnizaciones.jpg","datePublished":"2024-04-30T11:59:37+00:00","breadcrumb":{"@id":"https:\/\/luchonoticias.com\/editor\/entregadas-mas-de-200-000-indemnizaciones-a-victimas-del-conflicto-armado\/#breadcrumb"},"inLanguage":"es","potentialAction":[{"@type":"ReadAction","target":["https:\/\/luchonoticias.com\/editor\/entregadas-mas-de-200-000-indemnizaciones-a-victimas-del-conflicto-armado\/"]}]},{"@type":"ImageObject","inLanguage":"es","@id":"https:\/\/luchonoticias.com\/editor\/entregadas-mas-de-200-000-indemnizaciones-a-victimas-del-conflicto-armado\/#primaryimage","url":"https:\/\/luchonoticias.com\/editor\/wp-content\/uploads\/2024\/04\/indemnizaciones.jpg","contentUrl":"https:\/\/luchonoticias.com\/editor\/wp-content\/uploads\/2024\/04\/indemnizaciones.jpg","width":700,"height":400},{"@type":"BreadcrumbList","@id":"https:\/\/luchonoticias.com\/editor\/entregadas-mas-de-200-000-indemnizaciones-a-victimas-del-conflicto-armado\/#breadcrumb","itemListElement":[{"@type":"ListItem","position":1,"name":"Portada","item":"https:\/\/luchonoticias.com\/editor\/"},{"@type":"ListItem","position":2,"name":"Entregadas m\u00e1s de 200.000 indemnizaciones a v\u00edctimas del conflicto armado"}]},{"@type":"WebSite","@id":"https:\/\/luchonoticias.com\/editor\/#website","url":"https:\/\/luchonoticias.com\/editor\/","name":"","description":"","publisher":{"@id":"https:\/\/luchonoticias.com\/editor\/#\/schema\/person\/7a7fd911f58561fd056dbac7b55af9cd"},"potentialAction":[{"@type":"SearchAction","target":{"@type":"EntryPoint","urlTemplate":"https:\/\/luchonoticias.com\/editor\/?s={search_term_string}"},"query-input":{"@type":"PropertyValueSpecification","valueRequired":true,"valueName":"search_term_string"}}],"inLanguage":"es"},{"@type":["Person","Organization"],"@id":"https:\/\/luchonoticias.com\/editor\/#\/schema\/person\/7a7fd911f58561fd056dbac7b55af9cd","name":"admin","image":{"@type":"ImageObject","inLanguage":"es","@id":"https:\/\/luchonoticias.com\/editor\/#\/schema\/person\/image\/","url":"https:\/\/luchonoticias.com\/editor\/wp-content\/uploads\/2024\/02\/cropped-cropped-logolu.webp","contentUrl":"https:\/\/luchonoticias.com\/editor\/wp-content\/uploads\/2024\/02\/cropped-cropped-logolu.webp","width":382,"height":170,"caption":"admin"},"logo":{"@id":"https:\/\/luchonoticias.com\/editor\/#\/schema\/person\/image\/"},"sameAs":["https:\/\/www.facebook.com\/luchonoticiasneiva"]},{"@type":"Person","@id":"https:\/\/luchonoticias.com\/editor\/#\/schema\/person\/29217990ddf6f14e35912b2866d591fb","name":"Editor General","image":{"@type":"ImageObject","inLanguage":"es","@id":"https:\/\/luchonoticias.com\/editor\/#\/schema\/person\/image\/","url":"https:\/\/luchonoticias.com\/editor\/wp-content\/uploads\/2024\/02\/cropped-cropped-logolu-150x150.webp","contentUrl":"https:\/\/luchonoticias.com\/editor\/wp-content\/uploads\/2024\/02\/cropped-cropped-logolu-150x150.webp","caption":"Editor General"},"sameAs":["https:\/\/luchonoticias.com\/"],"url":"https:\/\/luchonoticias.com\/editor\/author\/editor-general\/"}]}},"_links":{"self":[{"href":"https:\/\/luchonoticias.com\/editor\/wp-json\/wp\/v2\/posts\/72564","targetHints":{"allow":["GET"]}}],"collection":[{"href":"https:\/\/luchonoticias.com\/editor\/wp-json\/wp\/v2\/posts"}],"about":[{"href":"https:\/\/luchonoticias.com\/editor\/wp-json\/wp\/v2\/types\/post"}],"author":[{"embeddable":true,"href":"https:\/\/luchonoticias.com\/editor\/wp-json\/wp\/v2\/users\/2"}],"replies":[{"embeddable":true,"href":"https:\/\/luchonoticias.com\/editor\/wp-json\/wp\/v2\/comments?post=72564"}],"version-history":[{"count":0,"href":"https:\/\/luchonoticias.com\/editor\/wp-json\/wp\/v2\/posts\/72564\/revisions"}],"wp:featuredmedia":[{"embeddable":true,"href":"https:\/\/luchonoticias.com\/editor\/wp-json\/wp\/v2\/media\/72565"}],"wp:attachment":[{"href":"https:\/\/luchonoticias.com\/editor\/wp-json\/wp\/v2\/media?parent=72564"}],"wp:term":[{"taxonomy":"category","embeddable":true,"href":"https:\/\/luchonoticias.com\/editor\/wp-json\/wp\/v2\/categories?post=72564"},{"taxonomy":"post_tag","embeddable":true,"href":"https:\/\/luchonoticias.com\/editor\/wp-json\/wp\/v2\/tags?post=72564"}],"curies":[{"name":"wp","href":"https:\/\/api.w.org\/{rel}","templated":true}]}}