{"id":72574,"date":"2024-04-30T10:59:20","date_gmt":"2024-04-30T15:59:20","guid":{"rendered":"https:\/\/luchonoticias.com\/?p=72574"},"modified":"2024-04-30T10:59:20","modified_gmt":"2024-04-30T15:59:20","slug":"reunion-de-la-mesa-interinstitucional-de-personas-desaparecidas","status":"publish","type":"post","link":"https:\/\/luchonoticias.com\/editor\/reunion-de-la-mesa-interinstitucional-de-personas-desaparecidas\/","title":{"rendered":"Reuni\u00f3n de la mesa interinstitucional de personas desaparecidas"},"content":{"rendered":"<p>En el sal\u00f3n de exgobernadores se llev\u00f3 a cabo la Mesa Interinstitucional de B\u00fasqueda de Personas Desaparecidas, con el objetivo de avanzar en la formulaci\u00f3n de los planes estrat\u00e9gicos para la identificaci\u00f3n e inhumaci\u00f3n de los cuerpos y efectuar la entrega a sus familiares.<\/p>\n<p>La jornada liderada por el secretario de Gobierno, Seguridad y Asuntos Comunitarios, Edgar Mart\u00edn Lara, destac\u00f3 el respaldo que desde la Gobernaci\u00f3n del Huila se ha dado para entregar respuesta a las v\u00edctimas y familiares de las personas dadas por desaparecidas.<\/p>\n<p>\u201cHemos venido implementando la Pol\u00edtica P\u00fablica de V\u00edctimas para impulsar mecanismos de b\u00fasqueda urgente, coordinando con instancias del orden nacional, departamental y municipal, atendiendo las recomendaciones de la JEP, y acatando los principios de la ONU de acuerdo a experiencias significativas, incluyendo adem\u00e1s acciones en la propuesta del Plan de Desarrollo para brindar la asistencia correspondiente a las v\u00edctimas\u201d inform\u00f3 el secretario de Gobierno Departamental.<\/p>\n<p>As\u00ed mismo, se ha orientado garantizar la conservaci\u00f3n de aquellos lugares de inter\u00e9s forense donde posiblemente se encuentran personas no identificadas, tales como los cementerios municipales, cementerios veredales, campos abiertos, en donde se adelantan trabajos de investigaci\u00f3n con especialistas.<\/p>\n<p><strong>Avances en la b\u00fasqueda de personas desaparecidas<\/strong><\/p>\n<p>Erika Indira Ortega Orozco, funcionaria de la Unidad de B\u00fasqueda de Personas Desaparecidas, destac\u00f3 la importancia de la mesa interinstitucional donde convergen propuestas de organizaciones sociales y entidades locales y departamentales, fortaleciendo la colaboraci\u00f3n en la b\u00fasqueda.<\/p>\n<p>\u201cHasta el momento en todo el departamento hay un registro de 1.150 personas dadas por desaparecidas, por eso, para el desarrollo del plan se han focalizado 19 municipios: Algeciras, Colombia, Tello, Baraya, y se han desarrollado acciones en el marco de las medidas cautelares en el municipio de Neiva en el Cementerio Central\u201d indic\u00f3 Ortega Orozco.<\/p>\n<p>En Pitalito, uno de los municipios con mayor n\u00famero de personas desaparecidas, se ha iniciado un proceso de caracterizaci\u00f3n del cementerio local, uno de los principales sitios de inter\u00e9s forense. Este lugar alberga a numerosas v\u00edctimas de la violencia, entre ellos combatientes, lo que ha motivado la focalizaci\u00f3n de actividades. Se prev\u00e9 que durante el mes de junio se dar\u00e1 inicio al proceso de intervenci\u00f3n del cementerio de Pitalito, como parte de los esfuerzos para abordar las desapariciones y dar respuesta a las familias afectadas.<\/p>\n<p><strong>Unidad de B\u00fasqueda extiende despliegue territorial en el Huila<\/strong><\/p>\n<p>La Unidad de B\u00fasqueda de Personas Desaparecidas ha establecido un nuevo grupo interno de trabajo en el departamento del Huila desde noviembre de 2023, el objetivo principal es abarcar todos los municipios, implementando un enfoque comunitario en colaboraci\u00f3n con las Juntas de Acci\u00f3n Comunal, organizaciones locales y familias buscadoras.<\/p>\n<p>\u201cActualmente estamos ubicados en el Centro Regional de Atenci\u00f3n a V\u00edctimas, el equipo se prepara para un extenso despliegue territorial mediante los planes regionales del norte y del sur. Las estrategias incluyen el contacto directo con las familias, campa\u00f1as de pedagog\u00eda y comunicaci\u00f3n para informar sobre nuestra ubicaci\u00f3n actual, as\u00ed como la atenci\u00f3n a familias provenientes de diferentes municipios\u201d inform\u00f3 Erika Indira Ortega Orozco, funcionaria de la Unidad de B\u00fasqueda de Personas Desaparecidas.<\/p>\n","protected":false},"excerpt":{"rendered":"<p>En el sal\u00f3n de exgobernadores se llev\u00f3 a cabo la Mesa Interinstitucional de B\u00fasqueda de Personas Desaparecidas, con el objetivo de avanzar en la formulaci\u00f3n de los planes estrat\u00e9gicos para la identificaci\u00f3n e inhumaci\u00f3n de los cuerpos y efectuar la entrega a sus familiares. La jornada liderada por el secretario de Gobierno, Seguridad y Asuntos [&hellip;]<\/p>\n","protected":false},"author":2,"featured_media":72575,"comment_status":"closed","ping_status":"open","sticky":false,"template":"","format":"standard","meta":{"footnotes":""},"categories":[33],"tags":[],"class_list":["post-72574","post","type-post","status-publish","format-standard","has-post-thumbnail","hentry","category-huila"],"yoast_head":"<!-- This site is optimized with the Yoast SEO plugin v26.6 - https:\/\/yoast.com\/wordpress\/plugins\/seo\/ -->\n<title>Reuni\u00f3n de la mesa interinstitucional de personas desaparecidas -<\/title>\n<meta name=\"robots\" content=\"index, follow, max-snippet:-1, max-image-preview:large, max-video-preview:-1\" \/>\n<link rel=\"canonical\" href=\"https:\/\/luchonoticias.com\/editor\/reunion-de-la-mesa-interinstitucional-de-personas-desaparecidas\/\" \/>\n<meta property=\"og:locale\" content=\"es_ES\" \/>\n<meta property=\"og:type\" content=\"article\" \/>\n<meta property=\"og:title\" content=\"Reuni\u00f3n de la mesa interinstitucional de personas desaparecidas -\" \/>\n<meta property=\"og:url\" content=\"https:\/\/luchonoticias.com\/editor\/reunion-de-la-mesa-interinstitucional-de-personas-desaparecidas\/\" \/>\n<meta property=\"article:publisher\" content=\"https:\/\/www.facebook.com\/luchonoticiasneiva\" \/>\n<meta property=\"article:published_time\" content=\"2024-04-30T15:59:20+00:00\" \/>\n<meta property=\"og:image\" content=\"https:\/\/luchonoticias.com\/editor\/wp-content\/uploads\/2024\/04\/desaparecidos-2.jpg\" \/>\n\t<meta property=\"og:image:width\" content=\"700\" \/>\n\t<meta property=\"og:image:height\" content=\"400\" \/>\n\t<meta property=\"og:image:type\" content=\"image\/jpeg\" \/>\n<meta name=\"author\" content=\"Editor General\" \/>\n<meta name=\"twitter:card\" content=\"summary_large_image\" \/>\n<meta name=\"twitter:label1\" content=\"Escrito por\" \/>\n\t<meta name=\"twitter:data1\" content=\"Editor General\" \/>\n\t<meta name=\"twitter:label2\" content=\"Tiempo de lectura\" \/>\n\t<meta name=\"twitter:data2\" content=\"3 minutos\" \/>\n<script type=\"application\/ld+json\" class=\"yoast-schema-graph\">{\"@context\":\"https:\/\/schema.org\",\"@graph\":[{\"@type\":\"Article\",\"@id\":\"https:\/\/luchonoticias.com\/editor\/reunion-de-la-mesa-interinstitucional-de-personas-desaparecidas\/#article\",\"isPartOf\":{\"@id\":\"https:\/\/luchonoticias.com\/editor\/reunion-de-la-mesa-interinstitucional-de-personas-desaparecidas\/\"},\"author\":{\"name\":\"Editor General\",\"@id\":\"https:\/\/luchonoticias.com\/editor\/#\/schema\/person\/29217990ddf6f14e35912b2866d591fb\"},\"headline\":\"Reuni\u00f3n de la mesa interinstitucional de personas desaparecidas\",\"datePublished\":\"2024-04-30T15:59:20+00:00\",\"mainEntityOfPage\":{\"@id\":\"https:\/\/luchonoticias.com\/editor\/reunion-de-la-mesa-interinstitucional-de-personas-desaparecidas\/\"},\"wordCount\":551,\"publisher\":{\"@id\":\"https:\/\/luchonoticias.com\/editor\/#\/schema\/person\/7a7fd911f58561fd056dbac7b55af9cd\"},\"image\":{\"@id\":\"https:\/\/luchonoticias.com\/editor\/reunion-de-la-mesa-interinstitucional-de-personas-desaparecidas\/#primaryimage\"},\"thumbnailUrl\":\"https:\/\/luchonoticias.com\/editor\/wp-content\/uploads\/2024\/04\/desaparecidos-2.jpg\",\"articleSection\":[\"Huila\"],\"inLanguage\":\"es\"},{\"@type\":\"WebPage\",\"@id\":\"https:\/\/luchonoticias.com\/editor\/reunion-de-la-mesa-interinstitucional-de-personas-desaparecidas\/\",\"url\":\"https:\/\/luchonoticias.com\/editor\/reunion-de-la-mesa-interinstitucional-de-personas-desaparecidas\/\",\"name\":\"Reuni\u00f3n de la mesa interinstitucional de personas desaparecidas -\",\"isPartOf\":{\"@id\":\"https:\/\/luchonoticias.com\/editor\/#website\"},\"primaryImageOfPage\":{\"@id\":\"https:\/\/luchonoticias.com\/editor\/reunion-de-la-mesa-interinstitucional-de-personas-desaparecidas\/#primaryimage\"},\"image\":{\"@id\":\"https:\/\/luchonoticias.com\/editor\/reunion-de-la-mesa-interinstitucional-de-personas-desaparecidas\/#primaryimage\"},\"thumbnailUrl\":\"https:\/\/luchonoticias.com\/editor\/wp-content\/uploads\/2024\/04\/desaparecidos-2.jpg\",\"datePublished\":\"2024-04-30T15:59:20+00:00\",\"breadcrumb\":{\"@id\":\"https:\/\/luchonoticias.com\/editor\/reunion-de-la-mesa-interinstitucional-de-personas-desaparecidas\/#breadcrumb\"},\"inLanguage\":\"es\",\"potentialAction\":[{\"@type\":\"ReadAction\",\"target\":[\"https:\/\/luchonoticias.com\/editor\/reunion-de-la-mesa-interinstitucional-de-personas-desaparecidas\/\"]}]},{\"@type\":\"ImageObject\",\"inLanguage\":\"es\",\"@id\":\"https:\/\/luchonoticias.com\/editor\/reunion-de-la-mesa-interinstitucional-de-personas-desaparecidas\/#primaryimage\",\"url\":\"https:\/\/luchonoticias.com\/editor\/wp-content\/uploads\/2024\/04\/desaparecidos-2.jpg\",\"contentUrl\":\"https:\/\/luchonoticias.com\/editor\/wp-content\/uploads\/2024\/04\/desaparecidos-2.jpg\",\"width\":700,\"height\":400},{\"@type\":\"BreadcrumbList\",\"@id\":\"https:\/\/luchonoticias.com\/editor\/reunion-de-la-mesa-interinstitucional-de-personas-desaparecidas\/#breadcrumb\",\"itemListElement\":[{\"@type\":\"ListItem\",\"position\":1,\"name\":\"Portada\",\"item\":\"https:\/\/luchonoticias.com\/editor\/\"},{\"@type\":\"ListItem\",\"position\":2,\"name\":\"Reuni\u00f3n de la mesa interinstitucional de personas desaparecidas\"}]},{\"@type\":\"WebSite\",\"@id\":\"https:\/\/luchonoticias.com\/editor\/#website\",\"url\":\"https:\/\/luchonoticias.com\/editor\/\",\"name\":\"\",\"description\":\"\",\"publisher\":{\"@id\":\"https:\/\/luchonoticias.com\/editor\/#\/schema\/person\/7a7fd911f58561fd056dbac7b55af9cd\"},\"potentialAction\":[{\"@type\":\"SearchAction\",\"target\":{\"@type\":\"EntryPoint\",\"urlTemplate\":\"https:\/\/luchonoticias.com\/editor\/?s={search_term_string}\"},\"query-input\":{\"@type\":\"PropertyValueSpecification\",\"valueRequired\":true,\"valueName\":\"search_term_string\"}}],\"inLanguage\":\"es\"},{\"@type\":[\"Person\",\"Organization\"],\"@id\":\"https:\/\/luchonoticias.com\/editor\/#\/schema\/person\/7a7fd911f58561fd056dbac7b55af9cd\",\"name\":\"admin\",\"image\":{\"@type\":\"ImageObject\",\"inLanguage\":\"es\",\"@id\":\"https:\/\/luchonoticias.com\/editor\/#\/schema\/person\/image\/\",\"url\":\"https:\/\/luchonoticias.com\/editor\/wp-content\/uploads\/2024\/02\/cropped-cropped-logolu.webp\",\"contentUrl\":\"https:\/\/luchonoticias.com\/editor\/wp-content\/uploads\/2024\/02\/cropped-cropped-logolu.webp\",\"width\":382,\"height\":170,\"caption\":\"admin\"},\"logo\":{\"@id\":\"https:\/\/luchonoticias.com\/editor\/#\/schema\/person\/image\/\"},\"sameAs\":[\"https:\/\/www.facebook.com\/luchonoticiasneiva\"]},{\"@type\":\"Person\",\"@id\":\"https:\/\/luchonoticias.com\/editor\/#\/schema\/person\/29217990ddf6f14e35912b2866d591fb\",\"name\":\"Editor General\",\"image\":{\"@type\":\"ImageObject\",\"inLanguage\":\"es\",\"@id\":\"https:\/\/luchonoticias.com\/editor\/#\/schema\/person\/image\/\",\"url\":\"https:\/\/luchonoticias.com\/editor\/wp-content\/uploads\/2024\/02\/cropped-cropped-logolu-150x150.webp\",\"contentUrl\":\"https:\/\/luchonoticias.com\/editor\/wp-content\/uploads\/2024\/02\/cropped-cropped-logolu-150x150.webp\",\"caption\":\"Editor General\"},\"sameAs\":[\"https:\/\/luchonoticias.com\/\"],\"url\":\"https:\/\/luchonoticias.com\/editor\/author\/editor-general\/\"}]}<\/script>\n<!-- \/ Yoast SEO plugin. -->","yoast_head_json":{"title":"Reuni\u00f3n de la mesa interinstitucional de personas desaparecidas -","robots":{"index":"index","follow":"follow","max-snippet":"max-snippet:-1","max-image-preview":"max-image-preview:large","max-video-preview":"max-video-preview:-1"},"canonical":"https:\/\/luchonoticias.com\/editor\/reunion-de-la-mesa-interinstitucional-de-personas-desaparecidas\/","og_locale":"es_ES","og_type":"article","og_title":"Reuni\u00f3n de la mesa interinstitucional de personas desaparecidas -","og_url":"https:\/\/luchonoticias.com\/editor\/reunion-de-la-mesa-interinstitucional-de-personas-desaparecidas\/","article_publisher":"https:\/\/www.facebook.com\/luchonoticiasneiva","article_published_time":"2024-04-30T15:59:20+00:00","og_image":[{"width":700,"height":400,"url":"https:\/\/luchonoticias.com\/editor\/wp-content\/uploads\/2024\/04\/desaparecidos-2.jpg","type":"image\/jpeg"}],"author":"Editor General","twitter_card":"summary_large_image","twitter_misc":{"Escrito por":"Editor General","Tiempo de lectura":"3 minutos"},"schema":{"@context":"https:\/\/schema.org","@graph":[{"@type":"Article","@id":"https:\/\/luchonoticias.com\/editor\/reunion-de-la-mesa-interinstitucional-de-personas-desaparecidas\/#article","isPartOf":{"@id":"https:\/\/luchonoticias.com\/editor\/reunion-de-la-mesa-interinstitucional-de-personas-desaparecidas\/"},"author":{"name":"Editor General","@id":"https:\/\/luchonoticias.com\/editor\/#\/schema\/person\/29217990ddf6f14e35912b2866d591fb"},"headline":"Reuni\u00f3n de la mesa interinstitucional de personas desaparecidas","datePublished":"2024-04-30T15:59:20+00:00","mainEntityOfPage":{"@id":"https:\/\/luchonoticias.com\/editor\/reunion-de-la-mesa-interinstitucional-de-personas-desaparecidas\/"},"wordCount":551,"publisher":{"@id":"https:\/\/luchonoticias.com\/editor\/#\/schema\/person\/7a7fd911f58561fd056dbac7b55af9cd"},"image":{"@id":"https:\/\/luchonoticias.com\/editor\/reunion-de-la-mesa-interinstitucional-de-personas-desaparecidas\/#primaryimage"},"thumbnailUrl":"https:\/\/luchonoticias.com\/editor\/wp-content\/uploads\/2024\/04\/desaparecidos-2.jpg","articleSection":["Huila"],"inLanguage":"es"},{"@type":"WebPage","@id":"https:\/\/luchonoticias.com\/editor\/reunion-de-la-mesa-interinstitucional-de-personas-desaparecidas\/","url":"https:\/\/luchonoticias.com\/editor\/reunion-de-la-mesa-interinstitucional-de-personas-desaparecidas\/","name":"Reuni\u00f3n de la mesa interinstitucional de personas desaparecidas -","isPartOf":{"@id":"https:\/\/luchonoticias.com\/editor\/#website"},"primaryImageOfPage":{"@id":"https:\/\/luchonoticias.com\/editor\/reunion-de-la-mesa-interinstitucional-de-personas-desaparecidas\/#primaryimage"},"image":{"@id":"https:\/\/luchonoticias.com\/editor\/reunion-de-la-mesa-interinstitucional-de-personas-desaparecidas\/#primaryimage"},"thumbnailUrl":"https:\/\/luchonoticias.com\/editor\/wp-content\/uploads\/2024\/04\/desaparecidos-2.jpg","datePublished":"2024-04-30T15:59:20+00:00","breadcrumb":{"@id":"https:\/\/luchonoticias.com\/editor\/reunion-de-la-mesa-interinstitucional-de-personas-desaparecidas\/#breadcrumb"},"inLanguage":"es","potentialAction":[{"@type":"ReadAction","target":["https:\/\/luchonoticias.com\/editor\/reunion-de-la-mesa-interinstitucional-de-personas-desaparecidas\/"]}]},{"@type":"ImageObject","inLanguage":"es","@id":"https:\/\/luchonoticias.com\/editor\/reunion-de-la-mesa-interinstitucional-de-personas-desaparecidas\/#primaryimage","url":"https:\/\/luchonoticias.com\/editor\/wp-content\/uploads\/2024\/04\/desaparecidos-2.jpg","contentUrl":"https:\/\/luchonoticias.com\/editor\/wp-content\/uploads\/2024\/04\/desaparecidos-2.jpg","width":700,"height":400},{"@type":"BreadcrumbList","@id":"https:\/\/luchonoticias.com\/editor\/reunion-de-la-mesa-interinstitucional-de-personas-desaparecidas\/#breadcrumb","itemListElement":[{"@type":"ListItem","position":1,"name":"Portada","item":"https:\/\/luchonoticias.com\/editor\/"},{"@type":"ListItem","position":2,"name":"Reuni\u00f3n de la mesa interinstitucional de personas desaparecidas"}]},{"@type":"WebSite","@id":"https:\/\/luchonoticias.com\/editor\/#website","url":"https:\/\/luchonoticias.com\/editor\/","name":"","description":"","publisher":{"@id":"https:\/\/luchonoticias.com\/editor\/#\/schema\/person\/7a7fd911f58561fd056dbac7b55af9cd"},"potentialAction":[{"@type":"SearchAction","target":{"@type":"EntryPoint","urlTemplate":"https:\/\/luchonoticias.com\/editor\/?s={search_term_string}"},"query-input":{"@type":"PropertyValueSpecification","valueRequired":true,"valueName":"search_term_string"}}],"inLanguage":"es"},{"@type":["Person","Organization"],"@id":"https:\/\/luchonoticias.com\/editor\/#\/schema\/person\/7a7fd911f58561fd056dbac7b55af9cd","name":"admin","image":{"@type":"ImageObject","inLanguage":"es","@id":"https:\/\/luchonoticias.com\/editor\/#\/schema\/person\/image\/","url":"https:\/\/luchonoticias.com\/editor\/wp-content\/uploads\/2024\/02\/cropped-cropped-logolu.webp","contentUrl":"https:\/\/luchonoticias.com\/editor\/wp-content\/uploads\/2024\/02\/cropped-cropped-logolu.webp","width":382,"height":170,"caption":"admin"},"logo":{"@id":"https:\/\/luchonoticias.com\/editor\/#\/schema\/person\/image\/"},"sameAs":["https:\/\/www.facebook.com\/luchonoticiasneiva"]},{"@type":"Person","@id":"https:\/\/luchonoticias.com\/editor\/#\/schema\/person\/29217990ddf6f14e35912b2866d591fb","name":"Editor General","image":{"@type":"ImageObject","inLanguage":"es","@id":"https:\/\/luchonoticias.com\/editor\/#\/schema\/person\/image\/","url":"https:\/\/luchonoticias.com\/editor\/wp-content\/uploads\/2024\/02\/cropped-cropped-logolu-150x150.webp","contentUrl":"https:\/\/luchonoticias.com\/editor\/wp-content\/uploads\/2024\/02\/cropped-cropped-logolu-150x150.webp","caption":"Editor General"},"sameAs":["https:\/\/luchonoticias.com\/"],"url":"https:\/\/luchonoticias.com\/editor\/author\/editor-general\/"}]}},"_links":{"self":[{"href":"https:\/\/luchonoticias.com\/editor\/wp-json\/wp\/v2\/posts\/72574","targetHints":{"allow":["GET"]}}],"collection":[{"href":"https:\/\/luchonoticias.com\/editor\/wp-json\/wp\/v2\/posts"}],"about":[{"href":"https:\/\/luchonoticias.com\/editor\/wp-json\/wp\/v2\/types\/post"}],"author":[{"embeddable":true,"href":"https:\/\/luchonoticias.com\/editor\/wp-json\/wp\/v2\/users\/2"}],"replies":[{"embeddable":true,"href":"https:\/\/luchonoticias.com\/editor\/wp-json\/wp\/v2\/comments?post=72574"}],"version-history":[{"count":0,"href":"https:\/\/luchonoticias.com\/editor\/wp-json\/wp\/v2\/posts\/72574\/revisions"}],"wp:featuredmedia":[{"embeddable":true,"href":"https:\/\/luchonoticias.com\/editor\/wp-json\/wp\/v2\/media\/72575"}],"wp:attachment":[{"href":"https:\/\/luchonoticias.com\/editor\/wp-json\/wp\/v2\/media?parent=72574"}],"wp:term":[{"taxonomy":"category","embeddable":true,"href":"https:\/\/luchonoticias.com\/editor\/wp-json\/wp\/v2\/categories?post=72574"},{"taxonomy":"post_tag","embeddable":true,"href":"https:\/\/luchonoticias.com\/editor\/wp-json\/wp\/v2\/tags?post=72574"}],"curies":[{"name":"wp","href":"https:\/\/api.w.org\/{rel}","templated":true}]}}