{"id":72580,"date":"2024-04-30T11:20:27","date_gmt":"2024-04-30T16:20:27","guid":{"rendered":"https:\/\/luchonoticias.com\/?p=72580"},"modified":"2024-04-30T11:20:27","modified_gmt":"2024-04-30T16:20:27","slug":"ejercito-nacional-realiza-proceso-de-incorporacion-en-el-huila","status":"publish","type":"post","link":"https:\/\/luchonoticias.com\/editor\/ejercito-nacional-realiza-proceso-de-incorporacion-en-el-huila\/","title":{"rendered":"Ej\u00e9rcito Nacional realiza proceso de incorporaci\u00f3n en el Huila"},"content":{"rendered":"<p>Desde el 1 al 25 de mayo, en el Huila, a trav\u00e9s de la Novena Zona de Reclutamiento y los Distritos Militares, 42 en Neiva y 56 en Pitalito, se adelanta el proceso de incorporaci\u00f3n de los hombres y mujeres que prestar\u00e1n su servicio militar haciendo parte del segundo contingente del a\u00f1o 2024.<\/p>\n<p>Los j\u00f3venes entre los 18 y hasta faltando un d\u00eda para cumplir los 24 a\u00f1os de edad, tras superar los ex\u00e1menes psicof\u00edsicos, ser\u00e1n seleccionados por su talento humano, sus aptitudes y por su amor patrio.<\/p>\n<p>Al ingresar, tendr\u00e1n diferentes beneficios entre los que se destacan:<br \/>\n&#8211; Salud prioritaria y general: Recibir\u00e1n atenci\u00f3n m\u00e9dica oportuna y de calidad durante el servicio.<br \/>\n&#8211; Atenci\u00f3n integral: Se cubren todas las necesidades b\u00e1sicas para que puedan enfocarse en su formaci\u00f3n y desarrollo.<br \/>\n&#8211; Equipamiento completo: Les proporcionan el vestuario y la dotaci\u00f3n necesarios para cumplir con sus funciones de manera segura y c\u00f3moda.<br \/>\n&#8211; Bonificaci\u00f3n mensual: Recibir\u00e1n una bonificaci\u00f3n mensual equivalente al 50% del Salario M\u00ednimo Legal Vigente ($650.000), que les permitir\u00e1 iniciar su vida financiera.<br \/>\n&#8211; Formaci\u00f3n continua: Tendr\u00e1n la oportunidad de continuar sus estudios y recibir capacitaci\u00f3n en diferentes \u00e1reas.<br \/>\n&#8211; Una experiencia \u00fanica: Vivir\u00e1n una experiencia enriquecedora que les permitir\u00e1 desarrollar sus habilidades, fortalecer su car\u00e1cter y contribuir al pa\u00eds.<\/p>\n<p>\u00bfC\u00f3mo postularse?<\/p>\n<p>Ac\u00e9rcate a los Distritos Militares, N.\u00b0 42 con sede en Neiva y N.\u00b0 56 en Pitalito, con los siguientes documentos:<\/p>\n<p>C\u00e9dula de ciudadan\u00eda original.<br \/>\nRegistro civil de nacimiento original.<br \/>\nDos fotos recientes tipo carn\u00e9.<br \/>\nCertificado del \u00faltimo a\u00f1o aprobado.<\/p>\n","protected":false},"excerpt":{"rendered":"<p>Desde el 1 al 25 de mayo, en el Huila, a trav\u00e9s de la Novena Zona de Reclutamiento y los Distritos Militares, 42 en Neiva y 56 en Pitalito, se adelanta el proceso de incorporaci\u00f3n de los hombres y mujeres que prestar\u00e1n su servicio militar haciendo parte del segundo contingente del a\u00f1o 2024. Los j\u00f3venes [&hellip;]<\/p>\n","protected":false},"author":2,"featured_media":72581,"comment_status":"closed","ping_status":"open","sticky":false,"template":"","format":"standard","meta":{"footnotes":""},"categories":[33],"tags":[],"class_list":["post-72580","post","type-post","status-publish","format-standard","has-post-thumbnail","hentry","category-huila"],"yoast_head":"<!-- This site is optimized with the Yoast SEO plugin v26.6 - https:\/\/yoast.com\/wordpress\/plugins\/seo\/ -->\n<title>Ej\u00e9rcito Nacional realiza proceso de incorporaci\u00f3n en el Huila -<\/title>\n<meta name=\"robots\" content=\"index, follow, max-snippet:-1, max-image-preview:large, max-video-preview:-1\" \/>\n<link rel=\"canonical\" href=\"https:\/\/luchonoticias.com\/editor\/ejercito-nacional-realiza-proceso-de-incorporacion-en-el-huila\/\" \/>\n<meta property=\"og:locale\" content=\"es_ES\" \/>\n<meta property=\"og:type\" content=\"article\" \/>\n<meta property=\"og:title\" content=\"Ej\u00e9rcito Nacional realiza proceso de incorporaci\u00f3n en el Huila -\" \/>\n<meta property=\"og:url\" content=\"https:\/\/luchonoticias.com\/editor\/ejercito-nacional-realiza-proceso-de-incorporacion-en-el-huila\/\" \/>\n<meta property=\"article:publisher\" content=\"https:\/\/www.facebook.com\/luchonoticiasneiva\" \/>\n<meta property=\"article:published_time\" content=\"2024-04-30T16:20:27+00:00\" \/>\n<meta property=\"og:image\" content=\"https:\/\/luchonoticias.com\/editor\/wp-content\/uploads\/2024\/04\/WhatsApp-Image-2024-04-30-at-11.12.13.jpeg\" \/>\n\t<meta property=\"og:image:width\" content=\"1600\" \/>\n\t<meta property=\"og:image:height\" content=\"1066\" \/>\n\t<meta property=\"og:image:type\" content=\"image\/jpeg\" \/>\n<meta name=\"author\" content=\"Editor General\" \/>\n<meta name=\"twitter:card\" content=\"summary_large_image\" \/>\n<meta name=\"twitter:label1\" content=\"Escrito por\" \/>\n\t<meta name=\"twitter:data1\" content=\"Editor General\" \/>\n\t<meta name=\"twitter:label2\" content=\"Tiempo de lectura\" \/>\n\t<meta name=\"twitter:data2\" content=\"1 minuto\" \/>\n<script type=\"application\/ld+json\" class=\"yoast-schema-graph\">{\"@context\":\"https:\/\/schema.org\",\"@graph\":[{\"@type\":\"Article\",\"@id\":\"https:\/\/luchonoticias.com\/editor\/ejercito-nacional-realiza-proceso-de-incorporacion-en-el-huila\/#article\",\"isPartOf\":{\"@id\":\"https:\/\/luchonoticias.com\/editor\/ejercito-nacional-realiza-proceso-de-incorporacion-en-el-huila\/\"},\"author\":{\"name\":\"Editor General\",\"@id\":\"https:\/\/luchonoticias.com\/editor\/#\/schema\/person\/29217990ddf6f14e35912b2866d591fb\"},\"headline\":\"Ej\u00e9rcito Nacional realiza proceso de incorporaci\u00f3n en el Huila\",\"datePublished\":\"2024-04-30T16:20:27+00:00\",\"mainEntityOfPage\":{\"@id\":\"https:\/\/luchonoticias.com\/editor\/ejercito-nacional-realiza-proceso-de-incorporacion-en-el-huila\/\"},\"wordCount\":287,\"publisher\":{\"@id\":\"https:\/\/luchonoticias.com\/editor\/#\/schema\/person\/7a7fd911f58561fd056dbac7b55af9cd\"},\"image\":{\"@id\":\"https:\/\/luchonoticias.com\/editor\/ejercito-nacional-realiza-proceso-de-incorporacion-en-el-huila\/#primaryimage\"},\"thumbnailUrl\":\"https:\/\/luchonoticias.com\/editor\/wp-content\/uploads\/2024\/04\/WhatsApp-Image-2024-04-30-at-11.12.13.jpeg\",\"articleSection\":[\"Huila\"],\"inLanguage\":\"es\"},{\"@type\":\"WebPage\",\"@id\":\"https:\/\/luchonoticias.com\/editor\/ejercito-nacional-realiza-proceso-de-incorporacion-en-el-huila\/\",\"url\":\"https:\/\/luchonoticias.com\/editor\/ejercito-nacional-realiza-proceso-de-incorporacion-en-el-huila\/\",\"name\":\"Ej\u00e9rcito Nacional realiza proceso de incorporaci\u00f3n en el Huila -\",\"isPartOf\":{\"@id\":\"https:\/\/luchonoticias.com\/editor\/#website\"},\"primaryImageOfPage\":{\"@id\":\"https:\/\/luchonoticias.com\/editor\/ejercito-nacional-realiza-proceso-de-incorporacion-en-el-huila\/#primaryimage\"},\"image\":{\"@id\":\"https:\/\/luchonoticias.com\/editor\/ejercito-nacional-realiza-proceso-de-incorporacion-en-el-huila\/#primaryimage\"},\"thumbnailUrl\":\"https:\/\/luchonoticias.com\/editor\/wp-content\/uploads\/2024\/04\/WhatsApp-Image-2024-04-30-at-11.12.13.jpeg\",\"datePublished\":\"2024-04-30T16:20:27+00:00\",\"breadcrumb\":{\"@id\":\"https:\/\/luchonoticias.com\/editor\/ejercito-nacional-realiza-proceso-de-incorporacion-en-el-huila\/#breadcrumb\"},\"inLanguage\":\"es\",\"potentialAction\":[{\"@type\":\"ReadAction\",\"target\":[\"https:\/\/luchonoticias.com\/editor\/ejercito-nacional-realiza-proceso-de-incorporacion-en-el-huila\/\"]}]},{\"@type\":\"ImageObject\",\"inLanguage\":\"es\",\"@id\":\"https:\/\/luchonoticias.com\/editor\/ejercito-nacional-realiza-proceso-de-incorporacion-en-el-huila\/#primaryimage\",\"url\":\"https:\/\/luchonoticias.com\/editor\/wp-content\/uploads\/2024\/04\/WhatsApp-Image-2024-04-30-at-11.12.13.jpeg\",\"contentUrl\":\"https:\/\/luchonoticias.com\/editor\/wp-content\/uploads\/2024\/04\/WhatsApp-Image-2024-04-30-at-11.12.13.jpeg\",\"width\":1600,\"height\":1066},{\"@type\":\"BreadcrumbList\",\"@id\":\"https:\/\/luchonoticias.com\/editor\/ejercito-nacional-realiza-proceso-de-incorporacion-en-el-huila\/#breadcrumb\",\"itemListElement\":[{\"@type\":\"ListItem\",\"position\":1,\"name\":\"Portada\",\"item\":\"https:\/\/luchonoticias.com\/editor\/\"},{\"@type\":\"ListItem\",\"position\":2,\"name\":\"Ej\u00e9rcito Nacional realiza proceso de incorporaci\u00f3n en el Huila\"}]},{\"@type\":\"WebSite\",\"@id\":\"https:\/\/luchonoticias.com\/editor\/#website\",\"url\":\"https:\/\/luchonoticias.com\/editor\/\",\"name\":\"\",\"description\":\"\",\"publisher\":{\"@id\":\"https:\/\/luchonoticias.com\/editor\/#\/schema\/person\/7a7fd911f58561fd056dbac7b55af9cd\"},\"potentialAction\":[{\"@type\":\"SearchAction\",\"target\":{\"@type\":\"EntryPoint\",\"urlTemplate\":\"https:\/\/luchonoticias.com\/editor\/?s={search_term_string}\"},\"query-input\":{\"@type\":\"PropertyValueSpecification\",\"valueRequired\":true,\"valueName\":\"search_term_string\"}}],\"inLanguage\":\"es\"},{\"@type\":[\"Person\",\"Organization\"],\"@id\":\"https:\/\/luchonoticias.com\/editor\/#\/schema\/person\/7a7fd911f58561fd056dbac7b55af9cd\",\"name\":\"admin\",\"image\":{\"@type\":\"ImageObject\",\"inLanguage\":\"es\",\"@id\":\"https:\/\/luchonoticias.com\/editor\/#\/schema\/person\/image\/\",\"url\":\"https:\/\/luchonoticias.com\/editor\/wp-content\/uploads\/2024\/02\/cropped-cropped-logolu.webp\",\"contentUrl\":\"https:\/\/luchonoticias.com\/editor\/wp-content\/uploads\/2024\/02\/cropped-cropped-logolu.webp\",\"width\":382,\"height\":170,\"caption\":\"admin\"},\"logo\":{\"@id\":\"https:\/\/luchonoticias.com\/editor\/#\/schema\/person\/image\/\"},\"sameAs\":[\"https:\/\/www.facebook.com\/luchonoticiasneiva\"]},{\"@type\":\"Person\",\"@id\":\"https:\/\/luchonoticias.com\/editor\/#\/schema\/person\/29217990ddf6f14e35912b2866d591fb\",\"name\":\"Editor General\",\"image\":{\"@type\":\"ImageObject\",\"inLanguage\":\"es\",\"@id\":\"https:\/\/luchonoticias.com\/editor\/#\/schema\/person\/image\/\",\"url\":\"https:\/\/luchonoticias.com\/editor\/wp-content\/uploads\/2024\/02\/cropped-cropped-logolu-150x150.webp\",\"contentUrl\":\"https:\/\/luchonoticias.com\/editor\/wp-content\/uploads\/2024\/02\/cropped-cropped-logolu-150x150.webp\",\"caption\":\"Editor General\"},\"sameAs\":[\"https:\/\/luchonoticias.com\/\"],\"url\":\"https:\/\/luchonoticias.com\/editor\/author\/editor-general\/\"}]}<\/script>\n<!-- \/ Yoast SEO plugin. -->","yoast_head_json":{"title":"Ej\u00e9rcito Nacional realiza proceso de incorporaci\u00f3n en el Huila -","robots":{"index":"index","follow":"follow","max-snippet":"max-snippet:-1","max-image-preview":"max-image-preview:large","max-video-preview":"max-video-preview:-1"},"canonical":"https:\/\/luchonoticias.com\/editor\/ejercito-nacional-realiza-proceso-de-incorporacion-en-el-huila\/","og_locale":"es_ES","og_type":"article","og_title":"Ej\u00e9rcito Nacional realiza proceso de incorporaci\u00f3n en el Huila -","og_url":"https:\/\/luchonoticias.com\/editor\/ejercito-nacional-realiza-proceso-de-incorporacion-en-el-huila\/","article_publisher":"https:\/\/www.facebook.com\/luchonoticiasneiva","article_published_time":"2024-04-30T16:20:27+00:00","og_image":[{"width":1600,"height":1066,"url":"https:\/\/luchonoticias.com\/editor\/wp-content\/uploads\/2024\/04\/WhatsApp-Image-2024-04-30-at-11.12.13.jpeg","type":"image\/jpeg"}],"author":"Editor General","twitter_card":"summary_large_image","twitter_misc":{"Escrito por":"Editor General","Tiempo de lectura":"1 minuto"},"schema":{"@context":"https:\/\/schema.org","@graph":[{"@type":"Article","@id":"https:\/\/luchonoticias.com\/editor\/ejercito-nacional-realiza-proceso-de-incorporacion-en-el-huila\/#article","isPartOf":{"@id":"https:\/\/luchonoticias.com\/editor\/ejercito-nacional-realiza-proceso-de-incorporacion-en-el-huila\/"},"author":{"name":"Editor General","@id":"https:\/\/luchonoticias.com\/editor\/#\/schema\/person\/29217990ddf6f14e35912b2866d591fb"},"headline":"Ej\u00e9rcito Nacional realiza proceso de incorporaci\u00f3n en el Huila","datePublished":"2024-04-30T16:20:27+00:00","mainEntityOfPage":{"@id":"https:\/\/luchonoticias.com\/editor\/ejercito-nacional-realiza-proceso-de-incorporacion-en-el-huila\/"},"wordCount":287,"publisher":{"@id":"https:\/\/luchonoticias.com\/editor\/#\/schema\/person\/7a7fd911f58561fd056dbac7b55af9cd"},"image":{"@id":"https:\/\/luchonoticias.com\/editor\/ejercito-nacional-realiza-proceso-de-incorporacion-en-el-huila\/#primaryimage"},"thumbnailUrl":"https:\/\/luchonoticias.com\/editor\/wp-content\/uploads\/2024\/04\/WhatsApp-Image-2024-04-30-at-11.12.13.jpeg","articleSection":["Huila"],"inLanguage":"es"},{"@type":"WebPage","@id":"https:\/\/luchonoticias.com\/editor\/ejercito-nacional-realiza-proceso-de-incorporacion-en-el-huila\/","url":"https:\/\/luchonoticias.com\/editor\/ejercito-nacional-realiza-proceso-de-incorporacion-en-el-huila\/","name":"Ej\u00e9rcito Nacional realiza proceso de incorporaci\u00f3n en el Huila -","isPartOf":{"@id":"https:\/\/luchonoticias.com\/editor\/#website"},"primaryImageOfPage":{"@id":"https:\/\/luchonoticias.com\/editor\/ejercito-nacional-realiza-proceso-de-incorporacion-en-el-huila\/#primaryimage"},"image":{"@id":"https:\/\/luchonoticias.com\/editor\/ejercito-nacional-realiza-proceso-de-incorporacion-en-el-huila\/#primaryimage"},"thumbnailUrl":"https:\/\/luchonoticias.com\/editor\/wp-content\/uploads\/2024\/04\/WhatsApp-Image-2024-04-30-at-11.12.13.jpeg","datePublished":"2024-04-30T16:20:27+00:00","breadcrumb":{"@id":"https:\/\/luchonoticias.com\/editor\/ejercito-nacional-realiza-proceso-de-incorporacion-en-el-huila\/#breadcrumb"},"inLanguage":"es","potentialAction":[{"@type":"ReadAction","target":["https:\/\/luchonoticias.com\/editor\/ejercito-nacional-realiza-proceso-de-incorporacion-en-el-huila\/"]}]},{"@type":"ImageObject","inLanguage":"es","@id":"https:\/\/luchonoticias.com\/editor\/ejercito-nacional-realiza-proceso-de-incorporacion-en-el-huila\/#primaryimage","url":"https:\/\/luchonoticias.com\/editor\/wp-content\/uploads\/2024\/04\/WhatsApp-Image-2024-04-30-at-11.12.13.jpeg","contentUrl":"https:\/\/luchonoticias.com\/editor\/wp-content\/uploads\/2024\/04\/WhatsApp-Image-2024-04-30-at-11.12.13.jpeg","width":1600,"height":1066},{"@type":"BreadcrumbList","@id":"https:\/\/luchonoticias.com\/editor\/ejercito-nacional-realiza-proceso-de-incorporacion-en-el-huila\/#breadcrumb","itemListElement":[{"@type":"ListItem","position":1,"name":"Portada","item":"https:\/\/luchonoticias.com\/editor\/"},{"@type":"ListItem","position":2,"name":"Ej\u00e9rcito Nacional realiza proceso de incorporaci\u00f3n en el Huila"}]},{"@type":"WebSite","@id":"https:\/\/luchonoticias.com\/editor\/#website","url":"https:\/\/luchonoticias.com\/editor\/","name":"","description":"","publisher":{"@id":"https:\/\/luchonoticias.com\/editor\/#\/schema\/person\/7a7fd911f58561fd056dbac7b55af9cd"},"potentialAction":[{"@type":"SearchAction","target":{"@type":"EntryPoint","urlTemplate":"https:\/\/luchonoticias.com\/editor\/?s={search_term_string}"},"query-input":{"@type":"PropertyValueSpecification","valueRequired":true,"valueName":"search_term_string"}}],"inLanguage":"es"},{"@type":["Person","Organization"],"@id":"https:\/\/luchonoticias.com\/editor\/#\/schema\/person\/7a7fd911f58561fd056dbac7b55af9cd","name":"admin","image":{"@type":"ImageObject","inLanguage":"es","@id":"https:\/\/luchonoticias.com\/editor\/#\/schema\/person\/image\/","url":"https:\/\/luchonoticias.com\/editor\/wp-content\/uploads\/2024\/02\/cropped-cropped-logolu.webp","contentUrl":"https:\/\/luchonoticias.com\/editor\/wp-content\/uploads\/2024\/02\/cropped-cropped-logolu.webp","width":382,"height":170,"caption":"admin"},"logo":{"@id":"https:\/\/luchonoticias.com\/editor\/#\/schema\/person\/image\/"},"sameAs":["https:\/\/www.facebook.com\/luchonoticiasneiva"]},{"@type":"Person","@id":"https:\/\/luchonoticias.com\/editor\/#\/schema\/person\/29217990ddf6f14e35912b2866d591fb","name":"Editor General","image":{"@type":"ImageObject","inLanguage":"es","@id":"https:\/\/luchonoticias.com\/editor\/#\/schema\/person\/image\/","url":"https:\/\/luchonoticias.com\/editor\/wp-content\/uploads\/2024\/02\/cropped-cropped-logolu-150x150.webp","contentUrl":"https:\/\/luchonoticias.com\/editor\/wp-content\/uploads\/2024\/02\/cropped-cropped-logolu-150x150.webp","caption":"Editor General"},"sameAs":["https:\/\/luchonoticias.com\/"],"url":"https:\/\/luchonoticias.com\/editor\/author\/editor-general\/"}]}},"_links":{"self":[{"href":"https:\/\/luchonoticias.com\/editor\/wp-json\/wp\/v2\/posts\/72580","targetHints":{"allow":["GET"]}}],"collection":[{"href":"https:\/\/luchonoticias.com\/editor\/wp-json\/wp\/v2\/posts"}],"about":[{"href":"https:\/\/luchonoticias.com\/editor\/wp-json\/wp\/v2\/types\/post"}],"author":[{"embeddable":true,"href":"https:\/\/luchonoticias.com\/editor\/wp-json\/wp\/v2\/users\/2"}],"replies":[{"embeddable":true,"href":"https:\/\/luchonoticias.com\/editor\/wp-json\/wp\/v2\/comments?post=72580"}],"version-history":[{"count":0,"href":"https:\/\/luchonoticias.com\/editor\/wp-json\/wp\/v2\/posts\/72580\/revisions"}],"wp:featuredmedia":[{"embeddable":true,"href":"https:\/\/luchonoticias.com\/editor\/wp-json\/wp\/v2\/media\/72581"}],"wp:attachment":[{"href":"https:\/\/luchonoticias.com\/editor\/wp-json\/wp\/v2\/media?parent=72580"}],"wp:term":[{"taxonomy":"category","embeddable":true,"href":"https:\/\/luchonoticias.com\/editor\/wp-json\/wp\/v2\/categories?post=72580"},{"taxonomy":"post_tag","embeddable":true,"href":"https:\/\/luchonoticias.com\/editor\/wp-json\/wp\/v2\/tags?post=72580"}],"curies":[{"name":"wp","href":"https:\/\/api.w.org\/{rel}","templated":true}]}}