{"id":72583,"date":"2024-04-30T18:03:41","date_gmt":"2024-04-30T23:03:41","guid":{"rendered":"https:\/\/luchonoticias.com\/?p=72583"},"modified":"2024-04-30T18:03:41","modified_gmt":"2024-04-30T23:03:41","slug":"72-arboles-fueron-reconocidos-como-monumento-natural-2024","status":"publish","type":"post","link":"https:\/\/luchonoticias.com\/editor\/72-arboles-fueron-reconocidos-como-monumento-natural-2024\/","title":{"rendered":"72 \u00e1rboles fueron reconocidos como Monumento Natural 2024"},"content":{"rendered":"<p>Un \u00e1rbol medicinal, uno de gran altura, otro sembrado en honor a un pr\u00f3cer colombiano y otro que le da el nombre a su municipio, hacen parte del grupo de especies forestales reconocidas en la convocatoria Monumento Natural 2024.<\/p>\n<p>La entrega de los reconocimientos a 72 \u00e1rboles localizados en norte, sur, centro y occidente del Huila la realiz\u00f3 la Corporaci\u00f3n Aut\u00f3noma Regional del Alto Magdalena, CAM, en el marco de la conmemoraci\u00f3n del D\u00eda del \u00c1rbol.<\/p>\n<p>\u201cDando cumplimiento al acuerdo 017 del 2021 en donde buscamos reconocer los monumentos naturales del departamento, hicimos la convocatoria 2024 y con gran sorpresa encontramos la participaci\u00f3n de m\u00e1s de 90 individuos naturales de los cuales se lograron reconocer m\u00e1s de 70\u201d, indic\u00f3 Deyci Martina Cabrera Ochoa , subdirectora Gesti\u00f3n Ambiental de la CAM.<\/p>\n<p>Fue as\u00ed como 53 especies forestales del sur del Huila, 11 del Norte, seis del centro y dos del occidente del departamento recibieron reconocimiento.<\/p>\n<p>Entre las especies destacadas se encuentran Albizia Niapoides, Algarrobo, Almendro, Araucaria, Array\u00e1n, Bombona com\u00fan, Cachimbo, C\u00e1mbulo, Caracol\u00ed, Caucho, Cedro, Ceiba, Chontaduro, Cobre, Dinde, Roble, Eucalipto, Guadua, Gualanday, Igu\u00e1, Jatob\u00e1, Jobo, Maco, Magnolia, Pino, Palma, Quina, Roble, Sam\u00e1n y Yarumo.<\/p>\n<p><strong>Alta relevancia<\/strong><\/p>\n<p>El Monumento Natural que busca exaltar el cuidado de los \u00e1rboles en el territorio por parte de los huilenses, y la importancia de estos para la humanidad, \u201cadquiere para la especie forestal la calidad de alta relevancia para la educaci\u00f3n ambiental y conservaci\u00f3n con las comunidades; y por su importancia ecol\u00f3gica, cultural o hist\u00f3rica no podr\u00e1n ser talados, trasplantados, mutilados, destruidos o afectados en su normal desarrollo vegetativo, salvo que medie concepto t\u00e9cnico de riesgo inminente para aprovechamiento forzoso o cumpla su ciclo vital\u201d, se\u00f1ala el acuerdo del reconocimiento.<\/p>\n<p>\u201cLa comunidad nos sorprende con sus iniciativas con la naturaleza y por eso queremos incentivar a trav\u00e9s de este reconocimiento el cuidado del medio ambiente\u201d, agreg\u00f3 Cabrera Ochoa.<br \/>\nEn este sentido Rub\u00e9n Castro Andrade, alcalde de \u00cdquira, indic\u00f3 que el Sam\u00e1n del casco urbano que recibi\u00f3 reconocimiento permitir\u00e1 seguir con el compromiso de toda una comunidad por conservar ese \u00e1rbol, la naturaleza y las fuentes h\u00eddricas que tienen en la regi\u00f3n.<\/p>\n<p>\u201cQueremos que ese hermoso \u00e1rbol que se encuentra en la mitad del parque sea conocido y que \u00cdquira sea posicionado como un territorio que protege los recursos naturales y ofrece turismo de naturaleza y agroturismo\u201d, se\u00f1al\u00f3 el mandatario de los \u00edquire\u00f1os.<\/p>\n","protected":false},"excerpt":{"rendered":"<p>Un \u00e1rbol medicinal, uno de gran altura, otro sembrado en honor a un pr\u00f3cer colombiano y otro que le da el nombre a su municipio, hacen parte del grupo de especies forestales reconocidas en la convocatoria Monumento Natural 2024. La entrega de los reconocimientos a 72 \u00e1rboles localizados en norte, sur, centro y occidente del [&hellip;]<\/p>\n","protected":false},"author":2,"featured_media":72584,"comment_status":"closed","ping_status":"open","sticky":false,"template":"","format":"standard","meta":{"footnotes":""},"categories":[33],"tags":[],"class_list":["post-72583","post","type-post","status-publish","format-standard","has-post-thumbnail","hentry","category-huila"],"yoast_head":"<!-- This site is optimized with the Yoast SEO plugin v26.6 - https:\/\/yoast.com\/wordpress\/plugins\/seo\/ -->\n<title>72 \u00e1rboles fueron reconocidos como Monumento Natural 2024 -<\/title>\n<meta name=\"robots\" content=\"index, follow, max-snippet:-1, max-image-preview:large, max-video-preview:-1\" \/>\n<link rel=\"canonical\" href=\"https:\/\/luchonoticias.com\/editor\/72-arboles-fueron-reconocidos-como-monumento-natural-2024\/\" \/>\n<meta property=\"og:locale\" content=\"es_ES\" \/>\n<meta property=\"og:type\" content=\"article\" \/>\n<meta property=\"og:title\" content=\"72 \u00e1rboles fueron reconocidos como Monumento Natural 2024 -\" \/>\n<meta property=\"og:url\" content=\"https:\/\/luchonoticias.com\/editor\/72-arboles-fueron-reconocidos-como-monumento-natural-2024\/\" \/>\n<meta property=\"article:publisher\" content=\"https:\/\/www.facebook.com\/luchonoticiasneiva\" \/>\n<meta property=\"article:published_time\" content=\"2024-04-30T23:03:41+00:00\" \/>\n<meta property=\"og:image\" content=\"https:\/\/luchonoticias.com\/editor\/wp-content\/uploads\/2024\/04\/arboles-1.jpg\" \/>\n\t<meta property=\"og:image:width\" content=\"700\" \/>\n\t<meta property=\"og:image:height\" content=\"400\" \/>\n\t<meta property=\"og:image:type\" content=\"image\/jpeg\" \/>\n<meta name=\"author\" content=\"Editor General\" \/>\n<meta name=\"twitter:card\" content=\"summary_large_image\" \/>\n<meta name=\"twitter:label1\" content=\"Escrito por\" \/>\n\t<meta name=\"twitter:data1\" content=\"Editor General\" \/>\n\t<meta name=\"twitter:label2\" content=\"Tiempo de lectura\" \/>\n\t<meta name=\"twitter:data2\" content=\"2 minutos\" \/>\n<script type=\"application\/ld+json\" class=\"yoast-schema-graph\">{\"@context\":\"https:\/\/schema.org\",\"@graph\":[{\"@type\":\"Article\",\"@id\":\"https:\/\/luchonoticias.com\/editor\/72-arboles-fueron-reconocidos-como-monumento-natural-2024\/#article\",\"isPartOf\":{\"@id\":\"https:\/\/luchonoticias.com\/editor\/72-arboles-fueron-reconocidos-como-monumento-natural-2024\/\"},\"author\":{\"name\":\"Editor General\",\"@id\":\"https:\/\/luchonoticias.com\/editor\/#\/schema\/person\/29217990ddf6f14e35912b2866d591fb\"},\"headline\":\"72 \u00e1rboles fueron reconocidos como Monumento Natural 2024\",\"datePublished\":\"2024-04-30T23:03:41+00:00\",\"mainEntityOfPage\":{\"@id\":\"https:\/\/luchonoticias.com\/editor\/72-arboles-fueron-reconocidos-como-monumento-natural-2024\/\"},\"wordCount\":419,\"publisher\":{\"@id\":\"https:\/\/luchonoticias.com\/editor\/#\/schema\/person\/7a7fd911f58561fd056dbac7b55af9cd\"},\"image\":{\"@id\":\"https:\/\/luchonoticias.com\/editor\/72-arboles-fueron-reconocidos-como-monumento-natural-2024\/#primaryimage\"},\"thumbnailUrl\":\"https:\/\/luchonoticias.com\/editor\/wp-content\/uploads\/2024\/04\/arboles-1.jpg\",\"articleSection\":[\"Huila\"],\"inLanguage\":\"es\"},{\"@type\":\"WebPage\",\"@id\":\"https:\/\/luchonoticias.com\/editor\/72-arboles-fueron-reconocidos-como-monumento-natural-2024\/\",\"url\":\"https:\/\/luchonoticias.com\/editor\/72-arboles-fueron-reconocidos-como-monumento-natural-2024\/\",\"name\":\"72 \u00e1rboles fueron reconocidos como Monumento Natural 2024 -\",\"isPartOf\":{\"@id\":\"https:\/\/luchonoticias.com\/editor\/#website\"},\"primaryImageOfPage\":{\"@id\":\"https:\/\/luchonoticias.com\/editor\/72-arboles-fueron-reconocidos-como-monumento-natural-2024\/#primaryimage\"},\"image\":{\"@id\":\"https:\/\/luchonoticias.com\/editor\/72-arboles-fueron-reconocidos-como-monumento-natural-2024\/#primaryimage\"},\"thumbnailUrl\":\"https:\/\/luchonoticias.com\/editor\/wp-content\/uploads\/2024\/04\/arboles-1.jpg\",\"datePublished\":\"2024-04-30T23:03:41+00:00\",\"breadcrumb\":{\"@id\":\"https:\/\/luchonoticias.com\/editor\/72-arboles-fueron-reconocidos-como-monumento-natural-2024\/#breadcrumb\"},\"inLanguage\":\"es\",\"potentialAction\":[{\"@type\":\"ReadAction\",\"target\":[\"https:\/\/luchonoticias.com\/editor\/72-arboles-fueron-reconocidos-como-monumento-natural-2024\/\"]}]},{\"@type\":\"ImageObject\",\"inLanguage\":\"es\",\"@id\":\"https:\/\/luchonoticias.com\/editor\/72-arboles-fueron-reconocidos-como-monumento-natural-2024\/#primaryimage\",\"url\":\"https:\/\/luchonoticias.com\/editor\/wp-content\/uploads\/2024\/04\/arboles-1.jpg\",\"contentUrl\":\"https:\/\/luchonoticias.com\/editor\/wp-content\/uploads\/2024\/04\/arboles-1.jpg\",\"width\":700,\"height\":400},{\"@type\":\"BreadcrumbList\",\"@id\":\"https:\/\/luchonoticias.com\/editor\/72-arboles-fueron-reconocidos-como-monumento-natural-2024\/#breadcrumb\",\"itemListElement\":[{\"@type\":\"ListItem\",\"position\":1,\"name\":\"Portada\",\"item\":\"https:\/\/luchonoticias.com\/editor\/\"},{\"@type\":\"ListItem\",\"position\":2,\"name\":\"72 \u00e1rboles fueron reconocidos como Monumento Natural 2024\"}]},{\"@type\":\"WebSite\",\"@id\":\"https:\/\/luchonoticias.com\/editor\/#website\",\"url\":\"https:\/\/luchonoticias.com\/editor\/\",\"name\":\"\",\"description\":\"\",\"publisher\":{\"@id\":\"https:\/\/luchonoticias.com\/editor\/#\/schema\/person\/7a7fd911f58561fd056dbac7b55af9cd\"},\"potentialAction\":[{\"@type\":\"SearchAction\",\"target\":{\"@type\":\"EntryPoint\",\"urlTemplate\":\"https:\/\/luchonoticias.com\/editor\/?s={search_term_string}\"},\"query-input\":{\"@type\":\"PropertyValueSpecification\",\"valueRequired\":true,\"valueName\":\"search_term_string\"}}],\"inLanguage\":\"es\"},{\"@type\":[\"Person\",\"Organization\"],\"@id\":\"https:\/\/luchonoticias.com\/editor\/#\/schema\/person\/7a7fd911f58561fd056dbac7b55af9cd\",\"name\":\"admin\",\"image\":{\"@type\":\"ImageObject\",\"inLanguage\":\"es\",\"@id\":\"https:\/\/luchonoticias.com\/editor\/#\/schema\/person\/image\/\",\"url\":\"https:\/\/luchonoticias.com\/editor\/wp-content\/uploads\/2024\/02\/cropped-cropped-logolu.webp\",\"contentUrl\":\"https:\/\/luchonoticias.com\/editor\/wp-content\/uploads\/2024\/02\/cropped-cropped-logolu.webp\",\"width\":382,\"height\":170,\"caption\":\"admin\"},\"logo\":{\"@id\":\"https:\/\/luchonoticias.com\/editor\/#\/schema\/person\/image\/\"},\"sameAs\":[\"https:\/\/www.facebook.com\/luchonoticiasneiva\"]},{\"@type\":\"Person\",\"@id\":\"https:\/\/luchonoticias.com\/editor\/#\/schema\/person\/29217990ddf6f14e35912b2866d591fb\",\"name\":\"Editor General\",\"image\":{\"@type\":\"ImageObject\",\"inLanguage\":\"es\",\"@id\":\"https:\/\/luchonoticias.com\/editor\/#\/schema\/person\/image\/\",\"url\":\"https:\/\/luchonoticias.com\/editor\/wp-content\/uploads\/2024\/02\/cropped-cropped-logolu-150x150.webp\",\"contentUrl\":\"https:\/\/luchonoticias.com\/editor\/wp-content\/uploads\/2024\/02\/cropped-cropped-logolu-150x150.webp\",\"caption\":\"Editor General\"},\"sameAs\":[\"https:\/\/luchonoticias.com\/\"],\"url\":\"https:\/\/luchonoticias.com\/editor\/author\/editor-general\/\"}]}<\/script>\n<!-- \/ Yoast SEO plugin. -->","yoast_head_json":{"title":"72 \u00e1rboles fueron reconocidos como Monumento Natural 2024 -","robots":{"index":"index","follow":"follow","max-snippet":"max-snippet:-1","max-image-preview":"max-image-preview:large","max-video-preview":"max-video-preview:-1"},"canonical":"https:\/\/luchonoticias.com\/editor\/72-arboles-fueron-reconocidos-como-monumento-natural-2024\/","og_locale":"es_ES","og_type":"article","og_title":"72 \u00e1rboles fueron reconocidos como Monumento Natural 2024 -","og_url":"https:\/\/luchonoticias.com\/editor\/72-arboles-fueron-reconocidos-como-monumento-natural-2024\/","article_publisher":"https:\/\/www.facebook.com\/luchonoticiasneiva","article_published_time":"2024-04-30T23:03:41+00:00","og_image":[{"width":700,"height":400,"url":"https:\/\/luchonoticias.com\/editor\/wp-content\/uploads\/2024\/04\/arboles-1.jpg","type":"image\/jpeg"}],"author":"Editor General","twitter_card":"summary_large_image","twitter_misc":{"Escrito por":"Editor General","Tiempo de lectura":"2 minutos"},"schema":{"@context":"https:\/\/schema.org","@graph":[{"@type":"Article","@id":"https:\/\/luchonoticias.com\/editor\/72-arboles-fueron-reconocidos-como-monumento-natural-2024\/#article","isPartOf":{"@id":"https:\/\/luchonoticias.com\/editor\/72-arboles-fueron-reconocidos-como-monumento-natural-2024\/"},"author":{"name":"Editor General","@id":"https:\/\/luchonoticias.com\/editor\/#\/schema\/person\/29217990ddf6f14e35912b2866d591fb"},"headline":"72 \u00e1rboles fueron reconocidos como Monumento Natural 2024","datePublished":"2024-04-30T23:03:41+00:00","mainEntityOfPage":{"@id":"https:\/\/luchonoticias.com\/editor\/72-arboles-fueron-reconocidos-como-monumento-natural-2024\/"},"wordCount":419,"publisher":{"@id":"https:\/\/luchonoticias.com\/editor\/#\/schema\/person\/7a7fd911f58561fd056dbac7b55af9cd"},"image":{"@id":"https:\/\/luchonoticias.com\/editor\/72-arboles-fueron-reconocidos-como-monumento-natural-2024\/#primaryimage"},"thumbnailUrl":"https:\/\/luchonoticias.com\/editor\/wp-content\/uploads\/2024\/04\/arboles-1.jpg","articleSection":["Huila"],"inLanguage":"es"},{"@type":"WebPage","@id":"https:\/\/luchonoticias.com\/editor\/72-arboles-fueron-reconocidos-como-monumento-natural-2024\/","url":"https:\/\/luchonoticias.com\/editor\/72-arboles-fueron-reconocidos-como-monumento-natural-2024\/","name":"72 \u00e1rboles fueron reconocidos como Monumento Natural 2024 -","isPartOf":{"@id":"https:\/\/luchonoticias.com\/editor\/#website"},"primaryImageOfPage":{"@id":"https:\/\/luchonoticias.com\/editor\/72-arboles-fueron-reconocidos-como-monumento-natural-2024\/#primaryimage"},"image":{"@id":"https:\/\/luchonoticias.com\/editor\/72-arboles-fueron-reconocidos-como-monumento-natural-2024\/#primaryimage"},"thumbnailUrl":"https:\/\/luchonoticias.com\/editor\/wp-content\/uploads\/2024\/04\/arboles-1.jpg","datePublished":"2024-04-30T23:03:41+00:00","breadcrumb":{"@id":"https:\/\/luchonoticias.com\/editor\/72-arboles-fueron-reconocidos-como-monumento-natural-2024\/#breadcrumb"},"inLanguage":"es","potentialAction":[{"@type":"ReadAction","target":["https:\/\/luchonoticias.com\/editor\/72-arboles-fueron-reconocidos-como-monumento-natural-2024\/"]}]},{"@type":"ImageObject","inLanguage":"es","@id":"https:\/\/luchonoticias.com\/editor\/72-arboles-fueron-reconocidos-como-monumento-natural-2024\/#primaryimage","url":"https:\/\/luchonoticias.com\/editor\/wp-content\/uploads\/2024\/04\/arboles-1.jpg","contentUrl":"https:\/\/luchonoticias.com\/editor\/wp-content\/uploads\/2024\/04\/arboles-1.jpg","width":700,"height":400},{"@type":"BreadcrumbList","@id":"https:\/\/luchonoticias.com\/editor\/72-arboles-fueron-reconocidos-como-monumento-natural-2024\/#breadcrumb","itemListElement":[{"@type":"ListItem","position":1,"name":"Portada","item":"https:\/\/luchonoticias.com\/editor\/"},{"@type":"ListItem","position":2,"name":"72 \u00e1rboles fueron reconocidos como Monumento Natural 2024"}]},{"@type":"WebSite","@id":"https:\/\/luchonoticias.com\/editor\/#website","url":"https:\/\/luchonoticias.com\/editor\/","name":"","description":"","publisher":{"@id":"https:\/\/luchonoticias.com\/editor\/#\/schema\/person\/7a7fd911f58561fd056dbac7b55af9cd"},"potentialAction":[{"@type":"SearchAction","target":{"@type":"EntryPoint","urlTemplate":"https:\/\/luchonoticias.com\/editor\/?s={search_term_string}"},"query-input":{"@type":"PropertyValueSpecification","valueRequired":true,"valueName":"search_term_string"}}],"inLanguage":"es"},{"@type":["Person","Organization"],"@id":"https:\/\/luchonoticias.com\/editor\/#\/schema\/person\/7a7fd911f58561fd056dbac7b55af9cd","name":"admin","image":{"@type":"ImageObject","inLanguage":"es","@id":"https:\/\/luchonoticias.com\/editor\/#\/schema\/person\/image\/","url":"https:\/\/luchonoticias.com\/editor\/wp-content\/uploads\/2024\/02\/cropped-cropped-logolu.webp","contentUrl":"https:\/\/luchonoticias.com\/editor\/wp-content\/uploads\/2024\/02\/cropped-cropped-logolu.webp","width":382,"height":170,"caption":"admin"},"logo":{"@id":"https:\/\/luchonoticias.com\/editor\/#\/schema\/person\/image\/"},"sameAs":["https:\/\/www.facebook.com\/luchonoticiasneiva"]},{"@type":"Person","@id":"https:\/\/luchonoticias.com\/editor\/#\/schema\/person\/29217990ddf6f14e35912b2866d591fb","name":"Editor General","image":{"@type":"ImageObject","inLanguage":"es","@id":"https:\/\/luchonoticias.com\/editor\/#\/schema\/person\/image\/","url":"https:\/\/luchonoticias.com\/editor\/wp-content\/uploads\/2024\/02\/cropped-cropped-logolu-150x150.webp","contentUrl":"https:\/\/luchonoticias.com\/editor\/wp-content\/uploads\/2024\/02\/cropped-cropped-logolu-150x150.webp","caption":"Editor General"},"sameAs":["https:\/\/luchonoticias.com\/"],"url":"https:\/\/luchonoticias.com\/editor\/author\/editor-general\/"}]}},"_links":{"self":[{"href":"https:\/\/luchonoticias.com\/editor\/wp-json\/wp\/v2\/posts\/72583","targetHints":{"allow":["GET"]}}],"collection":[{"href":"https:\/\/luchonoticias.com\/editor\/wp-json\/wp\/v2\/posts"}],"about":[{"href":"https:\/\/luchonoticias.com\/editor\/wp-json\/wp\/v2\/types\/post"}],"author":[{"embeddable":true,"href":"https:\/\/luchonoticias.com\/editor\/wp-json\/wp\/v2\/users\/2"}],"replies":[{"embeddable":true,"href":"https:\/\/luchonoticias.com\/editor\/wp-json\/wp\/v2\/comments?post=72583"}],"version-history":[{"count":0,"href":"https:\/\/luchonoticias.com\/editor\/wp-json\/wp\/v2\/posts\/72583\/revisions"}],"wp:featuredmedia":[{"embeddable":true,"href":"https:\/\/luchonoticias.com\/editor\/wp-json\/wp\/v2\/media\/72584"}],"wp:attachment":[{"href":"https:\/\/luchonoticias.com\/editor\/wp-json\/wp\/v2\/media?parent=72583"}],"wp:term":[{"taxonomy":"category","embeddable":true,"href":"https:\/\/luchonoticias.com\/editor\/wp-json\/wp\/v2\/categories?post=72583"},{"taxonomy":"post_tag","embeddable":true,"href":"https:\/\/luchonoticias.com\/editor\/wp-json\/wp\/v2\/tags?post=72583"}],"curies":[{"name":"wp","href":"https:\/\/api.w.org\/{rel}","templated":true}]}}