{"id":72586,"date":"2024-04-30T18:55:57","date_gmt":"2024-04-30T23:55:57","guid":{"rendered":"https:\/\/luchonoticias.com\/?p=72586"},"modified":"2024-04-30T18:55:57","modified_gmt":"2024-04-30T23:55:57","slug":"homenaje-del-huila-a-la-memoria-de-rodrigo-lara-bonilla","status":"publish","type":"post","link":"https:\/\/luchonoticias.com\/editor\/homenaje-del-huila-a-la-memoria-de-rodrigo-lara-bonilla\/","title":{"rendered":"Homenaje del Huila a la memoria de Rodrigo Lara Bonilla"},"content":{"rendered":"<p>En un acto de profundo respeto y reconocimiento, la Gobernaci\u00f3n del Huila, encabezada por Rodrigo Villalba Mosquera, rindi\u00f3 homenaje a la memoria del ilustre l\u00edder Rodrigo Lara Bonilla, en el marco de los 40 a\u00f1os de su magnicidio. Lara Bonilla, reconocido por su valent\u00eda pol\u00edtica y su incansable lucha contra el narcotr\u00e1fico, dej\u00f3 una huella imborrable en la historia de Colombia, siendo un ejemplo de integridad y compromiso con la justicia.<\/p>\n<p>La ceremonia de conmemoraci\u00f3n, realizada en la ciudad de Neiva este martes 30 de abril, fue marcada por la entrega de la condecoraci\u00f3n Rodrigo Lara Bonilla a destacadas figuras p\u00fablicas que han seguido su legado de servicio y compromiso.<\/p>\n<p>Los homenajeados fueron la Contralmirante de la Armada de Colombia, Beatriz Elena Garc\u00eda Restrepo, quien se convirti\u00f3 en la primera mujer colombiana en alcanzar este grado en la historia de la Armada Nacional. Su compromiso con la seguridad y convivencia, as\u00ed como su destacada labor en la lucha contra los delitos que afectan al pa\u00eds, la hicieron merecedora de este reconocimiento. Adem\u00e1s, se honr\u00f3 a Jairo Fernando Fierro, Juez de Ejecuci\u00f3n de Penas y Medidas de Seguridad, por su destacada trayectoria en la Rama Judicial y su compromiso con la correcta aplicaci\u00f3n de la justicia.<\/p>\n<p><strong>Recordando a Rodrigo Lara Bonilla<\/strong><\/p>\n<p>El acto conmemorativo que se cumpli\u00f3 en el recinto de la Asamblea Departamental del Huila permiti\u00f3 evocar importantes logros y trayectoria de Rodrigo Lara Bonilla, quien inici\u00f3 su carrera pol\u00edtica desde temprana edad como miembro del Partido Liberal, destac\u00e1ndose por su habilidad oratoria, su carisma y su determinaci\u00f3n para combatir pr\u00e1cticas corruptas en el \u00e1mbito pol\u00edtico. Ocup\u00f3 diversos cargos p\u00fablicos, incluyendo el de Ministro de Justicia durante el gobierno de Belisario Betancur, donde despleg\u00f3 una intensa labor para reformar el sistema judicial y enfrentar el poder del narcotr\u00e1fico en Colombia. Su valent\u00eda y compromiso lo convirtieron en un s\u00edmbolo de integridad y lucha contra la impunidad, dejando un legado perpetuo en la historia pol\u00edtica del pa\u00eds.<\/p>\n<p>\u201cTuve la fortuna de conocer de cerca a Rodrigo Lara Bonilla, pues inici\u00e9 mi actividad pol\u00edtica partidista a su lado, era un l\u00edder nato, preparado, carism\u00e1tico, inteligente, un orador, quien con determinaci\u00f3n luch\u00f3 contra las mal sanas costumbres de la pol\u00edtica y despu\u00e9s contra el narcotr\u00e1fico\u201d record\u00f3 Rodrigo Villalba Mosquera, Gobernador del Huila.<\/p>\n<p>Rodrigo Lara Restrepo, hijo del recordado Rodrigo Lara Bonilla, con profundo sentido de honor y respeto afirm\u00f3: \u201cRodrigo Lara Bonilla muri\u00f3 y dej\u00f3 un legado, un significado, el poder del criminal es infundir temor, \u00e9l venci\u00f3 su temor a la muerte, y ese es el significado de su sacrificio, vencer el temor a la muerte, cumplir con las convicciones m\u00e1s profundas del ser humano, que en su caso eran democr\u00e1ticas, era un liberal reformista que cre\u00eda y amaba profundamente al pa\u00eds\u201d.<\/p>\n","protected":false},"excerpt":{"rendered":"<p>En un acto de profundo respeto y reconocimiento, la Gobernaci\u00f3n del Huila, encabezada por Rodrigo Villalba Mosquera, rindi\u00f3 homenaje a la memoria del ilustre l\u00edder Rodrigo Lara Bonilla, en el marco de los 40 a\u00f1os de su magnicidio. Lara Bonilla, reconocido por su valent\u00eda pol\u00edtica y su incansable lucha contra el narcotr\u00e1fico, dej\u00f3 una huella [&hellip;]<\/p>\n","protected":false},"author":2,"featured_media":72587,"comment_status":"closed","ping_status":"open","sticky":false,"template":"","format":"standard","meta":{"footnotes":""},"categories":[33],"tags":[],"class_list":["post-72586","post","type-post","status-publish","format-standard","has-post-thumbnail","hentry","category-huila"],"yoast_head":"<!-- This site is optimized with the Yoast SEO plugin v26.6 - https:\/\/yoast.com\/wordpress\/plugins\/seo\/ -->\n<title>Homenaje del Huila a la memoria de Rodrigo Lara Bonilla -<\/title>\n<meta name=\"robots\" content=\"index, follow, max-snippet:-1, max-image-preview:large, max-video-preview:-1\" \/>\n<link rel=\"canonical\" href=\"https:\/\/luchonoticias.com\/editor\/homenaje-del-huila-a-la-memoria-de-rodrigo-lara-bonilla\/\" \/>\n<meta property=\"og:locale\" content=\"es_ES\" \/>\n<meta property=\"og:type\" content=\"article\" \/>\n<meta property=\"og:title\" content=\"Homenaje del Huila a la memoria de Rodrigo Lara Bonilla -\" \/>\n<meta property=\"og:url\" content=\"https:\/\/luchonoticias.com\/editor\/homenaje-del-huila-a-la-memoria-de-rodrigo-lara-bonilla\/\" \/>\n<meta property=\"article:publisher\" content=\"https:\/\/www.facebook.com\/luchonoticiasneiva\" \/>\n<meta property=\"article:published_time\" content=\"2024-04-30T23:55:57+00:00\" \/>\n<meta property=\"og:image\" content=\"https:\/\/luchonoticias.com\/editor\/wp-content\/uploads\/2024\/04\/homenaje-rodrigo-lara.jpg\" \/>\n\t<meta property=\"og:image:width\" content=\"700\" \/>\n\t<meta property=\"og:image:height\" content=\"400\" \/>\n\t<meta property=\"og:image:type\" content=\"image\/jpeg\" \/>\n<meta name=\"author\" content=\"Editor General\" \/>\n<meta name=\"twitter:card\" content=\"summary_large_image\" \/>\n<meta name=\"twitter:label1\" content=\"Escrito por\" \/>\n\t<meta name=\"twitter:data1\" content=\"Editor General\" \/>\n\t<meta name=\"twitter:label2\" content=\"Tiempo de lectura\" \/>\n\t<meta name=\"twitter:data2\" content=\"2 minutos\" \/>\n<script type=\"application\/ld+json\" class=\"yoast-schema-graph\">{\"@context\":\"https:\/\/schema.org\",\"@graph\":[{\"@type\":\"Article\",\"@id\":\"https:\/\/luchonoticias.com\/editor\/homenaje-del-huila-a-la-memoria-de-rodrigo-lara-bonilla\/#article\",\"isPartOf\":{\"@id\":\"https:\/\/luchonoticias.com\/editor\/homenaje-del-huila-a-la-memoria-de-rodrigo-lara-bonilla\/\"},\"author\":{\"name\":\"Editor General\",\"@id\":\"https:\/\/luchonoticias.com\/editor\/#\/schema\/person\/29217990ddf6f14e35912b2866d591fb\"},\"headline\":\"Homenaje del Huila a la memoria de Rodrigo Lara Bonilla\",\"datePublished\":\"2024-04-30T23:55:57+00:00\",\"mainEntityOfPage\":{\"@id\":\"https:\/\/luchonoticias.com\/editor\/homenaje-del-huila-a-la-memoria-de-rodrigo-lara-bonilla\/\"},\"wordCount\":504,\"publisher\":{\"@id\":\"https:\/\/luchonoticias.com\/editor\/#\/schema\/person\/7a7fd911f58561fd056dbac7b55af9cd\"},\"image\":{\"@id\":\"https:\/\/luchonoticias.com\/editor\/homenaje-del-huila-a-la-memoria-de-rodrigo-lara-bonilla\/#primaryimage\"},\"thumbnailUrl\":\"https:\/\/luchonoticias.com\/editor\/wp-content\/uploads\/2024\/04\/homenaje-rodrigo-lara.jpg\",\"articleSection\":[\"Huila\"],\"inLanguage\":\"es\"},{\"@type\":\"WebPage\",\"@id\":\"https:\/\/luchonoticias.com\/editor\/homenaje-del-huila-a-la-memoria-de-rodrigo-lara-bonilla\/\",\"url\":\"https:\/\/luchonoticias.com\/editor\/homenaje-del-huila-a-la-memoria-de-rodrigo-lara-bonilla\/\",\"name\":\"Homenaje del Huila a la memoria de Rodrigo Lara Bonilla -\",\"isPartOf\":{\"@id\":\"https:\/\/luchonoticias.com\/editor\/#website\"},\"primaryImageOfPage\":{\"@id\":\"https:\/\/luchonoticias.com\/editor\/homenaje-del-huila-a-la-memoria-de-rodrigo-lara-bonilla\/#primaryimage\"},\"image\":{\"@id\":\"https:\/\/luchonoticias.com\/editor\/homenaje-del-huila-a-la-memoria-de-rodrigo-lara-bonilla\/#primaryimage\"},\"thumbnailUrl\":\"https:\/\/luchonoticias.com\/editor\/wp-content\/uploads\/2024\/04\/homenaje-rodrigo-lara.jpg\",\"datePublished\":\"2024-04-30T23:55:57+00:00\",\"breadcrumb\":{\"@id\":\"https:\/\/luchonoticias.com\/editor\/homenaje-del-huila-a-la-memoria-de-rodrigo-lara-bonilla\/#breadcrumb\"},\"inLanguage\":\"es\",\"potentialAction\":[{\"@type\":\"ReadAction\",\"target\":[\"https:\/\/luchonoticias.com\/editor\/homenaje-del-huila-a-la-memoria-de-rodrigo-lara-bonilla\/\"]}]},{\"@type\":\"ImageObject\",\"inLanguage\":\"es\",\"@id\":\"https:\/\/luchonoticias.com\/editor\/homenaje-del-huila-a-la-memoria-de-rodrigo-lara-bonilla\/#primaryimage\",\"url\":\"https:\/\/luchonoticias.com\/editor\/wp-content\/uploads\/2024\/04\/homenaje-rodrigo-lara.jpg\",\"contentUrl\":\"https:\/\/luchonoticias.com\/editor\/wp-content\/uploads\/2024\/04\/homenaje-rodrigo-lara.jpg\",\"width\":700,\"height\":400},{\"@type\":\"BreadcrumbList\",\"@id\":\"https:\/\/luchonoticias.com\/editor\/homenaje-del-huila-a-la-memoria-de-rodrigo-lara-bonilla\/#breadcrumb\",\"itemListElement\":[{\"@type\":\"ListItem\",\"position\":1,\"name\":\"Portada\",\"item\":\"https:\/\/luchonoticias.com\/editor\/\"},{\"@type\":\"ListItem\",\"position\":2,\"name\":\"Homenaje del Huila a la memoria de Rodrigo Lara Bonilla\"}]},{\"@type\":\"WebSite\",\"@id\":\"https:\/\/luchonoticias.com\/editor\/#website\",\"url\":\"https:\/\/luchonoticias.com\/editor\/\",\"name\":\"\",\"description\":\"\",\"publisher\":{\"@id\":\"https:\/\/luchonoticias.com\/editor\/#\/schema\/person\/7a7fd911f58561fd056dbac7b55af9cd\"},\"potentialAction\":[{\"@type\":\"SearchAction\",\"target\":{\"@type\":\"EntryPoint\",\"urlTemplate\":\"https:\/\/luchonoticias.com\/editor\/?s={search_term_string}\"},\"query-input\":{\"@type\":\"PropertyValueSpecification\",\"valueRequired\":true,\"valueName\":\"search_term_string\"}}],\"inLanguage\":\"es\"},{\"@type\":[\"Person\",\"Organization\"],\"@id\":\"https:\/\/luchonoticias.com\/editor\/#\/schema\/person\/7a7fd911f58561fd056dbac7b55af9cd\",\"name\":\"admin\",\"image\":{\"@type\":\"ImageObject\",\"inLanguage\":\"es\",\"@id\":\"https:\/\/luchonoticias.com\/editor\/#\/schema\/person\/image\/\",\"url\":\"https:\/\/luchonoticias.com\/editor\/wp-content\/uploads\/2024\/02\/cropped-cropped-logolu.webp\",\"contentUrl\":\"https:\/\/luchonoticias.com\/editor\/wp-content\/uploads\/2024\/02\/cropped-cropped-logolu.webp\",\"width\":382,\"height\":170,\"caption\":\"admin\"},\"logo\":{\"@id\":\"https:\/\/luchonoticias.com\/editor\/#\/schema\/person\/image\/\"},\"sameAs\":[\"https:\/\/www.facebook.com\/luchonoticiasneiva\"]},{\"@type\":\"Person\",\"@id\":\"https:\/\/luchonoticias.com\/editor\/#\/schema\/person\/29217990ddf6f14e35912b2866d591fb\",\"name\":\"Editor General\",\"image\":{\"@type\":\"ImageObject\",\"inLanguage\":\"es\",\"@id\":\"https:\/\/luchonoticias.com\/editor\/#\/schema\/person\/image\/\",\"url\":\"https:\/\/luchonoticias.com\/editor\/wp-content\/uploads\/2024\/02\/cropped-cropped-logolu-150x150.webp\",\"contentUrl\":\"https:\/\/luchonoticias.com\/editor\/wp-content\/uploads\/2024\/02\/cropped-cropped-logolu-150x150.webp\",\"caption\":\"Editor General\"},\"sameAs\":[\"https:\/\/luchonoticias.com\/\"],\"url\":\"https:\/\/luchonoticias.com\/editor\/author\/editor-general\/\"}]}<\/script>\n<!-- \/ Yoast SEO plugin. -->","yoast_head_json":{"title":"Homenaje del Huila a la memoria de Rodrigo Lara Bonilla -","robots":{"index":"index","follow":"follow","max-snippet":"max-snippet:-1","max-image-preview":"max-image-preview:large","max-video-preview":"max-video-preview:-1"},"canonical":"https:\/\/luchonoticias.com\/editor\/homenaje-del-huila-a-la-memoria-de-rodrigo-lara-bonilla\/","og_locale":"es_ES","og_type":"article","og_title":"Homenaje del Huila a la memoria de Rodrigo Lara Bonilla -","og_url":"https:\/\/luchonoticias.com\/editor\/homenaje-del-huila-a-la-memoria-de-rodrigo-lara-bonilla\/","article_publisher":"https:\/\/www.facebook.com\/luchonoticiasneiva","article_published_time":"2024-04-30T23:55:57+00:00","og_image":[{"width":700,"height":400,"url":"https:\/\/luchonoticias.com\/editor\/wp-content\/uploads\/2024\/04\/homenaje-rodrigo-lara.jpg","type":"image\/jpeg"}],"author":"Editor General","twitter_card":"summary_large_image","twitter_misc":{"Escrito por":"Editor General","Tiempo de lectura":"2 minutos"},"schema":{"@context":"https:\/\/schema.org","@graph":[{"@type":"Article","@id":"https:\/\/luchonoticias.com\/editor\/homenaje-del-huila-a-la-memoria-de-rodrigo-lara-bonilla\/#article","isPartOf":{"@id":"https:\/\/luchonoticias.com\/editor\/homenaje-del-huila-a-la-memoria-de-rodrigo-lara-bonilla\/"},"author":{"name":"Editor General","@id":"https:\/\/luchonoticias.com\/editor\/#\/schema\/person\/29217990ddf6f14e35912b2866d591fb"},"headline":"Homenaje del Huila a la memoria de Rodrigo Lara Bonilla","datePublished":"2024-04-30T23:55:57+00:00","mainEntityOfPage":{"@id":"https:\/\/luchonoticias.com\/editor\/homenaje-del-huila-a-la-memoria-de-rodrigo-lara-bonilla\/"},"wordCount":504,"publisher":{"@id":"https:\/\/luchonoticias.com\/editor\/#\/schema\/person\/7a7fd911f58561fd056dbac7b55af9cd"},"image":{"@id":"https:\/\/luchonoticias.com\/editor\/homenaje-del-huila-a-la-memoria-de-rodrigo-lara-bonilla\/#primaryimage"},"thumbnailUrl":"https:\/\/luchonoticias.com\/editor\/wp-content\/uploads\/2024\/04\/homenaje-rodrigo-lara.jpg","articleSection":["Huila"],"inLanguage":"es"},{"@type":"WebPage","@id":"https:\/\/luchonoticias.com\/editor\/homenaje-del-huila-a-la-memoria-de-rodrigo-lara-bonilla\/","url":"https:\/\/luchonoticias.com\/editor\/homenaje-del-huila-a-la-memoria-de-rodrigo-lara-bonilla\/","name":"Homenaje del Huila a la memoria de Rodrigo Lara Bonilla -","isPartOf":{"@id":"https:\/\/luchonoticias.com\/editor\/#website"},"primaryImageOfPage":{"@id":"https:\/\/luchonoticias.com\/editor\/homenaje-del-huila-a-la-memoria-de-rodrigo-lara-bonilla\/#primaryimage"},"image":{"@id":"https:\/\/luchonoticias.com\/editor\/homenaje-del-huila-a-la-memoria-de-rodrigo-lara-bonilla\/#primaryimage"},"thumbnailUrl":"https:\/\/luchonoticias.com\/editor\/wp-content\/uploads\/2024\/04\/homenaje-rodrigo-lara.jpg","datePublished":"2024-04-30T23:55:57+00:00","breadcrumb":{"@id":"https:\/\/luchonoticias.com\/editor\/homenaje-del-huila-a-la-memoria-de-rodrigo-lara-bonilla\/#breadcrumb"},"inLanguage":"es","potentialAction":[{"@type":"ReadAction","target":["https:\/\/luchonoticias.com\/editor\/homenaje-del-huila-a-la-memoria-de-rodrigo-lara-bonilla\/"]}]},{"@type":"ImageObject","inLanguage":"es","@id":"https:\/\/luchonoticias.com\/editor\/homenaje-del-huila-a-la-memoria-de-rodrigo-lara-bonilla\/#primaryimage","url":"https:\/\/luchonoticias.com\/editor\/wp-content\/uploads\/2024\/04\/homenaje-rodrigo-lara.jpg","contentUrl":"https:\/\/luchonoticias.com\/editor\/wp-content\/uploads\/2024\/04\/homenaje-rodrigo-lara.jpg","width":700,"height":400},{"@type":"BreadcrumbList","@id":"https:\/\/luchonoticias.com\/editor\/homenaje-del-huila-a-la-memoria-de-rodrigo-lara-bonilla\/#breadcrumb","itemListElement":[{"@type":"ListItem","position":1,"name":"Portada","item":"https:\/\/luchonoticias.com\/editor\/"},{"@type":"ListItem","position":2,"name":"Homenaje del Huila a la memoria de Rodrigo Lara Bonilla"}]},{"@type":"WebSite","@id":"https:\/\/luchonoticias.com\/editor\/#website","url":"https:\/\/luchonoticias.com\/editor\/","name":"","description":"","publisher":{"@id":"https:\/\/luchonoticias.com\/editor\/#\/schema\/person\/7a7fd911f58561fd056dbac7b55af9cd"},"potentialAction":[{"@type":"SearchAction","target":{"@type":"EntryPoint","urlTemplate":"https:\/\/luchonoticias.com\/editor\/?s={search_term_string}"},"query-input":{"@type":"PropertyValueSpecification","valueRequired":true,"valueName":"search_term_string"}}],"inLanguage":"es"},{"@type":["Person","Organization"],"@id":"https:\/\/luchonoticias.com\/editor\/#\/schema\/person\/7a7fd911f58561fd056dbac7b55af9cd","name":"admin","image":{"@type":"ImageObject","inLanguage":"es","@id":"https:\/\/luchonoticias.com\/editor\/#\/schema\/person\/image\/","url":"https:\/\/luchonoticias.com\/editor\/wp-content\/uploads\/2024\/02\/cropped-cropped-logolu.webp","contentUrl":"https:\/\/luchonoticias.com\/editor\/wp-content\/uploads\/2024\/02\/cropped-cropped-logolu.webp","width":382,"height":170,"caption":"admin"},"logo":{"@id":"https:\/\/luchonoticias.com\/editor\/#\/schema\/person\/image\/"},"sameAs":["https:\/\/www.facebook.com\/luchonoticiasneiva"]},{"@type":"Person","@id":"https:\/\/luchonoticias.com\/editor\/#\/schema\/person\/29217990ddf6f14e35912b2866d591fb","name":"Editor General","image":{"@type":"ImageObject","inLanguage":"es","@id":"https:\/\/luchonoticias.com\/editor\/#\/schema\/person\/image\/","url":"https:\/\/luchonoticias.com\/editor\/wp-content\/uploads\/2024\/02\/cropped-cropped-logolu-150x150.webp","contentUrl":"https:\/\/luchonoticias.com\/editor\/wp-content\/uploads\/2024\/02\/cropped-cropped-logolu-150x150.webp","caption":"Editor General"},"sameAs":["https:\/\/luchonoticias.com\/"],"url":"https:\/\/luchonoticias.com\/editor\/author\/editor-general\/"}]}},"_links":{"self":[{"href":"https:\/\/luchonoticias.com\/editor\/wp-json\/wp\/v2\/posts\/72586","targetHints":{"allow":["GET"]}}],"collection":[{"href":"https:\/\/luchonoticias.com\/editor\/wp-json\/wp\/v2\/posts"}],"about":[{"href":"https:\/\/luchonoticias.com\/editor\/wp-json\/wp\/v2\/types\/post"}],"author":[{"embeddable":true,"href":"https:\/\/luchonoticias.com\/editor\/wp-json\/wp\/v2\/users\/2"}],"replies":[{"embeddable":true,"href":"https:\/\/luchonoticias.com\/editor\/wp-json\/wp\/v2\/comments?post=72586"}],"version-history":[{"count":0,"href":"https:\/\/luchonoticias.com\/editor\/wp-json\/wp\/v2\/posts\/72586\/revisions"}],"wp:featuredmedia":[{"embeddable":true,"href":"https:\/\/luchonoticias.com\/editor\/wp-json\/wp\/v2\/media\/72587"}],"wp:attachment":[{"href":"https:\/\/luchonoticias.com\/editor\/wp-json\/wp\/v2\/media?parent=72586"}],"wp:term":[{"taxonomy":"category","embeddable":true,"href":"https:\/\/luchonoticias.com\/editor\/wp-json\/wp\/v2\/categories?post=72586"},{"taxonomy":"post_tag","embeddable":true,"href":"https:\/\/luchonoticias.com\/editor\/wp-json\/wp\/v2\/tags?post=72586"}],"curies":[{"name":"wp","href":"https:\/\/api.w.org\/{rel}","templated":true}]}}