{"id":72592,"date":"2024-05-01T05:24:10","date_gmt":"2024-05-01T10:24:10","guid":{"rendered":"https:\/\/luchonoticias.com\/?p=72592"},"modified":"2024-05-01T05:24:10","modified_gmt":"2024-05-01T10:24:10","slug":"fue-radicado-el-plan-de-desarrollo-de-garzon-ante-el-concejo","status":"publish","type":"post","link":"https:\/\/luchonoticias.com\/editor\/fue-radicado-el-plan-de-desarrollo-de-garzon-ante-el-concejo\/","title":{"rendered":"Fue radicado el plan de desarrollo de Garz\u00f3n ante el Concejo"},"content":{"rendered":"<p>El secretario general y de convivencia ciudadana de Garz\u00f3n, Capit\u00e1n Elkin Lloreda, en calidad de alcalde encargado, radic\u00f3 en compa\u00f1\u00eda del secretario de planeaci\u00f3n, Carlos Felipe Tovar, la asesora jur\u00eddica del municipio, Mar\u00eda Alejandra Rodr\u00edguez y la secretaria de Salud, Yinet Quintero, el plan de desarrollo municipal, el plan territorial en salud y 2 proyectos m\u00e1s para que sean debatidos y aprobados en el concejo municipal.<\/p>\n<p>El plan de desarrollo municipal es la hoja de ruta de la gobernabilidad del alcalde Francisco Calder\u00f3n. En el se establecen las metas, los objetivos, los proyectos y las gestiones que se desarrollaran durante sus cuatro a\u00f1os de gobierno. \u201cCon mucha satisfacci\u00f3n hemos radicado 4 proyectos de acuerdo, entre ellos el plan de desarrollo municipal y all\u00ed es muy importante mencionar que este plan de desarrollo incluye las sugerencias, inquietudes y requerimientos que nos hicieron los ciudadanos en las mesas de participaci\u00f3n del plan de desarrollo\u201d manifest\u00f3 Lloreda.<\/p>\n<p>En menester mencionar que durante el mes de marzo se desarrollaron las mesas de participaci\u00f3n ciudadana, donde los garzone\u00f1os pudieron aportar desde sus visiones y necesidades, proyectos, requerimientos e inquietudes para que fueran incluidas en el plan de desarrollo que se radic\u00f3 hoy ante el concejo municipal.<\/p>\n<p>El plan de desarrollo municipal radicado cuenta con el visto bueno de la CAM y el Consejo Territorial de Planeaci\u00f3n. \u201cTenemos una gran expectativa con el plan de desarrollo Garz\u00f3n Adelante, buscando que nuestro municipio pueda tener una transformaci\u00f3n urban\u00edstica, para que podamos darle un giro importante a garz\u00f3n y convertirla en esa capital diocesana que siempre hemos anhelado, una transformaci\u00f3n en v\u00edas, y le garanticemos al sector rural condiciones de comercializaci\u00f3n de sus productos. Buscamos hacer de Garz\u00f3n un municipio sostenible y competitivo\u201d, manifest\u00f3 desde Bogot\u00e1 el alcalde Francisco Calder\u00f3n.<\/p>\n<p>El plan de desarrollo incluye las metas en todos los sectores como vivienda, medio ambiente, tecnolog\u00edas de informaci\u00f3n y comunicaci\u00f3n, educaci\u00f3n, desarrollo social, tr\u00e1nsito, entre otros. \u201cBuscamos construir m\u00e1s de 500 viviendas en nuestro municipio y en nuestro gobierno lo vamos a lograr. Buscamos mejorar todo el tema de aguas residuales, mejorar la capacidad de acueductos rurales, recuperar y canalizar nuestra quebrada Garz\u00f3n\u201d, agreg\u00f3.<\/p>\n<p>Ahora el plan de desarrollo est\u00e1 en manos del Concejo Municipal, que hoy regresar\u00e1 a sesiones ordinarias, donde se debatir\u00e1 entre los cabildantes este plan de desarrollo y su posterior aprobaci\u00f3n para que el alcalde y su equipo tenga clara la ruta de gobierno de este cuatrienio.<\/p>\n<p>Con el plan de desarrollo se radic\u00f3 tambi\u00e9n el plan territorial de salud, un proyecto de acuerdo para darle facultades al alcalde para adelantar la modernizaci\u00f3n de la administraci\u00f3n central municipal y la pol\u00edtica p\u00fablica de vivienda para la asignaci\u00f3n de subsidios para vivienda en Garz\u00f3n.<\/p>\n","protected":false},"excerpt":{"rendered":"<p>El secretario general y de convivencia ciudadana de Garz\u00f3n, Capit\u00e1n Elkin Lloreda, en calidad de alcalde encargado, radic\u00f3 en compa\u00f1\u00eda del secretario de planeaci\u00f3n, Carlos Felipe Tovar, la asesora jur\u00eddica del municipio, Mar\u00eda Alejandra Rodr\u00edguez y la secretaria de Salud, Yinet Quintero, el plan de desarrollo municipal, el plan territorial en salud y 2 proyectos [&hellip;]<\/p>\n","protected":false},"author":2,"featured_media":72593,"comment_status":"closed","ping_status":"open","sticky":false,"template":"","format":"standard","meta":{"footnotes":""},"categories":[33],"tags":[],"class_list":["post-72592","post","type-post","status-publish","format-standard","has-post-thumbnail","hentry","category-huila"],"yoast_head":"<!-- This site is optimized with the Yoast SEO plugin v26.6 - https:\/\/yoast.com\/wordpress\/plugins\/seo\/ -->\n<title>Fue radicado el plan de desarrollo de Garz\u00f3n ante el Concejo -<\/title>\n<meta name=\"robots\" content=\"index, follow, max-snippet:-1, max-image-preview:large, max-video-preview:-1\" \/>\n<link rel=\"canonical\" href=\"https:\/\/luchonoticias.com\/editor\/fue-radicado-el-plan-de-desarrollo-de-garzon-ante-el-concejo\/\" \/>\n<meta property=\"og:locale\" content=\"es_ES\" \/>\n<meta property=\"og:type\" content=\"article\" \/>\n<meta property=\"og:title\" content=\"Fue radicado el plan de desarrollo de Garz\u00f3n ante el Concejo -\" \/>\n<meta property=\"og:url\" content=\"https:\/\/luchonoticias.com\/editor\/fue-radicado-el-plan-de-desarrollo-de-garzon-ante-el-concejo\/\" \/>\n<meta property=\"article:publisher\" content=\"https:\/\/www.facebook.com\/luchonoticiasneiva\" \/>\n<meta property=\"article:published_time\" content=\"2024-05-01T10:24:10+00:00\" \/>\n<meta property=\"og:image\" content=\"https:\/\/luchonoticias.com\/editor\/wp-content\/uploads\/2024\/05\/garzon.jpg\" \/>\n\t<meta property=\"og:image:width\" content=\"700\" \/>\n\t<meta property=\"og:image:height\" content=\"400\" \/>\n\t<meta property=\"og:image:type\" content=\"image\/jpeg\" \/>\n<meta name=\"author\" content=\"Editor General\" \/>\n<meta name=\"twitter:card\" content=\"summary_large_image\" \/>\n<meta name=\"twitter:label1\" content=\"Escrito por\" \/>\n\t<meta name=\"twitter:data1\" content=\"Editor General\" \/>\n\t<meta name=\"twitter:label2\" content=\"Tiempo de lectura\" \/>\n\t<meta name=\"twitter:data2\" content=\"2 minutos\" \/>\n<script type=\"application\/ld+json\" class=\"yoast-schema-graph\">{\"@context\":\"https:\/\/schema.org\",\"@graph\":[{\"@type\":\"Article\",\"@id\":\"https:\/\/luchonoticias.com\/editor\/fue-radicado-el-plan-de-desarrollo-de-garzon-ante-el-concejo\/#article\",\"isPartOf\":{\"@id\":\"https:\/\/luchonoticias.com\/editor\/fue-radicado-el-plan-de-desarrollo-de-garzon-ante-el-concejo\/\"},\"author\":{\"name\":\"Editor General\",\"@id\":\"https:\/\/luchonoticias.com\/editor\/#\/schema\/person\/29217990ddf6f14e35912b2866d591fb\"},\"headline\":\"Fue radicado el plan de desarrollo de Garz\u00f3n ante el Concejo\",\"datePublished\":\"2024-05-01T10:24:10+00:00\",\"mainEntityOfPage\":{\"@id\":\"https:\/\/luchonoticias.com\/editor\/fue-radicado-el-plan-de-desarrollo-de-garzon-ante-el-concejo\/\"},\"wordCount\":497,\"publisher\":{\"@id\":\"https:\/\/luchonoticias.com\/editor\/#\/schema\/person\/7a7fd911f58561fd056dbac7b55af9cd\"},\"image\":{\"@id\":\"https:\/\/luchonoticias.com\/editor\/fue-radicado-el-plan-de-desarrollo-de-garzon-ante-el-concejo\/#primaryimage\"},\"thumbnailUrl\":\"https:\/\/luchonoticias.com\/editor\/wp-content\/uploads\/2024\/05\/garzon.jpg\",\"articleSection\":[\"Huila\"],\"inLanguage\":\"es\"},{\"@type\":\"WebPage\",\"@id\":\"https:\/\/luchonoticias.com\/editor\/fue-radicado-el-plan-de-desarrollo-de-garzon-ante-el-concejo\/\",\"url\":\"https:\/\/luchonoticias.com\/editor\/fue-radicado-el-plan-de-desarrollo-de-garzon-ante-el-concejo\/\",\"name\":\"Fue radicado el plan de desarrollo de Garz\u00f3n ante el Concejo -\",\"isPartOf\":{\"@id\":\"https:\/\/luchonoticias.com\/editor\/#website\"},\"primaryImageOfPage\":{\"@id\":\"https:\/\/luchonoticias.com\/editor\/fue-radicado-el-plan-de-desarrollo-de-garzon-ante-el-concejo\/#primaryimage\"},\"image\":{\"@id\":\"https:\/\/luchonoticias.com\/editor\/fue-radicado-el-plan-de-desarrollo-de-garzon-ante-el-concejo\/#primaryimage\"},\"thumbnailUrl\":\"https:\/\/luchonoticias.com\/editor\/wp-content\/uploads\/2024\/05\/garzon.jpg\",\"datePublished\":\"2024-05-01T10:24:10+00:00\",\"breadcrumb\":{\"@id\":\"https:\/\/luchonoticias.com\/editor\/fue-radicado-el-plan-de-desarrollo-de-garzon-ante-el-concejo\/#breadcrumb\"},\"inLanguage\":\"es\",\"potentialAction\":[{\"@type\":\"ReadAction\",\"target\":[\"https:\/\/luchonoticias.com\/editor\/fue-radicado-el-plan-de-desarrollo-de-garzon-ante-el-concejo\/\"]}]},{\"@type\":\"ImageObject\",\"inLanguage\":\"es\",\"@id\":\"https:\/\/luchonoticias.com\/editor\/fue-radicado-el-plan-de-desarrollo-de-garzon-ante-el-concejo\/#primaryimage\",\"url\":\"https:\/\/luchonoticias.com\/editor\/wp-content\/uploads\/2024\/05\/garzon.jpg\",\"contentUrl\":\"https:\/\/luchonoticias.com\/editor\/wp-content\/uploads\/2024\/05\/garzon.jpg\",\"width\":700,\"height\":400},{\"@type\":\"BreadcrumbList\",\"@id\":\"https:\/\/luchonoticias.com\/editor\/fue-radicado-el-plan-de-desarrollo-de-garzon-ante-el-concejo\/#breadcrumb\",\"itemListElement\":[{\"@type\":\"ListItem\",\"position\":1,\"name\":\"Portada\",\"item\":\"https:\/\/luchonoticias.com\/editor\/\"},{\"@type\":\"ListItem\",\"position\":2,\"name\":\"Fue radicado el plan de desarrollo de Garz\u00f3n ante el Concejo\"}]},{\"@type\":\"WebSite\",\"@id\":\"https:\/\/luchonoticias.com\/editor\/#website\",\"url\":\"https:\/\/luchonoticias.com\/editor\/\",\"name\":\"\",\"description\":\"\",\"publisher\":{\"@id\":\"https:\/\/luchonoticias.com\/editor\/#\/schema\/person\/7a7fd911f58561fd056dbac7b55af9cd\"},\"potentialAction\":[{\"@type\":\"SearchAction\",\"target\":{\"@type\":\"EntryPoint\",\"urlTemplate\":\"https:\/\/luchonoticias.com\/editor\/?s={search_term_string}\"},\"query-input\":{\"@type\":\"PropertyValueSpecification\",\"valueRequired\":true,\"valueName\":\"search_term_string\"}}],\"inLanguage\":\"es\"},{\"@type\":[\"Person\",\"Organization\"],\"@id\":\"https:\/\/luchonoticias.com\/editor\/#\/schema\/person\/7a7fd911f58561fd056dbac7b55af9cd\",\"name\":\"admin\",\"image\":{\"@type\":\"ImageObject\",\"inLanguage\":\"es\",\"@id\":\"https:\/\/luchonoticias.com\/editor\/#\/schema\/person\/image\/\",\"url\":\"https:\/\/luchonoticias.com\/editor\/wp-content\/uploads\/2024\/02\/cropped-cropped-logolu.webp\",\"contentUrl\":\"https:\/\/luchonoticias.com\/editor\/wp-content\/uploads\/2024\/02\/cropped-cropped-logolu.webp\",\"width\":382,\"height\":170,\"caption\":\"admin\"},\"logo\":{\"@id\":\"https:\/\/luchonoticias.com\/editor\/#\/schema\/person\/image\/\"},\"sameAs\":[\"https:\/\/www.facebook.com\/luchonoticiasneiva\"]},{\"@type\":\"Person\",\"@id\":\"https:\/\/luchonoticias.com\/editor\/#\/schema\/person\/29217990ddf6f14e35912b2866d591fb\",\"name\":\"Editor General\",\"image\":{\"@type\":\"ImageObject\",\"inLanguage\":\"es\",\"@id\":\"https:\/\/luchonoticias.com\/editor\/#\/schema\/person\/image\/\",\"url\":\"https:\/\/luchonoticias.com\/editor\/wp-content\/uploads\/2024\/02\/cropped-cropped-logolu-150x150.webp\",\"contentUrl\":\"https:\/\/luchonoticias.com\/editor\/wp-content\/uploads\/2024\/02\/cropped-cropped-logolu-150x150.webp\",\"caption\":\"Editor General\"},\"sameAs\":[\"https:\/\/luchonoticias.com\/\"],\"url\":\"https:\/\/luchonoticias.com\/editor\/author\/editor-general\/\"}]}<\/script>\n<!-- \/ Yoast SEO plugin. -->","yoast_head_json":{"title":"Fue radicado el plan de desarrollo de Garz\u00f3n ante el Concejo -","robots":{"index":"index","follow":"follow","max-snippet":"max-snippet:-1","max-image-preview":"max-image-preview:large","max-video-preview":"max-video-preview:-1"},"canonical":"https:\/\/luchonoticias.com\/editor\/fue-radicado-el-plan-de-desarrollo-de-garzon-ante-el-concejo\/","og_locale":"es_ES","og_type":"article","og_title":"Fue radicado el plan de desarrollo de Garz\u00f3n ante el Concejo -","og_url":"https:\/\/luchonoticias.com\/editor\/fue-radicado-el-plan-de-desarrollo-de-garzon-ante-el-concejo\/","article_publisher":"https:\/\/www.facebook.com\/luchonoticiasneiva","article_published_time":"2024-05-01T10:24:10+00:00","og_image":[{"width":700,"height":400,"url":"https:\/\/luchonoticias.com\/editor\/wp-content\/uploads\/2024\/05\/garzon.jpg","type":"image\/jpeg"}],"author":"Editor General","twitter_card":"summary_large_image","twitter_misc":{"Escrito por":"Editor General","Tiempo de lectura":"2 minutos"},"schema":{"@context":"https:\/\/schema.org","@graph":[{"@type":"Article","@id":"https:\/\/luchonoticias.com\/editor\/fue-radicado-el-plan-de-desarrollo-de-garzon-ante-el-concejo\/#article","isPartOf":{"@id":"https:\/\/luchonoticias.com\/editor\/fue-radicado-el-plan-de-desarrollo-de-garzon-ante-el-concejo\/"},"author":{"name":"Editor General","@id":"https:\/\/luchonoticias.com\/editor\/#\/schema\/person\/29217990ddf6f14e35912b2866d591fb"},"headline":"Fue radicado el plan de desarrollo de Garz\u00f3n ante el Concejo","datePublished":"2024-05-01T10:24:10+00:00","mainEntityOfPage":{"@id":"https:\/\/luchonoticias.com\/editor\/fue-radicado-el-plan-de-desarrollo-de-garzon-ante-el-concejo\/"},"wordCount":497,"publisher":{"@id":"https:\/\/luchonoticias.com\/editor\/#\/schema\/person\/7a7fd911f58561fd056dbac7b55af9cd"},"image":{"@id":"https:\/\/luchonoticias.com\/editor\/fue-radicado-el-plan-de-desarrollo-de-garzon-ante-el-concejo\/#primaryimage"},"thumbnailUrl":"https:\/\/luchonoticias.com\/editor\/wp-content\/uploads\/2024\/05\/garzon.jpg","articleSection":["Huila"],"inLanguage":"es"},{"@type":"WebPage","@id":"https:\/\/luchonoticias.com\/editor\/fue-radicado-el-plan-de-desarrollo-de-garzon-ante-el-concejo\/","url":"https:\/\/luchonoticias.com\/editor\/fue-radicado-el-plan-de-desarrollo-de-garzon-ante-el-concejo\/","name":"Fue radicado el plan de desarrollo de Garz\u00f3n ante el Concejo -","isPartOf":{"@id":"https:\/\/luchonoticias.com\/editor\/#website"},"primaryImageOfPage":{"@id":"https:\/\/luchonoticias.com\/editor\/fue-radicado-el-plan-de-desarrollo-de-garzon-ante-el-concejo\/#primaryimage"},"image":{"@id":"https:\/\/luchonoticias.com\/editor\/fue-radicado-el-plan-de-desarrollo-de-garzon-ante-el-concejo\/#primaryimage"},"thumbnailUrl":"https:\/\/luchonoticias.com\/editor\/wp-content\/uploads\/2024\/05\/garzon.jpg","datePublished":"2024-05-01T10:24:10+00:00","breadcrumb":{"@id":"https:\/\/luchonoticias.com\/editor\/fue-radicado-el-plan-de-desarrollo-de-garzon-ante-el-concejo\/#breadcrumb"},"inLanguage":"es","potentialAction":[{"@type":"ReadAction","target":["https:\/\/luchonoticias.com\/editor\/fue-radicado-el-plan-de-desarrollo-de-garzon-ante-el-concejo\/"]}]},{"@type":"ImageObject","inLanguage":"es","@id":"https:\/\/luchonoticias.com\/editor\/fue-radicado-el-plan-de-desarrollo-de-garzon-ante-el-concejo\/#primaryimage","url":"https:\/\/luchonoticias.com\/editor\/wp-content\/uploads\/2024\/05\/garzon.jpg","contentUrl":"https:\/\/luchonoticias.com\/editor\/wp-content\/uploads\/2024\/05\/garzon.jpg","width":700,"height":400},{"@type":"BreadcrumbList","@id":"https:\/\/luchonoticias.com\/editor\/fue-radicado-el-plan-de-desarrollo-de-garzon-ante-el-concejo\/#breadcrumb","itemListElement":[{"@type":"ListItem","position":1,"name":"Portada","item":"https:\/\/luchonoticias.com\/editor\/"},{"@type":"ListItem","position":2,"name":"Fue radicado el plan de desarrollo de Garz\u00f3n ante el Concejo"}]},{"@type":"WebSite","@id":"https:\/\/luchonoticias.com\/editor\/#website","url":"https:\/\/luchonoticias.com\/editor\/","name":"","description":"","publisher":{"@id":"https:\/\/luchonoticias.com\/editor\/#\/schema\/person\/7a7fd911f58561fd056dbac7b55af9cd"},"potentialAction":[{"@type":"SearchAction","target":{"@type":"EntryPoint","urlTemplate":"https:\/\/luchonoticias.com\/editor\/?s={search_term_string}"},"query-input":{"@type":"PropertyValueSpecification","valueRequired":true,"valueName":"search_term_string"}}],"inLanguage":"es"},{"@type":["Person","Organization"],"@id":"https:\/\/luchonoticias.com\/editor\/#\/schema\/person\/7a7fd911f58561fd056dbac7b55af9cd","name":"admin","image":{"@type":"ImageObject","inLanguage":"es","@id":"https:\/\/luchonoticias.com\/editor\/#\/schema\/person\/image\/","url":"https:\/\/luchonoticias.com\/editor\/wp-content\/uploads\/2024\/02\/cropped-cropped-logolu.webp","contentUrl":"https:\/\/luchonoticias.com\/editor\/wp-content\/uploads\/2024\/02\/cropped-cropped-logolu.webp","width":382,"height":170,"caption":"admin"},"logo":{"@id":"https:\/\/luchonoticias.com\/editor\/#\/schema\/person\/image\/"},"sameAs":["https:\/\/www.facebook.com\/luchonoticiasneiva"]},{"@type":"Person","@id":"https:\/\/luchonoticias.com\/editor\/#\/schema\/person\/29217990ddf6f14e35912b2866d591fb","name":"Editor General","image":{"@type":"ImageObject","inLanguage":"es","@id":"https:\/\/luchonoticias.com\/editor\/#\/schema\/person\/image\/","url":"https:\/\/luchonoticias.com\/editor\/wp-content\/uploads\/2024\/02\/cropped-cropped-logolu-150x150.webp","contentUrl":"https:\/\/luchonoticias.com\/editor\/wp-content\/uploads\/2024\/02\/cropped-cropped-logolu-150x150.webp","caption":"Editor General"},"sameAs":["https:\/\/luchonoticias.com\/"],"url":"https:\/\/luchonoticias.com\/editor\/author\/editor-general\/"}]}},"_links":{"self":[{"href":"https:\/\/luchonoticias.com\/editor\/wp-json\/wp\/v2\/posts\/72592","targetHints":{"allow":["GET"]}}],"collection":[{"href":"https:\/\/luchonoticias.com\/editor\/wp-json\/wp\/v2\/posts"}],"about":[{"href":"https:\/\/luchonoticias.com\/editor\/wp-json\/wp\/v2\/types\/post"}],"author":[{"embeddable":true,"href":"https:\/\/luchonoticias.com\/editor\/wp-json\/wp\/v2\/users\/2"}],"replies":[{"embeddable":true,"href":"https:\/\/luchonoticias.com\/editor\/wp-json\/wp\/v2\/comments?post=72592"}],"version-history":[{"count":0,"href":"https:\/\/luchonoticias.com\/editor\/wp-json\/wp\/v2\/posts\/72592\/revisions"}],"wp:featuredmedia":[{"embeddable":true,"href":"https:\/\/luchonoticias.com\/editor\/wp-json\/wp\/v2\/media\/72593"}],"wp:attachment":[{"href":"https:\/\/luchonoticias.com\/editor\/wp-json\/wp\/v2\/media?parent=72592"}],"wp:term":[{"taxonomy":"category","embeddable":true,"href":"https:\/\/luchonoticias.com\/editor\/wp-json\/wp\/v2\/categories?post=72592"},{"taxonomy":"post_tag","embeddable":true,"href":"https:\/\/luchonoticias.com\/editor\/wp-json\/wp\/v2\/tags?post=72592"}],"curies":[{"name":"wp","href":"https:\/\/api.w.org\/{rel}","templated":true}]}}