{"id":72601,"date":"2024-05-01T05:32:07","date_gmt":"2024-05-01T10:32:07","guid":{"rendered":"https:\/\/luchonoticias.com\/?p=72601"},"modified":"2024-05-01T05:32:07","modified_gmt":"2024-05-01T10:32:07","slug":"senado-le-da-luz-verde-a-la-remuneracion-justa-de-los-concejales","status":"publish","type":"post","link":"https:\/\/luchonoticias.com\/editor\/senado-le-da-luz-verde-a-la-remuneracion-justa-de-los-concejales\/","title":{"rendered":"Senado le da luz verde a la remuneraci\u00f3n justa de los concejales"},"content":{"rendered":"<p>Por\u00a0iniciativa del senador\u00a0<span class=\"s3\">Germ\u00e1n Blanco<\/span> (Partido\u00a0Conservador) se debati\u00f3 el proyecto de ley por medio del cual se aumenta el monto\u00a0de\u00a0los honorarios de los\u00a0concejales de\u00a0los municipios de quinta y sexta categor\u00eda donde contempla el aumento de sesiones ordinarias y extraordinarias, adoptando medidas de seguridad social para dichos ediles municipales.<\/p>\n<p class=\"s2\">La\u00a0iniciativa tuvo\u00a0una\u00a0aprobaci\u00f3n de\u00a0unanimidad de\u00a0los legisladores\u00a0presentes,\u00a0quienes\u00a0luego\u00a0de negar\u00a0los respectivos\u00a0impedimentos, dieron\u00a0la\u00a0discusi\u00f3n en\u00a0favor de\u00a0la iniciativa reconociendo la\u00a0gran\u00a0labor de\u00a0dichos l\u00edderes provincianos\u00a0que asumen\u00a0riesgo de seguridad por la lejan\u00eda y abandono de muchos\u00a0municipios colombianos.<\/p>\n<p class=\"s2\">El ponente\u00a0<span class=\"s3\">Germ\u00e1n Blanco<\/span>\u00a0se\u00f1al\u00f3 que\u00a0\u201cel proyecto incluye todos los concejales del\u00a0pa\u00eds,\u00a0aunque nosotros\u00a0incluimos\u00a0unos horarios\u00a0a una categor\u00eda especial\u00a0porque no es justo que un concejal no se gane siquiera un mill\u00f3n de pesos por honorarios, por eso incluimos\u00a0que,\u00a0en los 5 d\u00edas h\u00e1biles siguientes de sesiones, el alcalde cancele los honorarios a los concejales\u201d.<\/p>\n<p class=\"s2\">Las diferentes\u00a0bancadas expresaron\u00a0sus\u00a0razones de\u00a0apoyo para el mejoramiento\u00a0de los\u00a0ingresos econ\u00f3micos a los concejales tal como lo expres\u00f3 el Pacto Hist\u00f3rico, con los senadores\u00a0<span class=\"s3\">Paulino\u00a0<\/span><span class=\"s3\">Riascos<\/span><span class=\"s3\">, Aida Avella, Jael Quiroga, Sandra Ram\u00edrez y Aida Quilcu\u00e9<\/span><span class=\"s3\">,<\/span><span class=\"s3\">\u00a0quienes pidieron a los ediles \u00a0 ayudad a<\/span>\u00a0combatir la corrupci\u00f3n en los municipios.<\/p>\n<p class=\"s2\">En el mismo sentido el Partido de la U, levant\u00f3 su voz con los legisladores\u00a0<span class=\"s3\">Alfredo Deluque, Antonio<\/span>\u00a0<span class=\"s3\">Correa, Norma Hurtado, Juan Felipe Lemos<\/span><span class=\"s3\">,<\/span>\u00a0quienes anunciaron su voto positivo en respaldo de la equidad.<\/p>\n<p class=\"s2\">Seguidamente Cambio\u00a0Radical dijo\u00a0presente con los senadores\u00a0<span class=\"s3\">Ana Mar\u00eda Casta\u00f1eda, Carlos Julio<\/span>\u00a0<span class=\"s3\">Gonzale<\/span><span class=\"s3\">z<\/span>,\u00a0quienes solicitaron\u00a0seguridad social\u00a0integral y que se \u00a0verifique el impacto fiscal seg\u00fan los municipios.<\/p>\n<p class=\"s2\">As\u00ed mismo el partido Mira en cabeza del senador Carlos Guevara\u00a0indic\u00f3,\u00a0\u201cesta es una iniciativa que venimos respaldando desde hace tiempo, paralo\u00a0cual unido\u00a0a\u00a0la reforma\u00a0a\u00a0la salud, reforma pensional debemos revisar el esquema de protecci\u00f3n a los concejales\u201d.<\/p>\n<p class=\"s2\">Por su parte el partido Liberal representado por la senadora\u00a0<span class=\"s3\">Karina\u00a0<\/span><span class=\"s3\">Espinosa<\/span>\u00a0se\u00f1al\u00f3\u00a0\u201cno podemos hablar de formalizaci\u00f3n\u00a0laboral cuando\u00a0un concejal gana menos de un mill\u00f3n de pesos en muchos municipios del pa\u00eds\u201d.<\/p>\n<p class=\"s2\">Los\u00a0conservadores\u00a0Soledad Tamayo,\u00a0Nicol\u00e1s<span class=\"s3\">\u00a0Echeverry<\/span><span class=\"s3\"> y\u00a0<\/span><span class=\"s3\">Samy Me<\/span><span class=\"s3\">rh<\/span><span class=\"s3\">e<\/span><span class=\"s3\">g<\/span>\u00a0en respaldo a la iniciativa expresaron, debemos trabajar en el impacto fiscal y dejarle la puerta abierta el gobierno para que\u00a0por medio\u00a0del presupuesto nacional podamos conseguir recursos para los municipios.<\/p>\n<p class=\"s2\">El senador\u00a0<span class=\"s3\">Omar Restrepo<\/span>\u00a0se tom\u00f3 la vocer\u00eda del\u00a0Partido\u00a0comunes,\u00a0manifestando \u201cesta es una deuda hist\u00f3rica que se\u00a0debe respaldar\u00a0para mejorar\u00a0las condiciones de vida de los concejales\u201d.<\/p>\n<p class=\"s2\">La alianza Verde dio su respaldo por iniciativa de la senadora\u00a0<span class=\"s3\">Carolina Espitia Jerez<\/span>\u00a0afirmando \u201cesta es una contraprestaci\u00f3n a la labor que hacen\u00a0estos trabajadores\u00a0de la pol\u00edtica en\u00a0la provincia\u201d<\/p>\n<p class=\"s2\">As\u00ed mismo el Centro Democr\u00e1tico se uni\u00f3 al respaldo con el pronunciamiento de\u00a0los\u00a0senadores\u00a0<span class=\"s3\">Andr\u00e9s<\/span><span class=\"s3\">\u00a0Guerra y Alirio Barrera<\/span> quienes destacaron la labor de los concejales de Colombia indicando que con esta iniciativa hacemos justicia. El proyecto pasa ahora a la C\u00e1mara.<\/p>\n","protected":false},"excerpt":{"rendered":"<p>Por\u00a0iniciativa del senador\u00a0Germ\u00e1n Blanco (Partido\u00a0Conservador) se debati\u00f3 el proyecto de ley por medio del cual se aumenta el monto\u00a0de\u00a0los honorarios de los\u00a0concejales de\u00a0los municipios de quinta y sexta categor\u00eda donde contempla el aumento de sesiones ordinarias y extraordinarias, adoptando medidas de seguridad social para dichos ediles municipales. La\u00a0iniciativa tuvo\u00a0una\u00a0aprobaci\u00f3n de\u00a0unanimidad de\u00a0los legisladores\u00a0presentes,\u00a0quienes\u00a0luego\u00a0de negar\u00a0los respectivos\u00a0impedimentos, dieron\u00a0la\u00a0discusi\u00f3n [&hellip;]<\/p>\n","protected":false},"author":2,"featured_media":72602,"comment_status":"closed","ping_status":"open","sticky":false,"template":"","format":"standard","meta":{"footnotes":""},"categories":[28],"tags":[],"class_list":["post-72601","post","type-post","status-publish","format-standard","has-post-thumbnail","hentry","category-actualidad"],"yoast_head":"<!-- This site is optimized with the Yoast SEO plugin v26.6 - https:\/\/yoast.com\/wordpress\/plugins\/seo\/ -->\n<title>Senado le da luz verde a la remuneraci\u00f3n justa de los concejales -<\/title>\n<meta name=\"robots\" content=\"index, follow, max-snippet:-1, max-image-preview:large, max-video-preview:-1\" \/>\n<link rel=\"canonical\" href=\"https:\/\/luchonoticias.com\/editor\/senado-le-da-luz-verde-a-la-remuneracion-justa-de-los-concejales\/\" \/>\n<meta property=\"og:locale\" content=\"es_ES\" \/>\n<meta property=\"og:type\" content=\"article\" \/>\n<meta property=\"og:title\" content=\"Senado le da luz verde a la remuneraci\u00f3n justa de los concejales -\" \/>\n<meta property=\"og:url\" content=\"https:\/\/luchonoticias.com\/editor\/senado-le-da-luz-verde-a-la-remuneracion-justa-de-los-concejales\/\" \/>\n<meta property=\"article:publisher\" content=\"https:\/\/www.facebook.com\/luchonoticiasneiva\" \/>\n<meta property=\"article:published_time\" content=\"2024-05-01T10:32:07+00:00\" \/>\n<meta property=\"og:image\" content=\"https:\/\/luchonoticias.com\/editor\/wp-content\/uploads\/2024\/05\/cf727c58-884f-4c5d-a569-680699e6bbe4.jpeg\" \/>\n\t<meta property=\"og:image:width\" content=\"1170\" \/>\n\t<meta property=\"og:image:height\" content=\"780\" \/>\n\t<meta property=\"og:image:type\" content=\"image\/jpeg\" \/>\n<meta name=\"author\" content=\"Editor General\" \/>\n<meta name=\"twitter:card\" content=\"summary_large_image\" \/>\n<meta name=\"twitter:label1\" content=\"Escrito por\" \/>\n\t<meta name=\"twitter:data1\" content=\"Editor General\" \/>\n\t<meta name=\"twitter:label2\" content=\"Tiempo de lectura\" \/>\n\t<meta name=\"twitter:data2\" content=\"3 minutos\" \/>\n<script type=\"application\/ld+json\" class=\"yoast-schema-graph\">{\"@context\":\"https:\/\/schema.org\",\"@graph\":[{\"@type\":\"Article\",\"@id\":\"https:\/\/luchonoticias.com\/editor\/senado-le-da-luz-verde-a-la-remuneracion-justa-de-los-concejales\/#article\",\"isPartOf\":{\"@id\":\"https:\/\/luchonoticias.com\/editor\/senado-le-da-luz-verde-a-la-remuneracion-justa-de-los-concejales\/\"},\"author\":{\"name\":\"Editor General\",\"@id\":\"https:\/\/luchonoticias.com\/editor\/#\/schema\/person\/29217990ddf6f14e35912b2866d591fb\"},\"headline\":\"Senado le da luz verde a la remuneraci\u00f3n justa de los concejales\",\"datePublished\":\"2024-05-01T10:32:07+00:00\",\"mainEntityOfPage\":{\"@id\":\"https:\/\/luchonoticias.com\/editor\/senado-le-da-luz-verde-a-la-remuneracion-justa-de-los-concejales\/\"},\"wordCount\":548,\"publisher\":{\"@id\":\"https:\/\/luchonoticias.com\/editor\/#\/schema\/person\/7a7fd911f58561fd056dbac7b55af9cd\"},\"image\":{\"@id\":\"https:\/\/luchonoticias.com\/editor\/senado-le-da-luz-verde-a-la-remuneracion-justa-de-los-concejales\/#primaryimage\"},\"thumbnailUrl\":\"https:\/\/luchonoticias.com\/editor\/wp-content\/uploads\/2024\/05\/cf727c58-884f-4c5d-a569-680699e6bbe4.jpeg\",\"articleSection\":[\"Actualidad\"],\"inLanguage\":\"es\"},{\"@type\":\"WebPage\",\"@id\":\"https:\/\/luchonoticias.com\/editor\/senado-le-da-luz-verde-a-la-remuneracion-justa-de-los-concejales\/\",\"url\":\"https:\/\/luchonoticias.com\/editor\/senado-le-da-luz-verde-a-la-remuneracion-justa-de-los-concejales\/\",\"name\":\"Senado le da luz verde a la remuneraci\u00f3n justa de los concejales -\",\"isPartOf\":{\"@id\":\"https:\/\/luchonoticias.com\/editor\/#website\"},\"primaryImageOfPage\":{\"@id\":\"https:\/\/luchonoticias.com\/editor\/senado-le-da-luz-verde-a-la-remuneracion-justa-de-los-concejales\/#primaryimage\"},\"image\":{\"@id\":\"https:\/\/luchonoticias.com\/editor\/senado-le-da-luz-verde-a-la-remuneracion-justa-de-los-concejales\/#primaryimage\"},\"thumbnailUrl\":\"https:\/\/luchonoticias.com\/editor\/wp-content\/uploads\/2024\/05\/cf727c58-884f-4c5d-a569-680699e6bbe4.jpeg\",\"datePublished\":\"2024-05-01T10:32:07+00:00\",\"breadcrumb\":{\"@id\":\"https:\/\/luchonoticias.com\/editor\/senado-le-da-luz-verde-a-la-remuneracion-justa-de-los-concejales\/#breadcrumb\"},\"inLanguage\":\"es\",\"potentialAction\":[{\"@type\":\"ReadAction\",\"target\":[\"https:\/\/luchonoticias.com\/editor\/senado-le-da-luz-verde-a-la-remuneracion-justa-de-los-concejales\/\"]}]},{\"@type\":\"ImageObject\",\"inLanguage\":\"es\",\"@id\":\"https:\/\/luchonoticias.com\/editor\/senado-le-da-luz-verde-a-la-remuneracion-justa-de-los-concejales\/#primaryimage\",\"url\":\"https:\/\/luchonoticias.com\/editor\/wp-content\/uploads\/2024\/05\/cf727c58-884f-4c5d-a569-680699e6bbe4.jpeg\",\"contentUrl\":\"https:\/\/luchonoticias.com\/editor\/wp-content\/uploads\/2024\/05\/cf727c58-884f-4c5d-a569-680699e6bbe4.jpeg\",\"width\":1170,\"height\":780},{\"@type\":\"BreadcrumbList\",\"@id\":\"https:\/\/luchonoticias.com\/editor\/senado-le-da-luz-verde-a-la-remuneracion-justa-de-los-concejales\/#breadcrumb\",\"itemListElement\":[{\"@type\":\"ListItem\",\"position\":1,\"name\":\"Portada\",\"item\":\"https:\/\/luchonoticias.com\/editor\/\"},{\"@type\":\"ListItem\",\"position\":2,\"name\":\"Senado le da luz verde a la remuneraci\u00f3n justa de los concejales\"}]},{\"@type\":\"WebSite\",\"@id\":\"https:\/\/luchonoticias.com\/editor\/#website\",\"url\":\"https:\/\/luchonoticias.com\/editor\/\",\"name\":\"\",\"description\":\"\",\"publisher\":{\"@id\":\"https:\/\/luchonoticias.com\/editor\/#\/schema\/person\/7a7fd911f58561fd056dbac7b55af9cd\"},\"potentialAction\":[{\"@type\":\"SearchAction\",\"target\":{\"@type\":\"EntryPoint\",\"urlTemplate\":\"https:\/\/luchonoticias.com\/editor\/?s={search_term_string}\"},\"query-input\":{\"@type\":\"PropertyValueSpecification\",\"valueRequired\":true,\"valueName\":\"search_term_string\"}}],\"inLanguage\":\"es\"},{\"@type\":[\"Person\",\"Organization\"],\"@id\":\"https:\/\/luchonoticias.com\/editor\/#\/schema\/person\/7a7fd911f58561fd056dbac7b55af9cd\",\"name\":\"admin\",\"image\":{\"@type\":\"ImageObject\",\"inLanguage\":\"es\",\"@id\":\"https:\/\/luchonoticias.com\/editor\/#\/schema\/person\/image\/\",\"url\":\"https:\/\/luchonoticias.com\/editor\/wp-content\/uploads\/2024\/02\/cropped-cropped-logolu.webp\",\"contentUrl\":\"https:\/\/luchonoticias.com\/editor\/wp-content\/uploads\/2024\/02\/cropped-cropped-logolu.webp\",\"width\":382,\"height\":170,\"caption\":\"admin\"},\"logo\":{\"@id\":\"https:\/\/luchonoticias.com\/editor\/#\/schema\/person\/image\/\"},\"sameAs\":[\"https:\/\/www.facebook.com\/luchonoticiasneiva\"]},{\"@type\":\"Person\",\"@id\":\"https:\/\/luchonoticias.com\/editor\/#\/schema\/person\/29217990ddf6f14e35912b2866d591fb\",\"name\":\"Editor General\",\"image\":{\"@type\":\"ImageObject\",\"inLanguage\":\"es\",\"@id\":\"https:\/\/luchonoticias.com\/editor\/#\/schema\/person\/image\/\",\"url\":\"https:\/\/luchonoticias.com\/editor\/wp-content\/uploads\/2024\/02\/cropped-cropped-logolu-150x150.webp\",\"contentUrl\":\"https:\/\/luchonoticias.com\/editor\/wp-content\/uploads\/2024\/02\/cropped-cropped-logolu-150x150.webp\",\"caption\":\"Editor General\"},\"sameAs\":[\"https:\/\/luchonoticias.com\/\"],\"url\":\"https:\/\/luchonoticias.com\/editor\/author\/editor-general\/\"}]}<\/script>\n<!-- \/ Yoast SEO plugin. -->","yoast_head_json":{"title":"Senado le da luz verde a la remuneraci\u00f3n justa de los concejales -","robots":{"index":"index","follow":"follow","max-snippet":"max-snippet:-1","max-image-preview":"max-image-preview:large","max-video-preview":"max-video-preview:-1"},"canonical":"https:\/\/luchonoticias.com\/editor\/senado-le-da-luz-verde-a-la-remuneracion-justa-de-los-concejales\/","og_locale":"es_ES","og_type":"article","og_title":"Senado le da luz verde a la remuneraci\u00f3n justa de los concejales -","og_url":"https:\/\/luchonoticias.com\/editor\/senado-le-da-luz-verde-a-la-remuneracion-justa-de-los-concejales\/","article_publisher":"https:\/\/www.facebook.com\/luchonoticiasneiva","article_published_time":"2024-05-01T10:32:07+00:00","og_image":[{"width":1170,"height":780,"url":"https:\/\/luchonoticias.com\/editor\/wp-content\/uploads\/2024\/05\/cf727c58-884f-4c5d-a569-680699e6bbe4.jpeg","type":"image\/jpeg"}],"author":"Editor General","twitter_card":"summary_large_image","twitter_misc":{"Escrito por":"Editor General","Tiempo de lectura":"3 minutos"},"schema":{"@context":"https:\/\/schema.org","@graph":[{"@type":"Article","@id":"https:\/\/luchonoticias.com\/editor\/senado-le-da-luz-verde-a-la-remuneracion-justa-de-los-concejales\/#article","isPartOf":{"@id":"https:\/\/luchonoticias.com\/editor\/senado-le-da-luz-verde-a-la-remuneracion-justa-de-los-concejales\/"},"author":{"name":"Editor General","@id":"https:\/\/luchonoticias.com\/editor\/#\/schema\/person\/29217990ddf6f14e35912b2866d591fb"},"headline":"Senado le da luz verde a la remuneraci\u00f3n justa de los concejales","datePublished":"2024-05-01T10:32:07+00:00","mainEntityOfPage":{"@id":"https:\/\/luchonoticias.com\/editor\/senado-le-da-luz-verde-a-la-remuneracion-justa-de-los-concejales\/"},"wordCount":548,"publisher":{"@id":"https:\/\/luchonoticias.com\/editor\/#\/schema\/person\/7a7fd911f58561fd056dbac7b55af9cd"},"image":{"@id":"https:\/\/luchonoticias.com\/editor\/senado-le-da-luz-verde-a-la-remuneracion-justa-de-los-concejales\/#primaryimage"},"thumbnailUrl":"https:\/\/luchonoticias.com\/editor\/wp-content\/uploads\/2024\/05\/cf727c58-884f-4c5d-a569-680699e6bbe4.jpeg","articleSection":["Actualidad"],"inLanguage":"es"},{"@type":"WebPage","@id":"https:\/\/luchonoticias.com\/editor\/senado-le-da-luz-verde-a-la-remuneracion-justa-de-los-concejales\/","url":"https:\/\/luchonoticias.com\/editor\/senado-le-da-luz-verde-a-la-remuneracion-justa-de-los-concejales\/","name":"Senado le da luz verde a la remuneraci\u00f3n justa de los concejales -","isPartOf":{"@id":"https:\/\/luchonoticias.com\/editor\/#website"},"primaryImageOfPage":{"@id":"https:\/\/luchonoticias.com\/editor\/senado-le-da-luz-verde-a-la-remuneracion-justa-de-los-concejales\/#primaryimage"},"image":{"@id":"https:\/\/luchonoticias.com\/editor\/senado-le-da-luz-verde-a-la-remuneracion-justa-de-los-concejales\/#primaryimage"},"thumbnailUrl":"https:\/\/luchonoticias.com\/editor\/wp-content\/uploads\/2024\/05\/cf727c58-884f-4c5d-a569-680699e6bbe4.jpeg","datePublished":"2024-05-01T10:32:07+00:00","breadcrumb":{"@id":"https:\/\/luchonoticias.com\/editor\/senado-le-da-luz-verde-a-la-remuneracion-justa-de-los-concejales\/#breadcrumb"},"inLanguage":"es","potentialAction":[{"@type":"ReadAction","target":["https:\/\/luchonoticias.com\/editor\/senado-le-da-luz-verde-a-la-remuneracion-justa-de-los-concejales\/"]}]},{"@type":"ImageObject","inLanguage":"es","@id":"https:\/\/luchonoticias.com\/editor\/senado-le-da-luz-verde-a-la-remuneracion-justa-de-los-concejales\/#primaryimage","url":"https:\/\/luchonoticias.com\/editor\/wp-content\/uploads\/2024\/05\/cf727c58-884f-4c5d-a569-680699e6bbe4.jpeg","contentUrl":"https:\/\/luchonoticias.com\/editor\/wp-content\/uploads\/2024\/05\/cf727c58-884f-4c5d-a569-680699e6bbe4.jpeg","width":1170,"height":780},{"@type":"BreadcrumbList","@id":"https:\/\/luchonoticias.com\/editor\/senado-le-da-luz-verde-a-la-remuneracion-justa-de-los-concejales\/#breadcrumb","itemListElement":[{"@type":"ListItem","position":1,"name":"Portada","item":"https:\/\/luchonoticias.com\/editor\/"},{"@type":"ListItem","position":2,"name":"Senado le da luz verde a la remuneraci\u00f3n justa de los concejales"}]},{"@type":"WebSite","@id":"https:\/\/luchonoticias.com\/editor\/#website","url":"https:\/\/luchonoticias.com\/editor\/","name":"","description":"","publisher":{"@id":"https:\/\/luchonoticias.com\/editor\/#\/schema\/person\/7a7fd911f58561fd056dbac7b55af9cd"},"potentialAction":[{"@type":"SearchAction","target":{"@type":"EntryPoint","urlTemplate":"https:\/\/luchonoticias.com\/editor\/?s={search_term_string}"},"query-input":{"@type":"PropertyValueSpecification","valueRequired":true,"valueName":"search_term_string"}}],"inLanguage":"es"},{"@type":["Person","Organization"],"@id":"https:\/\/luchonoticias.com\/editor\/#\/schema\/person\/7a7fd911f58561fd056dbac7b55af9cd","name":"admin","image":{"@type":"ImageObject","inLanguage":"es","@id":"https:\/\/luchonoticias.com\/editor\/#\/schema\/person\/image\/","url":"https:\/\/luchonoticias.com\/editor\/wp-content\/uploads\/2024\/02\/cropped-cropped-logolu.webp","contentUrl":"https:\/\/luchonoticias.com\/editor\/wp-content\/uploads\/2024\/02\/cropped-cropped-logolu.webp","width":382,"height":170,"caption":"admin"},"logo":{"@id":"https:\/\/luchonoticias.com\/editor\/#\/schema\/person\/image\/"},"sameAs":["https:\/\/www.facebook.com\/luchonoticiasneiva"]},{"@type":"Person","@id":"https:\/\/luchonoticias.com\/editor\/#\/schema\/person\/29217990ddf6f14e35912b2866d591fb","name":"Editor General","image":{"@type":"ImageObject","inLanguage":"es","@id":"https:\/\/luchonoticias.com\/editor\/#\/schema\/person\/image\/","url":"https:\/\/luchonoticias.com\/editor\/wp-content\/uploads\/2024\/02\/cropped-cropped-logolu-150x150.webp","contentUrl":"https:\/\/luchonoticias.com\/editor\/wp-content\/uploads\/2024\/02\/cropped-cropped-logolu-150x150.webp","caption":"Editor General"},"sameAs":["https:\/\/luchonoticias.com\/"],"url":"https:\/\/luchonoticias.com\/editor\/author\/editor-general\/"}]}},"_links":{"self":[{"href":"https:\/\/luchonoticias.com\/editor\/wp-json\/wp\/v2\/posts\/72601","targetHints":{"allow":["GET"]}}],"collection":[{"href":"https:\/\/luchonoticias.com\/editor\/wp-json\/wp\/v2\/posts"}],"about":[{"href":"https:\/\/luchonoticias.com\/editor\/wp-json\/wp\/v2\/types\/post"}],"author":[{"embeddable":true,"href":"https:\/\/luchonoticias.com\/editor\/wp-json\/wp\/v2\/users\/2"}],"replies":[{"embeddable":true,"href":"https:\/\/luchonoticias.com\/editor\/wp-json\/wp\/v2\/comments?post=72601"}],"version-history":[{"count":0,"href":"https:\/\/luchonoticias.com\/editor\/wp-json\/wp\/v2\/posts\/72601\/revisions"}],"wp:featuredmedia":[{"embeddable":true,"href":"https:\/\/luchonoticias.com\/editor\/wp-json\/wp\/v2\/media\/72602"}],"wp:attachment":[{"href":"https:\/\/luchonoticias.com\/editor\/wp-json\/wp\/v2\/media?parent=72601"}],"wp:term":[{"taxonomy":"category","embeddable":true,"href":"https:\/\/luchonoticias.com\/editor\/wp-json\/wp\/v2\/categories?post=72601"},{"taxonomy":"post_tag","embeddable":true,"href":"https:\/\/luchonoticias.com\/editor\/wp-json\/wp\/v2\/tags?post=72601"}],"curies":[{"name":"wp","href":"https:\/\/api.w.org\/{rel}","templated":true}]}}