{"id":72622,"date":"2024-05-02T05:36:53","date_gmt":"2024-05-02T10:36:53","guid":{"rendered":"https:\/\/luchonoticias.com\/?p=72622"},"modified":"2024-05-02T05:36:53","modified_gmt":"2024-05-02T10:36:53","slug":"primera-sesion-del-consejo-territorial-de-seguridad-social-en-salud","status":"publish","type":"post","link":"https:\/\/luchonoticias.com\/editor\/primera-sesion-del-consejo-territorial-de-seguridad-social-en-salud\/","title":{"rendered":"Primera sesi\u00f3n del Consejo Territorial de Seguridad Social en Salud"},"content":{"rendered":"<p>Con la participaci\u00f3n de los gerentes de hospitales y E.S.E. municipales se cumpli\u00f3 la primera sesi\u00f3n del Consejo Territorial de Seguridad Social en Salud, ente que contiene a todas las instituciones comprometidos en el mejoramiento de la calidad de los servicios m\u00e9dico &#8211; asistenciales en el departamento del Huila.<\/p>\n<p>Esta primera jornada, se concentr\u00f3 en la socializaci\u00f3n de los respectivos planes de acci\u00f3n que han definido las instituciones de salud y el conocimiento de la normatividad legal que se puede utilizar para efectivizar dichos procesos encaminados a la consecuci\u00f3n de recursos para los centros asistenciales del departamento del Huila.<\/p>\n<p>\u201cNos hemos reunido en este Consejo Territorial, precisamente para iniciar el proceso de conocer los programas y proyectos que cada una de las instituciones de salud han definido dentro de su plan de acci\u00f3n, con la idea de poder apoyar desde el gobierno departamental estas iniciativas que buscan mejorar la calidad de la atenci\u00f3n m\u00e9dica en toda la regi\u00f3n\u201d, se\u00f1al\u00f3 el secretario de Salud del Huila Sergio Mauricio Zu\u00f1iga.<\/p>\n<p>Para los asistentes al Consejo Territorial, este encuentro es de suma importancia dada la necesidad que se tiene de construir el plan bienal 2024 \u2013 2025, que no es otra cosa que la hoja de ruta en materia de concreci\u00f3n de proyectos y ejecuci\u00f3n de recursos enfocados hacia el mejoramiento de la calidad de los servicios, infraestructura y dem\u00e1s para el sector salud del departamento del Huila.<\/p>\n<p>\u201cEsta plenaria del Consejo Territorial de Seguridad Social en Salud, hace parte del proceso de construcci\u00f3n del plan bienal que compromete a hospitales, E.S.E. municipales, centros de salud y claro a las autoridades departamentales quienes en conjunto tienen la misi\u00f3n de mejorar en todos los \u00f3rdenes la atenci\u00f3n, la calidad del servicio de todas las instituciones. Aqu\u00ed ya hemos analizado varios proyectos que pasan a estudio para viabilidad y de esa manera hacerlos llegar al Ministerio de Salud para su correspondiente asignaci\u00f3n econ\u00f3mica\u201d, expres\u00f3 Crist\u00f3bal Castro, miembro consejero por parte de los usuarios del departamento del Huila.<\/p>\n<p><strong>Mejoramiento de la calidad de los servicios de salud<\/strong><\/p>\n<p>Esta primera sesi\u00f3n tambi\u00e9n cont\u00f3 con la presencia de los gerentes de los hospitales de Neiva, La Plata, Garz\u00f3n y Pitalito, as\u00ed como con los gerentes de las E.S.E. municipales de buena parte de los 27 municipios del departamento del Huila.<\/p>\n<p>Para los gerentes de los centros asistenciales la idea de poder construir en conjunto el plan de acci\u00f3n para el mejoramiento de la calidad de la atenci\u00f3n en salud, se torna fundamental en la idea de consolidar la viabilidad de los proyectos para que los centros asistenciales se pongan a tono con las nuevas exigencias y se consolide una mayor cobertura de la poblaci\u00f3n.<\/p>\n<p>\u201cEstamos en la l\u00ednea de humanizar y mejorar en materia de salud. El se\u00f1or Gobernador Rodrigo Villalba Mosquera, ha dado instrucciones claras de la urgencia de mejorar en todos los niveles la prestaci\u00f3n del servicio a los usuarios. Hoy es fundamental la construcci\u00f3n de infraestructura y la dotaci\u00f3n de los centros asistenciales. Como gerentes, estamos presentando los proyectos, poni\u00e9ndolos a consideraci\u00f3n para que sean viabilizados. Estos proyectos buscan mejorar el nivel y la calidad tanto en la atenci\u00f3n de urgencias, como en las especialidades de la salud\u201d, dijo el doctor Jos\u00e9 Antonio Mu\u00f1oz, gerente del Hospital del municipio de La Plata.<\/p>\n<p>Los proyectos entran a estudio y evaluaci\u00f3n y en la medida que se verifique el cumplimiento en la presentaci\u00f3n t\u00e9cnica, se ir\u00e1n viabilizando y se buscar\u00e1 apoyo y cofinanciaci\u00f3n para las iniciativas de mayor impacto y de beneficio para las comunidades de la regi\u00f3n.<\/p>\n","protected":false},"excerpt":{"rendered":"<p>Con la participaci\u00f3n de los gerentes de hospitales y E.S.E. municipales se cumpli\u00f3 la primera sesi\u00f3n del Consejo Territorial de Seguridad Social en Salud, ente que contiene a todas las instituciones comprometidos en el mejoramiento de la calidad de los servicios m\u00e9dico &#8211; asistenciales en el departamento del Huila. Esta primera jornada, se concentr\u00f3 en [&hellip;]<\/p>\n","protected":false},"author":2,"featured_media":72623,"comment_status":"closed","ping_status":"open","sticky":false,"template":"","format":"standard","meta":{"footnotes":""},"categories":[33],"tags":[],"class_list":["post-72622","post","type-post","status-publish","format-standard","has-post-thumbnail","hentry","category-huila"],"yoast_head":"<!-- This site is optimized with the Yoast SEO plugin v26.6 - https:\/\/yoast.com\/wordpress\/plugins\/seo\/ -->\n<title>Primera sesi\u00f3n del Consejo Territorial de Seguridad Social en Salud -<\/title>\n<meta name=\"robots\" content=\"index, follow, max-snippet:-1, max-image-preview:large, max-video-preview:-1\" \/>\n<link rel=\"canonical\" href=\"https:\/\/luchonoticias.com\/editor\/primera-sesion-del-consejo-territorial-de-seguridad-social-en-salud\/\" \/>\n<meta property=\"og:locale\" content=\"es_ES\" \/>\n<meta property=\"og:type\" content=\"article\" \/>\n<meta property=\"og:title\" content=\"Primera sesi\u00f3n del Consejo Territorial de Seguridad Social en Salud -\" \/>\n<meta property=\"og:url\" content=\"https:\/\/luchonoticias.com\/editor\/primera-sesion-del-consejo-territorial-de-seguridad-social-en-salud\/\" \/>\n<meta property=\"article:publisher\" content=\"https:\/\/www.facebook.com\/luchonoticiasneiva\" \/>\n<meta property=\"article:published_time\" content=\"2024-05-02T10:36:53+00:00\" \/>\n<meta property=\"og:image\" content=\"https:\/\/luchonoticias.com\/editor\/wp-content\/uploads\/2024\/05\/consejo-salud.jpg\" \/>\n\t<meta property=\"og:image:width\" content=\"700\" \/>\n\t<meta property=\"og:image:height\" content=\"400\" \/>\n\t<meta property=\"og:image:type\" content=\"image\/jpeg\" \/>\n<meta name=\"author\" content=\"Editor General\" \/>\n<meta name=\"twitter:card\" content=\"summary_large_image\" \/>\n<meta name=\"twitter:label1\" content=\"Escrito por\" \/>\n\t<meta name=\"twitter:data1\" content=\"Editor General\" \/>\n\t<meta name=\"twitter:label2\" content=\"Tiempo de lectura\" \/>\n\t<meta name=\"twitter:data2\" content=\"3 minutos\" \/>\n<script type=\"application\/ld+json\" class=\"yoast-schema-graph\">{\"@context\":\"https:\/\/schema.org\",\"@graph\":[{\"@type\":\"Article\",\"@id\":\"https:\/\/luchonoticias.com\/editor\/primera-sesion-del-consejo-territorial-de-seguridad-social-en-salud\/#article\",\"isPartOf\":{\"@id\":\"https:\/\/luchonoticias.com\/editor\/primera-sesion-del-consejo-territorial-de-seguridad-social-en-salud\/\"},\"author\":{\"name\":\"Editor General\",\"@id\":\"https:\/\/luchonoticias.com\/editor\/#\/schema\/person\/29217990ddf6f14e35912b2866d591fb\"},\"headline\":\"Primera sesi\u00f3n del Consejo Territorial de Seguridad Social en Salud\",\"datePublished\":\"2024-05-02T10:36:53+00:00\",\"mainEntityOfPage\":{\"@id\":\"https:\/\/luchonoticias.com\/editor\/primera-sesion-del-consejo-territorial-de-seguridad-social-en-salud\/\"},\"wordCount\":646,\"publisher\":{\"@id\":\"https:\/\/luchonoticias.com\/editor\/#\/schema\/person\/7a7fd911f58561fd056dbac7b55af9cd\"},\"image\":{\"@id\":\"https:\/\/luchonoticias.com\/editor\/primera-sesion-del-consejo-territorial-de-seguridad-social-en-salud\/#primaryimage\"},\"thumbnailUrl\":\"https:\/\/luchonoticias.com\/editor\/wp-content\/uploads\/2024\/05\/consejo-salud.jpg\",\"articleSection\":[\"Huila\"],\"inLanguage\":\"es\"},{\"@type\":\"WebPage\",\"@id\":\"https:\/\/luchonoticias.com\/editor\/primera-sesion-del-consejo-territorial-de-seguridad-social-en-salud\/\",\"url\":\"https:\/\/luchonoticias.com\/editor\/primera-sesion-del-consejo-territorial-de-seguridad-social-en-salud\/\",\"name\":\"Primera sesi\u00f3n del Consejo Territorial de Seguridad Social en Salud -\",\"isPartOf\":{\"@id\":\"https:\/\/luchonoticias.com\/editor\/#website\"},\"primaryImageOfPage\":{\"@id\":\"https:\/\/luchonoticias.com\/editor\/primera-sesion-del-consejo-territorial-de-seguridad-social-en-salud\/#primaryimage\"},\"image\":{\"@id\":\"https:\/\/luchonoticias.com\/editor\/primera-sesion-del-consejo-territorial-de-seguridad-social-en-salud\/#primaryimage\"},\"thumbnailUrl\":\"https:\/\/luchonoticias.com\/editor\/wp-content\/uploads\/2024\/05\/consejo-salud.jpg\",\"datePublished\":\"2024-05-02T10:36:53+00:00\",\"breadcrumb\":{\"@id\":\"https:\/\/luchonoticias.com\/editor\/primera-sesion-del-consejo-territorial-de-seguridad-social-en-salud\/#breadcrumb\"},\"inLanguage\":\"es\",\"potentialAction\":[{\"@type\":\"ReadAction\",\"target\":[\"https:\/\/luchonoticias.com\/editor\/primera-sesion-del-consejo-territorial-de-seguridad-social-en-salud\/\"]}]},{\"@type\":\"ImageObject\",\"inLanguage\":\"es\",\"@id\":\"https:\/\/luchonoticias.com\/editor\/primera-sesion-del-consejo-territorial-de-seguridad-social-en-salud\/#primaryimage\",\"url\":\"https:\/\/luchonoticias.com\/editor\/wp-content\/uploads\/2024\/05\/consejo-salud.jpg\",\"contentUrl\":\"https:\/\/luchonoticias.com\/editor\/wp-content\/uploads\/2024\/05\/consejo-salud.jpg\",\"width\":700,\"height\":400},{\"@type\":\"BreadcrumbList\",\"@id\":\"https:\/\/luchonoticias.com\/editor\/primera-sesion-del-consejo-territorial-de-seguridad-social-en-salud\/#breadcrumb\",\"itemListElement\":[{\"@type\":\"ListItem\",\"position\":1,\"name\":\"Portada\",\"item\":\"https:\/\/luchonoticias.com\/editor\/\"},{\"@type\":\"ListItem\",\"position\":2,\"name\":\"Primera sesi\u00f3n del Consejo Territorial de Seguridad Social en Salud\"}]},{\"@type\":\"WebSite\",\"@id\":\"https:\/\/luchonoticias.com\/editor\/#website\",\"url\":\"https:\/\/luchonoticias.com\/editor\/\",\"name\":\"\",\"description\":\"\",\"publisher\":{\"@id\":\"https:\/\/luchonoticias.com\/editor\/#\/schema\/person\/7a7fd911f58561fd056dbac7b55af9cd\"},\"potentialAction\":[{\"@type\":\"SearchAction\",\"target\":{\"@type\":\"EntryPoint\",\"urlTemplate\":\"https:\/\/luchonoticias.com\/editor\/?s={search_term_string}\"},\"query-input\":{\"@type\":\"PropertyValueSpecification\",\"valueRequired\":true,\"valueName\":\"search_term_string\"}}],\"inLanguage\":\"es\"},{\"@type\":[\"Person\",\"Organization\"],\"@id\":\"https:\/\/luchonoticias.com\/editor\/#\/schema\/person\/7a7fd911f58561fd056dbac7b55af9cd\",\"name\":\"admin\",\"image\":{\"@type\":\"ImageObject\",\"inLanguage\":\"es\",\"@id\":\"https:\/\/luchonoticias.com\/editor\/#\/schema\/person\/image\/\",\"url\":\"https:\/\/luchonoticias.com\/editor\/wp-content\/uploads\/2024\/02\/cropped-cropped-logolu.webp\",\"contentUrl\":\"https:\/\/luchonoticias.com\/editor\/wp-content\/uploads\/2024\/02\/cropped-cropped-logolu.webp\",\"width\":382,\"height\":170,\"caption\":\"admin\"},\"logo\":{\"@id\":\"https:\/\/luchonoticias.com\/editor\/#\/schema\/person\/image\/\"},\"sameAs\":[\"https:\/\/www.facebook.com\/luchonoticiasneiva\"]},{\"@type\":\"Person\",\"@id\":\"https:\/\/luchonoticias.com\/editor\/#\/schema\/person\/29217990ddf6f14e35912b2866d591fb\",\"name\":\"Editor General\",\"image\":{\"@type\":\"ImageObject\",\"inLanguage\":\"es\",\"@id\":\"https:\/\/luchonoticias.com\/editor\/#\/schema\/person\/image\/\",\"url\":\"https:\/\/luchonoticias.com\/editor\/wp-content\/uploads\/2024\/02\/cropped-cropped-logolu-150x150.webp\",\"contentUrl\":\"https:\/\/luchonoticias.com\/editor\/wp-content\/uploads\/2024\/02\/cropped-cropped-logolu-150x150.webp\",\"caption\":\"Editor General\"},\"sameAs\":[\"https:\/\/luchonoticias.com\/\"],\"url\":\"https:\/\/luchonoticias.com\/editor\/author\/editor-general\/\"}]}<\/script>\n<!-- \/ Yoast SEO plugin. -->","yoast_head_json":{"title":"Primera sesi\u00f3n del Consejo Territorial de Seguridad Social en Salud -","robots":{"index":"index","follow":"follow","max-snippet":"max-snippet:-1","max-image-preview":"max-image-preview:large","max-video-preview":"max-video-preview:-1"},"canonical":"https:\/\/luchonoticias.com\/editor\/primera-sesion-del-consejo-territorial-de-seguridad-social-en-salud\/","og_locale":"es_ES","og_type":"article","og_title":"Primera sesi\u00f3n del Consejo Territorial de Seguridad Social en Salud -","og_url":"https:\/\/luchonoticias.com\/editor\/primera-sesion-del-consejo-territorial-de-seguridad-social-en-salud\/","article_publisher":"https:\/\/www.facebook.com\/luchonoticiasneiva","article_published_time":"2024-05-02T10:36:53+00:00","og_image":[{"width":700,"height":400,"url":"https:\/\/luchonoticias.com\/editor\/wp-content\/uploads\/2024\/05\/consejo-salud.jpg","type":"image\/jpeg"}],"author":"Editor General","twitter_card":"summary_large_image","twitter_misc":{"Escrito por":"Editor General","Tiempo de lectura":"3 minutos"},"schema":{"@context":"https:\/\/schema.org","@graph":[{"@type":"Article","@id":"https:\/\/luchonoticias.com\/editor\/primera-sesion-del-consejo-territorial-de-seguridad-social-en-salud\/#article","isPartOf":{"@id":"https:\/\/luchonoticias.com\/editor\/primera-sesion-del-consejo-territorial-de-seguridad-social-en-salud\/"},"author":{"name":"Editor General","@id":"https:\/\/luchonoticias.com\/editor\/#\/schema\/person\/29217990ddf6f14e35912b2866d591fb"},"headline":"Primera sesi\u00f3n del Consejo Territorial de Seguridad Social en Salud","datePublished":"2024-05-02T10:36:53+00:00","mainEntityOfPage":{"@id":"https:\/\/luchonoticias.com\/editor\/primera-sesion-del-consejo-territorial-de-seguridad-social-en-salud\/"},"wordCount":646,"publisher":{"@id":"https:\/\/luchonoticias.com\/editor\/#\/schema\/person\/7a7fd911f58561fd056dbac7b55af9cd"},"image":{"@id":"https:\/\/luchonoticias.com\/editor\/primera-sesion-del-consejo-territorial-de-seguridad-social-en-salud\/#primaryimage"},"thumbnailUrl":"https:\/\/luchonoticias.com\/editor\/wp-content\/uploads\/2024\/05\/consejo-salud.jpg","articleSection":["Huila"],"inLanguage":"es"},{"@type":"WebPage","@id":"https:\/\/luchonoticias.com\/editor\/primera-sesion-del-consejo-territorial-de-seguridad-social-en-salud\/","url":"https:\/\/luchonoticias.com\/editor\/primera-sesion-del-consejo-territorial-de-seguridad-social-en-salud\/","name":"Primera sesi\u00f3n del Consejo Territorial de Seguridad Social en Salud -","isPartOf":{"@id":"https:\/\/luchonoticias.com\/editor\/#website"},"primaryImageOfPage":{"@id":"https:\/\/luchonoticias.com\/editor\/primera-sesion-del-consejo-territorial-de-seguridad-social-en-salud\/#primaryimage"},"image":{"@id":"https:\/\/luchonoticias.com\/editor\/primera-sesion-del-consejo-territorial-de-seguridad-social-en-salud\/#primaryimage"},"thumbnailUrl":"https:\/\/luchonoticias.com\/editor\/wp-content\/uploads\/2024\/05\/consejo-salud.jpg","datePublished":"2024-05-02T10:36:53+00:00","breadcrumb":{"@id":"https:\/\/luchonoticias.com\/editor\/primera-sesion-del-consejo-territorial-de-seguridad-social-en-salud\/#breadcrumb"},"inLanguage":"es","potentialAction":[{"@type":"ReadAction","target":["https:\/\/luchonoticias.com\/editor\/primera-sesion-del-consejo-territorial-de-seguridad-social-en-salud\/"]}]},{"@type":"ImageObject","inLanguage":"es","@id":"https:\/\/luchonoticias.com\/editor\/primera-sesion-del-consejo-territorial-de-seguridad-social-en-salud\/#primaryimage","url":"https:\/\/luchonoticias.com\/editor\/wp-content\/uploads\/2024\/05\/consejo-salud.jpg","contentUrl":"https:\/\/luchonoticias.com\/editor\/wp-content\/uploads\/2024\/05\/consejo-salud.jpg","width":700,"height":400},{"@type":"BreadcrumbList","@id":"https:\/\/luchonoticias.com\/editor\/primera-sesion-del-consejo-territorial-de-seguridad-social-en-salud\/#breadcrumb","itemListElement":[{"@type":"ListItem","position":1,"name":"Portada","item":"https:\/\/luchonoticias.com\/editor\/"},{"@type":"ListItem","position":2,"name":"Primera sesi\u00f3n del Consejo Territorial de Seguridad Social en Salud"}]},{"@type":"WebSite","@id":"https:\/\/luchonoticias.com\/editor\/#website","url":"https:\/\/luchonoticias.com\/editor\/","name":"","description":"","publisher":{"@id":"https:\/\/luchonoticias.com\/editor\/#\/schema\/person\/7a7fd911f58561fd056dbac7b55af9cd"},"potentialAction":[{"@type":"SearchAction","target":{"@type":"EntryPoint","urlTemplate":"https:\/\/luchonoticias.com\/editor\/?s={search_term_string}"},"query-input":{"@type":"PropertyValueSpecification","valueRequired":true,"valueName":"search_term_string"}}],"inLanguage":"es"},{"@type":["Person","Organization"],"@id":"https:\/\/luchonoticias.com\/editor\/#\/schema\/person\/7a7fd911f58561fd056dbac7b55af9cd","name":"admin","image":{"@type":"ImageObject","inLanguage":"es","@id":"https:\/\/luchonoticias.com\/editor\/#\/schema\/person\/image\/","url":"https:\/\/luchonoticias.com\/editor\/wp-content\/uploads\/2024\/02\/cropped-cropped-logolu.webp","contentUrl":"https:\/\/luchonoticias.com\/editor\/wp-content\/uploads\/2024\/02\/cropped-cropped-logolu.webp","width":382,"height":170,"caption":"admin"},"logo":{"@id":"https:\/\/luchonoticias.com\/editor\/#\/schema\/person\/image\/"},"sameAs":["https:\/\/www.facebook.com\/luchonoticiasneiva"]},{"@type":"Person","@id":"https:\/\/luchonoticias.com\/editor\/#\/schema\/person\/29217990ddf6f14e35912b2866d591fb","name":"Editor General","image":{"@type":"ImageObject","inLanguage":"es","@id":"https:\/\/luchonoticias.com\/editor\/#\/schema\/person\/image\/","url":"https:\/\/luchonoticias.com\/editor\/wp-content\/uploads\/2024\/02\/cropped-cropped-logolu-150x150.webp","contentUrl":"https:\/\/luchonoticias.com\/editor\/wp-content\/uploads\/2024\/02\/cropped-cropped-logolu-150x150.webp","caption":"Editor General"},"sameAs":["https:\/\/luchonoticias.com\/"],"url":"https:\/\/luchonoticias.com\/editor\/author\/editor-general\/"}]}},"_links":{"self":[{"href":"https:\/\/luchonoticias.com\/editor\/wp-json\/wp\/v2\/posts\/72622","targetHints":{"allow":["GET"]}}],"collection":[{"href":"https:\/\/luchonoticias.com\/editor\/wp-json\/wp\/v2\/posts"}],"about":[{"href":"https:\/\/luchonoticias.com\/editor\/wp-json\/wp\/v2\/types\/post"}],"author":[{"embeddable":true,"href":"https:\/\/luchonoticias.com\/editor\/wp-json\/wp\/v2\/users\/2"}],"replies":[{"embeddable":true,"href":"https:\/\/luchonoticias.com\/editor\/wp-json\/wp\/v2\/comments?post=72622"}],"version-history":[{"count":0,"href":"https:\/\/luchonoticias.com\/editor\/wp-json\/wp\/v2\/posts\/72622\/revisions"}],"wp:featuredmedia":[{"embeddable":true,"href":"https:\/\/luchonoticias.com\/editor\/wp-json\/wp\/v2\/media\/72623"}],"wp:attachment":[{"href":"https:\/\/luchonoticias.com\/editor\/wp-json\/wp\/v2\/media?parent=72622"}],"wp:term":[{"taxonomy":"category","embeddable":true,"href":"https:\/\/luchonoticias.com\/editor\/wp-json\/wp\/v2\/categories?post=72622"},{"taxonomy":"post_tag","embeddable":true,"href":"https:\/\/luchonoticias.com\/editor\/wp-json\/wp\/v2\/tags?post=72622"}],"curies":[{"name":"wp","href":"https:\/\/api.w.org\/{rel}","templated":true}]}}