{"id":72627,"date":"2024-05-02T05:39:58","date_gmt":"2024-05-02T10:39:58","guid":{"rendered":"https:\/\/luchonoticias.com\/?p=72627"},"modified":"2024-05-02T05:39:58","modified_gmt":"2024-05-02T10:39:58","slug":"senado-aprueba-gratuidad-en-la-universidad-para-los-tres-primeros-estratos","status":"publish","type":"post","link":"https:\/\/luchonoticias.com\/editor\/senado-aprueba-gratuidad-en-la-universidad-para-los-tres-primeros-estratos\/","title":{"rendered":"Senado aprueba gratuidad en la universidad para los tres primeros estratos"},"content":{"rendered":"<p class=\"s7\"><span class=\"s11\"><span class=\"bumpedFont15\">La\u00a0<\/span><\/span><span class=\"s11\"><span class=\"bumpedFont15\">pl<\/span><\/span><span class=\"s11\"><span class=\"bumpedFont15\">enaria del Senado aprob\u00f3 el Proyecto de Ley mediante el cual se garantiza el acceso a la unive<\/span><\/span><span class=\"s11\"><span class=\"bumpedFont15\">rsidad<\/span><\/span><span class=\"s11\"><span class=\"bumpedFont15\">\u00a0de estudiantes de los estratos 1, 2 y 3 con la pol\u00edtica de Estado \u2018Matricula Cero\u2019.<\/span><\/span><\/p>\n<p class=\"s7\"><span class=\"s11\"><span class=\"bumpedFont15\">La iniciativa, que consta de tres art\u00edculos y crea un auxilio de transporte y alimentaci\u00f3n para los estudiantes universitarios, fue votado a favor por 56 senadores frente a 4 que negaron la proposici\u00f3n.<\/span><\/span><\/p>\n<p class=\"s7\"><span class=\"s11\"><span class=\"bumpedFont15\">El senador del\u00a0<\/span><\/span><span class=\"s10\"><span class=\"bumpedFont15\">Centro Democr\u00e1tico<\/span><\/span><span class=\"s11\"><span class=\"bumpedFont15\">,\u00a0<\/span><\/span><span class=\"s10\"><span class=\"bumpedFont15\">Miguel Uribe<\/span><\/span><span class=\"s11\"><span class=\"bumpedFont15\">, dijo que se trata de un proyecto que avanza en la direcci\u00f3n correcta porque brinda m\u00e1s oportunidad a los j\u00f3venes que\u00a0<\/span><\/span><span class=\"s11\"><span class=\"bumpedFont15\">desean<\/span><\/span><span class=\"s11\"><span class=\"bumpedFont15\">\u00a0ingresar a una instituci\u00f3n de educaci\u00f3n superior.<\/span><\/span><\/p>\n<p class=\"s7\"><span class=\"s11\"><span class=\"bumpedFont15\">\u201cHay algunas personas que se oponen a este proyecto y dicen que a la universidad privada no se le puede dar recursos y este tipo de proyectos permite incluso que en universidades privadas lleguen j\u00f3venes de manera gratuita a seguir estudiando, realizando su proyecto de vida (\u2026) no podemos caer en la falsa ideolog\u00eda con la que se pretende estigmatizar a todo el sector privado que es la complementariedad de lo p\u00fablico<\/span><\/span><span class=\"s11\"><span class=\"bumpedFont15\">\u201d,\u00a0<\/span><\/span><span class=\"s11\"><span class=\"bumpedFont15\">se\u00f1al\u00f3 el congresista.<\/span><\/span><\/p>\n<p class=\"s7\"><span class=\"s11\"><span class=\"bumpedFont15\">Agreg\u00f3 que en Colombia el 88% de las universidades son privadas, el 22% son p\u00fablicas, pero que en la actualidad queda claro que las entidades privadas tienen\u00a0<\/span><\/span><span class=\"s11\"><span class=\"bumpedFont15\">que aportar recursos para brindarle m\u00e1s oportunidades a los j\u00f3venes de estratos 1, 2 y 3 qu<\/span><\/span><span class=\"s11\"><span class=\"bumpedFont15\">e<\/span><\/span><span class=\"s11\"><span class=\"bumpedFont15\">finalmente es lo\u00a0<\/span><\/span><span class=\"s11\"><span class=\"bumpedFont15\">que<\/span><\/span><span class=\"s11\"><span class=\"bumpedFont15\">\u00a0se<\/span><\/span><span class=\"s11\"><span class=\"bumpedFont15\">\u00a0busca\u00a0<\/span><\/span><span class=\"s11\"><span class=\"bumpedFont15\">con<\/span><\/span><span class=\"s11\"><span class=\"bumpedFont15\">\u00a0este proyecto.<\/span><\/span><\/p>\n<p class=\"s7\"><span class=\"s11\"><span class=\"bumpedFont15\">La senadora\u00a0<\/span><\/span><span class=\"s10\"><span class=\"bumpedFont15\">Mar\u00eda Jos\u00e9 Pizarro<\/span><\/span><span class=\"s11\"><span class=\"bumpedFont15\">, del\u00a0<\/span><\/span><span class=\"s10\"><span class=\"bumpedFont15\">Pacto Hist\u00f3rico<\/span><\/span><span class=\"s11\"><span class=\"bumpedFont15\">,\u00a0<\/span><\/span><span class=\"s11\"><span class=\"bumpedFont15\">destac\u00f3 las bondades de<\/span><\/span><span class=\"s11\"><span class=\"bumpedFont15\">\u00a0la norma<\/span><\/span><span class=\"s11\"><span class=\"bumpedFont15\">\u00a0y la gesti\u00f3n que ha adelantado el Gobierno Nacional para garantizar la gratuidad en la matr\u00edcula de miles de estudiantes, sin dejar de lado la inquietud sobre a qu\u00e9 tipo de universidades ir\u00edan los apoyos econ\u00f3micos.<\/span><\/span><\/p>\n<p class=\"s7\"><span class=\"s11\"><span class=\"bumpedFont15\">\u201cEn lo que si no estoy de acuerdo es que los recursos p\u00fablicos se vayan a fortalecer el sistema privado de educaci\u00f3n, entrando entonces en una situaci\u00f3n compleja inclusiv<\/span><\/span><span class=\"s11\"><span class=\"bumpedFont15\">e<\/span><\/span><span class=\"s11\"><span class=\"bumpedFont15\">\u00a0en t\u00e9rminos financieros. Me gustar\u00eda saber si tendr\u00edamos que elegir si los recursos p\u00fablicos van a garantizar la educaci\u00f3n de todas y todos a trav\u00e9s de la educaci\u00f3n de las universidades p\u00fablicas o tenemos que elegir entre pagar unos recursos elevad\u00edsimos que se cobran en instituciones privadas, sacrificando la educaci\u00f3n y los recursos que son de todos para la educaci\u00f3n de todos y por lo tanto ah\u00ed mi discrepancia con el Proyecto de Ley\u201d, indic\u00f3 la senadora.<\/span><\/span><\/p>\n<p class=\"s7\"><span class=\"s11\"><span class=\"bumpedFont15\">Por su parte el senador<\/span><\/span><span class=\"s10\"><span class=\"bumpedFont15\">\u00a0Inti Asprilla<\/span><\/span><span class=\"s11\"><span class=\"bumpedFont15\">, del\u00a0<\/span><\/span><span class=\"s10\"><span class=\"bumpedFont15\">Partido Verde<\/span><\/span><span class=\"s11\"><span class=\"bumpedFont15\">, quien dijo conocer tanto el escenario de la universidad p\u00fablica como la privada, manifest\u00f3 que le preocupa lo relacionado con la entrega de recursos econ\u00f3micos para la educaci\u00f3n superior, porque era evidente que algunas<\/span><\/span><span class=\"s11\"><span class=\"bumpedFont15\">\u00a0de estas instituciones educativas\u00a0<\/span><\/span><span class=\"s11\"><span class=\"bumpedFont15\">tienen mejor infraestructura que otras.<\/span><\/span><\/p>\n<p class=\"s7\"><span class=\"s11\"><span class=\"bumpedFont15\">\u201cMientras uno ve\u00eda que la planta de universidades como la Universidad de Los Andes o la Universidad Javeriana ten\u00edan edificios m\u00e1s bonitos, en la Universidad Nacional se ca\u00eda a pedazos porque no hay plata para todo (\u2026) incluso estoy dispuesto a votar ese art\u00edculo si hay claridad sobre qu\u00e9 porcentajes y c\u00f3mo llegar\u00eda ese dinero a estas universidades y c\u00f3mo beneficiar\u00e1 a los estudiantes del pa\u00eds para que no se repita ese cuadro entre la privada y la p\u00fablica\u201d, indic\u00f3 el senador.<\/span><\/span><\/p>\n<p class=\"s7\"><span class=\"s11\"><span class=\"bumpedFont15\">La senadora\u00a0<\/span><\/span><span class=\"s10\"><span class=\"bumpedFont15\">Karina Espinosa<\/span><\/span><span class=\"s11\"><span class=\"bumpedFont15\">, del\u00a0<\/span><\/span><span class=\"s10\"><span class=\"bumpedFont15\">Partido Liberal<\/span><\/span><span class=\"s11\"><span class=\"bumpedFont15\">, sostuvo que la discusi\u00f3n no puede centrarse en saber si son entidades p\u00fablicas o privadas, al considerar que es una utop\u00eda pensar que tenemos cupos suficientes en las universidades p\u00fablicas. A\u00f1adi\u00f3 que mediante las pruebas ICFES hay muchos obst\u00e1culos para que los estudiantes que no alcanzan promedios altos puedan acceder a cupos en la universidades p\u00fablicas.<\/span><\/span><\/p>\n<p class=\"s7\"><span class=\"s11\"><span class=\"bumpedFont15\">\u201cNosotros no podemos dar un trato igual a circunstancias diferentes; por ejemplo, de las inundaciones en la Mojana, \u00bfqu\u00e9 hacen esos ni\u00f1os de la Mojana que quedan sin estudiar un a\u00f1o, a\u00f1o y pico, seis meses porque las instituciones p\u00fablicas est\u00e1n cerradas?, \u00bfser\u00e1 qu\u00e9 tienen las mismas posibilidades?, \u00bfser\u00e1 qu<\/span><\/span><span class=\"s11\"><span class=\"bumpedFont15\">e<\/span><\/span><span class=\"s11\"><span class=\"bumpedFont15\">\u00a0hay ni\u00f1os que tienen las mismas posibilidades de nutrici\u00f3n?, \u00bfser\u00e1 que estos\u00a0<\/span><\/span><span class=\"s11\"><span class=\"bumpedFont15\">ni\u00f1os se concentran igual?, \u00bfser\u00e1 que funcionan las instituciones educativas?, entonces tiene que haber un trato diferencial en el tema\u201d, se\u00f1al\u00f3 la senadora.<\/span><\/span><\/p>\n<p class=\"s7\"><span class=\"s11\"><span class=\"bumpedFont15\">Ante las inquietudes, el autor de la iniciativa, el senador\u00a0<\/span><\/span><span class=\"s10\"><span class=\"bumpedFont15\">Estaban Quintero<\/span><\/span><span class=\"s11\"><span class=\"bumpedFont15\">,<\/span><\/span><span class=\"s11\"><span class=\"bumpedFont15\">\u00a0del\u00a0<\/span><\/span><span class=\"s10\"><span class=\"bumpedFont15\">Partido Centro Democr\u00e1tico<\/span><\/span><span class=\"s11\"><span class=\"bumpedFont15\">, aclar\u00f3 c\u00f3mo funcionar\u00eda la norma frente a la disposici\u00f3n de los recursos que recibir\u00edan las universidades para ampliar los cupos.<\/span><\/span><\/p>\n<p class=\"s7\"><span class=\"s11\"><span class=\"bumpedFont15\">\u201cEste Proyecto de Ley no genera obligatoriedad al Estado de que tengan que ir recursos a la universidad privada para garantizar el acceso a matr\u00edcula. El Proyecto de Ley brinda la disponibilidad de matr\u00edculas para los estudiantes en las instituciones p\u00fablicas. En la actualidad es una realidad que muchos de los estudiantes cumplen los requisitos de la matr\u00edcula y el problema, m\u00e1s all\u00e1 de que esta iniciativa de Matricula Cero haya sido instaurada por Duque y luego Petro la haya ampliado, por decirlo as\u00ed, se cumplen los requisitos, pero no hay cupos en donde la persona pueda entrar\u201d, manifest\u00f3 el senador.<\/span><\/span><\/p>\n<p class=\"s7\"><span class=\"s11\"><span class=\"bumpedFont15\">A\u00f1adi\u00f3 que la iniciativa le da la posibilidad al Gobierno de tener acuerdos con universidad<\/span><\/span><span class=\"s11\"><span class=\"bumpedFont15\">es<\/span><\/span><span class=\"s11\"><span class=\"bumpedFont15\">privada<\/span><\/span><span class=\"s11\"><span class=\"bumpedFont15\">s<\/span><\/span><span class=\"s11\"><span class=\"bumpedFont15\">\u00a0para proveer cupos o utilizar la infraestructura f\u00edsica\u00a0<\/span><\/span><span class=\"s11\"><span class=\"bumpedFont15\">siempre y<\/span><\/span><span class=\"s11\"><span class=\"bumpedFont15\">\u00a0cuando no se tenga m\u00e1s cobertura p\u00fablica o existan dificultades<\/span><\/span><span class=\"s11\"><span class=\"bumpedFont15\">.<\/span><\/span><\/p>\n<p class=\"s7\"><span class=\"s11\"><span class=\"bumpedFont15\">Una vez resueltas las inquietudes de los congresistas y tras la explicaci\u00f3n del ponente del proyecto, 62 senadores votaron favorablemente, mientras que tres votaron negativamente y ahora la discusi\u00f3n del Proyecto de Ley pasar\u00e1 a la C\u00e1mara de Representantes.<\/span><\/span><\/p>\n","protected":false},"excerpt":{"rendered":"<p>La\u00a0plenaria del Senado aprob\u00f3 el Proyecto de Ley mediante el cual se garantiza el acceso a la universidad\u00a0de estudiantes de los estratos 1, 2 y 3 con la pol\u00edtica de Estado \u2018Matricula Cero\u2019. La iniciativa, que consta de tres art\u00edculos y crea un auxilio de transporte y alimentaci\u00f3n para los estudiantes universitarios, fue votado a [&hellip;]<\/p>\n","protected":false},"author":2,"featured_media":72628,"comment_status":"closed","ping_status":"open","sticky":false,"template":"","format":"standard","meta":{"footnotes":""},"categories":[28],"tags":[],"class_list":["post-72627","post","type-post","status-publish","format-standard","has-post-thumbnail","hentry","category-actualidad"],"yoast_head":"<!-- This site is optimized with the Yoast SEO plugin v26.6 - https:\/\/yoast.com\/wordpress\/plugins\/seo\/ -->\n<title>Senado aprueba gratuidad en la universidad para los tres primeros estratos -<\/title>\n<meta name=\"robots\" content=\"index, follow, max-snippet:-1, max-image-preview:large, max-video-preview:-1\" \/>\n<link rel=\"canonical\" href=\"https:\/\/luchonoticias.com\/editor\/senado-aprueba-gratuidad-en-la-universidad-para-los-tres-primeros-estratos\/\" \/>\n<meta property=\"og:locale\" content=\"es_ES\" \/>\n<meta property=\"og:type\" content=\"article\" \/>\n<meta property=\"og:title\" content=\"Senado aprueba gratuidad en la universidad para los tres primeros estratos -\" \/>\n<meta property=\"og:url\" content=\"https:\/\/luchonoticias.com\/editor\/senado-aprueba-gratuidad-en-la-universidad-para-los-tres-primeros-estratos\/\" \/>\n<meta property=\"article:publisher\" content=\"https:\/\/www.facebook.com\/luchonoticiasneiva\" \/>\n<meta property=\"article:published_time\" content=\"2024-05-02T10:39:58+00:00\" \/>\n<meta property=\"og:image\" content=\"https:\/\/luchonoticias.com\/editor\/wp-content\/uploads\/2024\/05\/senado.jpg\" \/>\n\t<meta property=\"og:image:width\" content=\"700\" \/>\n\t<meta property=\"og:image:height\" content=\"400\" \/>\n\t<meta property=\"og:image:type\" content=\"image\/jpeg\" \/>\n<meta name=\"author\" content=\"Editor General\" \/>\n<meta name=\"twitter:card\" content=\"summary_large_image\" \/>\n<meta name=\"twitter:label1\" content=\"Escrito por\" \/>\n\t<meta name=\"twitter:data1\" content=\"Editor General\" \/>\n\t<meta name=\"twitter:label2\" content=\"Tiempo de lectura\" \/>\n\t<meta name=\"twitter:data2\" content=\"5 minutos\" \/>\n<script type=\"application\/ld+json\" class=\"yoast-schema-graph\">{\"@context\":\"https:\/\/schema.org\",\"@graph\":[{\"@type\":\"Article\",\"@id\":\"https:\/\/luchonoticias.com\/editor\/senado-aprueba-gratuidad-en-la-universidad-para-los-tres-primeros-estratos\/#article\",\"isPartOf\":{\"@id\":\"https:\/\/luchonoticias.com\/editor\/senado-aprueba-gratuidad-en-la-universidad-para-los-tres-primeros-estratos\/\"},\"author\":{\"name\":\"Editor General\",\"@id\":\"https:\/\/luchonoticias.com\/editor\/#\/schema\/person\/29217990ddf6f14e35912b2866d591fb\"},\"headline\":\"Senado aprueba gratuidad en la universidad para los tres primeros estratos\",\"datePublished\":\"2024-05-02T10:39:58+00:00\",\"mainEntityOfPage\":{\"@id\":\"https:\/\/luchonoticias.com\/editor\/senado-aprueba-gratuidad-en-la-universidad-para-los-tres-primeros-estratos\/\"},\"wordCount\":971,\"publisher\":{\"@id\":\"https:\/\/luchonoticias.com\/editor\/#\/schema\/person\/7a7fd911f58561fd056dbac7b55af9cd\"},\"image\":{\"@id\":\"https:\/\/luchonoticias.com\/editor\/senado-aprueba-gratuidad-en-la-universidad-para-los-tres-primeros-estratos\/#primaryimage\"},\"thumbnailUrl\":\"https:\/\/luchonoticias.com\/editor\/wp-content\/uploads\/2024\/05\/senado.jpg\",\"articleSection\":[\"Actualidad\"],\"inLanguage\":\"es\"},{\"@type\":\"WebPage\",\"@id\":\"https:\/\/luchonoticias.com\/editor\/senado-aprueba-gratuidad-en-la-universidad-para-los-tres-primeros-estratos\/\",\"url\":\"https:\/\/luchonoticias.com\/editor\/senado-aprueba-gratuidad-en-la-universidad-para-los-tres-primeros-estratos\/\",\"name\":\"Senado aprueba gratuidad en la universidad para los tres primeros estratos -\",\"isPartOf\":{\"@id\":\"https:\/\/luchonoticias.com\/editor\/#website\"},\"primaryImageOfPage\":{\"@id\":\"https:\/\/luchonoticias.com\/editor\/senado-aprueba-gratuidad-en-la-universidad-para-los-tres-primeros-estratos\/#primaryimage\"},\"image\":{\"@id\":\"https:\/\/luchonoticias.com\/editor\/senado-aprueba-gratuidad-en-la-universidad-para-los-tres-primeros-estratos\/#primaryimage\"},\"thumbnailUrl\":\"https:\/\/luchonoticias.com\/editor\/wp-content\/uploads\/2024\/05\/senado.jpg\",\"datePublished\":\"2024-05-02T10:39:58+00:00\",\"breadcrumb\":{\"@id\":\"https:\/\/luchonoticias.com\/editor\/senado-aprueba-gratuidad-en-la-universidad-para-los-tres-primeros-estratos\/#breadcrumb\"},\"inLanguage\":\"es\",\"potentialAction\":[{\"@type\":\"ReadAction\",\"target\":[\"https:\/\/luchonoticias.com\/editor\/senado-aprueba-gratuidad-en-la-universidad-para-los-tres-primeros-estratos\/\"]}]},{\"@type\":\"ImageObject\",\"inLanguage\":\"es\",\"@id\":\"https:\/\/luchonoticias.com\/editor\/senado-aprueba-gratuidad-en-la-universidad-para-los-tres-primeros-estratos\/#primaryimage\",\"url\":\"https:\/\/luchonoticias.com\/editor\/wp-content\/uploads\/2024\/05\/senado.jpg\",\"contentUrl\":\"https:\/\/luchonoticias.com\/editor\/wp-content\/uploads\/2024\/05\/senado.jpg\",\"width\":700,\"height\":400},{\"@type\":\"BreadcrumbList\",\"@id\":\"https:\/\/luchonoticias.com\/editor\/senado-aprueba-gratuidad-en-la-universidad-para-los-tres-primeros-estratos\/#breadcrumb\",\"itemListElement\":[{\"@type\":\"ListItem\",\"position\":1,\"name\":\"Portada\",\"item\":\"https:\/\/luchonoticias.com\/editor\/\"},{\"@type\":\"ListItem\",\"position\":2,\"name\":\"Senado aprueba gratuidad en la universidad para los tres primeros estratos\"}]},{\"@type\":\"WebSite\",\"@id\":\"https:\/\/luchonoticias.com\/editor\/#website\",\"url\":\"https:\/\/luchonoticias.com\/editor\/\",\"name\":\"\",\"description\":\"\",\"publisher\":{\"@id\":\"https:\/\/luchonoticias.com\/editor\/#\/schema\/person\/7a7fd911f58561fd056dbac7b55af9cd\"},\"potentialAction\":[{\"@type\":\"SearchAction\",\"target\":{\"@type\":\"EntryPoint\",\"urlTemplate\":\"https:\/\/luchonoticias.com\/editor\/?s={search_term_string}\"},\"query-input\":{\"@type\":\"PropertyValueSpecification\",\"valueRequired\":true,\"valueName\":\"search_term_string\"}}],\"inLanguage\":\"es\"},{\"@type\":[\"Person\",\"Organization\"],\"@id\":\"https:\/\/luchonoticias.com\/editor\/#\/schema\/person\/7a7fd911f58561fd056dbac7b55af9cd\",\"name\":\"admin\",\"image\":{\"@type\":\"ImageObject\",\"inLanguage\":\"es\",\"@id\":\"https:\/\/luchonoticias.com\/editor\/#\/schema\/person\/image\/\",\"url\":\"https:\/\/luchonoticias.com\/editor\/wp-content\/uploads\/2024\/02\/cropped-cropped-logolu.webp\",\"contentUrl\":\"https:\/\/luchonoticias.com\/editor\/wp-content\/uploads\/2024\/02\/cropped-cropped-logolu.webp\",\"width\":382,\"height\":170,\"caption\":\"admin\"},\"logo\":{\"@id\":\"https:\/\/luchonoticias.com\/editor\/#\/schema\/person\/image\/\"},\"sameAs\":[\"https:\/\/www.facebook.com\/luchonoticiasneiva\"]},{\"@type\":\"Person\",\"@id\":\"https:\/\/luchonoticias.com\/editor\/#\/schema\/person\/29217990ddf6f14e35912b2866d591fb\",\"name\":\"Editor General\",\"image\":{\"@type\":\"ImageObject\",\"inLanguage\":\"es\",\"@id\":\"https:\/\/luchonoticias.com\/editor\/#\/schema\/person\/image\/\",\"url\":\"https:\/\/luchonoticias.com\/editor\/wp-content\/uploads\/2024\/02\/cropped-cropped-logolu-150x150.webp\",\"contentUrl\":\"https:\/\/luchonoticias.com\/editor\/wp-content\/uploads\/2024\/02\/cropped-cropped-logolu-150x150.webp\",\"caption\":\"Editor General\"},\"sameAs\":[\"https:\/\/luchonoticias.com\/\"],\"url\":\"https:\/\/luchonoticias.com\/editor\/author\/editor-general\/\"}]}<\/script>\n<!-- \/ Yoast SEO plugin. -->","yoast_head_json":{"title":"Senado aprueba gratuidad en la universidad para los tres primeros estratos -","robots":{"index":"index","follow":"follow","max-snippet":"max-snippet:-1","max-image-preview":"max-image-preview:large","max-video-preview":"max-video-preview:-1"},"canonical":"https:\/\/luchonoticias.com\/editor\/senado-aprueba-gratuidad-en-la-universidad-para-los-tres-primeros-estratos\/","og_locale":"es_ES","og_type":"article","og_title":"Senado aprueba gratuidad en la universidad para los tres primeros estratos -","og_url":"https:\/\/luchonoticias.com\/editor\/senado-aprueba-gratuidad-en-la-universidad-para-los-tres-primeros-estratos\/","article_publisher":"https:\/\/www.facebook.com\/luchonoticiasneiva","article_published_time":"2024-05-02T10:39:58+00:00","og_image":[{"width":700,"height":400,"url":"https:\/\/luchonoticias.com\/editor\/wp-content\/uploads\/2024\/05\/senado.jpg","type":"image\/jpeg"}],"author":"Editor General","twitter_card":"summary_large_image","twitter_misc":{"Escrito por":"Editor General","Tiempo de lectura":"5 minutos"},"schema":{"@context":"https:\/\/schema.org","@graph":[{"@type":"Article","@id":"https:\/\/luchonoticias.com\/editor\/senado-aprueba-gratuidad-en-la-universidad-para-los-tres-primeros-estratos\/#article","isPartOf":{"@id":"https:\/\/luchonoticias.com\/editor\/senado-aprueba-gratuidad-en-la-universidad-para-los-tres-primeros-estratos\/"},"author":{"name":"Editor General","@id":"https:\/\/luchonoticias.com\/editor\/#\/schema\/person\/29217990ddf6f14e35912b2866d591fb"},"headline":"Senado aprueba gratuidad en la universidad para los tres primeros estratos","datePublished":"2024-05-02T10:39:58+00:00","mainEntityOfPage":{"@id":"https:\/\/luchonoticias.com\/editor\/senado-aprueba-gratuidad-en-la-universidad-para-los-tres-primeros-estratos\/"},"wordCount":971,"publisher":{"@id":"https:\/\/luchonoticias.com\/editor\/#\/schema\/person\/7a7fd911f58561fd056dbac7b55af9cd"},"image":{"@id":"https:\/\/luchonoticias.com\/editor\/senado-aprueba-gratuidad-en-la-universidad-para-los-tres-primeros-estratos\/#primaryimage"},"thumbnailUrl":"https:\/\/luchonoticias.com\/editor\/wp-content\/uploads\/2024\/05\/senado.jpg","articleSection":["Actualidad"],"inLanguage":"es"},{"@type":"WebPage","@id":"https:\/\/luchonoticias.com\/editor\/senado-aprueba-gratuidad-en-la-universidad-para-los-tres-primeros-estratos\/","url":"https:\/\/luchonoticias.com\/editor\/senado-aprueba-gratuidad-en-la-universidad-para-los-tres-primeros-estratos\/","name":"Senado aprueba gratuidad en la universidad para los tres primeros estratos -","isPartOf":{"@id":"https:\/\/luchonoticias.com\/editor\/#website"},"primaryImageOfPage":{"@id":"https:\/\/luchonoticias.com\/editor\/senado-aprueba-gratuidad-en-la-universidad-para-los-tres-primeros-estratos\/#primaryimage"},"image":{"@id":"https:\/\/luchonoticias.com\/editor\/senado-aprueba-gratuidad-en-la-universidad-para-los-tres-primeros-estratos\/#primaryimage"},"thumbnailUrl":"https:\/\/luchonoticias.com\/editor\/wp-content\/uploads\/2024\/05\/senado.jpg","datePublished":"2024-05-02T10:39:58+00:00","breadcrumb":{"@id":"https:\/\/luchonoticias.com\/editor\/senado-aprueba-gratuidad-en-la-universidad-para-los-tres-primeros-estratos\/#breadcrumb"},"inLanguage":"es","potentialAction":[{"@type":"ReadAction","target":["https:\/\/luchonoticias.com\/editor\/senado-aprueba-gratuidad-en-la-universidad-para-los-tres-primeros-estratos\/"]}]},{"@type":"ImageObject","inLanguage":"es","@id":"https:\/\/luchonoticias.com\/editor\/senado-aprueba-gratuidad-en-la-universidad-para-los-tres-primeros-estratos\/#primaryimage","url":"https:\/\/luchonoticias.com\/editor\/wp-content\/uploads\/2024\/05\/senado.jpg","contentUrl":"https:\/\/luchonoticias.com\/editor\/wp-content\/uploads\/2024\/05\/senado.jpg","width":700,"height":400},{"@type":"BreadcrumbList","@id":"https:\/\/luchonoticias.com\/editor\/senado-aprueba-gratuidad-en-la-universidad-para-los-tres-primeros-estratos\/#breadcrumb","itemListElement":[{"@type":"ListItem","position":1,"name":"Portada","item":"https:\/\/luchonoticias.com\/editor\/"},{"@type":"ListItem","position":2,"name":"Senado aprueba gratuidad en la universidad para los tres primeros estratos"}]},{"@type":"WebSite","@id":"https:\/\/luchonoticias.com\/editor\/#website","url":"https:\/\/luchonoticias.com\/editor\/","name":"","description":"","publisher":{"@id":"https:\/\/luchonoticias.com\/editor\/#\/schema\/person\/7a7fd911f58561fd056dbac7b55af9cd"},"potentialAction":[{"@type":"SearchAction","target":{"@type":"EntryPoint","urlTemplate":"https:\/\/luchonoticias.com\/editor\/?s={search_term_string}"},"query-input":{"@type":"PropertyValueSpecification","valueRequired":true,"valueName":"search_term_string"}}],"inLanguage":"es"},{"@type":["Person","Organization"],"@id":"https:\/\/luchonoticias.com\/editor\/#\/schema\/person\/7a7fd911f58561fd056dbac7b55af9cd","name":"admin","image":{"@type":"ImageObject","inLanguage":"es","@id":"https:\/\/luchonoticias.com\/editor\/#\/schema\/person\/image\/","url":"https:\/\/luchonoticias.com\/editor\/wp-content\/uploads\/2024\/02\/cropped-cropped-logolu.webp","contentUrl":"https:\/\/luchonoticias.com\/editor\/wp-content\/uploads\/2024\/02\/cropped-cropped-logolu.webp","width":382,"height":170,"caption":"admin"},"logo":{"@id":"https:\/\/luchonoticias.com\/editor\/#\/schema\/person\/image\/"},"sameAs":["https:\/\/www.facebook.com\/luchonoticiasneiva"]},{"@type":"Person","@id":"https:\/\/luchonoticias.com\/editor\/#\/schema\/person\/29217990ddf6f14e35912b2866d591fb","name":"Editor General","image":{"@type":"ImageObject","inLanguage":"es","@id":"https:\/\/luchonoticias.com\/editor\/#\/schema\/person\/image\/","url":"https:\/\/luchonoticias.com\/editor\/wp-content\/uploads\/2024\/02\/cropped-cropped-logolu-150x150.webp","contentUrl":"https:\/\/luchonoticias.com\/editor\/wp-content\/uploads\/2024\/02\/cropped-cropped-logolu-150x150.webp","caption":"Editor General"},"sameAs":["https:\/\/luchonoticias.com\/"],"url":"https:\/\/luchonoticias.com\/editor\/author\/editor-general\/"}]}},"_links":{"self":[{"href":"https:\/\/luchonoticias.com\/editor\/wp-json\/wp\/v2\/posts\/72627","targetHints":{"allow":["GET"]}}],"collection":[{"href":"https:\/\/luchonoticias.com\/editor\/wp-json\/wp\/v2\/posts"}],"about":[{"href":"https:\/\/luchonoticias.com\/editor\/wp-json\/wp\/v2\/types\/post"}],"author":[{"embeddable":true,"href":"https:\/\/luchonoticias.com\/editor\/wp-json\/wp\/v2\/users\/2"}],"replies":[{"embeddable":true,"href":"https:\/\/luchonoticias.com\/editor\/wp-json\/wp\/v2\/comments?post=72627"}],"version-history":[{"count":0,"href":"https:\/\/luchonoticias.com\/editor\/wp-json\/wp\/v2\/posts\/72627\/revisions"}],"wp:featuredmedia":[{"embeddable":true,"href":"https:\/\/luchonoticias.com\/editor\/wp-json\/wp\/v2\/media\/72628"}],"wp:attachment":[{"href":"https:\/\/luchonoticias.com\/editor\/wp-json\/wp\/v2\/media?parent=72627"}],"wp:term":[{"taxonomy":"category","embeddable":true,"href":"https:\/\/luchonoticias.com\/editor\/wp-json\/wp\/v2\/categories?post=72627"},{"taxonomy":"post_tag","embeddable":true,"href":"https:\/\/luchonoticias.com\/editor\/wp-json\/wp\/v2\/tags?post=72627"}],"curies":[{"name":"wp","href":"https:\/\/api.w.org\/{rel}","templated":true}]}}