{"id":72630,"date":"2024-05-02T11:09:29","date_gmt":"2024-05-02T16:09:29","guid":{"rendered":"https:\/\/luchonoticias.com\/?p=72630"},"modified":"2024-05-02T11:09:29","modified_gmt":"2024-05-02T16:09:29","slug":"preocupacion-de-la-procuraduria-frente-a-violencia-sexual-en-colegios","status":"publish","type":"post","link":"https:\/\/luchonoticias.com\/editor\/preocupacion-de-la-procuraduria-frente-a-violencia-sexual-en-colegios\/","title":{"rendered":"Preocupaci\u00f3n de la Procuradur\u00eda frente a violencia sexual en colegios"},"content":{"rendered":"<div>Vigilante de que las instituciones educativas sean espacios seguros, libres de violencia sexual y acoso escolar,\u00a0<strong>la Procuradur\u00eda visit\u00f3 179 colegios del pa\u00eds en los que encontr\u00f3 preocupantes cifras\u00a0<\/strong>con respecto a esta problem\u00e1tica.<\/div>\n<div><\/div>\n<div>En el balance de estos registros, equivalente al 0,3 porciento de la totalidad de centros educativos existentes a nivel nacional, tan solo en el primer trimestre del 2024, se registraron\u00a0<strong>699 casos de acoso escolar y bullying; 172 hechos de ciberacoso y 178 casos de violencia sexual.\u00a0<\/strong><\/div>\n<div><\/div>\n<div>Para Viviana Mora, Procuradora Delegada para los Derechos de Infancia y Adolescencia, resulta preocupante que los datos hallados arrojen que en\u00a0<strong>66 de estos centros educativos se relacione a docentes como presuntos autores de violencia sexual; y que en 18 colegios reportados no se hayan activado las rutas de atenci\u00f3n.\u00a0<\/strong><\/div>\n<div><\/div>\n<div>El equipo del Ministerio P\u00fablico, en el marco de la Estrategia Nacional de Verificaci\u00f3n de Convivencia Escolar,\u00a0 del que hicieron parte 145 funcionarios entre procuradores regionales, provinciales y judiciales,\u00a0<strong>evidenci\u00f3 que estos fen\u00f3menos de violencia en los centros educativos persisten y demandan atenci\u00f3n de organismos competentes\u00a0<\/strong>como el ICBF, Ministerio de Educaci\u00f3n, Entidades Territoriales Certificadas en Educaci\u00f3n, Comisarias de Familia y Polic\u00eda de Infancia y Adolescencia.<\/div>\n<div><\/div>\n<div><em>\u201cEste es un resultado preocupante que requiere de acciones urgentes y contundentes, ya que los espacios educativos deben ser entornos protectores\u201d<\/em>, recalc\u00f3 la delegada del Ministerio P\u00fablico al cuestionar que\u00a0<strong>el 15 porciento, es decir 26 instituciones educativas, no cuenten con protocolos para el abordaje de estas violencias y que el 34 porciento de los mismos no hayan recibido capacitaci\u00f3n para el registro de la informaci\u00f3n,<\/strong>\u00a0lo que podr\u00eda suponer un subregistro.<\/div>\n<div><\/div>\n<div>Por \u00faltimo, la procuradora, Viviana Mora, enfatiz\u00f3 que se ha solicitado a las Entidades Territoriales Certificadas en Educaci\u00f3n -ETCE- informar sobre el n\u00famero de procesos disciplinarios que cursan contra docentes por esta causa y el estado de los mismos.<\/div>\n","protected":false},"excerpt":{"rendered":"<p>Vigilante de que las instituciones educativas sean espacios seguros, libres de violencia sexual y acoso escolar,\u00a0la Procuradur\u00eda visit\u00f3 179 colegios del pa\u00eds en los que encontr\u00f3 preocupantes cifras\u00a0con respecto a esta problem\u00e1tica. En el balance de estos registros, equivalente al 0,3 porciento de la totalidad de centros educativos existentes a nivel nacional, tan solo en [&hellip;]<\/p>\n","protected":false},"author":2,"featured_media":72631,"comment_status":"closed","ping_status":"open","sticky":false,"template":"","format":"standard","meta":{"footnotes":""},"categories":[28],"tags":[],"class_list":["post-72630","post","type-post","status-publish","format-standard","has-post-thumbnail","hentry","category-actualidad"],"yoast_head":"<!-- This site is optimized with the Yoast SEO plugin v26.6 - https:\/\/yoast.com\/wordpress\/plugins\/seo\/ -->\n<title>Preocupaci\u00f3n de la Procuradur\u00eda frente a violencia sexual en colegios -<\/title>\n<meta name=\"robots\" content=\"index, follow, max-snippet:-1, max-image-preview:large, max-video-preview:-1\" \/>\n<link rel=\"canonical\" href=\"https:\/\/luchonoticias.com\/editor\/preocupacion-de-la-procuraduria-frente-a-violencia-sexual-en-colegios\/\" \/>\n<meta property=\"og:locale\" content=\"es_ES\" \/>\n<meta property=\"og:type\" content=\"article\" \/>\n<meta property=\"og:title\" content=\"Preocupaci\u00f3n de la Procuradur\u00eda frente a violencia sexual en colegios -\" \/>\n<meta property=\"og:url\" content=\"https:\/\/luchonoticias.com\/editor\/preocupacion-de-la-procuraduria-frente-a-violencia-sexual-en-colegios\/\" \/>\n<meta property=\"article:publisher\" content=\"https:\/\/www.facebook.com\/luchonoticiasneiva\" \/>\n<meta property=\"article:published_time\" content=\"2024-05-02T16:09:29+00:00\" \/>\n<meta property=\"og:image\" content=\"https:\/\/luchonoticias.com\/editor\/wp-content\/uploads\/2024\/05\/acoso-escolar-205.jpg\" \/>\n\t<meta property=\"og:image:width\" content=\"1300\" \/>\n\t<meta property=\"og:image:height\" content=\"975\" \/>\n\t<meta property=\"og:image:type\" content=\"image\/jpeg\" \/>\n<meta name=\"author\" content=\"Editor General\" \/>\n<meta name=\"twitter:card\" content=\"summary_large_image\" \/>\n<meta name=\"twitter:label1\" content=\"Escrito por\" \/>\n\t<meta name=\"twitter:data1\" content=\"Editor General\" \/>\n\t<meta name=\"twitter:label2\" content=\"Tiempo de lectura\" \/>\n\t<meta name=\"twitter:data2\" content=\"2 minutos\" \/>\n<script type=\"application\/ld+json\" class=\"yoast-schema-graph\">{\"@context\":\"https:\/\/schema.org\",\"@graph\":[{\"@type\":\"Article\",\"@id\":\"https:\/\/luchonoticias.com\/editor\/preocupacion-de-la-procuraduria-frente-a-violencia-sexual-en-colegios\/#article\",\"isPartOf\":{\"@id\":\"https:\/\/luchonoticias.com\/editor\/preocupacion-de-la-procuraduria-frente-a-violencia-sexual-en-colegios\/\"},\"author\":{\"name\":\"Editor General\",\"@id\":\"https:\/\/luchonoticias.com\/editor\/#\/schema\/person\/29217990ddf6f14e35912b2866d591fb\"},\"headline\":\"Preocupaci\u00f3n de la Procuradur\u00eda frente a violencia sexual en colegios\",\"datePublished\":\"2024-05-02T16:09:29+00:00\",\"mainEntityOfPage\":{\"@id\":\"https:\/\/luchonoticias.com\/editor\/preocupacion-de-la-procuraduria-frente-a-violencia-sexual-en-colegios\/\"},\"wordCount\":325,\"publisher\":{\"@id\":\"https:\/\/luchonoticias.com\/editor\/#\/schema\/person\/7a7fd911f58561fd056dbac7b55af9cd\"},\"image\":{\"@id\":\"https:\/\/luchonoticias.com\/editor\/preocupacion-de-la-procuraduria-frente-a-violencia-sexual-en-colegios\/#primaryimage\"},\"thumbnailUrl\":\"https:\/\/luchonoticias.com\/editor\/wp-content\/uploads\/2024\/05\/acoso-escolar-205.jpg\",\"articleSection\":[\"Actualidad\"],\"inLanguage\":\"es\"},{\"@type\":\"WebPage\",\"@id\":\"https:\/\/luchonoticias.com\/editor\/preocupacion-de-la-procuraduria-frente-a-violencia-sexual-en-colegios\/\",\"url\":\"https:\/\/luchonoticias.com\/editor\/preocupacion-de-la-procuraduria-frente-a-violencia-sexual-en-colegios\/\",\"name\":\"Preocupaci\u00f3n de la Procuradur\u00eda frente a violencia sexual en colegios -\",\"isPartOf\":{\"@id\":\"https:\/\/luchonoticias.com\/editor\/#website\"},\"primaryImageOfPage\":{\"@id\":\"https:\/\/luchonoticias.com\/editor\/preocupacion-de-la-procuraduria-frente-a-violencia-sexual-en-colegios\/#primaryimage\"},\"image\":{\"@id\":\"https:\/\/luchonoticias.com\/editor\/preocupacion-de-la-procuraduria-frente-a-violencia-sexual-en-colegios\/#primaryimage\"},\"thumbnailUrl\":\"https:\/\/luchonoticias.com\/editor\/wp-content\/uploads\/2024\/05\/acoso-escolar-205.jpg\",\"datePublished\":\"2024-05-02T16:09:29+00:00\",\"breadcrumb\":{\"@id\":\"https:\/\/luchonoticias.com\/editor\/preocupacion-de-la-procuraduria-frente-a-violencia-sexual-en-colegios\/#breadcrumb\"},\"inLanguage\":\"es\",\"potentialAction\":[{\"@type\":\"ReadAction\",\"target\":[\"https:\/\/luchonoticias.com\/editor\/preocupacion-de-la-procuraduria-frente-a-violencia-sexual-en-colegios\/\"]}]},{\"@type\":\"ImageObject\",\"inLanguage\":\"es\",\"@id\":\"https:\/\/luchonoticias.com\/editor\/preocupacion-de-la-procuraduria-frente-a-violencia-sexual-en-colegios\/#primaryimage\",\"url\":\"https:\/\/luchonoticias.com\/editor\/wp-content\/uploads\/2024\/05\/acoso-escolar-205.jpg\",\"contentUrl\":\"https:\/\/luchonoticias.com\/editor\/wp-content\/uploads\/2024\/05\/acoso-escolar-205.jpg\",\"width\":1300,\"height\":975},{\"@type\":\"BreadcrumbList\",\"@id\":\"https:\/\/luchonoticias.com\/editor\/preocupacion-de-la-procuraduria-frente-a-violencia-sexual-en-colegios\/#breadcrumb\",\"itemListElement\":[{\"@type\":\"ListItem\",\"position\":1,\"name\":\"Portada\",\"item\":\"https:\/\/luchonoticias.com\/editor\/\"},{\"@type\":\"ListItem\",\"position\":2,\"name\":\"Preocupaci\u00f3n de la Procuradur\u00eda frente a violencia sexual en colegios\"}]},{\"@type\":\"WebSite\",\"@id\":\"https:\/\/luchonoticias.com\/editor\/#website\",\"url\":\"https:\/\/luchonoticias.com\/editor\/\",\"name\":\"\",\"description\":\"\",\"publisher\":{\"@id\":\"https:\/\/luchonoticias.com\/editor\/#\/schema\/person\/7a7fd911f58561fd056dbac7b55af9cd\"},\"potentialAction\":[{\"@type\":\"SearchAction\",\"target\":{\"@type\":\"EntryPoint\",\"urlTemplate\":\"https:\/\/luchonoticias.com\/editor\/?s={search_term_string}\"},\"query-input\":{\"@type\":\"PropertyValueSpecification\",\"valueRequired\":true,\"valueName\":\"search_term_string\"}}],\"inLanguage\":\"es\"},{\"@type\":[\"Person\",\"Organization\"],\"@id\":\"https:\/\/luchonoticias.com\/editor\/#\/schema\/person\/7a7fd911f58561fd056dbac7b55af9cd\",\"name\":\"admin\",\"image\":{\"@type\":\"ImageObject\",\"inLanguage\":\"es\",\"@id\":\"https:\/\/luchonoticias.com\/editor\/#\/schema\/person\/image\/\",\"url\":\"https:\/\/luchonoticias.com\/editor\/wp-content\/uploads\/2024\/02\/cropped-cropped-logolu.webp\",\"contentUrl\":\"https:\/\/luchonoticias.com\/editor\/wp-content\/uploads\/2024\/02\/cropped-cropped-logolu.webp\",\"width\":382,\"height\":170,\"caption\":\"admin\"},\"logo\":{\"@id\":\"https:\/\/luchonoticias.com\/editor\/#\/schema\/person\/image\/\"},\"sameAs\":[\"https:\/\/www.facebook.com\/luchonoticiasneiva\"]},{\"@type\":\"Person\",\"@id\":\"https:\/\/luchonoticias.com\/editor\/#\/schema\/person\/29217990ddf6f14e35912b2866d591fb\",\"name\":\"Editor General\",\"image\":{\"@type\":\"ImageObject\",\"inLanguage\":\"es\",\"@id\":\"https:\/\/luchonoticias.com\/editor\/#\/schema\/person\/image\/\",\"url\":\"https:\/\/luchonoticias.com\/editor\/wp-content\/uploads\/2024\/02\/cropped-cropped-logolu-150x150.webp\",\"contentUrl\":\"https:\/\/luchonoticias.com\/editor\/wp-content\/uploads\/2024\/02\/cropped-cropped-logolu-150x150.webp\",\"caption\":\"Editor General\"},\"sameAs\":[\"https:\/\/luchonoticias.com\/\"],\"url\":\"https:\/\/luchonoticias.com\/editor\/author\/editor-general\/\"}]}<\/script>\n<!-- \/ Yoast SEO plugin. -->","yoast_head_json":{"title":"Preocupaci\u00f3n de la Procuradur\u00eda frente a violencia sexual en colegios -","robots":{"index":"index","follow":"follow","max-snippet":"max-snippet:-1","max-image-preview":"max-image-preview:large","max-video-preview":"max-video-preview:-1"},"canonical":"https:\/\/luchonoticias.com\/editor\/preocupacion-de-la-procuraduria-frente-a-violencia-sexual-en-colegios\/","og_locale":"es_ES","og_type":"article","og_title":"Preocupaci\u00f3n de la Procuradur\u00eda frente a violencia sexual en colegios -","og_url":"https:\/\/luchonoticias.com\/editor\/preocupacion-de-la-procuraduria-frente-a-violencia-sexual-en-colegios\/","article_publisher":"https:\/\/www.facebook.com\/luchonoticiasneiva","article_published_time":"2024-05-02T16:09:29+00:00","og_image":[{"width":1300,"height":975,"url":"https:\/\/luchonoticias.com\/editor\/wp-content\/uploads\/2024\/05\/acoso-escolar-205.jpg","type":"image\/jpeg"}],"author":"Editor General","twitter_card":"summary_large_image","twitter_misc":{"Escrito por":"Editor General","Tiempo de lectura":"2 minutos"},"schema":{"@context":"https:\/\/schema.org","@graph":[{"@type":"Article","@id":"https:\/\/luchonoticias.com\/editor\/preocupacion-de-la-procuraduria-frente-a-violencia-sexual-en-colegios\/#article","isPartOf":{"@id":"https:\/\/luchonoticias.com\/editor\/preocupacion-de-la-procuraduria-frente-a-violencia-sexual-en-colegios\/"},"author":{"name":"Editor General","@id":"https:\/\/luchonoticias.com\/editor\/#\/schema\/person\/29217990ddf6f14e35912b2866d591fb"},"headline":"Preocupaci\u00f3n de la Procuradur\u00eda frente a violencia sexual en colegios","datePublished":"2024-05-02T16:09:29+00:00","mainEntityOfPage":{"@id":"https:\/\/luchonoticias.com\/editor\/preocupacion-de-la-procuraduria-frente-a-violencia-sexual-en-colegios\/"},"wordCount":325,"publisher":{"@id":"https:\/\/luchonoticias.com\/editor\/#\/schema\/person\/7a7fd911f58561fd056dbac7b55af9cd"},"image":{"@id":"https:\/\/luchonoticias.com\/editor\/preocupacion-de-la-procuraduria-frente-a-violencia-sexual-en-colegios\/#primaryimage"},"thumbnailUrl":"https:\/\/luchonoticias.com\/editor\/wp-content\/uploads\/2024\/05\/acoso-escolar-205.jpg","articleSection":["Actualidad"],"inLanguage":"es"},{"@type":"WebPage","@id":"https:\/\/luchonoticias.com\/editor\/preocupacion-de-la-procuraduria-frente-a-violencia-sexual-en-colegios\/","url":"https:\/\/luchonoticias.com\/editor\/preocupacion-de-la-procuraduria-frente-a-violencia-sexual-en-colegios\/","name":"Preocupaci\u00f3n de la Procuradur\u00eda frente a violencia sexual en colegios -","isPartOf":{"@id":"https:\/\/luchonoticias.com\/editor\/#website"},"primaryImageOfPage":{"@id":"https:\/\/luchonoticias.com\/editor\/preocupacion-de-la-procuraduria-frente-a-violencia-sexual-en-colegios\/#primaryimage"},"image":{"@id":"https:\/\/luchonoticias.com\/editor\/preocupacion-de-la-procuraduria-frente-a-violencia-sexual-en-colegios\/#primaryimage"},"thumbnailUrl":"https:\/\/luchonoticias.com\/editor\/wp-content\/uploads\/2024\/05\/acoso-escolar-205.jpg","datePublished":"2024-05-02T16:09:29+00:00","breadcrumb":{"@id":"https:\/\/luchonoticias.com\/editor\/preocupacion-de-la-procuraduria-frente-a-violencia-sexual-en-colegios\/#breadcrumb"},"inLanguage":"es","potentialAction":[{"@type":"ReadAction","target":["https:\/\/luchonoticias.com\/editor\/preocupacion-de-la-procuraduria-frente-a-violencia-sexual-en-colegios\/"]}]},{"@type":"ImageObject","inLanguage":"es","@id":"https:\/\/luchonoticias.com\/editor\/preocupacion-de-la-procuraduria-frente-a-violencia-sexual-en-colegios\/#primaryimage","url":"https:\/\/luchonoticias.com\/editor\/wp-content\/uploads\/2024\/05\/acoso-escolar-205.jpg","contentUrl":"https:\/\/luchonoticias.com\/editor\/wp-content\/uploads\/2024\/05\/acoso-escolar-205.jpg","width":1300,"height":975},{"@type":"BreadcrumbList","@id":"https:\/\/luchonoticias.com\/editor\/preocupacion-de-la-procuraduria-frente-a-violencia-sexual-en-colegios\/#breadcrumb","itemListElement":[{"@type":"ListItem","position":1,"name":"Portada","item":"https:\/\/luchonoticias.com\/editor\/"},{"@type":"ListItem","position":2,"name":"Preocupaci\u00f3n de la Procuradur\u00eda frente a violencia sexual en colegios"}]},{"@type":"WebSite","@id":"https:\/\/luchonoticias.com\/editor\/#website","url":"https:\/\/luchonoticias.com\/editor\/","name":"","description":"","publisher":{"@id":"https:\/\/luchonoticias.com\/editor\/#\/schema\/person\/7a7fd911f58561fd056dbac7b55af9cd"},"potentialAction":[{"@type":"SearchAction","target":{"@type":"EntryPoint","urlTemplate":"https:\/\/luchonoticias.com\/editor\/?s={search_term_string}"},"query-input":{"@type":"PropertyValueSpecification","valueRequired":true,"valueName":"search_term_string"}}],"inLanguage":"es"},{"@type":["Person","Organization"],"@id":"https:\/\/luchonoticias.com\/editor\/#\/schema\/person\/7a7fd911f58561fd056dbac7b55af9cd","name":"admin","image":{"@type":"ImageObject","inLanguage":"es","@id":"https:\/\/luchonoticias.com\/editor\/#\/schema\/person\/image\/","url":"https:\/\/luchonoticias.com\/editor\/wp-content\/uploads\/2024\/02\/cropped-cropped-logolu.webp","contentUrl":"https:\/\/luchonoticias.com\/editor\/wp-content\/uploads\/2024\/02\/cropped-cropped-logolu.webp","width":382,"height":170,"caption":"admin"},"logo":{"@id":"https:\/\/luchonoticias.com\/editor\/#\/schema\/person\/image\/"},"sameAs":["https:\/\/www.facebook.com\/luchonoticiasneiva"]},{"@type":"Person","@id":"https:\/\/luchonoticias.com\/editor\/#\/schema\/person\/29217990ddf6f14e35912b2866d591fb","name":"Editor General","image":{"@type":"ImageObject","inLanguage":"es","@id":"https:\/\/luchonoticias.com\/editor\/#\/schema\/person\/image\/","url":"https:\/\/luchonoticias.com\/editor\/wp-content\/uploads\/2024\/02\/cropped-cropped-logolu-150x150.webp","contentUrl":"https:\/\/luchonoticias.com\/editor\/wp-content\/uploads\/2024\/02\/cropped-cropped-logolu-150x150.webp","caption":"Editor General"},"sameAs":["https:\/\/luchonoticias.com\/"],"url":"https:\/\/luchonoticias.com\/editor\/author\/editor-general\/"}]}},"_links":{"self":[{"href":"https:\/\/luchonoticias.com\/editor\/wp-json\/wp\/v2\/posts\/72630","targetHints":{"allow":["GET"]}}],"collection":[{"href":"https:\/\/luchonoticias.com\/editor\/wp-json\/wp\/v2\/posts"}],"about":[{"href":"https:\/\/luchonoticias.com\/editor\/wp-json\/wp\/v2\/types\/post"}],"author":[{"embeddable":true,"href":"https:\/\/luchonoticias.com\/editor\/wp-json\/wp\/v2\/users\/2"}],"replies":[{"embeddable":true,"href":"https:\/\/luchonoticias.com\/editor\/wp-json\/wp\/v2\/comments?post=72630"}],"version-history":[{"count":0,"href":"https:\/\/luchonoticias.com\/editor\/wp-json\/wp\/v2\/posts\/72630\/revisions"}],"wp:featuredmedia":[{"embeddable":true,"href":"https:\/\/luchonoticias.com\/editor\/wp-json\/wp\/v2\/media\/72631"}],"wp:attachment":[{"href":"https:\/\/luchonoticias.com\/editor\/wp-json\/wp\/v2\/media?parent=72630"}],"wp:term":[{"taxonomy":"category","embeddable":true,"href":"https:\/\/luchonoticias.com\/editor\/wp-json\/wp\/v2\/categories?post=72630"},{"taxonomy":"post_tag","embeddable":true,"href":"https:\/\/luchonoticias.com\/editor\/wp-json\/wp\/v2\/tags?post=72630"}],"curies":[{"name":"wp","href":"https:\/\/api.w.org\/{rel}","templated":true}]}}