{"id":72633,"date":"2024-05-02T11:15:38","date_gmt":"2024-05-02T16:15:38","guid":{"rendered":"https:\/\/luchonoticias.com\/?p=72633"},"modified":"2024-05-02T11:15:38","modified_gmt":"2024-05-02T16:15:38","slug":"creditos-para-propietarios-de-vehiculos-de-carga-pesada","status":"publish","type":"post","link":"https:\/\/luchonoticias.com\/editor\/creditos-para-propietarios-de-vehiculos-de-carga-pesada\/","title":{"rendered":"Cr\u00e9ditos para propietarios de veh\u00edculos de carga pesada"},"content":{"rendered":"<p>En el marco de la pol\u00edtica del Gobierno nacional orientada a la modernizaci\u00f3n y renovaci\u00f3n del parque automotor de carga,\u00a0<strong>el Ministerio de Transporte y Banc\u00f3ldex anunciaron la puesta en marcha de la l\u00ednea de cr\u00e9dito \u201cTransporte de Carga Pesada se Reactiva\u201d, por un cupo aproximado de $85.000 millones.<\/strong><\/p>\n<p>Los peque\u00f1os propietarios podr\u00e1n financiar hasta el 100% de la compra directa o mediante leasing de veh\u00edculos de carga, con peso bruto vehicular mayor a 10.5 toneladas, sin superar los $1.500 millones por beneficiario.<\/p>\n<p>Al respecto, el\u00a0<strong>ministro de Transporte, William Fernando Camargo Triana<\/strong>, destac\u00f3 que\u00a0<em>\u201cuna de las prioridades del Gobierno del Cambio es el ascenso tecnol\u00f3gico y la renovaci\u00f3n del parque automotor de carga, con el objetivo de contar con una flota amigable con el medio ambiente, que contribuya a la competitividad del pa\u00eds, la seguridad en las v\u00edas y a la mayor rentabilidad para los propietarios de los automotores. Por tal raz\u00f3n, consideramos que, con la creaci\u00f3n de la l\u00ednea de cr\u00e9dito con Banc\u00f3ldex, que hoy anunciamos, se incentiva dicha renovaci\u00f3n y se fortalece el Programa de Modernizaci\u00f3n del Parque Automotor de la modalidad\u201d.<\/em><\/p>\n<p>Entre los beneficios que tiene la nueva l\u00ednea de cr\u00e9dito se destaca que se\u00a0<strong>reducen en al menos 2% las tasas de inter\u00e9s frente a las que los bancos definen en condiciones est\u00e1ndar de cr\u00e9dito.<\/strong>\u00a0Adicionalmente, que se contar\u00e1 con periodos de gracia hasta de 6 meses y plazos para el pago de los cr\u00e9ditos hasta de 8 a\u00f1os.<\/p>\n<p><em>\u201cDesde Banc\u00f3ldex, seguimos trabajando en el dise\u00f1o de instrumentos financieros que nos permitan apoyar la pol\u00edtica p\u00fablica del Gobierno nacional, especialmente ayudando a los peque\u00f1os transportadores para mejorar su competitividad y rentabilidad. Esta soluci\u00f3n crediticia cuenta con grandes beneficios para los propietarios de los veh\u00edculos que adquieren nuevas unidades para efectuar la reposici\u00f3n, que incluyen importantes alivios financieros en tasas y plazos\u201d<\/em>, indic\u00f3\u00a0<strong>Javier D\u00edaz Fajardo, presidente de Banc\u00f3ldex.<\/strong><\/p>\n<p>El propietario que desintegre su veh\u00edculo y desee adquirir uno nuevo para efectuar la reposici\u00f3n, puede solicitar financiaci\u00f3n con los bancos, corporaciones financieras, compa\u00f1\u00edas de financiamiento, cooperativas financieras, que cuenten con cupo en Banc\u00f3ldex.<\/p>\n<p>Para m\u00e1s informaci\u00f3n, se puede consultar toda la informaci\u00f3n sobre el programa en www.mintransporte.gov.co apartado programas y pol\u00edticas, Programa de Modernizaci\u00f3n de Veh\u00edculos de Carga.<\/p>\n","protected":false},"excerpt":{"rendered":"<p>En el marco de la pol\u00edtica del Gobierno nacional orientada a la modernizaci\u00f3n y renovaci\u00f3n del parque automotor de carga,\u00a0el Ministerio de Transporte y Banc\u00f3ldex anunciaron la puesta en marcha de la l\u00ednea de cr\u00e9dito \u201cTransporte de Carga Pesada se Reactiva\u201d, por un cupo aproximado de $85.000 millones. Los peque\u00f1os propietarios podr\u00e1n financiar hasta el [&hellip;]<\/p>\n","protected":false},"author":2,"featured_media":72634,"comment_status":"closed","ping_status":"open","sticky":false,"template":"","format":"standard","meta":{"footnotes":""},"categories":[33],"tags":[],"class_list":["post-72633","post","type-post","status-publish","format-standard","has-post-thumbnail","hentry","category-huila"],"yoast_head":"<!-- This site is optimized with the Yoast SEO plugin v26.6 - https:\/\/yoast.com\/wordpress\/plugins\/seo\/ -->\n<title>Cr\u00e9ditos para propietarios de veh\u00edculos de carga pesada -<\/title>\n<meta name=\"robots\" content=\"index, follow, max-snippet:-1, max-image-preview:large, max-video-preview:-1\" \/>\n<link rel=\"canonical\" href=\"https:\/\/luchonoticias.com\/editor\/creditos-para-propietarios-de-vehiculos-de-carga-pesada\/\" \/>\n<meta property=\"og:locale\" content=\"es_ES\" \/>\n<meta property=\"og:type\" content=\"article\" \/>\n<meta property=\"og:title\" content=\"Cr\u00e9ditos para propietarios de veh\u00edculos de carga pesada -\" \/>\n<meta property=\"og:url\" content=\"https:\/\/luchonoticias.com\/editor\/creditos-para-propietarios-de-vehiculos-de-carga-pesada\/\" \/>\n<meta property=\"article:publisher\" content=\"https:\/\/www.facebook.com\/luchonoticiasneiva\" \/>\n<meta property=\"article:published_time\" content=\"2024-05-02T16:15:38+00:00\" \/>\n<meta property=\"og:image\" content=\"https:\/\/luchonoticias.com\/editor\/wp-content\/uploads\/2024\/05\/vehiculos-de-carga.jpg\" \/>\n\t<meta property=\"og:image:width\" content=\"700\" \/>\n\t<meta property=\"og:image:height\" content=\"400\" \/>\n\t<meta property=\"og:image:type\" content=\"image\/jpeg\" \/>\n<meta name=\"author\" content=\"Editor General\" \/>\n<meta name=\"twitter:card\" content=\"summary_large_image\" \/>\n<meta name=\"twitter:label1\" content=\"Escrito por\" \/>\n\t<meta name=\"twitter:data1\" content=\"Editor General\" \/>\n\t<meta name=\"twitter:label2\" content=\"Tiempo de lectura\" \/>\n\t<meta name=\"twitter:data2\" content=\"2 minutos\" \/>\n<script type=\"application\/ld+json\" class=\"yoast-schema-graph\">{\"@context\":\"https:\/\/schema.org\",\"@graph\":[{\"@type\":\"Article\",\"@id\":\"https:\/\/luchonoticias.com\/editor\/creditos-para-propietarios-de-vehiculos-de-carga-pesada\/#article\",\"isPartOf\":{\"@id\":\"https:\/\/luchonoticias.com\/editor\/creditos-para-propietarios-de-vehiculos-de-carga-pesada\/\"},\"author\":{\"name\":\"Editor General\",\"@id\":\"https:\/\/luchonoticias.com\/editor\/#\/schema\/person\/29217990ddf6f14e35912b2866d591fb\"},\"headline\":\"Cr\u00e9ditos para propietarios de veh\u00edculos de carga pesada\",\"datePublished\":\"2024-05-02T16:15:38+00:00\",\"mainEntityOfPage\":{\"@id\":\"https:\/\/luchonoticias.com\/editor\/creditos-para-propietarios-de-vehiculos-de-carga-pesada\/\"},\"wordCount\":427,\"publisher\":{\"@id\":\"https:\/\/luchonoticias.com\/editor\/#\/schema\/person\/7a7fd911f58561fd056dbac7b55af9cd\"},\"image\":{\"@id\":\"https:\/\/luchonoticias.com\/editor\/creditos-para-propietarios-de-vehiculos-de-carga-pesada\/#primaryimage\"},\"thumbnailUrl\":\"https:\/\/luchonoticias.com\/editor\/wp-content\/uploads\/2024\/05\/vehiculos-de-carga.jpg\",\"articleSection\":[\"Huila\"],\"inLanguage\":\"es\"},{\"@type\":\"WebPage\",\"@id\":\"https:\/\/luchonoticias.com\/editor\/creditos-para-propietarios-de-vehiculos-de-carga-pesada\/\",\"url\":\"https:\/\/luchonoticias.com\/editor\/creditos-para-propietarios-de-vehiculos-de-carga-pesada\/\",\"name\":\"Cr\u00e9ditos para propietarios de veh\u00edculos de carga pesada -\",\"isPartOf\":{\"@id\":\"https:\/\/luchonoticias.com\/editor\/#website\"},\"primaryImageOfPage\":{\"@id\":\"https:\/\/luchonoticias.com\/editor\/creditos-para-propietarios-de-vehiculos-de-carga-pesada\/#primaryimage\"},\"image\":{\"@id\":\"https:\/\/luchonoticias.com\/editor\/creditos-para-propietarios-de-vehiculos-de-carga-pesada\/#primaryimage\"},\"thumbnailUrl\":\"https:\/\/luchonoticias.com\/editor\/wp-content\/uploads\/2024\/05\/vehiculos-de-carga.jpg\",\"datePublished\":\"2024-05-02T16:15:38+00:00\",\"breadcrumb\":{\"@id\":\"https:\/\/luchonoticias.com\/editor\/creditos-para-propietarios-de-vehiculos-de-carga-pesada\/#breadcrumb\"},\"inLanguage\":\"es\",\"potentialAction\":[{\"@type\":\"ReadAction\",\"target\":[\"https:\/\/luchonoticias.com\/editor\/creditos-para-propietarios-de-vehiculos-de-carga-pesada\/\"]}]},{\"@type\":\"ImageObject\",\"inLanguage\":\"es\",\"@id\":\"https:\/\/luchonoticias.com\/editor\/creditos-para-propietarios-de-vehiculos-de-carga-pesada\/#primaryimage\",\"url\":\"https:\/\/luchonoticias.com\/editor\/wp-content\/uploads\/2024\/05\/vehiculos-de-carga.jpg\",\"contentUrl\":\"https:\/\/luchonoticias.com\/editor\/wp-content\/uploads\/2024\/05\/vehiculos-de-carga.jpg\",\"width\":700,\"height\":400},{\"@type\":\"BreadcrumbList\",\"@id\":\"https:\/\/luchonoticias.com\/editor\/creditos-para-propietarios-de-vehiculos-de-carga-pesada\/#breadcrumb\",\"itemListElement\":[{\"@type\":\"ListItem\",\"position\":1,\"name\":\"Portada\",\"item\":\"https:\/\/luchonoticias.com\/editor\/\"},{\"@type\":\"ListItem\",\"position\":2,\"name\":\"Cr\u00e9ditos para propietarios de veh\u00edculos de carga pesada\"}]},{\"@type\":\"WebSite\",\"@id\":\"https:\/\/luchonoticias.com\/editor\/#website\",\"url\":\"https:\/\/luchonoticias.com\/editor\/\",\"name\":\"\",\"description\":\"\",\"publisher\":{\"@id\":\"https:\/\/luchonoticias.com\/editor\/#\/schema\/person\/7a7fd911f58561fd056dbac7b55af9cd\"},\"potentialAction\":[{\"@type\":\"SearchAction\",\"target\":{\"@type\":\"EntryPoint\",\"urlTemplate\":\"https:\/\/luchonoticias.com\/editor\/?s={search_term_string}\"},\"query-input\":{\"@type\":\"PropertyValueSpecification\",\"valueRequired\":true,\"valueName\":\"search_term_string\"}}],\"inLanguage\":\"es\"},{\"@type\":[\"Person\",\"Organization\"],\"@id\":\"https:\/\/luchonoticias.com\/editor\/#\/schema\/person\/7a7fd911f58561fd056dbac7b55af9cd\",\"name\":\"admin\",\"image\":{\"@type\":\"ImageObject\",\"inLanguage\":\"es\",\"@id\":\"https:\/\/luchonoticias.com\/editor\/#\/schema\/person\/image\/\",\"url\":\"https:\/\/luchonoticias.com\/editor\/wp-content\/uploads\/2024\/02\/cropped-cropped-logolu.webp\",\"contentUrl\":\"https:\/\/luchonoticias.com\/editor\/wp-content\/uploads\/2024\/02\/cropped-cropped-logolu.webp\",\"width\":382,\"height\":170,\"caption\":\"admin\"},\"logo\":{\"@id\":\"https:\/\/luchonoticias.com\/editor\/#\/schema\/person\/image\/\"},\"sameAs\":[\"https:\/\/www.facebook.com\/luchonoticiasneiva\"]},{\"@type\":\"Person\",\"@id\":\"https:\/\/luchonoticias.com\/editor\/#\/schema\/person\/29217990ddf6f14e35912b2866d591fb\",\"name\":\"Editor General\",\"image\":{\"@type\":\"ImageObject\",\"inLanguage\":\"es\",\"@id\":\"https:\/\/luchonoticias.com\/editor\/#\/schema\/person\/image\/\",\"url\":\"https:\/\/luchonoticias.com\/editor\/wp-content\/uploads\/2024\/02\/cropped-cropped-logolu-150x150.webp\",\"contentUrl\":\"https:\/\/luchonoticias.com\/editor\/wp-content\/uploads\/2024\/02\/cropped-cropped-logolu-150x150.webp\",\"caption\":\"Editor General\"},\"sameAs\":[\"https:\/\/luchonoticias.com\/\"],\"url\":\"https:\/\/luchonoticias.com\/editor\/author\/editor-general\/\"}]}<\/script>\n<!-- \/ Yoast SEO plugin. -->","yoast_head_json":{"title":"Cr\u00e9ditos para propietarios de veh\u00edculos de carga pesada -","robots":{"index":"index","follow":"follow","max-snippet":"max-snippet:-1","max-image-preview":"max-image-preview:large","max-video-preview":"max-video-preview:-1"},"canonical":"https:\/\/luchonoticias.com\/editor\/creditos-para-propietarios-de-vehiculos-de-carga-pesada\/","og_locale":"es_ES","og_type":"article","og_title":"Cr\u00e9ditos para propietarios de veh\u00edculos de carga pesada -","og_url":"https:\/\/luchonoticias.com\/editor\/creditos-para-propietarios-de-vehiculos-de-carga-pesada\/","article_publisher":"https:\/\/www.facebook.com\/luchonoticiasneiva","article_published_time":"2024-05-02T16:15:38+00:00","og_image":[{"width":700,"height":400,"url":"https:\/\/luchonoticias.com\/editor\/wp-content\/uploads\/2024\/05\/vehiculos-de-carga.jpg","type":"image\/jpeg"}],"author":"Editor General","twitter_card":"summary_large_image","twitter_misc":{"Escrito por":"Editor General","Tiempo de lectura":"2 minutos"},"schema":{"@context":"https:\/\/schema.org","@graph":[{"@type":"Article","@id":"https:\/\/luchonoticias.com\/editor\/creditos-para-propietarios-de-vehiculos-de-carga-pesada\/#article","isPartOf":{"@id":"https:\/\/luchonoticias.com\/editor\/creditos-para-propietarios-de-vehiculos-de-carga-pesada\/"},"author":{"name":"Editor General","@id":"https:\/\/luchonoticias.com\/editor\/#\/schema\/person\/29217990ddf6f14e35912b2866d591fb"},"headline":"Cr\u00e9ditos para propietarios de veh\u00edculos de carga pesada","datePublished":"2024-05-02T16:15:38+00:00","mainEntityOfPage":{"@id":"https:\/\/luchonoticias.com\/editor\/creditos-para-propietarios-de-vehiculos-de-carga-pesada\/"},"wordCount":427,"publisher":{"@id":"https:\/\/luchonoticias.com\/editor\/#\/schema\/person\/7a7fd911f58561fd056dbac7b55af9cd"},"image":{"@id":"https:\/\/luchonoticias.com\/editor\/creditos-para-propietarios-de-vehiculos-de-carga-pesada\/#primaryimage"},"thumbnailUrl":"https:\/\/luchonoticias.com\/editor\/wp-content\/uploads\/2024\/05\/vehiculos-de-carga.jpg","articleSection":["Huila"],"inLanguage":"es"},{"@type":"WebPage","@id":"https:\/\/luchonoticias.com\/editor\/creditos-para-propietarios-de-vehiculos-de-carga-pesada\/","url":"https:\/\/luchonoticias.com\/editor\/creditos-para-propietarios-de-vehiculos-de-carga-pesada\/","name":"Cr\u00e9ditos para propietarios de veh\u00edculos de carga pesada -","isPartOf":{"@id":"https:\/\/luchonoticias.com\/editor\/#website"},"primaryImageOfPage":{"@id":"https:\/\/luchonoticias.com\/editor\/creditos-para-propietarios-de-vehiculos-de-carga-pesada\/#primaryimage"},"image":{"@id":"https:\/\/luchonoticias.com\/editor\/creditos-para-propietarios-de-vehiculos-de-carga-pesada\/#primaryimage"},"thumbnailUrl":"https:\/\/luchonoticias.com\/editor\/wp-content\/uploads\/2024\/05\/vehiculos-de-carga.jpg","datePublished":"2024-05-02T16:15:38+00:00","breadcrumb":{"@id":"https:\/\/luchonoticias.com\/editor\/creditos-para-propietarios-de-vehiculos-de-carga-pesada\/#breadcrumb"},"inLanguage":"es","potentialAction":[{"@type":"ReadAction","target":["https:\/\/luchonoticias.com\/editor\/creditos-para-propietarios-de-vehiculos-de-carga-pesada\/"]}]},{"@type":"ImageObject","inLanguage":"es","@id":"https:\/\/luchonoticias.com\/editor\/creditos-para-propietarios-de-vehiculos-de-carga-pesada\/#primaryimage","url":"https:\/\/luchonoticias.com\/editor\/wp-content\/uploads\/2024\/05\/vehiculos-de-carga.jpg","contentUrl":"https:\/\/luchonoticias.com\/editor\/wp-content\/uploads\/2024\/05\/vehiculos-de-carga.jpg","width":700,"height":400},{"@type":"BreadcrumbList","@id":"https:\/\/luchonoticias.com\/editor\/creditos-para-propietarios-de-vehiculos-de-carga-pesada\/#breadcrumb","itemListElement":[{"@type":"ListItem","position":1,"name":"Portada","item":"https:\/\/luchonoticias.com\/editor\/"},{"@type":"ListItem","position":2,"name":"Cr\u00e9ditos para propietarios de veh\u00edculos de carga pesada"}]},{"@type":"WebSite","@id":"https:\/\/luchonoticias.com\/editor\/#website","url":"https:\/\/luchonoticias.com\/editor\/","name":"","description":"","publisher":{"@id":"https:\/\/luchonoticias.com\/editor\/#\/schema\/person\/7a7fd911f58561fd056dbac7b55af9cd"},"potentialAction":[{"@type":"SearchAction","target":{"@type":"EntryPoint","urlTemplate":"https:\/\/luchonoticias.com\/editor\/?s={search_term_string}"},"query-input":{"@type":"PropertyValueSpecification","valueRequired":true,"valueName":"search_term_string"}}],"inLanguage":"es"},{"@type":["Person","Organization"],"@id":"https:\/\/luchonoticias.com\/editor\/#\/schema\/person\/7a7fd911f58561fd056dbac7b55af9cd","name":"admin","image":{"@type":"ImageObject","inLanguage":"es","@id":"https:\/\/luchonoticias.com\/editor\/#\/schema\/person\/image\/","url":"https:\/\/luchonoticias.com\/editor\/wp-content\/uploads\/2024\/02\/cropped-cropped-logolu.webp","contentUrl":"https:\/\/luchonoticias.com\/editor\/wp-content\/uploads\/2024\/02\/cropped-cropped-logolu.webp","width":382,"height":170,"caption":"admin"},"logo":{"@id":"https:\/\/luchonoticias.com\/editor\/#\/schema\/person\/image\/"},"sameAs":["https:\/\/www.facebook.com\/luchonoticiasneiva"]},{"@type":"Person","@id":"https:\/\/luchonoticias.com\/editor\/#\/schema\/person\/29217990ddf6f14e35912b2866d591fb","name":"Editor General","image":{"@type":"ImageObject","inLanguage":"es","@id":"https:\/\/luchonoticias.com\/editor\/#\/schema\/person\/image\/","url":"https:\/\/luchonoticias.com\/editor\/wp-content\/uploads\/2024\/02\/cropped-cropped-logolu-150x150.webp","contentUrl":"https:\/\/luchonoticias.com\/editor\/wp-content\/uploads\/2024\/02\/cropped-cropped-logolu-150x150.webp","caption":"Editor General"},"sameAs":["https:\/\/luchonoticias.com\/"],"url":"https:\/\/luchonoticias.com\/editor\/author\/editor-general\/"}]}},"_links":{"self":[{"href":"https:\/\/luchonoticias.com\/editor\/wp-json\/wp\/v2\/posts\/72633","targetHints":{"allow":["GET"]}}],"collection":[{"href":"https:\/\/luchonoticias.com\/editor\/wp-json\/wp\/v2\/posts"}],"about":[{"href":"https:\/\/luchonoticias.com\/editor\/wp-json\/wp\/v2\/types\/post"}],"author":[{"embeddable":true,"href":"https:\/\/luchonoticias.com\/editor\/wp-json\/wp\/v2\/users\/2"}],"replies":[{"embeddable":true,"href":"https:\/\/luchonoticias.com\/editor\/wp-json\/wp\/v2\/comments?post=72633"}],"version-history":[{"count":0,"href":"https:\/\/luchonoticias.com\/editor\/wp-json\/wp\/v2\/posts\/72633\/revisions"}],"wp:featuredmedia":[{"embeddable":true,"href":"https:\/\/luchonoticias.com\/editor\/wp-json\/wp\/v2\/media\/72634"}],"wp:attachment":[{"href":"https:\/\/luchonoticias.com\/editor\/wp-json\/wp\/v2\/media?parent=72633"}],"wp:term":[{"taxonomy":"category","embeddable":true,"href":"https:\/\/luchonoticias.com\/editor\/wp-json\/wp\/v2\/categories?post=72633"},{"taxonomy":"post_tag","embeddable":true,"href":"https:\/\/luchonoticias.com\/editor\/wp-json\/wp\/v2\/tags?post=72633"}],"curies":[{"name":"wp","href":"https:\/\/api.w.org\/{rel}","templated":true}]}}