{"id":72636,"date":"2024-05-02T13:45:01","date_gmt":"2024-05-02T18:45:01","guid":{"rendered":"https:\/\/luchonoticias.com\/?p=72636"},"modified":"2024-05-02T13:45:01","modified_gmt":"2024-05-02T18:45:01","slug":"pesca-del-bagre-rayado-prohibida-en-el-huila","status":"publish","type":"post","link":"https:\/\/luchonoticias.com\/editor\/pesca-del-bagre-rayado-prohibida-en-el-huila\/","title":{"rendered":"Pesca del bagre rayado, prohibida en el Huila"},"content":{"rendered":"<p>Durante todo el mes de mayo se mantendr\u00e1 la veda para la pesca del bagre rayado (Pseudoplatystoma magdaleniatum), una especie de inter\u00e9s comercial que se encuentra en estado cr\u00edtico debido a la sobrepesca. En ese sentido, la medida busca proteger sus ciclos reproductivos, debido a que durante este per\u00edodo hembras y machos migran a zonas de aguas poco profundas para realizar la fertilizaci\u00f3n y postura de sus huevos, quedando vulnerables frente a actividades pesqueras.<\/p>\n<p>Todos los a\u00f1os, la mencionada veda que est\u00e1 reglamentada bajo el Acuerdo # 009 de 1996 y la Resoluci\u00f3n 0242 de 1996, tiene dos per\u00edodos, el primero del 1 al 30 de mayo, y el segundo del 15 de septiembre al 15 de octubre, que coinciden con los picos anuales en que se encuentra una mayor cantidad de peces maduros y preparados para reproducirse.<\/p>\n<p>Frente a este panorama, el secretario de Agricultura y Miner\u00eda del Huila, ingeniero Carlos Alberto Cu\u00e9llar Medina, hace el llamado a todos los pescadores artesanales, para que m\u00e1s all\u00e1 de una obligaci\u00f3n comprendan que se trata de una medida que les va a beneficiar a futuro, al preservar la especie y tener recursos pesqueros disponibles para su subsistencia.<\/p>\n<p>Este primer per\u00edodo de veda del a\u00f1o que se extender\u00e1 hasta el 30 de mayo, busca ampliar las posibilidades de reproducci\u00f3n exitosa del bagre rayado, al existir menor interferencia humana en los cuerpos de agua, lo que favorecer\u00e1 no solo a las familias que derivan su sustento de la actividad pesquera por la disponibilidad de peces a futuro, sino tambi\u00e9n por el aporte de la especie en el equilibrio de los ecosistemas mediante la recirculaci\u00f3n de nutrientes.<\/p>\n<p>Por eso para proteger y conservar el bagre rayado respetando sus per\u00edodos de reproducci\u00f3n, quedan prohibidas las actividades de pesca, compra, transporte, venta, almacenamiento, y consumo de la especie, entre el 01 y 30 de mayo. De ah\u00ed el inter\u00e9s de la Gobernaci\u00f3n del Huila por contribuir a la sensibilizaci\u00f3n de los pescadores artesanales, comercializadores de productos pesqueros, y consumidores finales, sobre la importancia de preservar la especie, muy valorada por su carne.<\/p>\n<p>En ese sentido, la Autoridad Nacional de Acuicultura y Pesca \u2013 AUNAP, entidad adscrita al Ministerio de Agricultura, a\u00f1o tras a\u00f1o, recalca en la importancia de cumplir con la veda para la pesca del bagre rayado, que tiene como objetivo principal, velar por el aprovechamiento sostenible de la especie.<\/p>\n","protected":false},"excerpt":{"rendered":"<p>Durante todo el mes de mayo se mantendr\u00e1 la veda para la pesca del bagre rayado (Pseudoplatystoma magdaleniatum), una especie de inter\u00e9s comercial que se encuentra en estado cr\u00edtico debido a la sobrepesca. En ese sentido, la medida busca proteger sus ciclos reproductivos, debido a que durante este per\u00edodo hembras y machos migran a zonas [&hellip;]<\/p>\n","protected":false},"author":2,"featured_media":72637,"comment_status":"closed","ping_status":"open","sticky":false,"template":"","format":"standard","meta":{"footnotes":""},"categories":[33],"tags":[],"class_list":["post-72636","post","type-post","status-publish","format-standard","has-post-thumbnail","hentry","category-huila"],"yoast_head":"<!-- This site is optimized with the Yoast SEO plugin v26.6 - https:\/\/yoast.com\/wordpress\/plugins\/seo\/ -->\n<title>Pesca del bagre rayado, prohibida en el Huila -<\/title>\n<meta name=\"robots\" content=\"index, follow, max-snippet:-1, max-image-preview:large, max-video-preview:-1\" \/>\n<link rel=\"canonical\" href=\"https:\/\/luchonoticias.com\/editor\/pesca-del-bagre-rayado-prohibida-en-el-huila\/\" \/>\n<meta property=\"og:locale\" content=\"es_ES\" \/>\n<meta property=\"og:type\" content=\"article\" \/>\n<meta property=\"og:title\" content=\"Pesca del bagre rayado, prohibida en el Huila -\" \/>\n<meta property=\"og:url\" content=\"https:\/\/luchonoticias.com\/editor\/pesca-del-bagre-rayado-prohibida-en-el-huila\/\" \/>\n<meta property=\"article:publisher\" content=\"https:\/\/www.facebook.com\/luchonoticiasneiva\" \/>\n<meta property=\"article:published_time\" content=\"2024-05-02T18:45:01+00:00\" \/>\n<meta property=\"og:image\" content=\"https:\/\/luchonoticias.com\/editor\/wp-content\/uploads\/2024\/05\/WhatsApp-Image-2024-05-02-at-11.18.02.jpeg\" \/>\n\t<meta property=\"og:image:width\" content=\"1272\" \/>\n\t<meta property=\"og:image:height\" content=\"636\" \/>\n\t<meta property=\"og:image:type\" content=\"image\/jpeg\" \/>\n<meta name=\"author\" content=\"Editor General\" \/>\n<meta name=\"twitter:card\" content=\"summary_large_image\" \/>\n<meta name=\"twitter:label1\" content=\"Escrito por\" \/>\n\t<meta name=\"twitter:data1\" content=\"Editor General\" \/>\n\t<meta name=\"twitter:label2\" content=\"Tiempo de lectura\" \/>\n\t<meta name=\"twitter:data2\" content=\"2 minutos\" \/>\n<script type=\"application\/ld+json\" class=\"yoast-schema-graph\">{\"@context\":\"https:\/\/schema.org\",\"@graph\":[{\"@type\":\"Article\",\"@id\":\"https:\/\/luchonoticias.com\/editor\/pesca-del-bagre-rayado-prohibida-en-el-huila\/#article\",\"isPartOf\":{\"@id\":\"https:\/\/luchonoticias.com\/editor\/pesca-del-bagre-rayado-prohibida-en-el-huila\/\"},\"author\":{\"name\":\"Editor General\",\"@id\":\"https:\/\/luchonoticias.com\/editor\/#\/schema\/person\/29217990ddf6f14e35912b2866d591fb\"},\"headline\":\"Pesca del bagre rayado, prohibida en el Huila\",\"datePublished\":\"2024-05-02T18:45:01+00:00\",\"mainEntityOfPage\":{\"@id\":\"https:\/\/luchonoticias.com\/editor\/pesca-del-bagre-rayado-prohibida-en-el-huila\/\"},\"wordCount\":413,\"publisher\":{\"@id\":\"https:\/\/luchonoticias.com\/editor\/#\/schema\/person\/7a7fd911f58561fd056dbac7b55af9cd\"},\"image\":{\"@id\":\"https:\/\/luchonoticias.com\/editor\/pesca-del-bagre-rayado-prohibida-en-el-huila\/#primaryimage\"},\"thumbnailUrl\":\"https:\/\/luchonoticias.com\/editor\/wp-content\/uploads\/2024\/05\/WhatsApp-Image-2024-05-02-at-11.18.02.jpeg\",\"articleSection\":[\"Huila\"],\"inLanguage\":\"es\"},{\"@type\":\"WebPage\",\"@id\":\"https:\/\/luchonoticias.com\/editor\/pesca-del-bagre-rayado-prohibida-en-el-huila\/\",\"url\":\"https:\/\/luchonoticias.com\/editor\/pesca-del-bagre-rayado-prohibida-en-el-huila\/\",\"name\":\"Pesca del bagre rayado, prohibida en el Huila -\",\"isPartOf\":{\"@id\":\"https:\/\/luchonoticias.com\/editor\/#website\"},\"primaryImageOfPage\":{\"@id\":\"https:\/\/luchonoticias.com\/editor\/pesca-del-bagre-rayado-prohibida-en-el-huila\/#primaryimage\"},\"image\":{\"@id\":\"https:\/\/luchonoticias.com\/editor\/pesca-del-bagre-rayado-prohibida-en-el-huila\/#primaryimage\"},\"thumbnailUrl\":\"https:\/\/luchonoticias.com\/editor\/wp-content\/uploads\/2024\/05\/WhatsApp-Image-2024-05-02-at-11.18.02.jpeg\",\"datePublished\":\"2024-05-02T18:45:01+00:00\",\"breadcrumb\":{\"@id\":\"https:\/\/luchonoticias.com\/editor\/pesca-del-bagre-rayado-prohibida-en-el-huila\/#breadcrumb\"},\"inLanguage\":\"es\",\"potentialAction\":[{\"@type\":\"ReadAction\",\"target\":[\"https:\/\/luchonoticias.com\/editor\/pesca-del-bagre-rayado-prohibida-en-el-huila\/\"]}]},{\"@type\":\"ImageObject\",\"inLanguage\":\"es\",\"@id\":\"https:\/\/luchonoticias.com\/editor\/pesca-del-bagre-rayado-prohibida-en-el-huila\/#primaryimage\",\"url\":\"https:\/\/luchonoticias.com\/editor\/wp-content\/uploads\/2024\/05\/WhatsApp-Image-2024-05-02-at-11.18.02.jpeg\",\"contentUrl\":\"https:\/\/luchonoticias.com\/editor\/wp-content\/uploads\/2024\/05\/WhatsApp-Image-2024-05-02-at-11.18.02.jpeg\",\"width\":1272,\"height\":636},{\"@type\":\"BreadcrumbList\",\"@id\":\"https:\/\/luchonoticias.com\/editor\/pesca-del-bagre-rayado-prohibida-en-el-huila\/#breadcrumb\",\"itemListElement\":[{\"@type\":\"ListItem\",\"position\":1,\"name\":\"Portada\",\"item\":\"https:\/\/luchonoticias.com\/editor\/\"},{\"@type\":\"ListItem\",\"position\":2,\"name\":\"Pesca del bagre rayado, prohibida en el Huila\"}]},{\"@type\":\"WebSite\",\"@id\":\"https:\/\/luchonoticias.com\/editor\/#website\",\"url\":\"https:\/\/luchonoticias.com\/editor\/\",\"name\":\"\",\"description\":\"\",\"publisher\":{\"@id\":\"https:\/\/luchonoticias.com\/editor\/#\/schema\/person\/7a7fd911f58561fd056dbac7b55af9cd\"},\"potentialAction\":[{\"@type\":\"SearchAction\",\"target\":{\"@type\":\"EntryPoint\",\"urlTemplate\":\"https:\/\/luchonoticias.com\/editor\/?s={search_term_string}\"},\"query-input\":{\"@type\":\"PropertyValueSpecification\",\"valueRequired\":true,\"valueName\":\"search_term_string\"}}],\"inLanguage\":\"es\"},{\"@type\":[\"Person\",\"Organization\"],\"@id\":\"https:\/\/luchonoticias.com\/editor\/#\/schema\/person\/7a7fd911f58561fd056dbac7b55af9cd\",\"name\":\"admin\",\"image\":{\"@type\":\"ImageObject\",\"inLanguage\":\"es\",\"@id\":\"https:\/\/luchonoticias.com\/editor\/#\/schema\/person\/image\/\",\"url\":\"https:\/\/luchonoticias.com\/editor\/wp-content\/uploads\/2024\/02\/cropped-cropped-logolu.webp\",\"contentUrl\":\"https:\/\/luchonoticias.com\/editor\/wp-content\/uploads\/2024\/02\/cropped-cropped-logolu.webp\",\"width\":382,\"height\":170,\"caption\":\"admin\"},\"logo\":{\"@id\":\"https:\/\/luchonoticias.com\/editor\/#\/schema\/person\/image\/\"},\"sameAs\":[\"https:\/\/www.facebook.com\/luchonoticiasneiva\"]},{\"@type\":\"Person\",\"@id\":\"https:\/\/luchonoticias.com\/editor\/#\/schema\/person\/29217990ddf6f14e35912b2866d591fb\",\"name\":\"Editor General\",\"image\":{\"@type\":\"ImageObject\",\"inLanguage\":\"es\",\"@id\":\"https:\/\/luchonoticias.com\/editor\/#\/schema\/person\/image\/\",\"url\":\"https:\/\/luchonoticias.com\/editor\/wp-content\/uploads\/2024\/02\/cropped-cropped-logolu-150x150.webp\",\"contentUrl\":\"https:\/\/luchonoticias.com\/editor\/wp-content\/uploads\/2024\/02\/cropped-cropped-logolu-150x150.webp\",\"caption\":\"Editor General\"},\"sameAs\":[\"https:\/\/luchonoticias.com\/\"],\"url\":\"https:\/\/luchonoticias.com\/editor\/author\/editor-general\/\"}]}<\/script>\n<!-- \/ Yoast SEO plugin. -->","yoast_head_json":{"title":"Pesca del bagre rayado, prohibida en el Huila -","robots":{"index":"index","follow":"follow","max-snippet":"max-snippet:-1","max-image-preview":"max-image-preview:large","max-video-preview":"max-video-preview:-1"},"canonical":"https:\/\/luchonoticias.com\/editor\/pesca-del-bagre-rayado-prohibida-en-el-huila\/","og_locale":"es_ES","og_type":"article","og_title":"Pesca del bagre rayado, prohibida en el Huila -","og_url":"https:\/\/luchonoticias.com\/editor\/pesca-del-bagre-rayado-prohibida-en-el-huila\/","article_publisher":"https:\/\/www.facebook.com\/luchonoticiasneiva","article_published_time":"2024-05-02T18:45:01+00:00","og_image":[{"width":1272,"height":636,"url":"https:\/\/luchonoticias.com\/editor\/wp-content\/uploads\/2024\/05\/WhatsApp-Image-2024-05-02-at-11.18.02.jpeg","type":"image\/jpeg"}],"author":"Editor General","twitter_card":"summary_large_image","twitter_misc":{"Escrito por":"Editor General","Tiempo de lectura":"2 minutos"},"schema":{"@context":"https:\/\/schema.org","@graph":[{"@type":"Article","@id":"https:\/\/luchonoticias.com\/editor\/pesca-del-bagre-rayado-prohibida-en-el-huila\/#article","isPartOf":{"@id":"https:\/\/luchonoticias.com\/editor\/pesca-del-bagre-rayado-prohibida-en-el-huila\/"},"author":{"name":"Editor General","@id":"https:\/\/luchonoticias.com\/editor\/#\/schema\/person\/29217990ddf6f14e35912b2866d591fb"},"headline":"Pesca del bagre rayado, prohibida en el Huila","datePublished":"2024-05-02T18:45:01+00:00","mainEntityOfPage":{"@id":"https:\/\/luchonoticias.com\/editor\/pesca-del-bagre-rayado-prohibida-en-el-huila\/"},"wordCount":413,"publisher":{"@id":"https:\/\/luchonoticias.com\/editor\/#\/schema\/person\/7a7fd911f58561fd056dbac7b55af9cd"},"image":{"@id":"https:\/\/luchonoticias.com\/editor\/pesca-del-bagre-rayado-prohibida-en-el-huila\/#primaryimage"},"thumbnailUrl":"https:\/\/luchonoticias.com\/editor\/wp-content\/uploads\/2024\/05\/WhatsApp-Image-2024-05-02-at-11.18.02.jpeg","articleSection":["Huila"],"inLanguage":"es"},{"@type":"WebPage","@id":"https:\/\/luchonoticias.com\/editor\/pesca-del-bagre-rayado-prohibida-en-el-huila\/","url":"https:\/\/luchonoticias.com\/editor\/pesca-del-bagre-rayado-prohibida-en-el-huila\/","name":"Pesca del bagre rayado, prohibida en el Huila -","isPartOf":{"@id":"https:\/\/luchonoticias.com\/editor\/#website"},"primaryImageOfPage":{"@id":"https:\/\/luchonoticias.com\/editor\/pesca-del-bagre-rayado-prohibida-en-el-huila\/#primaryimage"},"image":{"@id":"https:\/\/luchonoticias.com\/editor\/pesca-del-bagre-rayado-prohibida-en-el-huila\/#primaryimage"},"thumbnailUrl":"https:\/\/luchonoticias.com\/editor\/wp-content\/uploads\/2024\/05\/WhatsApp-Image-2024-05-02-at-11.18.02.jpeg","datePublished":"2024-05-02T18:45:01+00:00","breadcrumb":{"@id":"https:\/\/luchonoticias.com\/editor\/pesca-del-bagre-rayado-prohibida-en-el-huila\/#breadcrumb"},"inLanguage":"es","potentialAction":[{"@type":"ReadAction","target":["https:\/\/luchonoticias.com\/editor\/pesca-del-bagre-rayado-prohibida-en-el-huila\/"]}]},{"@type":"ImageObject","inLanguage":"es","@id":"https:\/\/luchonoticias.com\/editor\/pesca-del-bagre-rayado-prohibida-en-el-huila\/#primaryimage","url":"https:\/\/luchonoticias.com\/editor\/wp-content\/uploads\/2024\/05\/WhatsApp-Image-2024-05-02-at-11.18.02.jpeg","contentUrl":"https:\/\/luchonoticias.com\/editor\/wp-content\/uploads\/2024\/05\/WhatsApp-Image-2024-05-02-at-11.18.02.jpeg","width":1272,"height":636},{"@type":"BreadcrumbList","@id":"https:\/\/luchonoticias.com\/editor\/pesca-del-bagre-rayado-prohibida-en-el-huila\/#breadcrumb","itemListElement":[{"@type":"ListItem","position":1,"name":"Portada","item":"https:\/\/luchonoticias.com\/editor\/"},{"@type":"ListItem","position":2,"name":"Pesca del bagre rayado, prohibida en el Huila"}]},{"@type":"WebSite","@id":"https:\/\/luchonoticias.com\/editor\/#website","url":"https:\/\/luchonoticias.com\/editor\/","name":"","description":"","publisher":{"@id":"https:\/\/luchonoticias.com\/editor\/#\/schema\/person\/7a7fd911f58561fd056dbac7b55af9cd"},"potentialAction":[{"@type":"SearchAction","target":{"@type":"EntryPoint","urlTemplate":"https:\/\/luchonoticias.com\/editor\/?s={search_term_string}"},"query-input":{"@type":"PropertyValueSpecification","valueRequired":true,"valueName":"search_term_string"}}],"inLanguage":"es"},{"@type":["Person","Organization"],"@id":"https:\/\/luchonoticias.com\/editor\/#\/schema\/person\/7a7fd911f58561fd056dbac7b55af9cd","name":"admin","image":{"@type":"ImageObject","inLanguage":"es","@id":"https:\/\/luchonoticias.com\/editor\/#\/schema\/person\/image\/","url":"https:\/\/luchonoticias.com\/editor\/wp-content\/uploads\/2024\/02\/cropped-cropped-logolu.webp","contentUrl":"https:\/\/luchonoticias.com\/editor\/wp-content\/uploads\/2024\/02\/cropped-cropped-logolu.webp","width":382,"height":170,"caption":"admin"},"logo":{"@id":"https:\/\/luchonoticias.com\/editor\/#\/schema\/person\/image\/"},"sameAs":["https:\/\/www.facebook.com\/luchonoticiasneiva"]},{"@type":"Person","@id":"https:\/\/luchonoticias.com\/editor\/#\/schema\/person\/29217990ddf6f14e35912b2866d591fb","name":"Editor General","image":{"@type":"ImageObject","inLanguage":"es","@id":"https:\/\/luchonoticias.com\/editor\/#\/schema\/person\/image\/","url":"https:\/\/luchonoticias.com\/editor\/wp-content\/uploads\/2024\/02\/cropped-cropped-logolu-150x150.webp","contentUrl":"https:\/\/luchonoticias.com\/editor\/wp-content\/uploads\/2024\/02\/cropped-cropped-logolu-150x150.webp","caption":"Editor General"},"sameAs":["https:\/\/luchonoticias.com\/"],"url":"https:\/\/luchonoticias.com\/editor\/author\/editor-general\/"}]}},"_links":{"self":[{"href":"https:\/\/luchonoticias.com\/editor\/wp-json\/wp\/v2\/posts\/72636","targetHints":{"allow":["GET"]}}],"collection":[{"href":"https:\/\/luchonoticias.com\/editor\/wp-json\/wp\/v2\/posts"}],"about":[{"href":"https:\/\/luchonoticias.com\/editor\/wp-json\/wp\/v2\/types\/post"}],"author":[{"embeddable":true,"href":"https:\/\/luchonoticias.com\/editor\/wp-json\/wp\/v2\/users\/2"}],"replies":[{"embeddable":true,"href":"https:\/\/luchonoticias.com\/editor\/wp-json\/wp\/v2\/comments?post=72636"}],"version-history":[{"count":0,"href":"https:\/\/luchonoticias.com\/editor\/wp-json\/wp\/v2\/posts\/72636\/revisions"}],"wp:featuredmedia":[{"embeddable":true,"href":"https:\/\/luchonoticias.com\/editor\/wp-json\/wp\/v2\/media\/72637"}],"wp:attachment":[{"href":"https:\/\/luchonoticias.com\/editor\/wp-json\/wp\/v2\/media?parent=72636"}],"wp:term":[{"taxonomy":"category","embeddable":true,"href":"https:\/\/luchonoticias.com\/editor\/wp-json\/wp\/v2\/categories?post=72636"},{"taxonomy":"post_tag","embeddable":true,"href":"https:\/\/luchonoticias.com\/editor\/wp-json\/wp\/v2\/tags?post=72636"}],"curies":[{"name":"wp","href":"https:\/\/api.w.org\/{rel}","templated":true}]}}