{"id":72639,"date":"2024-05-02T13:50:17","date_gmt":"2024-05-02T18:50:17","guid":{"rendered":"https:\/\/luchonoticias.com\/?p=72639"},"modified":"2024-05-02T13:50:17","modified_gmt":"2024-05-02T18:50:17","slug":"huila-celebro-el-dia-mundial-del-circo","status":"publish","type":"post","link":"https:\/\/luchonoticias.com\/editor\/huila-celebro-el-dia-mundial-del-circo\/","title":{"rendered":"Huila celebr\u00f3 el D\u00eda Mundial del Circo"},"content":{"rendered":"<p>Cientos de familias de la ciudad de Neiva disfrutaron de una gran variedad de funciones art\u00edsticas y culturales en la celebraci\u00f3n del d\u00eda mundial del circo, evento que se llev\u00f3 a cabo gracias a la gesti\u00f3n de la Secretar\u00eda de Cultura Departamental y la mesa de circo del Huila en la Plazoleta del Centro de Convenciones Jos\u00e9 Eustasio Rivera.<\/p>\n<p>Payasos, muestras danc\u00edsticas, presentaciones l\u00fadicas y shows musicales, fueron algunas de las actividades que los asistentes pudieron disfrutar a lo largo de la jornada el pasado 30 de abril.<\/p>\n<p>Arley Fernando Mosquera, funcionario de la Secretar\u00eda de Cultura departamental, habl\u00f3 al respecto del evento en representaci\u00f3n de Betsab\u00e9 Polania Quiza, secretaria de la entidad p\u00fablica, quien ha respaldado estos importantes espacios art\u00edsticos para la regi\u00f3n.<\/p>\n<p>\u201cEl gobierno departamental, en cabeza del gobernador Rodrigo Villalba Mosquera y la secretaria de cultura Betsab\u00e9 Polania, han querido unirse a una iniciativa de la mesa departamental de circo que ha venido trabajando por el sector y que indudablemente sentimos que deb\u00edamos arropar. El Ministerio de Cultura junto con la mesa, generaron un apoyo econ\u00f3mico y un apoyo ideol\u00f3gico para celebrar este d\u00eda importante para las artes as\u00ed que desde la gobernaci\u00f3n tambi\u00e9n nos vinculamos de manera econ\u00f3mica y log\u00edstica para que esto fuera una realidad y celebrar hoy junto a toda la comunidad\u201d, afirm\u00f3 el funcionario.<\/p>\n<p>Por otra parte, \u2018Tabaquito Show\u2019, miembro de la mesa de circo del Huila, complemento sobre lo importante de reactivar estos espacios en los ni\u00f1os, j\u00f3venes y adultos: \u201cEsto se hace a nivel mundial y por primera vez en Neiva se est\u00e1 realizando y mire el \u00e9xito tan bonito. Queremos agradecer a la Secretar\u00eda de Cultura Departamental y a todos los artistas de la mesa de circo porque esto es el esfuerzo que tenemos de tanto tiempo al estar trabajando con los ni\u00f1os, la gente y la cultura\u201d.<\/p>\n<p>Padres de familia como Maribel Garrido, asistente al evento, se mostraron felices con la integraci\u00f3n que el circo les permite vivir, en actividades que son sin \u00e1nimo de lucro para la ciudadan\u00eda: \u201cPues muy agradecida con este evento, me parece excelente que sigan haciendo estas actividades y que la gobernaci\u00f3n tenga en cuenta a los ni\u00f1os. Ser\u00eda excelente que otras entidades tambi\u00e9n apoyen para que se frecuenten estos hechos ya que hay muchos ni\u00f1os que no tienen los recursos para asistir a eventos en los que se debe pagar\u201d.<\/p>\n","protected":false},"excerpt":{"rendered":"<p>Cientos de familias de la ciudad de Neiva disfrutaron de una gran variedad de funciones art\u00edsticas y culturales en la celebraci\u00f3n del d\u00eda mundial del circo, evento que se llev\u00f3 a cabo gracias a la gesti\u00f3n de la Secretar\u00eda de Cultura Departamental y la mesa de circo del Huila en la Plazoleta del Centro de [&hellip;]<\/p>\n","protected":false},"author":2,"featured_media":72640,"comment_status":"closed","ping_status":"open","sticky":false,"template":"","format":"standard","meta":{"footnotes":""},"categories":[33],"tags":[],"class_list":["post-72639","post","type-post","status-publish","format-standard","has-post-thumbnail","hentry","category-huila"],"yoast_head":"<!-- This site is optimized with the Yoast SEO plugin v26.6 - https:\/\/yoast.com\/wordpress\/plugins\/seo\/ -->\n<title>Huila celebr\u00f3 el D\u00eda Mundial del Circo -<\/title>\n<meta name=\"robots\" content=\"index, follow, max-snippet:-1, max-image-preview:large, max-video-preview:-1\" \/>\n<link rel=\"canonical\" href=\"https:\/\/luchonoticias.com\/editor\/huila-celebro-el-dia-mundial-del-circo\/\" \/>\n<meta property=\"og:locale\" content=\"es_ES\" \/>\n<meta property=\"og:type\" content=\"article\" \/>\n<meta property=\"og:title\" content=\"Huila celebr\u00f3 el D\u00eda Mundial del Circo -\" \/>\n<meta property=\"og:url\" content=\"https:\/\/luchonoticias.com\/editor\/huila-celebro-el-dia-mundial-del-circo\/\" \/>\n<meta property=\"article:publisher\" content=\"https:\/\/www.facebook.com\/luchonoticiasneiva\" \/>\n<meta property=\"article:published_time\" content=\"2024-05-02T18:50:17+00:00\" \/>\n<meta property=\"og:image\" content=\"https:\/\/luchonoticias.com\/editor\/wp-content\/uploads\/2024\/05\/WhatsApp-Image-2024-05-02-at-11.32.04.jpeg\" \/>\n\t<meta property=\"og:image:width\" content=\"1600\" \/>\n\t<meta property=\"og:image:height\" content=\"1060\" \/>\n\t<meta property=\"og:image:type\" content=\"image\/jpeg\" \/>\n<meta name=\"author\" content=\"Editor General\" \/>\n<meta name=\"twitter:card\" content=\"summary_large_image\" \/>\n<meta name=\"twitter:label1\" content=\"Escrito por\" \/>\n\t<meta name=\"twitter:data1\" content=\"Editor General\" \/>\n\t<meta name=\"twitter:label2\" content=\"Tiempo de lectura\" \/>\n\t<meta name=\"twitter:data2\" content=\"2 minutos\" \/>\n<script type=\"application\/ld+json\" class=\"yoast-schema-graph\">{\"@context\":\"https:\/\/schema.org\",\"@graph\":[{\"@type\":\"Article\",\"@id\":\"https:\/\/luchonoticias.com\/editor\/huila-celebro-el-dia-mundial-del-circo\/#article\",\"isPartOf\":{\"@id\":\"https:\/\/luchonoticias.com\/editor\/huila-celebro-el-dia-mundial-del-circo\/\"},\"author\":{\"name\":\"Editor General\",\"@id\":\"https:\/\/luchonoticias.com\/editor\/#\/schema\/person\/29217990ddf6f14e35912b2866d591fb\"},\"headline\":\"Huila celebr\u00f3 el D\u00eda Mundial del Circo\",\"datePublished\":\"2024-05-02T18:50:17+00:00\",\"mainEntityOfPage\":{\"@id\":\"https:\/\/luchonoticias.com\/editor\/huila-celebro-el-dia-mundial-del-circo\/\"},\"wordCount\":435,\"publisher\":{\"@id\":\"https:\/\/luchonoticias.com\/editor\/#\/schema\/person\/7a7fd911f58561fd056dbac7b55af9cd\"},\"image\":{\"@id\":\"https:\/\/luchonoticias.com\/editor\/huila-celebro-el-dia-mundial-del-circo\/#primaryimage\"},\"thumbnailUrl\":\"https:\/\/luchonoticias.com\/editor\/wp-content\/uploads\/2024\/05\/WhatsApp-Image-2024-05-02-at-11.32.04.jpeg\",\"articleSection\":[\"Huila\"],\"inLanguage\":\"es\"},{\"@type\":\"WebPage\",\"@id\":\"https:\/\/luchonoticias.com\/editor\/huila-celebro-el-dia-mundial-del-circo\/\",\"url\":\"https:\/\/luchonoticias.com\/editor\/huila-celebro-el-dia-mundial-del-circo\/\",\"name\":\"Huila celebr\u00f3 el D\u00eda Mundial del Circo -\",\"isPartOf\":{\"@id\":\"https:\/\/luchonoticias.com\/editor\/#website\"},\"primaryImageOfPage\":{\"@id\":\"https:\/\/luchonoticias.com\/editor\/huila-celebro-el-dia-mundial-del-circo\/#primaryimage\"},\"image\":{\"@id\":\"https:\/\/luchonoticias.com\/editor\/huila-celebro-el-dia-mundial-del-circo\/#primaryimage\"},\"thumbnailUrl\":\"https:\/\/luchonoticias.com\/editor\/wp-content\/uploads\/2024\/05\/WhatsApp-Image-2024-05-02-at-11.32.04.jpeg\",\"datePublished\":\"2024-05-02T18:50:17+00:00\",\"breadcrumb\":{\"@id\":\"https:\/\/luchonoticias.com\/editor\/huila-celebro-el-dia-mundial-del-circo\/#breadcrumb\"},\"inLanguage\":\"es\",\"potentialAction\":[{\"@type\":\"ReadAction\",\"target\":[\"https:\/\/luchonoticias.com\/editor\/huila-celebro-el-dia-mundial-del-circo\/\"]}]},{\"@type\":\"ImageObject\",\"inLanguage\":\"es\",\"@id\":\"https:\/\/luchonoticias.com\/editor\/huila-celebro-el-dia-mundial-del-circo\/#primaryimage\",\"url\":\"https:\/\/luchonoticias.com\/editor\/wp-content\/uploads\/2024\/05\/WhatsApp-Image-2024-05-02-at-11.32.04.jpeg\",\"contentUrl\":\"https:\/\/luchonoticias.com\/editor\/wp-content\/uploads\/2024\/05\/WhatsApp-Image-2024-05-02-at-11.32.04.jpeg\",\"width\":1600,\"height\":1060},{\"@type\":\"BreadcrumbList\",\"@id\":\"https:\/\/luchonoticias.com\/editor\/huila-celebro-el-dia-mundial-del-circo\/#breadcrumb\",\"itemListElement\":[{\"@type\":\"ListItem\",\"position\":1,\"name\":\"Portada\",\"item\":\"https:\/\/luchonoticias.com\/editor\/\"},{\"@type\":\"ListItem\",\"position\":2,\"name\":\"Huila celebr\u00f3 el D\u00eda Mundial del Circo\"}]},{\"@type\":\"WebSite\",\"@id\":\"https:\/\/luchonoticias.com\/editor\/#website\",\"url\":\"https:\/\/luchonoticias.com\/editor\/\",\"name\":\"\",\"description\":\"\",\"publisher\":{\"@id\":\"https:\/\/luchonoticias.com\/editor\/#\/schema\/person\/7a7fd911f58561fd056dbac7b55af9cd\"},\"potentialAction\":[{\"@type\":\"SearchAction\",\"target\":{\"@type\":\"EntryPoint\",\"urlTemplate\":\"https:\/\/luchonoticias.com\/editor\/?s={search_term_string}\"},\"query-input\":{\"@type\":\"PropertyValueSpecification\",\"valueRequired\":true,\"valueName\":\"search_term_string\"}}],\"inLanguage\":\"es\"},{\"@type\":[\"Person\",\"Organization\"],\"@id\":\"https:\/\/luchonoticias.com\/editor\/#\/schema\/person\/7a7fd911f58561fd056dbac7b55af9cd\",\"name\":\"admin\",\"image\":{\"@type\":\"ImageObject\",\"inLanguage\":\"es\",\"@id\":\"https:\/\/luchonoticias.com\/editor\/#\/schema\/person\/image\/\",\"url\":\"https:\/\/luchonoticias.com\/editor\/wp-content\/uploads\/2024\/02\/cropped-cropped-logolu.webp\",\"contentUrl\":\"https:\/\/luchonoticias.com\/editor\/wp-content\/uploads\/2024\/02\/cropped-cropped-logolu.webp\",\"width\":382,\"height\":170,\"caption\":\"admin\"},\"logo\":{\"@id\":\"https:\/\/luchonoticias.com\/editor\/#\/schema\/person\/image\/\"},\"sameAs\":[\"https:\/\/www.facebook.com\/luchonoticiasneiva\"]},{\"@type\":\"Person\",\"@id\":\"https:\/\/luchonoticias.com\/editor\/#\/schema\/person\/29217990ddf6f14e35912b2866d591fb\",\"name\":\"Editor General\",\"image\":{\"@type\":\"ImageObject\",\"inLanguage\":\"es\",\"@id\":\"https:\/\/luchonoticias.com\/editor\/#\/schema\/person\/image\/\",\"url\":\"https:\/\/luchonoticias.com\/editor\/wp-content\/uploads\/2024\/02\/cropped-cropped-logolu-150x150.webp\",\"contentUrl\":\"https:\/\/luchonoticias.com\/editor\/wp-content\/uploads\/2024\/02\/cropped-cropped-logolu-150x150.webp\",\"caption\":\"Editor General\"},\"sameAs\":[\"https:\/\/luchonoticias.com\/\"],\"url\":\"https:\/\/luchonoticias.com\/editor\/author\/editor-general\/\"}]}<\/script>\n<!-- \/ Yoast SEO plugin. -->","yoast_head_json":{"title":"Huila celebr\u00f3 el D\u00eda Mundial del Circo -","robots":{"index":"index","follow":"follow","max-snippet":"max-snippet:-1","max-image-preview":"max-image-preview:large","max-video-preview":"max-video-preview:-1"},"canonical":"https:\/\/luchonoticias.com\/editor\/huila-celebro-el-dia-mundial-del-circo\/","og_locale":"es_ES","og_type":"article","og_title":"Huila celebr\u00f3 el D\u00eda Mundial del Circo -","og_url":"https:\/\/luchonoticias.com\/editor\/huila-celebro-el-dia-mundial-del-circo\/","article_publisher":"https:\/\/www.facebook.com\/luchonoticiasneiva","article_published_time":"2024-05-02T18:50:17+00:00","og_image":[{"width":1600,"height":1060,"url":"https:\/\/luchonoticias.com\/editor\/wp-content\/uploads\/2024\/05\/WhatsApp-Image-2024-05-02-at-11.32.04.jpeg","type":"image\/jpeg"}],"author":"Editor General","twitter_card":"summary_large_image","twitter_misc":{"Escrito por":"Editor General","Tiempo de lectura":"2 minutos"},"schema":{"@context":"https:\/\/schema.org","@graph":[{"@type":"Article","@id":"https:\/\/luchonoticias.com\/editor\/huila-celebro-el-dia-mundial-del-circo\/#article","isPartOf":{"@id":"https:\/\/luchonoticias.com\/editor\/huila-celebro-el-dia-mundial-del-circo\/"},"author":{"name":"Editor General","@id":"https:\/\/luchonoticias.com\/editor\/#\/schema\/person\/29217990ddf6f14e35912b2866d591fb"},"headline":"Huila celebr\u00f3 el D\u00eda Mundial del Circo","datePublished":"2024-05-02T18:50:17+00:00","mainEntityOfPage":{"@id":"https:\/\/luchonoticias.com\/editor\/huila-celebro-el-dia-mundial-del-circo\/"},"wordCount":435,"publisher":{"@id":"https:\/\/luchonoticias.com\/editor\/#\/schema\/person\/7a7fd911f58561fd056dbac7b55af9cd"},"image":{"@id":"https:\/\/luchonoticias.com\/editor\/huila-celebro-el-dia-mundial-del-circo\/#primaryimage"},"thumbnailUrl":"https:\/\/luchonoticias.com\/editor\/wp-content\/uploads\/2024\/05\/WhatsApp-Image-2024-05-02-at-11.32.04.jpeg","articleSection":["Huila"],"inLanguage":"es"},{"@type":"WebPage","@id":"https:\/\/luchonoticias.com\/editor\/huila-celebro-el-dia-mundial-del-circo\/","url":"https:\/\/luchonoticias.com\/editor\/huila-celebro-el-dia-mundial-del-circo\/","name":"Huila celebr\u00f3 el D\u00eda Mundial del Circo -","isPartOf":{"@id":"https:\/\/luchonoticias.com\/editor\/#website"},"primaryImageOfPage":{"@id":"https:\/\/luchonoticias.com\/editor\/huila-celebro-el-dia-mundial-del-circo\/#primaryimage"},"image":{"@id":"https:\/\/luchonoticias.com\/editor\/huila-celebro-el-dia-mundial-del-circo\/#primaryimage"},"thumbnailUrl":"https:\/\/luchonoticias.com\/editor\/wp-content\/uploads\/2024\/05\/WhatsApp-Image-2024-05-02-at-11.32.04.jpeg","datePublished":"2024-05-02T18:50:17+00:00","breadcrumb":{"@id":"https:\/\/luchonoticias.com\/editor\/huila-celebro-el-dia-mundial-del-circo\/#breadcrumb"},"inLanguage":"es","potentialAction":[{"@type":"ReadAction","target":["https:\/\/luchonoticias.com\/editor\/huila-celebro-el-dia-mundial-del-circo\/"]}]},{"@type":"ImageObject","inLanguage":"es","@id":"https:\/\/luchonoticias.com\/editor\/huila-celebro-el-dia-mundial-del-circo\/#primaryimage","url":"https:\/\/luchonoticias.com\/editor\/wp-content\/uploads\/2024\/05\/WhatsApp-Image-2024-05-02-at-11.32.04.jpeg","contentUrl":"https:\/\/luchonoticias.com\/editor\/wp-content\/uploads\/2024\/05\/WhatsApp-Image-2024-05-02-at-11.32.04.jpeg","width":1600,"height":1060},{"@type":"BreadcrumbList","@id":"https:\/\/luchonoticias.com\/editor\/huila-celebro-el-dia-mundial-del-circo\/#breadcrumb","itemListElement":[{"@type":"ListItem","position":1,"name":"Portada","item":"https:\/\/luchonoticias.com\/editor\/"},{"@type":"ListItem","position":2,"name":"Huila celebr\u00f3 el D\u00eda Mundial del Circo"}]},{"@type":"WebSite","@id":"https:\/\/luchonoticias.com\/editor\/#website","url":"https:\/\/luchonoticias.com\/editor\/","name":"","description":"","publisher":{"@id":"https:\/\/luchonoticias.com\/editor\/#\/schema\/person\/7a7fd911f58561fd056dbac7b55af9cd"},"potentialAction":[{"@type":"SearchAction","target":{"@type":"EntryPoint","urlTemplate":"https:\/\/luchonoticias.com\/editor\/?s={search_term_string}"},"query-input":{"@type":"PropertyValueSpecification","valueRequired":true,"valueName":"search_term_string"}}],"inLanguage":"es"},{"@type":["Person","Organization"],"@id":"https:\/\/luchonoticias.com\/editor\/#\/schema\/person\/7a7fd911f58561fd056dbac7b55af9cd","name":"admin","image":{"@type":"ImageObject","inLanguage":"es","@id":"https:\/\/luchonoticias.com\/editor\/#\/schema\/person\/image\/","url":"https:\/\/luchonoticias.com\/editor\/wp-content\/uploads\/2024\/02\/cropped-cropped-logolu.webp","contentUrl":"https:\/\/luchonoticias.com\/editor\/wp-content\/uploads\/2024\/02\/cropped-cropped-logolu.webp","width":382,"height":170,"caption":"admin"},"logo":{"@id":"https:\/\/luchonoticias.com\/editor\/#\/schema\/person\/image\/"},"sameAs":["https:\/\/www.facebook.com\/luchonoticiasneiva"]},{"@type":"Person","@id":"https:\/\/luchonoticias.com\/editor\/#\/schema\/person\/29217990ddf6f14e35912b2866d591fb","name":"Editor General","image":{"@type":"ImageObject","inLanguage":"es","@id":"https:\/\/luchonoticias.com\/editor\/#\/schema\/person\/image\/","url":"https:\/\/luchonoticias.com\/editor\/wp-content\/uploads\/2024\/02\/cropped-cropped-logolu-150x150.webp","contentUrl":"https:\/\/luchonoticias.com\/editor\/wp-content\/uploads\/2024\/02\/cropped-cropped-logolu-150x150.webp","caption":"Editor General"},"sameAs":["https:\/\/luchonoticias.com\/"],"url":"https:\/\/luchonoticias.com\/editor\/author\/editor-general\/"}]}},"_links":{"self":[{"href":"https:\/\/luchonoticias.com\/editor\/wp-json\/wp\/v2\/posts\/72639","targetHints":{"allow":["GET"]}}],"collection":[{"href":"https:\/\/luchonoticias.com\/editor\/wp-json\/wp\/v2\/posts"}],"about":[{"href":"https:\/\/luchonoticias.com\/editor\/wp-json\/wp\/v2\/types\/post"}],"author":[{"embeddable":true,"href":"https:\/\/luchonoticias.com\/editor\/wp-json\/wp\/v2\/users\/2"}],"replies":[{"embeddable":true,"href":"https:\/\/luchonoticias.com\/editor\/wp-json\/wp\/v2\/comments?post=72639"}],"version-history":[{"count":0,"href":"https:\/\/luchonoticias.com\/editor\/wp-json\/wp\/v2\/posts\/72639\/revisions"}],"wp:featuredmedia":[{"embeddable":true,"href":"https:\/\/luchonoticias.com\/editor\/wp-json\/wp\/v2\/media\/72640"}],"wp:attachment":[{"href":"https:\/\/luchonoticias.com\/editor\/wp-json\/wp\/v2\/media?parent=72639"}],"wp:term":[{"taxonomy":"category","embeddable":true,"href":"https:\/\/luchonoticias.com\/editor\/wp-json\/wp\/v2\/categories?post=72639"},{"taxonomy":"post_tag","embeddable":true,"href":"https:\/\/luchonoticias.com\/editor\/wp-json\/wp\/v2\/tags?post=72639"}],"curies":[{"name":"wp","href":"https:\/\/api.w.org\/{rel}","templated":true}]}}