{"id":72652,"date":"2024-05-03T05:21:24","date_gmt":"2024-05-03T10:21:24","guid":{"rendered":"https:\/\/luchonoticias.com\/?p=72652"},"modified":"2024-05-03T05:21:24","modified_gmt":"2024-05-03T10:21:24","slug":"camara-de-representantes-busca-empoderar-a-la-mujer-rural","status":"publish","type":"post","link":"https:\/\/luchonoticias.com\/editor\/camara-de-representantes-busca-empoderar-a-la-mujer-rural\/","title":{"rendered":"C\u00e1mara de Representantes busca empoderar a la mujer rural"},"content":{"rendered":"<p>Redefinici\u00f3n del rol de la mujer rural, acceso a la financiaci\u00f3n, educaci\u00f3n y capacitaci\u00f3n, participaci\u00f3n y lucha contra la violencia de g\u00e9nero, son los pilares sobre los que se desarrolla el proyecto que actualiza la Ley 731 de 2002.<\/p>\n<p>Dichos pilares permitir\u00edan que las mujeres rurales tengan un reconocimiento especial y sean incluidas en todos los \u00e1mbitos de la sociedad, impulsando l\u00edneas de cr\u00e9dito preferenciales para empoderar econ\u00f3micamente a las mujeres rurales y fortalecer sus proyectos productivos; adem\u00e1s se ampliar\u00edan las oportunidades de formaci\u00f3n t\u00e9cnica y profesional para asegurar participaci\u00f3n en la toma de decisiones en distintos frentes.<\/p>\n<p>Con m\u00e1s de 600 mesas t\u00e9cnicas realizadas en diferentes regiones, el representante Hugo Archila, del Partido Liberal por el Casanare, quien adem\u00e1s es ponente del proyecto, destac\u00f3 que el proyecto cont\u00f3 con una amplia participaci\u00f3n ciudadana, adem\u00e1s, resalt\u00f3 aspectos clave \u201cla sostenibilidad, el acceso a recursos como la tierra, el cr\u00e9dito, las nuevas tecnolog\u00edas, la capacitaci\u00f3n y la educaci\u00f3n, as\u00ed como la eliminaci\u00f3n de cualquier tipo de discriminaci\u00f3n.\u201d<\/p>\n<p>Esta opini\u00f3n la comparti\u00f3 la presidenta de la Comisi\u00f3n S\u00e9ptima, la representante del Partido Liberal por Antioquia, Mar\u00eda Eugenia Lopera, quien considera que la iniciativa \u201cpromueve la autonom\u00eda y empoderamiento econ\u00f3mico y personal de las mujeres rurales.\u201d<\/p>\n<p>Este proyecto, tiene como objetivo contribuir a la construcci\u00f3n de un pa\u00eds donde todas las mujeres rurales, sin importar su ubicaci\u00f3n geogr\u00e1fica o la naturaleza de su labor, encuentren el reconocimiento, la igualdad de oportunidades y las condiciones necesarias para prosperar y aportar al desarrollo sostenible del pa\u00eds.<\/p>\n<p>La iniciativa ahora ser\u00e1 discutida en la plenaria de la C\u00e1mara de Representantes.<\/p>\n","protected":false},"excerpt":{"rendered":"<p>Redefinici\u00f3n del rol de la mujer rural, acceso a la financiaci\u00f3n, educaci\u00f3n y capacitaci\u00f3n, participaci\u00f3n y lucha contra la violencia de g\u00e9nero, son los pilares sobre los que se desarrolla el proyecto que actualiza la Ley 731 de 2002. Dichos pilares permitir\u00edan que las mujeres rurales tengan un reconocimiento especial y sean incluidas en todos [&hellip;]<\/p>\n","protected":false},"author":2,"featured_media":72653,"comment_status":"closed","ping_status":"open","sticky":false,"template":"","format":"standard","meta":{"footnotes":""},"categories":[28],"tags":[],"class_list":["post-72652","post","type-post","status-publish","format-standard","has-post-thumbnail","hentry","category-actualidad"],"yoast_head":"<!-- This site is optimized with the Yoast SEO plugin v26.6 - https:\/\/yoast.com\/wordpress\/plugins\/seo\/ -->\n<title>C\u00e1mara de Representantes busca empoderar a la mujer rural -<\/title>\n<meta name=\"robots\" content=\"index, follow, max-snippet:-1, max-image-preview:large, max-video-preview:-1\" \/>\n<link rel=\"canonical\" href=\"https:\/\/luchonoticias.com\/editor\/camara-de-representantes-busca-empoderar-a-la-mujer-rural\/\" \/>\n<meta property=\"og:locale\" content=\"es_ES\" \/>\n<meta property=\"og:type\" content=\"article\" \/>\n<meta property=\"og:title\" content=\"C\u00e1mara de Representantes busca empoderar a la mujer rural -\" \/>\n<meta property=\"og:url\" content=\"https:\/\/luchonoticias.com\/editor\/camara-de-representantes-busca-empoderar-a-la-mujer-rural\/\" \/>\n<meta property=\"article:publisher\" content=\"https:\/\/www.facebook.com\/luchonoticiasneiva\" \/>\n<meta property=\"article:published_time\" content=\"2024-05-03T10:21:24+00:00\" \/>\n<meta property=\"og:image\" content=\"https:\/\/luchonoticias.com\/editor\/wp-content\/uploads\/2024\/05\/mujer-rural.jpg\" \/>\n\t<meta property=\"og:image:width\" content=\"700\" \/>\n\t<meta property=\"og:image:height\" content=\"400\" \/>\n\t<meta property=\"og:image:type\" content=\"image\/jpeg\" \/>\n<meta name=\"author\" content=\"Editor General\" \/>\n<meta name=\"twitter:card\" content=\"summary_large_image\" \/>\n<meta name=\"twitter:label1\" content=\"Escrito por\" \/>\n\t<meta name=\"twitter:data1\" content=\"Editor General\" \/>\n\t<meta name=\"twitter:label2\" content=\"Tiempo de lectura\" \/>\n\t<meta name=\"twitter:data2\" content=\"1 minuto\" \/>\n<script type=\"application\/ld+json\" class=\"yoast-schema-graph\">{\"@context\":\"https:\/\/schema.org\",\"@graph\":[{\"@type\":\"Article\",\"@id\":\"https:\/\/luchonoticias.com\/editor\/camara-de-representantes-busca-empoderar-a-la-mujer-rural\/#article\",\"isPartOf\":{\"@id\":\"https:\/\/luchonoticias.com\/editor\/camara-de-representantes-busca-empoderar-a-la-mujer-rural\/\"},\"author\":{\"name\":\"Editor General\",\"@id\":\"https:\/\/luchonoticias.com\/editor\/#\/schema\/person\/29217990ddf6f14e35912b2866d591fb\"},\"headline\":\"C\u00e1mara de Representantes busca empoderar a la mujer rural\",\"datePublished\":\"2024-05-03T10:21:24+00:00\",\"mainEntityOfPage\":{\"@id\":\"https:\/\/luchonoticias.com\/editor\/camara-de-representantes-busca-empoderar-a-la-mujer-rural\/\"},\"wordCount\":309,\"publisher\":{\"@id\":\"https:\/\/luchonoticias.com\/editor\/#\/schema\/person\/7a7fd911f58561fd056dbac7b55af9cd\"},\"image\":{\"@id\":\"https:\/\/luchonoticias.com\/editor\/camara-de-representantes-busca-empoderar-a-la-mujer-rural\/#primaryimage\"},\"thumbnailUrl\":\"https:\/\/luchonoticias.com\/editor\/wp-content\/uploads\/2024\/05\/mujer-rural.jpg\",\"articleSection\":[\"Actualidad\"],\"inLanguage\":\"es\"},{\"@type\":\"WebPage\",\"@id\":\"https:\/\/luchonoticias.com\/editor\/camara-de-representantes-busca-empoderar-a-la-mujer-rural\/\",\"url\":\"https:\/\/luchonoticias.com\/editor\/camara-de-representantes-busca-empoderar-a-la-mujer-rural\/\",\"name\":\"C\u00e1mara de Representantes busca empoderar a la mujer rural -\",\"isPartOf\":{\"@id\":\"https:\/\/luchonoticias.com\/editor\/#website\"},\"primaryImageOfPage\":{\"@id\":\"https:\/\/luchonoticias.com\/editor\/camara-de-representantes-busca-empoderar-a-la-mujer-rural\/#primaryimage\"},\"image\":{\"@id\":\"https:\/\/luchonoticias.com\/editor\/camara-de-representantes-busca-empoderar-a-la-mujer-rural\/#primaryimage\"},\"thumbnailUrl\":\"https:\/\/luchonoticias.com\/editor\/wp-content\/uploads\/2024\/05\/mujer-rural.jpg\",\"datePublished\":\"2024-05-03T10:21:24+00:00\",\"breadcrumb\":{\"@id\":\"https:\/\/luchonoticias.com\/editor\/camara-de-representantes-busca-empoderar-a-la-mujer-rural\/#breadcrumb\"},\"inLanguage\":\"es\",\"potentialAction\":[{\"@type\":\"ReadAction\",\"target\":[\"https:\/\/luchonoticias.com\/editor\/camara-de-representantes-busca-empoderar-a-la-mujer-rural\/\"]}]},{\"@type\":\"ImageObject\",\"inLanguage\":\"es\",\"@id\":\"https:\/\/luchonoticias.com\/editor\/camara-de-representantes-busca-empoderar-a-la-mujer-rural\/#primaryimage\",\"url\":\"https:\/\/luchonoticias.com\/editor\/wp-content\/uploads\/2024\/05\/mujer-rural.jpg\",\"contentUrl\":\"https:\/\/luchonoticias.com\/editor\/wp-content\/uploads\/2024\/05\/mujer-rural.jpg\",\"width\":700,\"height\":400},{\"@type\":\"BreadcrumbList\",\"@id\":\"https:\/\/luchonoticias.com\/editor\/camara-de-representantes-busca-empoderar-a-la-mujer-rural\/#breadcrumb\",\"itemListElement\":[{\"@type\":\"ListItem\",\"position\":1,\"name\":\"Portada\",\"item\":\"https:\/\/luchonoticias.com\/editor\/\"},{\"@type\":\"ListItem\",\"position\":2,\"name\":\"C\u00e1mara de Representantes busca empoderar a la mujer rural\"}]},{\"@type\":\"WebSite\",\"@id\":\"https:\/\/luchonoticias.com\/editor\/#website\",\"url\":\"https:\/\/luchonoticias.com\/editor\/\",\"name\":\"\",\"description\":\"\",\"publisher\":{\"@id\":\"https:\/\/luchonoticias.com\/editor\/#\/schema\/person\/7a7fd911f58561fd056dbac7b55af9cd\"},\"potentialAction\":[{\"@type\":\"SearchAction\",\"target\":{\"@type\":\"EntryPoint\",\"urlTemplate\":\"https:\/\/luchonoticias.com\/editor\/?s={search_term_string}\"},\"query-input\":{\"@type\":\"PropertyValueSpecification\",\"valueRequired\":true,\"valueName\":\"search_term_string\"}}],\"inLanguage\":\"es\"},{\"@type\":[\"Person\",\"Organization\"],\"@id\":\"https:\/\/luchonoticias.com\/editor\/#\/schema\/person\/7a7fd911f58561fd056dbac7b55af9cd\",\"name\":\"admin\",\"image\":{\"@type\":\"ImageObject\",\"inLanguage\":\"es\",\"@id\":\"https:\/\/luchonoticias.com\/editor\/#\/schema\/person\/image\/\",\"url\":\"https:\/\/luchonoticias.com\/editor\/wp-content\/uploads\/2024\/02\/cropped-cropped-logolu.webp\",\"contentUrl\":\"https:\/\/luchonoticias.com\/editor\/wp-content\/uploads\/2024\/02\/cropped-cropped-logolu.webp\",\"width\":382,\"height\":170,\"caption\":\"admin\"},\"logo\":{\"@id\":\"https:\/\/luchonoticias.com\/editor\/#\/schema\/person\/image\/\"},\"sameAs\":[\"https:\/\/www.facebook.com\/luchonoticiasneiva\"]},{\"@type\":\"Person\",\"@id\":\"https:\/\/luchonoticias.com\/editor\/#\/schema\/person\/29217990ddf6f14e35912b2866d591fb\",\"name\":\"Editor General\",\"image\":{\"@type\":\"ImageObject\",\"inLanguage\":\"es\",\"@id\":\"https:\/\/luchonoticias.com\/editor\/#\/schema\/person\/image\/\",\"url\":\"https:\/\/luchonoticias.com\/editor\/wp-content\/uploads\/2024\/02\/cropped-cropped-logolu-150x150.webp\",\"contentUrl\":\"https:\/\/luchonoticias.com\/editor\/wp-content\/uploads\/2024\/02\/cropped-cropped-logolu-150x150.webp\",\"caption\":\"Editor General\"},\"sameAs\":[\"https:\/\/luchonoticias.com\/\"],\"url\":\"https:\/\/luchonoticias.com\/editor\/author\/editor-general\/\"}]}<\/script>\n<!-- \/ Yoast SEO plugin. -->","yoast_head_json":{"title":"C\u00e1mara de Representantes busca empoderar a la mujer rural -","robots":{"index":"index","follow":"follow","max-snippet":"max-snippet:-1","max-image-preview":"max-image-preview:large","max-video-preview":"max-video-preview:-1"},"canonical":"https:\/\/luchonoticias.com\/editor\/camara-de-representantes-busca-empoderar-a-la-mujer-rural\/","og_locale":"es_ES","og_type":"article","og_title":"C\u00e1mara de Representantes busca empoderar a la mujer rural -","og_url":"https:\/\/luchonoticias.com\/editor\/camara-de-representantes-busca-empoderar-a-la-mujer-rural\/","article_publisher":"https:\/\/www.facebook.com\/luchonoticiasneiva","article_published_time":"2024-05-03T10:21:24+00:00","og_image":[{"width":700,"height":400,"url":"https:\/\/luchonoticias.com\/editor\/wp-content\/uploads\/2024\/05\/mujer-rural.jpg","type":"image\/jpeg"}],"author":"Editor General","twitter_card":"summary_large_image","twitter_misc":{"Escrito por":"Editor General","Tiempo de lectura":"1 minuto"},"schema":{"@context":"https:\/\/schema.org","@graph":[{"@type":"Article","@id":"https:\/\/luchonoticias.com\/editor\/camara-de-representantes-busca-empoderar-a-la-mujer-rural\/#article","isPartOf":{"@id":"https:\/\/luchonoticias.com\/editor\/camara-de-representantes-busca-empoderar-a-la-mujer-rural\/"},"author":{"name":"Editor General","@id":"https:\/\/luchonoticias.com\/editor\/#\/schema\/person\/29217990ddf6f14e35912b2866d591fb"},"headline":"C\u00e1mara de Representantes busca empoderar a la mujer rural","datePublished":"2024-05-03T10:21:24+00:00","mainEntityOfPage":{"@id":"https:\/\/luchonoticias.com\/editor\/camara-de-representantes-busca-empoderar-a-la-mujer-rural\/"},"wordCount":309,"publisher":{"@id":"https:\/\/luchonoticias.com\/editor\/#\/schema\/person\/7a7fd911f58561fd056dbac7b55af9cd"},"image":{"@id":"https:\/\/luchonoticias.com\/editor\/camara-de-representantes-busca-empoderar-a-la-mujer-rural\/#primaryimage"},"thumbnailUrl":"https:\/\/luchonoticias.com\/editor\/wp-content\/uploads\/2024\/05\/mujer-rural.jpg","articleSection":["Actualidad"],"inLanguage":"es"},{"@type":"WebPage","@id":"https:\/\/luchonoticias.com\/editor\/camara-de-representantes-busca-empoderar-a-la-mujer-rural\/","url":"https:\/\/luchonoticias.com\/editor\/camara-de-representantes-busca-empoderar-a-la-mujer-rural\/","name":"C\u00e1mara de Representantes busca empoderar a la mujer rural -","isPartOf":{"@id":"https:\/\/luchonoticias.com\/editor\/#website"},"primaryImageOfPage":{"@id":"https:\/\/luchonoticias.com\/editor\/camara-de-representantes-busca-empoderar-a-la-mujer-rural\/#primaryimage"},"image":{"@id":"https:\/\/luchonoticias.com\/editor\/camara-de-representantes-busca-empoderar-a-la-mujer-rural\/#primaryimage"},"thumbnailUrl":"https:\/\/luchonoticias.com\/editor\/wp-content\/uploads\/2024\/05\/mujer-rural.jpg","datePublished":"2024-05-03T10:21:24+00:00","breadcrumb":{"@id":"https:\/\/luchonoticias.com\/editor\/camara-de-representantes-busca-empoderar-a-la-mujer-rural\/#breadcrumb"},"inLanguage":"es","potentialAction":[{"@type":"ReadAction","target":["https:\/\/luchonoticias.com\/editor\/camara-de-representantes-busca-empoderar-a-la-mujer-rural\/"]}]},{"@type":"ImageObject","inLanguage":"es","@id":"https:\/\/luchonoticias.com\/editor\/camara-de-representantes-busca-empoderar-a-la-mujer-rural\/#primaryimage","url":"https:\/\/luchonoticias.com\/editor\/wp-content\/uploads\/2024\/05\/mujer-rural.jpg","contentUrl":"https:\/\/luchonoticias.com\/editor\/wp-content\/uploads\/2024\/05\/mujer-rural.jpg","width":700,"height":400},{"@type":"BreadcrumbList","@id":"https:\/\/luchonoticias.com\/editor\/camara-de-representantes-busca-empoderar-a-la-mujer-rural\/#breadcrumb","itemListElement":[{"@type":"ListItem","position":1,"name":"Portada","item":"https:\/\/luchonoticias.com\/editor\/"},{"@type":"ListItem","position":2,"name":"C\u00e1mara de Representantes busca empoderar a la mujer rural"}]},{"@type":"WebSite","@id":"https:\/\/luchonoticias.com\/editor\/#website","url":"https:\/\/luchonoticias.com\/editor\/","name":"","description":"","publisher":{"@id":"https:\/\/luchonoticias.com\/editor\/#\/schema\/person\/7a7fd911f58561fd056dbac7b55af9cd"},"potentialAction":[{"@type":"SearchAction","target":{"@type":"EntryPoint","urlTemplate":"https:\/\/luchonoticias.com\/editor\/?s={search_term_string}"},"query-input":{"@type":"PropertyValueSpecification","valueRequired":true,"valueName":"search_term_string"}}],"inLanguage":"es"},{"@type":["Person","Organization"],"@id":"https:\/\/luchonoticias.com\/editor\/#\/schema\/person\/7a7fd911f58561fd056dbac7b55af9cd","name":"admin","image":{"@type":"ImageObject","inLanguage":"es","@id":"https:\/\/luchonoticias.com\/editor\/#\/schema\/person\/image\/","url":"https:\/\/luchonoticias.com\/editor\/wp-content\/uploads\/2024\/02\/cropped-cropped-logolu.webp","contentUrl":"https:\/\/luchonoticias.com\/editor\/wp-content\/uploads\/2024\/02\/cropped-cropped-logolu.webp","width":382,"height":170,"caption":"admin"},"logo":{"@id":"https:\/\/luchonoticias.com\/editor\/#\/schema\/person\/image\/"},"sameAs":["https:\/\/www.facebook.com\/luchonoticiasneiva"]},{"@type":"Person","@id":"https:\/\/luchonoticias.com\/editor\/#\/schema\/person\/29217990ddf6f14e35912b2866d591fb","name":"Editor General","image":{"@type":"ImageObject","inLanguage":"es","@id":"https:\/\/luchonoticias.com\/editor\/#\/schema\/person\/image\/","url":"https:\/\/luchonoticias.com\/editor\/wp-content\/uploads\/2024\/02\/cropped-cropped-logolu-150x150.webp","contentUrl":"https:\/\/luchonoticias.com\/editor\/wp-content\/uploads\/2024\/02\/cropped-cropped-logolu-150x150.webp","caption":"Editor General"},"sameAs":["https:\/\/luchonoticias.com\/"],"url":"https:\/\/luchonoticias.com\/editor\/author\/editor-general\/"}]}},"_links":{"self":[{"href":"https:\/\/luchonoticias.com\/editor\/wp-json\/wp\/v2\/posts\/72652","targetHints":{"allow":["GET"]}}],"collection":[{"href":"https:\/\/luchonoticias.com\/editor\/wp-json\/wp\/v2\/posts"}],"about":[{"href":"https:\/\/luchonoticias.com\/editor\/wp-json\/wp\/v2\/types\/post"}],"author":[{"embeddable":true,"href":"https:\/\/luchonoticias.com\/editor\/wp-json\/wp\/v2\/users\/2"}],"replies":[{"embeddable":true,"href":"https:\/\/luchonoticias.com\/editor\/wp-json\/wp\/v2\/comments?post=72652"}],"version-history":[{"count":0,"href":"https:\/\/luchonoticias.com\/editor\/wp-json\/wp\/v2\/posts\/72652\/revisions"}],"wp:featuredmedia":[{"embeddable":true,"href":"https:\/\/luchonoticias.com\/editor\/wp-json\/wp\/v2\/media\/72653"}],"wp:attachment":[{"href":"https:\/\/luchonoticias.com\/editor\/wp-json\/wp\/v2\/media?parent=72652"}],"wp:term":[{"taxonomy":"category","embeddable":true,"href":"https:\/\/luchonoticias.com\/editor\/wp-json\/wp\/v2\/categories?post=72652"},{"taxonomy":"post_tag","embeddable":true,"href":"https:\/\/luchonoticias.com\/editor\/wp-json\/wp\/v2\/tags?post=72652"}],"curies":[{"name":"wp","href":"https:\/\/api.w.org\/{rel}","templated":true}]}}