{"id":72655,"date":"2024-05-03T05:25:08","date_gmt":"2024-05-03T10:25:08","guid":{"rendered":"https:\/\/luchonoticias.com\/?p=72655"},"modified":"2024-05-03T05:25:08","modified_gmt":"2024-05-03T10:25:08","slug":"se-consolidan-zonas-de-reserva-campesina","status":"publish","type":"post","link":"https:\/\/luchonoticias.com\/editor\/se-consolidan-zonas-de-reserva-campesina\/","title":{"rendered":"Se consolidan zonas de reserva campesina"},"content":{"rendered":"<div>El Consejo Directivo de la Agencia Nacional de Tierras aprob\u00f3 la constituci\u00f3n de la Zona de Reserva Campesina de Tulu\u00e1, en el Valle del Cauca, que comprende 33.298 hect\u00e1reas y beneficia a cerca de 1.800 predios.<\/div>\n<div><\/div>\n<div>La solicitud para crear esta ZRC fue radicada en 2012 por la asociaci\u00f3n ASTRACAVA ante el entonces Instituto Colombiano de Desarrollo Rural (Incoder). Luego de m\u00e1s de una d\u00e9cada de proceso, finalmente se logr\u00f3 su aprobaci\u00f3n, convirti\u00e9ndose en la s\u00e9ptima zona de este tipo aprobada durante el Gobierno del Cambio.<\/div>\n<div><\/div>\n<div>La ZRC Tulu\u00e1 se suma a las ya existentes en ZRC Venecia Parte Alta en Cundinamarca, ZRC Para\u00edso Escondido, Tog\u00fc\u00ed, Boyac\u00e1, ZRC Sumapaz, Cundinamarca, ZRC de La Tuna en Rosas Cauca, ZRC G\u00fcejar \u2013 Cafre, en Puerto Rico, Meta y ZRC Losada \u2013 Guayabero, entre los municipios de Uribe y La Macarena, Meta.<\/div>\n<div><\/div>\n<div>Todas estas suman cerca de 440.000 las hect\u00e1reas que han sido constituidas como zonas de reserva campesina bajo la actual administraci\u00f3n, avanzando en el desarrollo rural con enfoque territorial.<\/div>\n<div><\/div>\n<div>Los 1.800 predios aproximados que hacen parte de los 11 corregimientos y 45 veredas que integran esta nueva ZRC, ser\u00e1n intervenidos por la ANT para su formalizaci\u00f3n y adjudicaci\u00f3n.<\/div>\n<div><\/div>\n<div>\u201cHa sido una lucha de muchos a\u00f1os donde no solo se ha puesto el esfuerzo, sino que se ha puesto la sangre, no solo ha sido de los hombres que son los que van y ponen las costillas al sol, sino de nosotras que le damos vida al campo, que le damos la salud, el cuidado, el amor; hombres y mujeres que le han dado todo y que son ejemplo para todo el Valle del Cauca\u201d, dijo Catalina Lerna, l\u00edder de la Asociaci\u00f3n Nacional de Zonas de Reserva Campesinas.<\/div>\n","protected":false},"excerpt":{"rendered":"<p>El Consejo Directivo de la Agencia Nacional de Tierras aprob\u00f3 la constituci\u00f3n de la Zona de Reserva Campesina de Tulu\u00e1, en el Valle del Cauca, que comprende 33.298 hect\u00e1reas y beneficia a cerca de 1.800 predios. La solicitud para crear esta ZRC fue radicada en 2012 por la asociaci\u00f3n ASTRACAVA ante el entonces Instituto Colombiano [&hellip;]<\/p>\n","protected":false},"author":2,"featured_media":72656,"comment_status":"closed","ping_status":"open","sticky":false,"template":"","format":"standard","meta":{"footnotes":""},"categories":[28],"tags":[],"class_list":["post-72655","post","type-post","status-publish","format-standard","has-post-thumbnail","hentry","category-actualidad"],"yoast_head":"<!-- This site is optimized with the Yoast SEO plugin v26.6 - https:\/\/yoast.com\/wordpress\/plugins\/seo\/ -->\n<title>Se consolidan zonas de reserva campesina -<\/title>\n<meta name=\"robots\" content=\"index, follow, max-snippet:-1, max-image-preview:large, max-video-preview:-1\" \/>\n<link rel=\"canonical\" href=\"https:\/\/luchonoticias.com\/editor\/se-consolidan-zonas-de-reserva-campesina\/\" \/>\n<meta property=\"og:locale\" content=\"es_ES\" \/>\n<meta property=\"og:type\" content=\"article\" \/>\n<meta property=\"og:title\" content=\"Se consolidan zonas de reserva campesina -\" \/>\n<meta property=\"og:url\" content=\"https:\/\/luchonoticias.com\/editor\/se-consolidan-zonas-de-reserva-campesina\/\" \/>\n<meta property=\"article:publisher\" content=\"https:\/\/www.facebook.com\/luchonoticiasneiva\" \/>\n<meta property=\"article:published_time\" content=\"2024-05-03T10:25:08+00:00\" \/>\n<meta property=\"og:image\" content=\"https:\/\/luchonoticias.com\/editor\/wp-content\/uploads\/2024\/05\/zonas-campesinas.jpg\" \/>\n\t<meta property=\"og:image:width\" content=\"700\" \/>\n\t<meta property=\"og:image:height\" content=\"400\" \/>\n\t<meta property=\"og:image:type\" content=\"image\/jpeg\" \/>\n<meta name=\"author\" content=\"Editor General\" \/>\n<meta name=\"twitter:card\" content=\"summary_large_image\" \/>\n<meta name=\"twitter:label1\" content=\"Escrito por\" \/>\n\t<meta name=\"twitter:data1\" content=\"Editor General\" \/>\n\t<meta name=\"twitter:label2\" content=\"Tiempo de lectura\" \/>\n\t<meta name=\"twitter:data2\" content=\"1 minuto\" \/>\n<script type=\"application\/ld+json\" class=\"yoast-schema-graph\">{\"@context\":\"https:\/\/schema.org\",\"@graph\":[{\"@type\":\"Article\",\"@id\":\"https:\/\/luchonoticias.com\/editor\/se-consolidan-zonas-de-reserva-campesina\/#article\",\"isPartOf\":{\"@id\":\"https:\/\/luchonoticias.com\/editor\/se-consolidan-zonas-de-reserva-campesina\/\"},\"author\":{\"name\":\"Editor General\",\"@id\":\"https:\/\/luchonoticias.com\/editor\/#\/schema\/person\/29217990ddf6f14e35912b2866d591fb\"},\"headline\":\"Se consolidan zonas de reserva campesina\",\"datePublished\":\"2024-05-03T10:25:08+00:00\",\"mainEntityOfPage\":{\"@id\":\"https:\/\/luchonoticias.com\/editor\/se-consolidan-zonas-de-reserva-campesina\/\"},\"wordCount\":301,\"publisher\":{\"@id\":\"https:\/\/luchonoticias.com\/editor\/#\/schema\/person\/7a7fd911f58561fd056dbac7b55af9cd\"},\"image\":{\"@id\":\"https:\/\/luchonoticias.com\/editor\/se-consolidan-zonas-de-reserva-campesina\/#primaryimage\"},\"thumbnailUrl\":\"https:\/\/luchonoticias.com\/editor\/wp-content\/uploads\/2024\/05\/zonas-campesinas.jpg\",\"articleSection\":[\"Actualidad\"],\"inLanguage\":\"es\"},{\"@type\":\"WebPage\",\"@id\":\"https:\/\/luchonoticias.com\/editor\/se-consolidan-zonas-de-reserva-campesina\/\",\"url\":\"https:\/\/luchonoticias.com\/editor\/se-consolidan-zonas-de-reserva-campesina\/\",\"name\":\"Se consolidan zonas de reserva campesina -\",\"isPartOf\":{\"@id\":\"https:\/\/luchonoticias.com\/editor\/#website\"},\"primaryImageOfPage\":{\"@id\":\"https:\/\/luchonoticias.com\/editor\/se-consolidan-zonas-de-reserva-campesina\/#primaryimage\"},\"image\":{\"@id\":\"https:\/\/luchonoticias.com\/editor\/se-consolidan-zonas-de-reserva-campesina\/#primaryimage\"},\"thumbnailUrl\":\"https:\/\/luchonoticias.com\/editor\/wp-content\/uploads\/2024\/05\/zonas-campesinas.jpg\",\"datePublished\":\"2024-05-03T10:25:08+00:00\",\"breadcrumb\":{\"@id\":\"https:\/\/luchonoticias.com\/editor\/se-consolidan-zonas-de-reserva-campesina\/#breadcrumb\"},\"inLanguage\":\"es\",\"potentialAction\":[{\"@type\":\"ReadAction\",\"target\":[\"https:\/\/luchonoticias.com\/editor\/se-consolidan-zonas-de-reserva-campesina\/\"]}]},{\"@type\":\"ImageObject\",\"inLanguage\":\"es\",\"@id\":\"https:\/\/luchonoticias.com\/editor\/se-consolidan-zonas-de-reserva-campesina\/#primaryimage\",\"url\":\"https:\/\/luchonoticias.com\/editor\/wp-content\/uploads\/2024\/05\/zonas-campesinas.jpg\",\"contentUrl\":\"https:\/\/luchonoticias.com\/editor\/wp-content\/uploads\/2024\/05\/zonas-campesinas.jpg\",\"width\":700,\"height\":400},{\"@type\":\"BreadcrumbList\",\"@id\":\"https:\/\/luchonoticias.com\/editor\/se-consolidan-zonas-de-reserva-campesina\/#breadcrumb\",\"itemListElement\":[{\"@type\":\"ListItem\",\"position\":1,\"name\":\"Portada\",\"item\":\"https:\/\/luchonoticias.com\/editor\/\"},{\"@type\":\"ListItem\",\"position\":2,\"name\":\"Se consolidan zonas de reserva campesina\"}]},{\"@type\":\"WebSite\",\"@id\":\"https:\/\/luchonoticias.com\/editor\/#website\",\"url\":\"https:\/\/luchonoticias.com\/editor\/\",\"name\":\"\",\"description\":\"\",\"publisher\":{\"@id\":\"https:\/\/luchonoticias.com\/editor\/#\/schema\/person\/7a7fd911f58561fd056dbac7b55af9cd\"},\"potentialAction\":[{\"@type\":\"SearchAction\",\"target\":{\"@type\":\"EntryPoint\",\"urlTemplate\":\"https:\/\/luchonoticias.com\/editor\/?s={search_term_string}\"},\"query-input\":{\"@type\":\"PropertyValueSpecification\",\"valueRequired\":true,\"valueName\":\"search_term_string\"}}],\"inLanguage\":\"es\"},{\"@type\":[\"Person\",\"Organization\"],\"@id\":\"https:\/\/luchonoticias.com\/editor\/#\/schema\/person\/7a7fd911f58561fd056dbac7b55af9cd\",\"name\":\"admin\",\"image\":{\"@type\":\"ImageObject\",\"inLanguage\":\"es\",\"@id\":\"https:\/\/luchonoticias.com\/editor\/#\/schema\/person\/image\/\",\"url\":\"https:\/\/luchonoticias.com\/editor\/wp-content\/uploads\/2024\/02\/cropped-cropped-logolu.webp\",\"contentUrl\":\"https:\/\/luchonoticias.com\/editor\/wp-content\/uploads\/2024\/02\/cropped-cropped-logolu.webp\",\"width\":382,\"height\":170,\"caption\":\"admin\"},\"logo\":{\"@id\":\"https:\/\/luchonoticias.com\/editor\/#\/schema\/person\/image\/\"},\"sameAs\":[\"https:\/\/www.facebook.com\/luchonoticiasneiva\"]},{\"@type\":\"Person\",\"@id\":\"https:\/\/luchonoticias.com\/editor\/#\/schema\/person\/29217990ddf6f14e35912b2866d591fb\",\"name\":\"Editor General\",\"image\":{\"@type\":\"ImageObject\",\"inLanguage\":\"es\",\"@id\":\"https:\/\/luchonoticias.com\/editor\/#\/schema\/person\/image\/\",\"url\":\"https:\/\/luchonoticias.com\/editor\/wp-content\/uploads\/2024\/02\/cropped-cropped-logolu-150x150.webp\",\"contentUrl\":\"https:\/\/luchonoticias.com\/editor\/wp-content\/uploads\/2024\/02\/cropped-cropped-logolu-150x150.webp\",\"caption\":\"Editor General\"},\"sameAs\":[\"https:\/\/luchonoticias.com\/\"],\"url\":\"https:\/\/luchonoticias.com\/editor\/author\/editor-general\/\"}]}<\/script>\n<!-- \/ Yoast SEO plugin. -->","yoast_head_json":{"title":"Se consolidan zonas de reserva campesina -","robots":{"index":"index","follow":"follow","max-snippet":"max-snippet:-1","max-image-preview":"max-image-preview:large","max-video-preview":"max-video-preview:-1"},"canonical":"https:\/\/luchonoticias.com\/editor\/se-consolidan-zonas-de-reserva-campesina\/","og_locale":"es_ES","og_type":"article","og_title":"Se consolidan zonas de reserva campesina -","og_url":"https:\/\/luchonoticias.com\/editor\/se-consolidan-zonas-de-reserva-campesina\/","article_publisher":"https:\/\/www.facebook.com\/luchonoticiasneiva","article_published_time":"2024-05-03T10:25:08+00:00","og_image":[{"width":700,"height":400,"url":"https:\/\/luchonoticias.com\/editor\/wp-content\/uploads\/2024\/05\/zonas-campesinas.jpg","type":"image\/jpeg"}],"author":"Editor General","twitter_card":"summary_large_image","twitter_misc":{"Escrito por":"Editor General","Tiempo de lectura":"1 minuto"},"schema":{"@context":"https:\/\/schema.org","@graph":[{"@type":"Article","@id":"https:\/\/luchonoticias.com\/editor\/se-consolidan-zonas-de-reserva-campesina\/#article","isPartOf":{"@id":"https:\/\/luchonoticias.com\/editor\/se-consolidan-zonas-de-reserva-campesina\/"},"author":{"name":"Editor General","@id":"https:\/\/luchonoticias.com\/editor\/#\/schema\/person\/29217990ddf6f14e35912b2866d591fb"},"headline":"Se consolidan zonas de reserva campesina","datePublished":"2024-05-03T10:25:08+00:00","mainEntityOfPage":{"@id":"https:\/\/luchonoticias.com\/editor\/se-consolidan-zonas-de-reserva-campesina\/"},"wordCount":301,"publisher":{"@id":"https:\/\/luchonoticias.com\/editor\/#\/schema\/person\/7a7fd911f58561fd056dbac7b55af9cd"},"image":{"@id":"https:\/\/luchonoticias.com\/editor\/se-consolidan-zonas-de-reserva-campesina\/#primaryimage"},"thumbnailUrl":"https:\/\/luchonoticias.com\/editor\/wp-content\/uploads\/2024\/05\/zonas-campesinas.jpg","articleSection":["Actualidad"],"inLanguage":"es"},{"@type":"WebPage","@id":"https:\/\/luchonoticias.com\/editor\/se-consolidan-zonas-de-reserva-campesina\/","url":"https:\/\/luchonoticias.com\/editor\/se-consolidan-zonas-de-reserva-campesina\/","name":"Se consolidan zonas de reserva campesina -","isPartOf":{"@id":"https:\/\/luchonoticias.com\/editor\/#website"},"primaryImageOfPage":{"@id":"https:\/\/luchonoticias.com\/editor\/se-consolidan-zonas-de-reserva-campesina\/#primaryimage"},"image":{"@id":"https:\/\/luchonoticias.com\/editor\/se-consolidan-zonas-de-reserva-campesina\/#primaryimage"},"thumbnailUrl":"https:\/\/luchonoticias.com\/editor\/wp-content\/uploads\/2024\/05\/zonas-campesinas.jpg","datePublished":"2024-05-03T10:25:08+00:00","breadcrumb":{"@id":"https:\/\/luchonoticias.com\/editor\/se-consolidan-zonas-de-reserva-campesina\/#breadcrumb"},"inLanguage":"es","potentialAction":[{"@type":"ReadAction","target":["https:\/\/luchonoticias.com\/editor\/se-consolidan-zonas-de-reserva-campesina\/"]}]},{"@type":"ImageObject","inLanguage":"es","@id":"https:\/\/luchonoticias.com\/editor\/se-consolidan-zonas-de-reserva-campesina\/#primaryimage","url":"https:\/\/luchonoticias.com\/editor\/wp-content\/uploads\/2024\/05\/zonas-campesinas.jpg","contentUrl":"https:\/\/luchonoticias.com\/editor\/wp-content\/uploads\/2024\/05\/zonas-campesinas.jpg","width":700,"height":400},{"@type":"BreadcrumbList","@id":"https:\/\/luchonoticias.com\/editor\/se-consolidan-zonas-de-reserva-campesina\/#breadcrumb","itemListElement":[{"@type":"ListItem","position":1,"name":"Portada","item":"https:\/\/luchonoticias.com\/editor\/"},{"@type":"ListItem","position":2,"name":"Se consolidan zonas de reserva campesina"}]},{"@type":"WebSite","@id":"https:\/\/luchonoticias.com\/editor\/#website","url":"https:\/\/luchonoticias.com\/editor\/","name":"","description":"","publisher":{"@id":"https:\/\/luchonoticias.com\/editor\/#\/schema\/person\/7a7fd911f58561fd056dbac7b55af9cd"},"potentialAction":[{"@type":"SearchAction","target":{"@type":"EntryPoint","urlTemplate":"https:\/\/luchonoticias.com\/editor\/?s={search_term_string}"},"query-input":{"@type":"PropertyValueSpecification","valueRequired":true,"valueName":"search_term_string"}}],"inLanguage":"es"},{"@type":["Person","Organization"],"@id":"https:\/\/luchonoticias.com\/editor\/#\/schema\/person\/7a7fd911f58561fd056dbac7b55af9cd","name":"admin","image":{"@type":"ImageObject","inLanguage":"es","@id":"https:\/\/luchonoticias.com\/editor\/#\/schema\/person\/image\/","url":"https:\/\/luchonoticias.com\/editor\/wp-content\/uploads\/2024\/02\/cropped-cropped-logolu.webp","contentUrl":"https:\/\/luchonoticias.com\/editor\/wp-content\/uploads\/2024\/02\/cropped-cropped-logolu.webp","width":382,"height":170,"caption":"admin"},"logo":{"@id":"https:\/\/luchonoticias.com\/editor\/#\/schema\/person\/image\/"},"sameAs":["https:\/\/www.facebook.com\/luchonoticiasneiva"]},{"@type":"Person","@id":"https:\/\/luchonoticias.com\/editor\/#\/schema\/person\/29217990ddf6f14e35912b2866d591fb","name":"Editor General","image":{"@type":"ImageObject","inLanguage":"es","@id":"https:\/\/luchonoticias.com\/editor\/#\/schema\/person\/image\/","url":"https:\/\/luchonoticias.com\/editor\/wp-content\/uploads\/2024\/02\/cropped-cropped-logolu-150x150.webp","contentUrl":"https:\/\/luchonoticias.com\/editor\/wp-content\/uploads\/2024\/02\/cropped-cropped-logolu-150x150.webp","caption":"Editor General"},"sameAs":["https:\/\/luchonoticias.com\/"],"url":"https:\/\/luchonoticias.com\/editor\/author\/editor-general\/"}]}},"_links":{"self":[{"href":"https:\/\/luchonoticias.com\/editor\/wp-json\/wp\/v2\/posts\/72655","targetHints":{"allow":["GET"]}}],"collection":[{"href":"https:\/\/luchonoticias.com\/editor\/wp-json\/wp\/v2\/posts"}],"about":[{"href":"https:\/\/luchonoticias.com\/editor\/wp-json\/wp\/v2\/types\/post"}],"author":[{"embeddable":true,"href":"https:\/\/luchonoticias.com\/editor\/wp-json\/wp\/v2\/users\/2"}],"replies":[{"embeddable":true,"href":"https:\/\/luchonoticias.com\/editor\/wp-json\/wp\/v2\/comments?post=72655"}],"version-history":[{"count":0,"href":"https:\/\/luchonoticias.com\/editor\/wp-json\/wp\/v2\/posts\/72655\/revisions"}],"wp:featuredmedia":[{"embeddable":true,"href":"https:\/\/luchonoticias.com\/editor\/wp-json\/wp\/v2\/media\/72656"}],"wp:attachment":[{"href":"https:\/\/luchonoticias.com\/editor\/wp-json\/wp\/v2\/media?parent=72655"}],"wp:term":[{"taxonomy":"category","embeddable":true,"href":"https:\/\/luchonoticias.com\/editor\/wp-json\/wp\/v2\/categories?post=72655"},{"taxonomy":"post_tag","embeddable":true,"href":"https:\/\/luchonoticias.com\/editor\/wp-json\/wp\/v2\/tags?post=72655"}],"curies":[{"name":"wp","href":"https:\/\/api.w.org\/{rel}","templated":true}]}}