{"id":72658,"date":"2024-05-03T05:30:26","date_gmt":"2024-05-03T10:30:26","guid":{"rendered":"https:\/\/luchonoticias.com\/?p=72658"},"modified":"2024-05-03T05:30:26","modified_gmt":"2024-05-03T10:30:26","slug":"como-va-la-reforma-pensional","status":"publish","type":"post","link":"https:\/\/luchonoticias.com\/editor\/como-va-la-reforma-pensional\/","title":{"rendered":"\u00bfC\u00f3mo va la reforma pensional?"},"content":{"rendered":"<p>La Reforma Pensional sigue abri\u00e9ndose paso en la plenaria del Senado y m\u00e1s de la mitad de su articulado ha sido aprobado. Hasta el momento 58 de los 94 art\u00edculos del Informe de Ponencia, de uno de los proyectos bandera del Gobierno Nacional, ya tienen el visto bueno del senado.<\/p>\n<p>En medio del debate, el Senado de la Rep\u00fablica defini\u00f3 el umbral de cotizaci\u00f3n obligatorio a Colpensiones &#8211; contenido en el art\u00edculo 3 &#8211; \u00a0en 2.3 salarios m\u00ednimos y estableci\u00f3 qu\u00e9 ente administrar\u00e1 los fondos pensionales, tal como lo hab\u00eda propuesto el\u00a0<strong>Partido Liberal<\/strong>.<\/p>\n<p>De otra parte, con 43 votos a favor y 40 en contra, fue aprobada la proposici\u00f3n del senador\u00a0<strong>Honorio Miguel Henr\u00edquez Pinedo<\/strong>, del\u00a0<strong>Partido<\/strong>\u00a0<strong>Centro Democr\u00e1tico<\/strong>, quien propuso una modificaci\u00f3n del art\u00edculo 36 del texto original, el cual planteaba 1.150 semanas de cotizaci\u00f3n y tener tres hijos para acceder a la pensi\u00f3n. La sugerencia consist\u00eda en reducir este requisito a 1.000 semanas con el mismo n\u00famero de hijos.<\/p>\n<p>La votaci\u00f3n positiva a la proposici\u00f3n del senador\u00a0<strong>Henr\u00edquez Pinedo<\/strong>\u00a0permiti\u00f3 que las semanas se redujeran mucho m\u00e1s de los sugerido en el texto inicial, estableciendo las 850 semanas. El requisito de los tres hijos se mantuvo.<\/p>\n<p>La segunda decisi\u00f3n importante que se dio, en medio de la plenaria, tiene que ver con el Banco de la Rep\u00fablica, porque se estableci\u00f3 que esta entidad ser\u00e1 la encargada del manejo de los ahorros de los colombianos que en la actualidad cotizan en los Fondos Privados.<\/p>\n<p>Se trata de una proposici\u00f3n que cuenta con el aval del Gobierno Nacional y congresistas de distintas bancadas. La\u00a0<strong>senadora\u00a0<\/strong>por la<strong>\u00a0Alianza Verde, Ang\u00e9lica Lozano Correa,<\/strong>\u00a0explic\u00f3 que, en aras de darle tranquilidad a los colombianos, se crear\u00e1 un comit\u00e9 que estar\u00e1 bajo vigilancia de los codirectores del Banco.<\/p>\n<p>En lo que respecta a otros puntos \u00e1lgidos del articulado y con una votaci\u00f3n de 48 por el S\u00ed y 20 por el No, se aprobaron los art\u00edculos 5, 8 y 9.<\/p>\n<p>El art\u00edculo 5 habla de los deberes del Estado dentro del Sistema Pensional, entre los que se contempla la direcci\u00f3n, control y vigilancia, adem\u00e1s de los canales de comunicaci\u00f3n id\u00f3neos para los destinatarios del sistema. Otro de los deberes es el de proveer los recursos p\u00fablicos.<\/p>\n<p>Entre los art\u00edculos con proposici\u00f3n de modificaci\u00f3n estuvieron los 3, 12, 19, 23, 24 y 32 que, pese a ser negados, reabrieron el debate sobre todo en lo que compete a la situaci\u00f3n de los colombianos en el exterior. El senador caldense\u00a0<strong>Guido Echeverri Piedrahita<\/strong>, del\u00a0<strong>Partido en Marcha<\/strong>, se refiri\u00f3 al art\u00edculo 3 y argument\u00f3 que seg\u00fan cifras del Ministerio de Relaciones Exteriores en la actualidad hay 151.148 colombianos en edades avanzadas que viven en el exterior y que no est\u00e1n incluidas en la reforma pensional.<\/p>\n","protected":false},"excerpt":{"rendered":"<p>La Reforma Pensional sigue abri\u00e9ndose paso en la plenaria del Senado y m\u00e1s de la mitad de su articulado ha sido aprobado. Hasta el momento 58 de los 94 art\u00edculos del Informe de Ponencia, de uno de los proyectos bandera del Gobierno Nacional, ya tienen el visto bueno del senado. En medio del debate, el [&hellip;]<\/p>\n","protected":false},"author":2,"featured_media":72659,"comment_status":"closed","ping_status":"open","sticky":false,"template":"","format":"standard","meta":{"footnotes":""},"categories":[28],"tags":[],"class_list":["post-72658","post","type-post","status-publish","format-standard","has-post-thumbnail","hentry","category-actualidad"],"yoast_head":"<!-- This site is optimized with the Yoast SEO plugin v26.6 - https:\/\/yoast.com\/wordpress\/plugins\/seo\/ -->\n<title>\u00bfC\u00f3mo va la reforma pensional? -<\/title>\n<meta name=\"robots\" content=\"index, follow, max-snippet:-1, max-image-preview:large, max-video-preview:-1\" \/>\n<link rel=\"canonical\" href=\"https:\/\/luchonoticias.com\/editor\/como-va-la-reforma-pensional\/\" \/>\n<meta property=\"og:locale\" content=\"es_ES\" \/>\n<meta property=\"og:type\" content=\"article\" \/>\n<meta property=\"og:title\" content=\"\u00bfC\u00f3mo va la reforma pensional? -\" \/>\n<meta property=\"og:url\" content=\"https:\/\/luchonoticias.com\/editor\/como-va-la-reforma-pensional\/\" \/>\n<meta property=\"article:publisher\" content=\"https:\/\/www.facebook.com\/luchonoticiasneiva\" \/>\n<meta property=\"article:published_time\" content=\"2024-05-03T10:30:26+00:00\" \/>\n<meta property=\"og:image\" content=\"https:\/\/luchonoticias.com\/editor\/wp-content\/uploads\/2024\/05\/reforma-pensional.jpg\" \/>\n\t<meta property=\"og:image:width\" content=\"700\" \/>\n\t<meta property=\"og:image:height\" content=\"400\" \/>\n\t<meta property=\"og:image:type\" content=\"image\/jpeg\" \/>\n<meta name=\"author\" content=\"Editor General\" \/>\n<meta name=\"twitter:card\" content=\"summary_large_image\" \/>\n<meta name=\"twitter:label1\" content=\"Escrito por\" \/>\n\t<meta name=\"twitter:data1\" content=\"Editor General\" \/>\n\t<meta name=\"twitter:label2\" content=\"Tiempo de lectura\" \/>\n\t<meta name=\"twitter:data2\" content=\"2 minutos\" \/>\n<script type=\"application\/ld+json\" class=\"yoast-schema-graph\">{\"@context\":\"https:\/\/schema.org\",\"@graph\":[{\"@type\":\"Article\",\"@id\":\"https:\/\/luchonoticias.com\/editor\/como-va-la-reforma-pensional\/#article\",\"isPartOf\":{\"@id\":\"https:\/\/luchonoticias.com\/editor\/como-va-la-reforma-pensional\/\"},\"author\":{\"name\":\"Editor General\",\"@id\":\"https:\/\/luchonoticias.com\/editor\/#\/schema\/person\/29217990ddf6f14e35912b2866d591fb\"},\"headline\":\"\u00bfC\u00f3mo va la reforma pensional?\",\"datePublished\":\"2024-05-03T10:30:26+00:00\",\"mainEntityOfPage\":{\"@id\":\"https:\/\/luchonoticias.com\/editor\/como-va-la-reforma-pensional\/\"},\"wordCount\":483,\"publisher\":{\"@id\":\"https:\/\/luchonoticias.com\/editor\/#\/schema\/person\/7a7fd911f58561fd056dbac7b55af9cd\"},\"image\":{\"@id\":\"https:\/\/luchonoticias.com\/editor\/como-va-la-reforma-pensional\/#primaryimage\"},\"thumbnailUrl\":\"https:\/\/luchonoticias.com\/editor\/wp-content\/uploads\/2024\/05\/reforma-pensional.jpg\",\"articleSection\":[\"Actualidad\"],\"inLanguage\":\"es\"},{\"@type\":\"WebPage\",\"@id\":\"https:\/\/luchonoticias.com\/editor\/como-va-la-reforma-pensional\/\",\"url\":\"https:\/\/luchonoticias.com\/editor\/como-va-la-reforma-pensional\/\",\"name\":\"\u00bfC\u00f3mo va la reforma pensional? -\",\"isPartOf\":{\"@id\":\"https:\/\/luchonoticias.com\/editor\/#website\"},\"primaryImageOfPage\":{\"@id\":\"https:\/\/luchonoticias.com\/editor\/como-va-la-reforma-pensional\/#primaryimage\"},\"image\":{\"@id\":\"https:\/\/luchonoticias.com\/editor\/como-va-la-reforma-pensional\/#primaryimage\"},\"thumbnailUrl\":\"https:\/\/luchonoticias.com\/editor\/wp-content\/uploads\/2024\/05\/reforma-pensional.jpg\",\"datePublished\":\"2024-05-03T10:30:26+00:00\",\"breadcrumb\":{\"@id\":\"https:\/\/luchonoticias.com\/editor\/como-va-la-reforma-pensional\/#breadcrumb\"},\"inLanguage\":\"es\",\"potentialAction\":[{\"@type\":\"ReadAction\",\"target\":[\"https:\/\/luchonoticias.com\/editor\/como-va-la-reforma-pensional\/\"]}]},{\"@type\":\"ImageObject\",\"inLanguage\":\"es\",\"@id\":\"https:\/\/luchonoticias.com\/editor\/como-va-la-reforma-pensional\/#primaryimage\",\"url\":\"https:\/\/luchonoticias.com\/editor\/wp-content\/uploads\/2024\/05\/reforma-pensional.jpg\",\"contentUrl\":\"https:\/\/luchonoticias.com\/editor\/wp-content\/uploads\/2024\/05\/reforma-pensional.jpg\",\"width\":700,\"height\":400},{\"@type\":\"BreadcrumbList\",\"@id\":\"https:\/\/luchonoticias.com\/editor\/como-va-la-reforma-pensional\/#breadcrumb\",\"itemListElement\":[{\"@type\":\"ListItem\",\"position\":1,\"name\":\"Portada\",\"item\":\"https:\/\/luchonoticias.com\/editor\/\"},{\"@type\":\"ListItem\",\"position\":2,\"name\":\"\u00bfC\u00f3mo va la reforma pensional?\"}]},{\"@type\":\"WebSite\",\"@id\":\"https:\/\/luchonoticias.com\/editor\/#website\",\"url\":\"https:\/\/luchonoticias.com\/editor\/\",\"name\":\"\",\"description\":\"\",\"publisher\":{\"@id\":\"https:\/\/luchonoticias.com\/editor\/#\/schema\/person\/7a7fd911f58561fd056dbac7b55af9cd\"},\"potentialAction\":[{\"@type\":\"SearchAction\",\"target\":{\"@type\":\"EntryPoint\",\"urlTemplate\":\"https:\/\/luchonoticias.com\/editor\/?s={search_term_string}\"},\"query-input\":{\"@type\":\"PropertyValueSpecification\",\"valueRequired\":true,\"valueName\":\"search_term_string\"}}],\"inLanguage\":\"es\"},{\"@type\":[\"Person\",\"Organization\"],\"@id\":\"https:\/\/luchonoticias.com\/editor\/#\/schema\/person\/7a7fd911f58561fd056dbac7b55af9cd\",\"name\":\"admin\",\"image\":{\"@type\":\"ImageObject\",\"inLanguage\":\"es\",\"@id\":\"https:\/\/luchonoticias.com\/editor\/#\/schema\/person\/image\/\",\"url\":\"https:\/\/luchonoticias.com\/editor\/wp-content\/uploads\/2024\/02\/cropped-cropped-logolu.webp\",\"contentUrl\":\"https:\/\/luchonoticias.com\/editor\/wp-content\/uploads\/2024\/02\/cropped-cropped-logolu.webp\",\"width\":382,\"height\":170,\"caption\":\"admin\"},\"logo\":{\"@id\":\"https:\/\/luchonoticias.com\/editor\/#\/schema\/person\/image\/\"},\"sameAs\":[\"https:\/\/www.facebook.com\/luchonoticiasneiva\"]},{\"@type\":\"Person\",\"@id\":\"https:\/\/luchonoticias.com\/editor\/#\/schema\/person\/29217990ddf6f14e35912b2866d591fb\",\"name\":\"Editor General\",\"image\":{\"@type\":\"ImageObject\",\"inLanguage\":\"es\",\"@id\":\"https:\/\/luchonoticias.com\/editor\/#\/schema\/person\/image\/\",\"url\":\"https:\/\/luchonoticias.com\/editor\/wp-content\/uploads\/2024\/02\/cropped-cropped-logolu-150x150.webp\",\"contentUrl\":\"https:\/\/luchonoticias.com\/editor\/wp-content\/uploads\/2024\/02\/cropped-cropped-logolu-150x150.webp\",\"caption\":\"Editor General\"},\"sameAs\":[\"https:\/\/luchonoticias.com\/\"],\"url\":\"https:\/\/luchonoticias.com\/editor\/author\/editor-general\/\"}]}<\/script>\n<!-- \/ Yoast SEO plugin. -->","yoast_head_json":{"title":"\u00bfC\u00f3mo va la reforma pensional? -","robots":{"index":"index","follow":"follow","max-snippet":"max-snippet:-1","max-image-preview":"max-image-preview:large","max-video-preview":"max-video-preview:-1"},"canonical":"https:\/\/luchonoticias.com\/editor\/como-va-la-reforma-pensional\/","og_locale":"es_ES","og_type":"article","og_title":"\u00bfC\u00f3mo va la reforma pensional? -","og_url":"https:\/\/luchonoticias.com\/editor\/como-va-la-reforma-pensional\/","article_publisher":"https:\/\/www.facebook.com\/luchonoticiasneiva","article_published_time":"2024-05-03T10:30:26+00:00","og_image":[{"width":700,"height":400,"url":"https:\/\/luchonoticias.com\/editor\/wp-content\/uploads\/2024\/05\/reforma-pensional.jpg","type":"image\/jpeg"}],"author":"Editor General","twitter_card":"summary_large_image","twitter_misc":{"Escrito por":"Editor General","Tiempo de lectura":"2 minutos"},"schema":{"@context":"https:\/\/schema.org","@graph":[{"@type":"Article","@id":"https:\/\/luchonoticias.com\/editor\/como-va-la-reforma-pensional\/#article","isPartOf":{"@id":"https:\/\/luchonoticias.com\/editor\/como-va-la-reforma-pensional\/"},"author":{"name":"Editor General","@id":"https:\/\/luchonoticias.com\/editor\/#\/schema\/person\/29217990ddf6f14e35912b2866d591fb"},"headline":"\u00bfC\u00f3mo va la reforma pensional?","datePublished":"2024-05-03T10:30:26+00:00","mainEntityOfPage":{"@id":"https:\/\/luchonoticias.com\/editor\/como-va-la-reforma-pensional\/"},"wordCount":483,"publisher":{"@id":"https:\/\/luchonoticias.com\/editor\/#\/schema\/person\/7a7fd911f58561fd056dbac7b55af9cd"},"image":{"@id":"https:\/\/luchonoticias.com\/editor\/como-va-la-reforma-pensional\/#primaryimage"},"thumbnailUrl":"https:\/\/luchonoticias.com\/editor\/wp-content\/uploads\/2024\/05\/reforma-pensional.jpg","articleSection":["Actualidad"],"inLanguage":"es"},{"@type":"WebPage","@id":"https:\/\/luchonoticias.com\/editor\/como-va-la-reforma-pensional\/","url":"https:\/\/luchonoticias.com\/editor\/como-va-la-reforma-pensional\/","name":"\u00bfC\u00f3mo va la reforma pensional? -","isPartOf":{"@id":"https:\/\/luchonoticias.com\/editor\/#website"},"primaryImageOfPage":{"@id":"https:\/\/luchonoticias.com\/editor\/como-va-la-reforma-pensional\/#primaryimage"},"image":{"@id":"https:\/\/luchonoticias.com\/editor\/como-va-la-reforma-pensional\/#primaryimage"},"thumbnailUrl":"https:\/\/luchonoticias.com\/editor\/wp-content\/uploads\/2024\/05\/reforma-pensional.jpg","datePublished":"2024-05-03T10:30:26+00:00","breadcrumb":{"@id":"https:\/\/luchonoticias.com\/editor\/como-va-la-reforma-pensional\/#breadcrumb"},"inLanguage":"es","potentialAction":[{"@type":"ReadAction","target":["https:\/\/luchonoticias.com\/editor\/como-va-la-reforma-pensional\/"]}]},{"@type":"ImageObject","inLanguage":"es","@id":"https:\/\/luchonoticias.com\/editor\/como-va-la-reforma-pensional\/#primaryimage","url":"https:\/\/luchonoticias.com\/editor\/wp-content\/uploads\/2024\/05\/reforma-pensional.jpg","contentUrl":"https:\/\/luchonoticias.com\/editor\/wp-content\/uploads\/2024\/05\/reforma-pensional.jpg","width":700,"height":400},{"@type":"BreadcrumbList","@id":"https:\/\/luchonoticias.com\/editor\/como-va-la-reforma-pensional\/#breadcrumb","itemListElement":[{"@type":"ListItem","position":1,"name":"Portada","item":"https:\/\/luchonoticias.com\/editor\/"},{"@type":"ListItem","position":2,"name":"\u00bfC\u00f3mo va la reforma pensional?"}]},{"@type":"WebSite","@id":"https:\/\/luchonoticias.com\/editor\/#website","url":"https:\/\/luchonoticias.com\/editor\/","name":"","description":"","publisher":{"@id":"https:\/\/luchonoticias.com\/editor\/#\/schema\/person\/7a7fd911f58561fd056dbac7b55af9cd"},"potentialAction":[{"@type":"SearchAction","target":{"@type":"EntryPoint","urlTemplate":"https:\/\/luchonoticias.com\/editor\/?s={search_term_string}"},"query-input":{"@type":"PropertyValueSpecification","valueRequired":true,"valueName":"search_term_string"}}],"inLanguage":"es"},{"@type":["Person","Organization"],"@id":"https:\/\/luchonoticias.com\/editor\/#\/schema\/person\/7a7fd911f58561fd056dbac7b55af9cd","name":"admin","image":{"@type":"ImageObject","inLanguage":"es","@id":"https:\/\/luchonoticias.com\/editor\/#\/schema\/person\/image\/","url":"https:\/\/luchonoticias.com\/editor\/wp-content\/uploads\/2024\/02\/cropped-cropped-logolu.webp","contentUrl":"https:\/\/luchonoticias.com\/editor\/wp-content\/uploads\/2024\/02\/cropped-cropped-logolu.webp","width":382,"height":170,"caption":"admin"},"logo":{"@id":"https:\/\/luchonoticias.com\/editor\/#\/schema\/person\/image\/"},"sameAs":["https:\/\/www.facebook.com\/luchonoticiasneiva"]},{"@type":"Person","@id":"https:\/\/luchonoticias.com\/editor\/#\/schema\/person\/29217990ddf6f14e35912b2866d591fb","name":"Editor General","image":{"@type":"ImageObject","inLanguage":"es","@id":"https:\/\/luchonoticias.com\/editor\/#\/schema\/person\/image\/","url":"https:\/\/luchonoticias.com\/editor\/wp-content\/uploads\/2024\/02\/cropped-cropped-logolu-150x150.webp","contentUrl":"https:\/\/luchonoticias.com\/editor\/wp-content\/uploads\/2024\/02\/cropped-cropped-logolu-150x150.webp","caption":"Editor General"},"sameAs":["https:\/\/luchonoticias.com\/"],"url":"https:\/\/luchonoticias.com\/editor\/author\/editor-general\/"}]}},"_links":{"self":[{"href":"https:\/\/luchonoticias.com\/editor\/wp-json\/wp\/v2\/posts\/72658","targetHints":{"allow":["GET"]}}],"collection":[{"href":"https:\/\/luchonoticias.com\/editor\/wp-json\/wp\/v2\/posts"}],"about":[{"href":"https:\/\/luchonoticias.com\/editor\/wp-json\/wp\/v2\/types\/post"}],"author":[{"embeddable":true,"href":"https:\/\/luchonoticias.com\/editor\/wp-json\/wp\/v2\/users\/2"}],"replies":[{"embeddable":true,"href":"https:\/\/luchonoticias.com\/editor\/wp-json\/wp\/v2\/comments?post=72658"}],"version-history":[{"count":0,"href":"https:\/\/luchonoticias.com\/editor\/wp-json\/wp\/v2\/posts\/72658\/revisions"}],"wp:featuredmedia":[{"embeddable":true,"href":"https:\/\/luchonoticias.com\/editor\/wp-json\/wp\/v2\/media\/72659"}],"wp:attachment":[{"href":"https:\/\/luchonoticias.com\/editor\/wp-json\/wp\/v2\/media?parent=72658"}],"wp:term":[{"taxonomy":"category","embeddable":true,"href":"https:\/\/luchonoticias.com\/editor\/wp-json\/wp\/v2\/categories?post=72658"},{"taxonomy":"post_tag","embeddable":true,"href":"https:\/\/luchonoticias.com\/editor\/wp-json\/wp\/v2\/tags?post=72658"}],"curies":[{"name":"wp","href":"https:\/\/api.w.org\/{rel}","templated":true}]}}