{"id":72670,"date":"2024-05-03T14:34:54","date_gmt":"2024-05-03T19:34:54","guid":{"rendered":"https:\/\/luchonoticias.com\/?p=72670"},"modified":"2024-05-03T14:36:03","modified_gmt":"2024-05-03T19:36:03","slug":"por-que-rivera-tiene-alcalde-encargado-y-que-va-a-pasar-con-su-titular","status":"publish","type":"post","link":"https:\/\/luchonoticias.com\/editor\/por-que-rivera-tiene-alcalde-encargado-y-que-va-a-pasar-con-su-titular\/","title":{"rendered":"\u00bfPor qu\u00e9 Rivera tiene Alcalde encargado y qu\u00e9 va a pasar con su titular?"},"content":{"rendered":"<p>Desde el 12 de abril, Luis Felipe Obando, funge como alcalde encargado del municipio de Rivera, por designaci\u00f3n del gobernador del Huila, Rodrigo Villalba Mosquera. Y todo, por una medida cautelar establecida contra el mandatario electo Luis Humberto Alvarado Guzm\u00e1n, que lo suspendi\u00f3 temporalmente de su cargo.<\/p>\n<p>La decisi\u00f3n tomada por el Tribunal Administrativo del Huila, y ratificada tras resolver un recurso de aclaraci\u00f3n, se dio como parte de una demanda de nulidad electoral, interpuesta en contra del mandatario por una presunta inhabilidad, por ser hijo de Nidia Guzm\u00e1n, rectora de la Universidad Surcolombiana.<\/p>\n<p>No obstante, el proceso en contra del alcalde Alvarado Guzm\u00e1n, elegido el pasado 29 de octubre de 2023, a\u00fan apenas empieza y falta mucho para definir su suerte.<\/p>\n<p><strong>Fiesta anticipada<\/strong><\/p>\n<p>Sin embargo en Rivera, dos de los candidatos derrotados en las pasadas elecciones que gan\u00f3 Alvarado Guzm\u00e1n, y que al parecer, estar\u00edan detr\u00e1s de las demandas que derivaron en la medida cautelar, no solo han celebrado la decisi\u00f3n del alto Tribunal, sino que adem\u00e1s ya aseguran que al alcalde Alvarado lo sacar\u00e1n definitivamente del cargo y que habr\u00e1 nuevas elecciones, sembrando incertidumbre en la comunidad sobre el futuro del municipio.<\/p>\n<p>Se trata de Jos\u00e9 Luis Baham\u00f3n y Hedimers Vidal, qui\u00e9nes quedaron segundo y tercero en los escrutinios del pasado mes de octubre, y qui\u00e9nes no s\u00f3lo ser\u00edan los encargados de interponer las demandas, sino adem\u00e1s, de generar la desinformaci\u00f3n en el municipio.<\/p>\n<p><img loading=\"lazy\" decoding=\"async\" class=\"alignnone wp-image-72665 size-full\" src=\"https:\/\/luchonoticias.com\/wp-content\/uploads\/2024\/05\/rivera-1.jpg\" alt=\"\" width=\"700\" height=\"400\" srcset=\"https:\/\/luchonoticias.com\/editor\/wp-content\/uploads\/2024\/05\/rivera-1.jpg 700w, https:\/\/luchonoticias.com\/editor\/wp-content\/uploads\/2024\/05\/rivera-1-300x171.jpg 300w\" sizes=\"auto, (max-width: 700px) 100vw, 700px\" \/><\/p>\n<p>Jos\u00e9 Luis Baham\u00f3n<\/p>\n<p><strong>Sembrando p\u00e1nico con mentiras<\/strong><\/p>\n<p>Lo que hemos podido averiguar del proceso que avanza contra el mandatario, es que este ya interpuso apelaci\u00f3n en segunda instancia ante el Consejo de Estado, y en las pr\u00f3ximas semanas se conocer\u00eda si contin\u00faa sancionado o se levanta la medida.<\/p>\n<p>Hasta que esto no ocurra, no se dar\u00e1 inicio al estudio de las dos demandas formales que existen en contra del Alcalde (tres ya fueron archivadas), y se presume que este proceso se demore al menos un a\u00f1o o m\u00e1s, antes de conocer un fallo de primera instancia de fondo.<\/p>\n<p>As\u00ed las cosas, es falso que se pueda producir una salida definitiva del cargo de Alvarado Guzm\u00e1n, y mucho menos habr\u00e1n elecciones en este municipio, por lo menos no en el mediano plazo.<\/p>\n<p><img loading=\"lazy\" decoding=\"async\" class=\"alignnone wp-image-72667 size-full\" src=\"https:\/\/luchonoticias.com\/wp-content\/uploads\/2024\/05\/hedimers-vidal.jpg\" alt=\"\" width=\"700\" height=\"400\" srcset=\"https:\/\/luchonoticias.com\/editor\/wp-content\/uploads\/2024\/05\/hedimers-vidal.jpg 700w, https:\/\/luchonoticias.com\/editor\/wp-content\/uploads\/2024\/05\/hedimers-vidal-300x171.jpg 300w\" sizes=\"auto, (max-width: 700px) 100vw, 700px\" \/><\/p>\n<p>Hedimers Vidal<\/p>\n<p><strong>\u00bfEx candidatos con l\u00edos judiciales?<\/strong><\/p>\n<p>Por eso llama la atenci\u00f3n que los seguidores de los ex candidatos derrotados, est\u00e9n pescando el r\u00edo revuelto con mentiras, m\u00e1s a\u00fan cuando por ejemplo, Jos\u00e9 Luis Baham\u00f3n lleva 9 a\u00f1os en un proceso penal en su contra, acusado de peculado por apropiaci\u00f3n en concurso con celebraci\u00f3n de contratos sin el lleno de requisitos, y a pesar de estar en la etapa de juicio su proceso, a\u00fan no se falla.<\/p>\n<p>Entre tanto Hedimers Vidal, fue denunciado en 2023 por enriquecimiento il\u00edcito, por ser el propietario junto a su esposa, de una serie de locales de \u00f3pticas en Neiva, Bogot\u00e1, Rivera, La Plata y Garz\u00f3n; tras haber sido concejal entre los a\u00f1os 2016 y 2019, a\u00f1os en los que recib\u00eda por honorarios, algo as\u00ed como 18 millones de pesos por a\u00f1o.<\/p>\n<p>A pesar de estos procesos, Rivera por estos d\u00edas sigue con un alcalde encargado, mientras se define en segunda instancia la medida cautelar que suspende al electo mandatario; sin embargo la incertidumbre por cuenta de la desinformaci\u00f3n de los seguidores de los candidatos derrotados, sigue siendo pan de cada d\u00eda.<\/p>\n","protected":false},"excerpt":{"rendered":"<p>Desde el 12 de abril, Luis Felipe Obando, funge como alcalde encargado del municipio de Rivera, por designaci\u00f3n del gobernador del Huila, Rodrigo Villalba Mosquera. Y todo, por una medida cautelar establecida contra el mandatario electo Luis Humberto Alvarado Guzm\u00e1n, que lo suspendi\u00f3 temporalmente de su cargo. La decisi\u00f3n tomada por el Tribunal Administrativo del [&hellip;]<\/p>\n","protected":false},"author":2,"featured_media":72673,"comment_status":"closed","ping_status":"open","sticky":false,"template":"","format":"standard","meta":{"footnotes":""},"categories":[33],"tags":[],"class_list":["post-72670","post","type-post","status-publish","format-standard","has-post-thumbnail","hentry","category-huila"],"yoast_head":"<!-- This site is optimized with the Yoast SEO plugin v26.6 - https:\/\/yoast.com\/wordpress\/plugins\/seo\/ -->\n<title>\u00bfPor qu\u00e9 Rivera tiene Alcalde encargado y qu\u00e9 va a pasar con su titular? -<\/title>\n<meta name=\"robots\" content=\"index, follow, max-snippet:-1, max-image-preview:large, max-video-preview:-1\" \/>\n<link rel=\"canonical\" href=\"https:\/\/luchonoticias.com\/editor\/por-que-rivera-tiene-alcalde-encargado-y-que-va-a-pasar-con-su-titular\/\" \/>\n<meta property=\"og:locale\" content=\"es_ES\" \/>\n<meta property=\"og:type\" content=\"article\" \/>\n<meta property=\"og:title\" content=\"\u00bfPor qu\u00e9 Rivera tiene Alcalde encargado y qu\u00e9 va a pasar con su titular? -\" \/>\n<meta property=\"og:url\" content=\"https:\/\/luchonoticias.com\/editor\/por-que-rivera-tiene-alcalde-encargado-y-que-va-a-pasar-con-su-titular\/\" \/>\n<meta property=\"article:publisher\" content=\"https:\/\/www.facebook.com\/luchonoticiasneiva\" \/>\n<meta property=\"article:published_time\" content=\"2024-05-03T19:34:54+00:00\" \/>\n<meta property=\"article:modified_time\" content=\"2024-05-03T19:36:03+00:00\" \/>\n<meta property=\"og:image\" content=\"https:\/\/luchonoticias.com\/editor\/wp-content\/uploads\/2024\/05\/alcalde-rivera.jpg\" \/>\n\t<meta property=\"og:image:width\" content=\"700\" \/>\n\t<meta property=\"og:image:height\" content=\"400\" \/>\n\t<meta property=\"og:image:type\" content=\"image\/jpeg\" \/>\n<meta name=\"author\" content=\"Editor General\" \/>\n<meta name=\"twitter:card\" content=\"summary_large_image\" \/>\n<meta name=\"twitter:label1\" content=\"Escrito por\" \/>\n\t<meta name=\"twitter:data1\" content=\"Editor General\" \/>\n\t<meta name=\"twitter:label2\" content=\"Tiempo de lectura\" \/>\n\t<meta name=\"twitter:data2\" content=\"3 minutos\" \/>\n<script type=\"application\/ld+json\" class=\"yoast-schema-graph\">{\"@context\":\"https:\/\/schema.org\",\"@graph\":[{\"@type\":\"Article\",\"@id\":\"https:\/\/luchonoticias.com\/editor\/por-que-rivera-tiene-alcalde-encargado-y-que-va-a-pasar-con-su-titular\/#article\",\"isPartOf\":{\"@id\":\"https:\/\/luchonoticias.com\/editor\/por-que-rivera-tiene-alcalde-encargado-y-que-va-a-pasar-con-su-titular\/\"},\"author\":{\"name\":\"Editor General\",\"@id\":\"https:\/\/luchonoticias.com\/editor\/#\/schema\/person\/29217990ddf6f14e35912b2866d591fb\"},\"headline\":\"\u00bfPor qu\u00e9 Rivera tiene Alcalde encargado y qu\u00e9 va a pasar con su titular?\",\"datePublished\":\"2024-05-03T19:34:54+00:00\",\"dateModified\":\"2024-05-03T19:36:03+00:00\",\"mainEntityOfPage\":{\"@id\":\"https:\/\/luchonoticias.com\/editor\/por-que-rivera-tiene-alcalde-encargado-y-que-va-a-pasar-con-su-titular\/\"},\"wordCount\":610,\"publisher\":{\"@id\":\"https:\/\/luchonoticias.com\/editor\/#\/schema\/person\/7a7fd911f58561fd056dbac7b55af9cd\"},\"image\":{\"@id\":\"https:\/\/luchonoticias.com\/editor\/por-que-rivera-tiene-alcalde-encargado-y-que-va-a-pasar-con-su-titular\/#primaryimage\"},\"thumbnailUrl\":\"https:\/\/luchonoticias.com\/editor\/wp-content\/uploads\/2024\/05\/alcalde-rivera.jpg\",\"articleSection\":[\"Huila\"],\"inLanguage\":\"es\"},{\"@type\":\"WebPage\",\"@id\":\"https:\/\/luchonoticias.com\/editor\/por-que-rivera-tiene-alcalde-encargado-y-que-va-a-pasar-con-su-titular\/\",\"url\":\"https:\/\/luchonoticias.com\/editor\/por-que-rivera-tiene-alcalde-encargado-y-que-va-a-pasar-con-su-titular\/\",\"name\":\"\u00bfPor qu\u00e9 Rivera tiene Alcalde encargado y qu\u00e9 va a pasar con su titular? -\",\"isPartOf\":{\"@id\":\"https:\/\/luchonoticias.com\/editor\/#website\"},\"primaryImageOfPage\":{\"@id\":\"https:\/\/luchonoticias.com\/editor\/por-que-rivera-tiene-alcalde-encargado-y-que-va-a-pasar-con-su-titular\/#primaryimage\"},\"image\":{\"@id\":\"https:\/\/luchonoticias.com\/editor\/por-que-rivera-tiene-alcalde-encargado-y-que-va-a-pasar-con-su-titular\/#primaryimage\"},\"thumbnailUrl\":\"https:\/\/luchonoticias.com\/editor\/wp-content\/uploads\/2024\/05\/alcalde-rivera.jpg\",\"datePublished\":\"2024-05-03T19:34:54+00:00\",\"dateModified\":\"2024-05-03T19:36:03+00:00\",\"breadcrumb\":{\"@id\":\"https:\/\/luchonoticias.com\/editor\/por-que-rivera-tiene-alcalde-encargado-y-que-va-a-pasar-con-su-titular\/#breadcrumb\"},\"inLanguage\":\"es\",\"potentialAction\":[{\"@type\":\"ReadAction\",\"target\":[\"https:\/\/luchonoticias.com\/editor\/por-que-rivera-tiene-alcalde-encargado-y-que-va-a-pasar-con-su-titular\/\"]}]},{\"@type\":\"ImageObject\",\"inLanguage\":\"es\",\"@id\":\"https:\/\/luchonoticias.com\/editor\/por-que-rivera-tiene-alcalde-encargado-y-que-va-a-pasar-con-su-titular\/#primaryimage\",\"url\":\"https:\/\/luchonoticias.com\/editor\/wp-content\/uploads\/2024\/05\/alcalde-rivera.jpg\",\"contentUrl\":\"https:\/\/luchonoticias.com\/editor\/wp-content\/uploads\/2024\/05\/alcalde-rivera.jpg\",\"width\":700,\"height\":400},{\"@type\":\"BreadcrumbList\",\"@id\":\"https:\/\/luchonoticias.com\/editor\/por-que-rivera-tiene-alcalde-encargado-y-que-va-a-pasar-con-su-titular\/#breadcrumb\",\"itemListElement\":[{\"@type\":\"ListItem\",\"position\":1,\"name\":\"Portada\",\"item\":\"https:\/\/luchonoticias.com\/editor\/\"},{\"@type\":\"ListItem\",\"position\":2,\"name\":\"\u00bfPor qu\u00e9 Rivera tiene Alcalde encargado y qu\u00e9 va a pasar con su titular?\"}]},{\"@type\":\"WebSite\",\"@id\":\"https:\/\/luchonoticias.com\/editor\/#website\",\"url\":\"https:\/\/luchonoticias.com\/editor\/\",\"name\":\"\",\"description\":\"\",\"publisher\":{\"@id\":\"https:\/\/luchonoticias.com\/editor\/#\/schema\/person\/7a7fd911f58561fd056dbac7b55af9cd\"},\"potentialAction\":[{\"@type\":\"SearchAction\",\"target\":{\"@type\":\"EntryPoint\",\"urlTemplate\":\"https:\/\/luchonoticias.com\/editor\/?s={search_term_string}\"},\"query-input\":{\"@type\":\"PropertyValueSpecification\",\"valueRequired\":true,\"valueName\":\"search_term_string\"}}],\"inLanguage\":\"es\"},{\"@type\":[\"Person\",\"Organization\"],\"@id\":\"https:\/\/luchonoticias.com\/editor\/#\/schema\/person\/7a7fd911f58561fd056dbac7b55af9cd\",\"name\":\"admin\",\"image\":{\"@type\":\"ImageObject\",\"inLanguage\":\"es\",\"@id\":\"https:\/\/luchonoticias.com\/editor\/#\/schema\/person\/image\/\",\"url\":\"https:\/\/luchonoticias.com\/editor\/wp-content\/uploads\/2024\/02\/cropped-cropped-logolu.webp\",\"contentUrl\":\"https:\/\/luchonoticias.com\/editor\/wp-content\/uploads\/2024\/02\/cropped-cropped-logolu.webp\",\"width\":382,\"height\":170,\"caption\":\"admin\"},\"logo\":{\"@id\":\"https:\/\/luchonoticias.com\/editor\/#\/schema\/person\/image\/\"},\"sameAs\":[\"https:\/\/www.facebook.com\/luchonoticiasneiva\"]},{\"@type\":\"Person\",\"@id\":\"https:\/\/luchonoticias.com\/editor\/#\/schema\/person\/29217990ddf6f14e35912b2866d591fb\",\"name\":\"Editor General\",\"image\":{\"@type\":\"ImageObject\",\"inLanguage\":\"es\",\"@id\":\"https:\/\/luchonoticias.com\/editor\/#\/schema\/person\/image\/\",\"url\":\"https:\/\/luchonoticias.com\/editor\/wp-content\/uploads\/2024\/02\/cropped-cropped-logolu-150x150.webp\",\"contentUrl\":\"https:\/\/luchonoticias.com\/editor\/wp-content\/uploads\/2024\/02\/cropped-cropped-logolu-150x150.webp\",\"caption\":\"Editor General\"},\"sameAs\":[\"https:\/\/luchonoticias.com\/\"],\"url\":\"https:\/\/luchonoticias.com\/editor\/author\/editor-general\/\"}]}<\/script>\n<!-- \/ Yoast SEO plugin. -->","yoast_head_json":{"title":"\u00bfPor qu\u00e9 Rivera tiene Alcalde encargado y qu\u00e9 va a pasar con su titular? -","robots":{"index":"index","follow":"follow","max-snippet":"max-snippet:-1","max-image-preview":"max-image-preview:large","max-video-preview":"max-video-preview:-1"},"canonical":"https:\/\/luchonoticias.com\/editor\/por-que-rivera-tiene-alcalde-encargado-y-que-va-a-pasar-con-su-titular\/","og_locale":"es_ES","og_type":"article","og_title":"\u00bfPor qu\u00e9 Rivera tiene Alcalde encargado y qu\u00e9 va a pasar con su titular? -","og_url":"https:\/\/luchonoticias.com\/editor\/por-que-rivera-tiene-alcalde-encargado-y-que-va-a-pasar-con-su-titular\/","article_publisher":"https:\/\/www.facebook.com\/luchonoticiasneiva","article_published_time":"2024-05-03T19:34:54+00:00","article_modified_time":"2024-05-03T19:36:03+00:00","og_image":[{"width":700,"height":400,"url":"https:\/\/luchonoticias.com\/editor\/wp-content\/uploads\/2024\/05\/alcalde-rivera.jpg","type":"image\/jpeg"}],"author":"Editor General","twitter_card":"summary_large_image","twitter_misc":{"Escrito por":"Editor General","Tiempo de lectura":"3 minutos"},"schema":{"@context":"https:\/\/schema.org","@graph":[{"@type":"Article","@id":"https:\/\/luchonoticias.com\/editor\/por-que-rivera-tiene-alcalde-encargado-y-que-va-a-pasar-con-su-titular\/#article","isPartOf":{"@id":"https:\/\/luchonoticias.com\/editor\/por-que-rivera-tiene-alcalde-encargado-y-que-va-a-pasar-con-su-titular\/"},"author":{"name":"Editor General","@id":"https:\/\/luchonoticias.com\/editor\/#\/schema\/person\/29217990ddf6f14e35912b2866d591fb"},"headline":"\u00bfPor qu\u00e9 Rivera tiene Alcalde encargado y qu\u00e9 va a pasar con su titular?","datePublished":"2024-05-03T19:34:54+00:00","dateModified":"2024-05-03T19:36:03+00:00","mainEntityOfPage":{"@id":"https:\/\/luchonoticias.com\/editor\/por-que-rivera-tiene-alcalde-encargado-y-que-va-a-pasar-con-su-titular\/"},"wordCount":610,"publisher":{"@id":"https:\/\/luchonoticias.com\/editor\/#\/schema\/person\/7a7fd911f58561fd056dbac7b55af9cd"},"image":{"@id":"https:\/\/luchonoticias.com\/editor\/por-que-rivera-tiene-alcalde-encargado-y-que-va-a-pasar-con-su-titular\/#primaryimage"},"thumbnailUrl":"https:\/\/luchonoticias.com\/editor\/wp-content\/uploads\/2024\/05\/alcalde-rivera.jpg","articleSection":["Huila"],"inLanguage":"es"},{"@type":"WebPage","@id":"https:\/\/luchonoticias.com\/editor\/por-que-rivera-tiene-alcalde-encargado-y-que-va-a-pasar-con-su-titular\/","url":"https:\/\/luchonoticias.com\/editor\/por-que-rivera-tiene-alcalde-encargado-y-que-va-a-pasar-con-su-titular\/","name":"\u00bfPor qu\u00e9 Rivera tiene Alcalde encargado y qu\u00e9 va a pasar con su titular? -","isPartOf":{"@id":"https:\/\/luchonoticias.com\/editor\/#website"},"primaryImageOfPage":{"@id":"https:\/\/luchonoticias.com\/editor\/por-que-rivera-tiene-alcalde-encargado-y-que-va-a-pasar-con-su-titular\/#primaryimage"},"image":{"@id":"https:\/\/luchonoticias.com\/editor\/por-que-rivera-tiene-alcalde-encargado-y-que-va-a-pasar-con-su-titular\/#primaryimage"},"thumbnailUrl":"https:\/\/luchonoticias.com\/editor\/wp-content\/uploads\/2024\/05\/alcalde-rivera.jpg","datePublished":"2024-05-03T19:34:54+00:00","dateModified":"2024-05-03T19:36:03+00:00","breadcrumb":{"@id":"https:\/\/luchonoticias.com\/editor\/por-que-rivera-tiene-alcalde-encargado-y-que-va-a-pasar-con-su-titular\/#breadcrumb"},"inLanguage":"es","potentialAction":[{"@type":"ReadAction","target":["https:\/\/luchonoticias.com\/editor\/por-que-rivera-tiene-alcalde-encargado-y-que-va-a-pasar-con-su-titular\/"]}]},{"@type":"ImageObject","inLanguage":"es","@id":"https:\/\/luchonoticias.com\/editor\/por-que-rivera-tiene-alcalde-encargado-y-que-va-a-pasar-con-su-titular\/#primaryimage","url":"https:\/\/luchonoticias.com\/editor\/wp-content\/uploads\/2024\/05\/alcalde-rivera.jpg","contentUrl":"https:\/\/luchonoticias.com\/editor\/wp-content\/uploads\/2024\/05\/alcalde-rivera.jpg","width":700,"height":400},{"@type":"BreadcrumbList","@id":"https:\/\/luchonoticias.com\/editor\/por-que-rivera-tiene-alcalde-encargado-y-que-va-a-pasar-con-su-titular\/#breadcrumb","itemListElement":[{"@type":"ListItem","position":1,"name":"Portada","item":"https:\/\/luchonoticias.com\/editor\/"},{"@type":"ListItem","position":2,"name":"\u00bfPor qu\u00e9 Rivera tiene Alcalde encargado y qu\u00e9 va a pasar con su titular?"}]},{"@type":"WebSite","@id":"https:\/\/luchonoticias.com\/editor\/#website","url":"https:\/\/luchonoticias.com\/editor\/","name":"","description":"","publisher":{"@id":"https:\/\/luchonoticias.com\/editor\/#\/schema\/person\/7a7fd911f58561fd056dbac7b55af9cd"},"potentialAction":[{"@type":"SearchAction","target":{"@type":"EntryPoint","urlTemplate":"https:\/\/luchonoticias.com\/editor\/?s={search_term_string}"},"query-input":{"@type":"PropertyValueSpecification","valueRequired":true,"valueName":"search_term_string"}}],"inLanguage":"es"},{"@type":["Person","Organization"],"@id":"https:\/\/luchonoticias.com\/editor\/#\/schema\/person\/7a7fd911f58561fd056dbac7b55af9cd","name":"admin","image":{"@type":"ImageObject","inLanguage":"es","@id":"https:\/\/luchonoticias.com\/editor\/#\/schema\/person\/image\/","url":"https:\/\/luchonoticias.com\/editor\/wp-content\/uploads\/2024\/02\/cropped-cropped-logolu.webp","contentUrl":"https:\/\/luchonoticias.com\/editor\/wp-content\/uploads\/2024\/02\/cropped-cropped-logolu.webp","width":382,"height":170,"caption":"admin"},"logo":{"@id":"https:\/\/luchonoticias.com\/editor\/#\/schema\/person\/image\/"},"sameAs":["https:\/\/www.facebook.com\/luchonoticiasneiva"]},{"@type":"Person","@id":"https:\/\/luchonoticias.com\/editor\/#\/schema\/person\/29217990ddf6f14e35912b2866d591fb","name":"Editor General","image":{"@type":"ImageObject","inLanguage":"es","@id":"https:\/\/luchonoticias.com\/editor\/#\/schema\/person\/image\/","url":"https:\/\/luchonoticias.com\/editor\/wp-content\/uploads\/2024\/02\/cropped-cropped-logolu-150x150.webp","contentUrl":"https:\/\/luchonoticias.com\/editor\/wp-content\/uploads\/2024\/02\/cropped-cropped-logolu-150x150.webp","caption":"Editor General"},"sameAs":["https:\/\/luchonoticias.com\/"],"url":"https:\/\/luchonoticias.com\/editor\/author\/editor-general\/"}]}},"_links":{"self":[{"href":"https:\/\/luchonoticias.com\/editor\/wp-json\/wp\/v2\/posts\/72670","targetHints":{"allow":["GET"]}}],"collection":[{"href":"https:\/\/luchonoticias.com\/editor\/wp-json\/wp\/v2\/posts"}],"about":[{"href":"https:\/\/luchonoticias.com\/editor\/wp-json\/wp\/v2\/types\/post"}],"author":[{"embeddable":true,"href":"https:\/\/luchonoticias.com\/editor\/wp-json\/wp\/v2\/users\/2"}],"replies":[{"embeddable":true,"href":"https:\/\/luchonoticias.com\/editor\/wp-json\/wp\/v2\/comments?post=72670"}],"version-history":[{"count":0,"href":"https:\/\/luchonoticias.com\/editor\/wp-json\/wp\/v2\/posts\/72670\/revisions"}],"wp:featuredmedia":[{"embeddable":true,"href":"https:\/\/luchonoticias.com\/editor\/wp-json\/wp\/v2\/media\/72673"}],"wp:attachment":[{"href":"https:\/\/luchonoticias.com\/editor\/wp-json\/wp\/v2\/media?parent=72670"}],"wp:term":[{"taxonomy":"category","embeddable":true,"href":"https:\/\/luchonoticias.com\/editor\/wp-json\/wp\/v2\/categories?post=72670"},{"taxonomy":"post_tag","embeddable":true,"href":"https:\/\/luchonoticias.com\/editor\/wp-json\/wp\/v2\/tags?post=72670"}],"curies":[{"name":"wp","href":"https:\/\/api.w.org\/{rel}","templated":true}]}}