{"id":72683,"date":"2024-05-03T20:03:50","date_gmt":"2024-05-04T01:03:50","guid":{"rendered":"https:\/\/luchonoticias.com\/?p=72683"},"modified":"2024-05-03T20:03:50","modified_gmt":"2024-05-04T01:03:50","slug":"usco-abre-convocatoria-para-designacion-de-decanos-de-facultades-de-educacion-y-de-economia-y-administracion","status":"publish","type":"post","link":"https:\/\/luchonoticias.com\/editor\/usco-abre-convocatoria-para-designacion-de-decanos-de-facultades-de-educacion-y-de-economia-y-administracion\/","title":{"rendered":"USCO abre convocatoria para designaci\u00f3n de decanos de facultades de Educaci\u00f3n y de Econom\u00eda y Administraci\u00f3n"},"content":{"rendered":"<p>El Consejo Superior de la Universidad Surcolombiana abri\u00f3 la convocatoria para seleccionar y designar a los decanos de las facultades de Educaci\u00f3n y de Econom\u00eda y Administraci\u00f3n del alma m\u00e1ter, a trav\u00e9s de los acuerdos 18 y 19 de 2024, respectivamente.<\/p>\n<p>La decisi\u00f3n fue tomada por la finalizaci\u00f3n de los periodos reglamentarios de la actual decana de Educaci\u00f3n, Zully Cu\u00e9llar L\u00f3pez, y del decano de la Facultad de Econom\u00eda y Administraci\u00f3n, Germ\u00e1n Dar\u00edo Hembuz Falla, a mediados del pr\u00f3ximo mes de julio.<\/p>\n<p>Seg\u00fan lo contenido en los acuerdos por los cuales se convoca y aprueba el procedimiento para seleccionar y designar a los decanos de estas unidades acad\u00e9micas de la Universidad Surcolombiana, la convocatoria ha sido publicada desde el pasado 29 de abril de 2024 en el portal institucional www.usco.edu.co. Los mismos establecen que tambi\u00e9n ser\u00e1 publicada en medios de amplia circulaci\u00f3n regional y nacional el domingo 5 de mayo de 2024.<\/p>\n<p><strong>Documentos para inscripci\u00f3n<\/strong><\/p>\n<p>\u2022 Hoja de vida con sus respectivos soportes.<br \/>\n\u2022 Fotocopia de la c\u00e9dula de ciudadan\u00eda. En caso de extranjeros, fotocopia de la c\u00e9dula de extranjer\u00eda y de la visa que le permita ejercer el cargo.<br \/>\n\u2022 Copia simple de diplomas o actas de grado de educaci\u00f3n superior. Los documentos para la certificaci\u00f3n de estudios en el exterior debidamente convalidados por autoridad competente.<br \/>\n\u2022 Certificaci\u00f3n de la experiencia docente universitaria.<br \/>\n\u2022 Ejemplar de la propuesta program\u00e1tica.<br \/>\nInscripciones<br \/>\nLa inscripci\u00f3n de aspirantes de las dos facultades en referencia se podr\u00e1 hacer de manera virtual o presencial entre el 6 y el 10 de mayo de 2024.<br \/>\nDe manera virtual, los interesados podr\u00e1n hacerlo en el correo electr\u00f3nico de la Secretar\u00eda General de la Universidad Surcolombiana, secretariageneral@usco.edu.co, del 6 al 9 de mayo de 2024, en cualquier horario y se recibir\u00e1n inscripciones hasta el d\u00eda 10 de mayo de 2024 hasta las 4:00 p.m.<\/p>\n<p>La inscripci\u00f3n presencial podr\u00e1n hacerla en la Oficina de la Secretar\u00eda General, Sede de Posgrados, tercer piso de la Universidad Surcolombiana, del 6 al 9 de mayo de 2024 en horario de 08:00 a. m. a 12:00 m. y de 2:00 p.m. a 6:00 p. m. El d\u00eda 10 de mayo de 2024 se recibir\u00e1n inscripciones solamente de 8:00 a. m. a 12:00 m. y de 2:00 p.m. a 4:00 p.m.<\/p>\n<p><strong>Otras fechas claves<\/strong><\/p>\n<p>La publicaci\u00f3n en el portal institucional del Acta que contiene listado de aspirantes inscritos se har\u00e1 el 14 de mayo, la verificaci\u00f3n de cumplimiento de los requisitos del 15 al 24 de mayo, la publicaci\u00f3n en el portal institucional www.usco.edu.co del Acta de Verificaci\u00f3n del cumplimiento de los requisitos de los aspirantes inscritos y listado de los aspirantes inscritos admitidos y rechazados al cargo de Decano, el 27 de mayo.<\/p>\n<p>De tal manera, la presentaci\u00f3n de recursos y observaciones ante la Secretar\u00eda General se har\u00e1 en el lapso del 28 de mayo a 4 de junio de 2024, mientras queentre el 5 y el 11 de junio se elaborar\u00e1 el Acta de Respuesta a los recursos y observaciones presentados por los aspirantes, con el acompa\u00f1amiento de la Oficina Asesora Jur\u00eddica.<\/p>\n<p>La Publicaci\u00f3n en el portal institucional del Acta de Respuesta a los recursos y observaciones presentados por los aspirantes ser\u00e1 el 12 de junio de 2024; y la remisi\u00f3n a los respectivos consejos de las facultades referenciadas de los aspirantes admitidos por parte de la Secretar\u00eda General ser\u00e1 el 13 de junio de 2024.<\/p>\n<p>La sustentaci\u00f3n de la propuesta program\u00e1tica ante los consejos de las facultades en las cuales se designar\u00e1n los nuevos decanos y se integrar\u00e1 la respectiva terna, se har\u00e1 entre el 14 y el 20 de junio; la remisi\u00f3n de la terna al Consejo Superior Universitario, por parte de la Secretar\u00eda Acad\u00e9mica de la Facultad respectiva se har\u00e1 el 21 de junio de 2024 hasta las 4:00 p.m.<\/p>\n<p>Finalmente, la sustentaci\u00f3n de las propuestas por parte de los aspirantes a las decanaturas referenciadas ante el Consejo Superior Universitario y designaci\u00f3n de los decanos se realizar\u00e1 en una sesi\u00f3n extraordinaria el 11 de julio de 2024.<\/p>\n","protected":false},"excerpt":{"rendered":"<p>El Consejo Superior de la Universidad Surcolombiana abri\u00f3 la convocatoria para seleccionar y designar a los decanos de las facultades de Educaci\u00f3n y de Econom\u00eda y Administraci\u00f3n del alma m\u00e1ter, a trav\u00e9s de los acuerdos 18 y 19 de 2024, respectivamente. La decisi\u00f3n fue tomada por la finalizaci\u00f3n de los periodos reglamentarios de la actual [&hellip;]<\/p>\n","protected":false},"author":2,"featured_media":72684,"comment_status":"closed","ping_status":"open","sticky":false,"template":"","format":"standard","meta":{"footnotes":""},"categories":[33],"tags":[],"class_list":["post-72683","post","type-post","status-publish","format-standard","has-post-thumbnail","hentry","category-huila"],"yoast_head":"<!-- This site is optimized with the Yoast SEO plugin v26.6 - https:\/\/yoast.com\/wordpress\/plugins\/seo\/ -->\n<title>USCO abre convocatoria para designaci\u00f3n de decanos de facultades de Educaci\u00f3n y de Econom\u00eda y Administraci\u00f3n -<\/title>\n<meta name=\"robots\" content=\"index, follow, max-snippet:-1, max-image-preview:large, max-video-preview:-1\" \/>\n<link rel=\"canonical\" href=\"https:\/\/luchonoticias.com\/editor\/usco-abre-convocatoria-para-designacion-de-decanos-de-facultades-de-educacion-y-de-economia-y-administracion\/\" \/>\n<meta property=\"og:locale\" content=\"es_ES\" \/>\n<meta property=\"og:type\" content=\"article\" \/>\n<meta property=\"og:title\" content=\"USCO abre convocatoria para designaci\u00f3n de decanos de facultades de Educaci\u00f3n y de Econom\u00eda y Administraci\u00f3n -\" \/>\n<meta property=\"og:url\" content=\"https:\/\/luchonoticias.com\/editor\/usco-abre-convocatoria-para-designacion-de-decanos-de-facultades-de-educacion-y-de-economia-y-administracion\/\" \/>\n<meta property=\"article:publisher\" content=\"https:\/\/www.facebook.com\/luchonoticiasneiva\" \/>\n<meta property=\"article:published_time\" content=\"2024-05-04T01:03:50+00:00\" \/>\n<meta property=\"og:image\" content=\"https:\/\/luchonoticias.com\/editor\/wp-content\/uploads\/2024\/05\/usco.jpg\" \/>\n\t<meta property=\"og:image:width\" content=\"700\" \/>\n\t<meta property=\"og:image:height\" content=\"400\" \/>\n\t<meta property=\"og:image:type\" content=\"image\/jpeg\" \/>\n<meta name=\"author\" content=\"Editor General\" \/>\n<meta name=\"twitter:card\" content=\"summary_large_image\" \/>\n<meta name=\"twitter:label1\" content=\"Escrito por\" \/>\n\t<meta name=\"twitter:data1\" content=\"Editor General\" \/>\n\t<meta name=\"twitter:label2\" content=\"Tiempo de lectura\" \/>\n\t<meta name=\"twitter:data2\" content=\"3 minutos\" \/>\n<script type=\"application\/ld+json\" class=\"yoast-schema-graph\">{\"@context\":\"https:\/\/schema.org\",\"@graph\":[{\"@type\":\"Article\",\"@id\":\"https:\/\/luchonoticias.com\/editor\/usco-abre-convocatoria-para-designacion-de-decanos-de-facultades-de-educacion-y-de-economia-y-administracion\/#article\",\"isPartOf\":{\"@id\":\"https:\/\/luchonoticias.com\/editor\/usco-abre-convocatoria-para-designacion-de-decanos-de-facultades-de-educacion-y-de-economia-y-administracion\/\"},\"author\":{\"name\":\"Editor General\",\"@id\":\"https:\/\/luchonoticias.com\/editor\/#\/schema\/person\/29217990ddf6f14e35912b2866d591fb\"},\"headline\":\"USCO abre convocatoria para designaci\u00f3n de decanos de facultades de Educaci\u00f3n y de Econom\u00eda y Administraci\u00f3n\",\"datePublished\":\"2024-05-04T01:03:50+00:00\",\"mainEntityOfPage\":{\"@id\":\"https:\/\/luchonoticias.com\/editor\/usco-abre-convocatoria-para-designacion-de-decanos-de-facultades-de-educacion-y-de-economia-y-administracion\/\"},\"wordCount\":707,\"publisher\":{\"@id\":\"https:\/\/luchonoticias.com\/editor\/#\/schema\/person\/7a7fd911f58561fd056dbac7b55af9cd\"},\"image\":{\"@id\":\"https:\/\/luchonoticias.com\/editor\/usco-abre-convocatoria-para-designacion-de-decanos-de-facultades-de-educacion-y-de-economia-y-administracion\/#primaryimage\"},\"thumbnailUrl\":\"https:\/\/luchonoticias.com\/editor\/wp-content\/uploads\/2024\/05\/usco.jpg\",\"articleSection\":[\"Huila\"],\"inLanguage\":\"es\"},{\"@type\":\"WebPage\",\"@id\":\"https:\/\/luchonoticias.com\/editor\/usco-abre-convocatoria-para-designacion-de-decanos-de-facultades-de-educacion-y-de-economia-y-administracion\/\",\"url\":\"https:\/\/luchonoticias.com\/editor\/usco-abre-convocatoria-para-designacion-de-decanos-de-facultades-de-educacion-y-de-economia-y-administracion\/\",\"name\":\"USCO abre convocatoria para designaci\u00f3n de decanos de facultades de Educaci\u00f3n y de Econom\u00eda y Administraci\u00f3n -\",\"isPartOf\":{\"@id\":\"https:\/\/luchonoticias.com\/editor\/#website\"},\"primaryImageOfPage\":{\"@id\":\"https:\/\/luchonoticias.com\/editor\/usco-abre-convocatoria-para-designacion-de-decanos-de-facultades-de-educacion-y-de-economia-y-administracion\/#primaryimage\"},\"image\":{\"@id\":\"https:\/\/luchonoticias.com\/editor\/usco-abre-convocatoria-para-designacion-de-decanos-de-facultades-de-educacion-y-de-economia-y-administracion\/#primaryimage\"},\"thumbnailUrl\":\"https:\/\/luchonoticias.com\/editor\/wp-content\/uploads\/2024\/05\/usco.jpg\",\"datePublished\":\"2024-05-04T01:03:50+00:00\",\"breadcrumb\":{\"@id\":\"https:\/\/luchonoticias.com\/editor\/usco-abre-convocatoria-para-designacion-de-decanos-de-facultades-de-educacion-y-de-economia-y-administracion\/#breadcrumb\"},\"inLanguage\":\"es\",\"potentialAction\":[{\"@type\":\"ReadAction\",\"target\":[\"https:\/\/luchonoticias.com\/editor\/usco-abre-convocatoria-para-designacion-de-decanos-de-facultades-de-educacion-y-de-economia-y-administracion\/\"]}]},{\"@type\":\"ImageObject\",\"inLanguage\":\"es\",\"@id\":\"https:\/\/luchonoticias.com\/editor\/usco-abre-convocatoria-para-designacion-de-decanos-de-facultades-de-educacion-y-de-economia-y-administracion\/#primaryimage\",\"url\":\"https:\/\/luchonoticias.com\/editor\/wp-content\/uploads\/2024\/05\/usco.jpg\",\"contentUrl\":\"https:\/\/luchonoticias.com\/editor\/wp-content\/uploads\/2024\/05\/usco.jpg\",\"width\":700,\"height\":400},{\"@type\":\"BreadcrumbList\",\"@id\":\"https:\/\/luchonoticias.com\/editor\/usco-abre-convocatoria-para-designacion-de-decanos-de-facultades-de-educacion-y-de-economia-y-administracion\/#breadcrumb\",\"itemListElement\":[{\"@type\":\"ListItem\",\"position\":1,\"name\":\"Portada\",\"item\":\"https:\/\/luchonoticias.com\/editor\/\"},{\"@type\":\"ListItem\",\"position\":2,\"name\":\"USCO abre convocatoria para designaci\u00f3n de decanos de facultades de Educaci\u00f3n y de Econom\u00eda y Administraci\u00f3n\"}]},{\"@type\":\"WebSite\",\"@id\":\"https:\/\/luchonoticias.com\/editor\/#website\",\"url\":\"https:\/\/luchonoticias.com\/editor\/\",\"name\":\"\",\"description\":\"\",\"publisher\":{\"@id\":\"https:\/\/luchonoticias.com\/editor\/#\/schema\/person\/7a7fd911f58561fd056dbac7b55af9cd\"},\"potentialAction\":[{\"@type\":\"SearchAction\",\"target\":{\"@type\":\"EntryPoint\",\"urlTemplate\":\"https:\/\/luchonoticias.com\/editor\/?s={search_term_string}\"},\"query-input\":{\"@type\":\"PropertyValueSpecification\",\"valueRequired\":true,\"valueName\":\"search_term_string\"}}],\"inLanguage\":\"es\"},{\"@type\":[\"Person\",\"Organization\"],\"@id\":\"https:\/\/luchonoticias.com\/editor\/#\/schema\/person\/7a7fd911f58561fd056dbac7b55af9cd\",\"name\":\"admin\",\"image\":{\"@type\":\"ImageObject\",\"inLanguage\":\"es\",\"@id\":\"https:\/\/luchonoticias.com\/editor\/#\/schema\/person\/image\/\",\"url\":\"https:\/\/luchonoticias.com\/editor\/wp-content\/uploads\/2024\/02\/cropped-cropped-logolu.webp\",\"contentUrl\":\"https:\/\/luchonoticias.com\/editor\/wp-content\/uploads\/2024\/02\/cropped-cropped-logolu.webp\",\"width\":382,\"height\":170,\"caption\":\"admin\"},\"logo\":{\"@id\":\"https:\/\/luchonoticias.com\/editor\/#\/schema\/person\/image\/\"},\"sameAs\":[\"https:\/\/www.facebook.com\/luchonoticiasneiva\"]},{\"@type\":\"Person\",\"@id\":\"https:\/\/luchonoticias.com\/editor\/#\/schema\/person\/29217990ddf6f14e35912b2866d591fb\",\"name\":\"Editor General\",\"image\":{\"@type\":\"ImageObject\",\"inLanguage\":\"es\",\"@id\":\"https:\/\/luchonoticias.com\/editor\/#\/schema\/person\/image\/\",\"url\":\"https:\/\/luchonoticias.com\/editor\/wp-content\/uploads\/2024\/02\/cropped-cropped-logolu-150x150.webp\",\"contentUrl\":\"https:\/\/luchonoticias.com\/editor\/wp-content\/uploads\/2024\/02\/cropped-cropped-logolu-150x150.webp\",\"caption\":\"Editor General\"},\"sameAs\":[\"https:\/\/luchonoticias.com\/\"],\"url\":\"https:\/\/luchonoticias.com\/editor\/author\/editor-general\/\"}]}<\/script>\n<!-- \/ Yoast SEO plugin. -->","yoast_head_json":{"title":"USCO abre convocatoria para designaci\u00f3n de decanos de facultades de Educaci\u00f3n y de Econom\u00eda y Administraci\u00f3n -","robots":{"index":"index","follow":"follow","max-snippet":"max-snippet:-1","max-image-preview":"max-image-preview:large","max-video-preview":"max-video-preview:-1"},"canonical":"https:\/\/luchonoticias.com\/editor\/usco-abre-convocatoria-para-designacion-de-decanos-de-facultades-de-educacion-y-de-economia-y-administracion\/","og_locale":"es_ES","og_type":"article","og_title":"USCO abre convocatoria para designaci\u00f3n de decanos de facultades de Educaci\u00f3n y de Econom\u00eda y Administraci\u00f3n -","og_url":"https:\/\/luchonoticias.com\/editor\/usco-abre-convocatoria-para-designacion-de-decanos-de-facultades-de-educacion-y-de-economia-y-administracion\/","article_publisher":"https:\/\/www.facebook.com\/luchonoticiasneiva","article_published_time":"2024-05-04T01:03:50+00:00","og_image":[{"width":700,"height":400,"url":"https:\/\/luchonoticias.com\/editor\/wp-content\/uploads\/2024\/05\/usco.jpg","type":"image\/jpeg"}],"author":"Editor General","twitter_card":"summary_large_image","twitter_misc":{"Escrito por":"Editor General","Tiempo de lectura":"3 minutos"},"schema":{"@context":"https:\/\/schema.org","@graph":[{"@type":"Article","@id":"https:\/\/luchonoticias.com\/editor\/usco-abre-convocatoria-para-designacion-de-decanos-de-facultades-de-educacion-y-de-economia-y-administracion\/#article","isPartOf":{"@id":"https:\/\/luchonoticias.com\/editor\/usco-abre-convocatoria-para-designacion-de-decanos-de-facultades-de-educacion-y-de-economia-y-administracion\/"},"author":{"name":"Editor General","@id":"https:\/\/luchonoticias.com\/editor\/#\/schema\/person\/29217990ddf6f14e35912b2866d591fb"},"headline":"USCO abre convocatoria para designaci\u00f3n de decanos de facultades de Educaci\u00f3n y de Econom\u00eda y Administraci\u00f3n","datePublished":"2024-05-04T01:03:50+00:00","mainEntityOfPage":{"@id":"https:\/\/luchonoticias.com\/editor\/usco-abre-convocatoria-para-designacion-de-decanos-de-facultades-de-educacion-y-de-economia-y-administracion\/"},"wordCount":707,"publisher":{"@id":"https:\/\/luchonoticias.com\/editor\/#\/schema\/person\/7a7fd911f58561fd056dbac7b55af9cd"},"image":{"@id":"https:\/\/luchonoticias.com\/editor\/usco-abre-convocatoria-para-designacion-de-decanos-de-facultades-de-educacion-y-de-economia-y-administracion\/#primaryimage"},"thumbnailUrl":"https:\/\/luchonoticias.com\/editor\/wp-content\/uploads\/2024\/05\/usco.jpg","articleSection":["Huila"],"inLanguage":"es"},{"@type":"WebPage","@id":"https:\/\/luchonoticias.com\/editor\/usco-abre-convocatoria-para-designacion-de-decanos-de-facultades-de-educacion-y-de-economia-y-administracion\/","url":"https:\/\/luchonoticias.com\/editor\/usco-abre-convocatoria-para-designacion-de-decanos-de-facultades-de-educacion-y-de-economia-y-administracion\/","name":"USCO abre convocatoria para designaci\u00f3n de decanos de facultades de Educaci\u00f3n y de Econom\u00eda y Administraci\u00f3n -","isPartOf":{"@id":"https:\/\/luchonoticias.com\/editor\/#website"},"primaryImageOfPage":{"@id":"https:\/\/luchonoticias.com\/editor\/usco-abre-convocatoria-para-designacion-de-decanos-de-facultades-de-educacion-y-de-economia-y-administracion\/#primaryimage"},"image":{"@id":"https:\/\/luchonoticias.com\/editor\/usco-abre-convocatoria-para-designacion-de-decanos-de-facultades-de-educacion-y-de-economia-y-administracion\/#primaryimage"},"thumbnailUrl":"https:\/\/luchonoticias.com\/editor\/wp-content\/uploads\/2024\/05\/usco.jpg","datePublished":"2024-05-04T01:03:50+00:00","breadcrumb":{"@id":"https:\/\/luchonoticias.com\/editor\/usco-abre-convocatoria-para-designacion-de-decanos-de-facultades-de-educacion-y-de-economia-y-administracion\/#breadcrumb"},"inLanguage":"es","potentialAction":[{"@type":"ReadAction","target":["https:\/\/luchonoticias.com\/editor\/usco-abre-convocatoria-para-designacion-de-decanos-de-facultades-de-educacion-y-de-economia-y-administracion\/"]}]},{"@type":"ImageObject","inLanguage":"es","@id":"https:\/\/luchonoticias.com\/editor\/usco-abre-convocatoria-para-designacion-de-decanos-de-facultades-de-educacion-y-de-economia-y-administracion\/#primaryimage","url":"https:\/\/luchonoticias.com\/editor\/wp-content\/uploads\/2024\/05\/usco.jpg","contentUrl":"https:\/\/luchonoticias.com\/editor\/wp-content\/uploads\/2024\/05\/usco.jpg","width":700,"height":400},{"@type":"BreadcrumbList","@id":"https:\/\/luchonoticias.com\/editor\/usco-abre-convocatoria-para-designacion-de-decanos-de-facultades-de-educacion-y-de-economia-y-administracion\/#breadcrumb","itemListElement":[{"@type":"ListItem","position":1,"name":"Portada","item":"https:\/\/luchonoticias.com\/editor\/"},{"@type":"ListItem","position":2,"name":"USCO abre convocatoria para designaci\u00f3n de decanos de facultades de Educaci\u00f3n y de Econom\u00eda y Administraci\u00f3n"}]},{"@type":"WebSite","@id":"https:\/\/luchonoticias.com\/editor\/#website","url":"https:\/\/luchonoticias.com\/editor\/","name":"","description":"","publisher":{"@id":"https:\/\/luchonoticias.com\/editor\/#\/schema\/person\/7a7fd911f58561fd056dbac7b55af9cd"},"potentialAction":[{"@type":"SearchAction","target":{"@type":"EntryPoint","urlTemplate":"https:\/\/luchonoticias.com\/editor\/?s={search_term_string}"},"query-input":{"@type":"PropertyValueSpecification","valueRequired":true,"valueName":"search_term_string"}}],"inLanguage":"es"},{"@type":["Person","Organization"],"@id":"https:\/\/luchonoticias.com\/editor\/#\/schema\/person\/7a7fd911f58561fd056dbac7b55af9cd","name":"admin","image":{"@type":"ImageObject","inLanguage":"es","@id":"https:\/\/luchonoticias.com\/editor\/#\/schema\/person\/image\/","url":"https:\/\/luchonoticias.com\/editor\/wp-content\/uploads\/2024\/02\/cropped-cropped-logolu.webp","contentUrl":"https:\/\/luchonoticias.com\/editor\/wp-content\/uploads\/2024\/02\/cropped-cropped-logolu.webp","width":382,"height":170,"caption":"admin"},"logo":{"@id":"https:\/\/luchonoticias.com\/editor\/#\/schema\/person\/image\/"},"sameAs":["https:\/\/www.facebook.com\/luchonoticiasneiva"]},{"@type":"Person","@id":"https:\/\/luchonoticias.com\/editor\/#\/schema\/person\/29217990ddf6f14e35912b2866d591fb","name":"Editor General","image":{"@type":"ImageObject","inLanguage":"es","@id":"https:\/\/luchonoticias.com\/editor\/#\/schema\/person\/image\/","url":"https:\/\/luchonoticias.com\/editor\/wp-content\/uploads\/2024\/02\/cropped-cropped-logolu-150x150.webp","contentUrl":"https:\/\/luchonoticias.com\/editor\/wp-content\/uploads\/2024\/02\/cropped-cropped-logolu-150x150.webp","caption":"Editor General"},"sameAs":["https:\/\/luchonoticias.com\/"],"url":"https:\/\/luchonoticias.com\/editor\/author\/editor-general\/"}]}},"_links":{"self":[{"href":"https:\/\/luchonoticias.com\/editor\/wp-json\/wp\/v2\/posts\/72683","targetHints":{"allow":["GET"]}}],"collection":[{"href":"https:\/\/luchonoticias.com\/editor\/wp-json\/wp\/v2\/posts"}],"about":[{"href":"https:\/\/luchonoticias.com\/editor\/wp-json\/wp\/v2\/types\/post"}],"author":[{"embeddable":true,"href":"https:\/\/luchonoticias.com\/editor\/wp-json\/wp\/v2\/users\/2"}],"replies":[{"embeddable":true,"href":"https:\/\/luchonoticias.com\/editor\/wp-json\/wp\/v2\/comments?post=72683"}],"version-history":[{"count":0,"href":"https:\/\/luchonoticias.com\/editor\/wp-json\/wp\/v2\/posts\/72683\/revisions"}],"wp:featuredmedia":[{"embeddable":true,"href":"https:\/\/luchonoticias.com\/editor\/wp-json\/wp\/v2\/media\/72684"}],"wp:attachment":[{"href":"https:\/\/luchonoticias.com\/editor\/wp-json\/wp\/v2\/media?parent=72683"}],"wp:term":[{"taxonomy":"category","embeddable":true,"href":"https:\/\/luchonoticias.com\/editor\/wp-json\/wp\/v2\/categories?post=72683"},{"taxonomy":"post_tag","embeddable":true,"href":"https:\/\/luchonoticias.com\/editor\/wp-json\/wp\/v2\/tags?post=72683"}],"curies":[{"name":"wp","href":"https:\/\/api.w.org\/{rel}","templated":true}]}}