{"id":72693,"date":"2024-05-04T05:20:45","date_gmt":"2024-05-04T10:20:45","guid":{"rendered":"https:\/\/luchonoticias.com\/?p=72693"},"modified":"2024-05-04T05:20:45","modified_gmt":"2024-05-04T10:20:45","slug":"delegacion-del-ministerio-del-deporte-visito-el-estadio","status":"publish","type":"post","link":"https:\/\/luchonoticias.com\/editor\/delegacion-del-ministerio-del-deporte-visito-el-estadio\/","title":{"rendered":"Delegaci\u00f3n del Ministerio del Deporte visit\u00f3 el estadio"},"content":{"rendered":"<p>El Ministerio de Deporte, realiz\u00f3 una visita a la ciudad de Neiva, con el \u00e1nimo de dar desarrollo a un Puesto de Mando Unificado -PMU- y a su vez, ejercer control y vigilancia de seguridad, convivencia y comodidad en el escenario deportivo.<\/p>\n<p>Esta visita fue recibida por la Secretar\u00eda de Deporte y Recreaci\u00f3n y la direcci\u00f3n del Club Atl\u00e9tico Huila, quienes presentaron el Plan de Seguridad, que tiene propuestos los protocolos de seguridad para el antes, durante y despu\u00e9s del desarrollo de los partidos.<\/p>\n<p>A su vez, en este encuentro se presentaron los avances y mejoras que se han venido realizando al complejo deportivo, dando respuesta a la supervisi\u00f3n realizada por parte del Ministerio de Deporte, quienes est\u00e1n en constante vigilancia para garantizar el bienestar de la ciudadan\u00eda durante los encuentros deportivos.<\/p>\n<p>Jorge Vargas delegado del Mindeportes, sostuvo \u201ceste Ministerio liderado por la ministra Trejos, viene haciendo un trabajo de supervisi\u00f3n de los Puestos de Mando Unificados que deben ser organizados, en el marco de los partidos de f\u00fatbol profesional en el pa\u00eds y obedecen a una estrategia nacional con el fin de prever la seguridad y convivencia. Hemos visto una buena respuesta por parte de la secretar\u00eda y el club\u201d.<\/p>\n<p><strong>Los avances<\/strong><\/p>\n<p>En medio de la visita, se constataron los arreglos de las bater\u00edas sanitarias, puntos de venta de alimentos, mantenimiento de las torres de iluminaci\u00f3n, instalaci\u00f3n de silleter\u00eda y se\u00f1alizaci\u00f3n; dando respuestas a las recomendaciones hechas hace un a\u00f1o por la delegaci\u00f3n del Ministerio.<\/p>\n<p>Por su parte el secretario de Deportes y Recreaci\u00f3n, Juan Camilo Mu\u00f1oz Losada, reconoci\u00f3 \u201cel desarrollo de este Puesto de Mando Unificado ha sido muy productivo, hemos cumplido con todos los protocolos necesarios para prestar seguridad y comodidad a la ciudadan\u00eda durante los partidos\u201d.<\/p>\n","protected":false},"excerpt":{"rendered":"<p>El Ministerio de Deporte, realiz\u00f3 una visita a la ciudad de Neiva, con el \u00e1nimo de dar desarrollo a un Puesto de Mando Unificado -PMU- y a su vez, ejercer control y vigilancia de seguridad, convivencia y comodidad en el escenario deportivo. Esta visita fue recibida por la Secretar\u00eda de Deporte y Recreaci\u00f3n y la [&hellip;]<\/p>\n","protected":false},"author":2,"featured_media":72694,"comment_status":"closed","ping_status":"open","sticky":false,"template":"","format":"standard","meta":{"footnotes":""},"categories":[34],"tags":[],"class_list":["post-72693","post","type-post","status-publish","format-standard","has-post-thumbnail","hentry","category-deportes"],"yoast_head":"<!-- This site is optimized with the Yoast SEO plugin v26.6 - https:\/\/yoast.com\/wordpress\/plugins\/seo\/ -->\n<title>Delegaci\u00f3n del Ministerio del Deporte visit\u00f3 el estadio -<\/title>\n<meta name=\"robots\" content=\"index, follow, max-snippet:-1, max-image-preview:large, max-video-preview:-1\" \/>\n<link rel=\"canonical\" href=\"https:\/\/luchonoticias.com\/editor\/delegacion-del-ministerio-del-deporte-visito-el-estadio\/\" \/>\n<meta property=\"og:locale\" content=\"es_ES\" \/>\n<meta property=\"og:type\" content=\"article\" \/>\n<meta property=\"og:title\" content=\"Delegaci\u00f3n del Ministerio del Deporte visit\u00f3 el estadio -\" \/>\n<meta property=\"og:url\" content=\"https:\/\/luchonoticias.com\/editor\/delegacion-del-ministerio-del-deporte-visito-el-estadio\/\" \/>\n<meta property=\"article:publisher\" content=\"https:\/\/www.facebook.com\/luchonoticiasneiva\" \/>\n<meta property=\"article:published_time\" content=\"2024-05-04T10:20:45+00:00\" \/>\n<meta property=\"og:image\" content=\"https:\/\/luchonoticias.com\/editor\/wp-content\/uploads\/2024\/05\/estadio.jpg\" \/>\n\t<meta property=\"og:image:width\" content=\"700\" \/>\n\t<meta property=\"og:image:height\" content=\"400\" \/>\n\t<meta property=\"og:image:type\" content=\"image\/jpeg\" \/>\n<meta name=\"author\" content=\"Editor General\" \/>\n<meta name=\"twitter:card\" content=\"summary_large_image\" \/>\n<meta name=\"twitter:label1\" content=\"Escrito por\" \/>\n\t<meta name=\"twitter:data1\" content=\"Editor General\" \/>\n\t<meta name=\"twitter:label2\" content=\"Tiempo de lectura\" \/>\n\t<meta name=\"twitter:data2\" content=\"2 minutos\" \/>\n<script type=\"application\/ld+json\" class=\"yoast-schema-graph\">{\"@context\":\"https:\/\/schema.org\",\"@graph\":[{\"@type\":\"Article\",\"@id\":\"https:\/\/luchonoticias.com\/editor\/delegacion-del-ministerio-del-deporte-visito-el-estadio\/#article\",\"isPartOf\":{\"@id\":\"https:\/\/luchonoticias.com\/editor\/delegacion-del-ministerio-del-deporte-visito-el-estadio\/\"},\"author\":{\"name\":\"Editor General\",\"@id\":\"https:\/\/luchonoticias.com\/editor\/#\/schema\/person\/29217990ddf6f14e35912b2866d591fb\"},\"headline\":\"Delegaci\u00f3n del Ministerio del Deporte visit\u00f3 el estadio\",\"datePublished\":\"2024-05-04T10:20:45+00:00\",\"mainEntityOfPage\":{\"@id\":\"https:\/\/luchonoticias.com\/editor\/delegacion-del-ministerio-del-deporte-visito-el-estadio\/\"},\"wordCount\":322,\"publisher\":{\"@id\":\"https:\/\/luchonoticias.com\/editor\/#\/schema\/person\/7a7fd911f58561fd056dbac7b55af9cd\"},\"image\":{\"@id\":\"https:\/\/luchonoticias.com\/editor\/delegacion-del-ministerio-del-deporte-visito-el-estadio\/#primaryimage\"},\"thumbnailUrl\":\"https:\/\/luchonoticias.com\/editor\/wp-content\/uploads\/2024\/05\/estadio.jpg\",\"articleSection\":[\"Deportes\"],\"inLanguage\":\"es\"},{\"@type\":\"WebPage\",\"@id\":\"https:\/\/luchonoticias.com\/editor\/delegacion-del-ministerio-del-deporte-visito-el-estadio\/\",\"url\":\"https:\/\/luchonoticias.com\/editor\/delegacion-del-ministerio-del-deporte-visito-el-estadio\/\",\"name\":\"Delegaci\u00f3n del Ministerio del Deporte visit\u00f3 el estadio -\",\"isPartOf\":{\"@id\":\"https:\/\/luchonoticias.com\/editor\/#website\"},\"primaryImageOfPage\":{\"@id\":\"https:\/\/luchonoticias.com\/editor\/delegacion-del-ministerio-del-deporte-visito-el-estadio\/#primaryimage\"},\"image\":{\"@id\":\"https:\/\/luchonoticias.com\/editor\/delegacion-del-ministerio-del-deporte-visito-el-estadio\/#primaryimage\"},\"thumbnailUrl\":\"https:\/\/luchonoticias.com\/editor\/wp-content\/uploads\/2024\/05\/estadio.jpg\",\"datePublished\":\"2024-05-04T10:20:45+00:00\",\"breadcrumb\":{\"@id\":\"https:\/\/luchonoticias.com\/editor\/delegacion-del-ministerio-del-deporte-visito-el-estadio\/#breadcrumb\"},\"inLanguage\":\"es\",\"potentialAction\":[{\"@type\":\"ReadAction\",\"target\":[\"https:\/\/luchonoticias.com\/editor\/delegacion-del-ministerio-del-deporte-visito-el-estadio\/\"]}]},{\"@type\":\"ImageObject\",\"inLanguage\":\"es\",\"@id\":\"https:\/\/luchonoticias.com\/editor\/delegacion-del-ministerio-del-deporte-visito-el-estadio\/#primaryimage\",\"url\":\"https:\/\/luchonoticias.com\/editor\/wp-content\/uploads\/2024\/05\/estadio.jpg\",\"contentUrl\":\"https:\/\/luchonoticias.com\/editor\/wp-content\/uploads\/2024\/05\/estadio.jpg\",\"width\":700,\"height\":400},{\"@type\":\"BreadcrumbList\",\"@id\":\"https:\/\/luchonoticias.com\/editor\/delegacion-del-ministerio-del-deporte-visito-el-estadio\/#breadcrumb\",\"itemListElement\":[{\"@type\":\"ListItem\",\"position\":1,\"name\":\"Portada\",\"item\":\"https:\/\/luchonoticias.com\/editor\/\"},{\"@type\":\"ListItem\",\"position\":2,\"name\":\"Delegaci\u00f3n del Ministerio del Deporte visit\u00f3 el estadio\"}]},{\"@type\":\"WebSite\",\"@id\":\"https:\/\/luchonoticias.com\/editor\/#website\",\"url\":\"https:\/\/luchonoticias.com\/editor\/\",\"name\":\"\",\"description\":\"\",\"publisher\":{\"@id\":\"https:\/\/luchonoticias.com\/editor\/#\/schema\/person\/7a7fd911f58561fd056dbac7b55af9cd\"},\"potentialAction\":[{\"@type\":\"SearchAction\",\"target\":{\"@type\":\"EntryPoint\",\"urlTemplate\":\"https:\/\/luchonoticias.com\/editor\/?s={search_term_string}\"},\"query-input\":{\"@type\":\"PropertyValueSpecification\",\"valueRequired\":true,\"valueName\":\"search_term_string\"}}],\"inLanguage\":\"es\"},{\"@type\":[\"Person\",\"Organization\"],\"@id\":\"https:\/\/luchonoticias.com\/editor\/#\/schema\/person\/7a7fd911f58561fd056dbac7b55af9cd\",\"name\":\"admin\",\"image\":{\"@type\":\"ImageObject\",\"inLanguage\":\"es\",\"@id\":\"https:\/\/luchonoticias.com\/editor\/#\/schema\/person\/image\/\",\"url\":\"https:\/\/luchonoticias.com\/editor\/wp-content\/uploads\/2024\/02\/cropped-cropped-logolu.webp\",\"contentUrl\":\"https:\/\/luchonoticias.com\/editor\/wp-content\/uploads\/2024\/02\/cropped-cropped-logolu.webp\",\"width\":382,\"height\":170,\"caption\":\"admin\"},\"logo\":{\"@id\":\"https:\/\/luchonoticias.com\/editor\/#\/schema\/person\/image\/\"},\"sameAs\":[\"https:\/\/www.facebook.com\/luchonoticiasneiva\"]},{\"@type\":\"Person\",\"@id\":\"https:\/\/luchonoticias.com\/editor\/#\/schema\/person\/29217990ddf6f14e35912b2866d591fb\",\"name\":\"Editor General\",\"image\":{\"@type\":\"ImageObject\",\"inLanguage\":\"es\",\"@id\":\"https:\/\/luchonoticias.com\/editor\/#\/schema\/person\/image\/\",\"url\":\"https:\/\/luchonoticias.com\/editor\/wp-content\/uploads\/2024\/02\/cropped-cropped-logolu-150x150.webp\",\"contentUrl\":\"https:\/\/luchonoticias.com\/editor\/wp-content\/uploads\/2024\/02\/cropped-cropped-logolu-150x150.webp\",\"caption\":\"Editor General\"},\"sameAs\":[\"https:\/\/luchonoticias.com\/\"],\"url\":\"https:\/\/luchonoticias.com\/editor\/author\/editor-general\/\"}]}<\/script>\n<!-- \/ Yoast SEO plugin. -->","yoast_head_json":{"title":"Delegaci\u00f3n del Ministerio del Deporte visit\u00f3 el estadio -","robots":{"index":"index","follow":"follow","max-snippet":"max-snippet:-1","max-image-preview":"max-image-preview:large","max-video-preview":"max-video-preview:-1"},"canonical":"https:\/\/luchonoticias.com\/editor\/delegacion-del-ministerio-del-deporte-visito-el-estadio\/","og_locale":"es_ES","og_type":"article","og_title":"Delegaci\u00f3n del Ministerio del Deporte visit\u00f3 el estadio -","og_url":"https:\/\/luchonoticias.com\/editor\/delegacion-del-ministerio-del-deporte-visito-el-estadio\/","article_publisher":"https:\/\/www.facebook.com\/luchonoticiasneiva","article_published_time":"2024-05-04T10:20:45+00:00","og_image":[{"width":700,"height":400,"url":"https:\/\/luchonoticias.com\/editor\/wp-content\/uploads\/2024\/05\/estadio.jpg","type":"image\/jpeg"}],"author":"Editor General","twitter_card":"summary_large_image","twitter_misc":{"Escrito por":"Editor General","Tiempo de lectura":"2 minutos"},"schema":{"@context":"https:\/\/schema.org","@graph":[{"@type":"Article","@id":"https:\/\/luchonoticias.com\/editor\/delegacion-del-ministerio-del-deporte-visito-el-estadio\/#article","isPartOf":{"@id":"https:\/\/luchonoticias.com\/editor\/delegacion-del-ministerio-del-deporte-visito-el-estadio\/"},"author":{"name":"Editor General","@id":"https:\/\/luchonoticias.com\/editor\/#\/schema\/person\/29217990ddf6f14e35912b2866d591fb"},"headline":"Delegaci\u00f3n del Ministerio del Deporte visit\u00f3 el estadio","datePublished":"2024-05-04T10:20:45+00:00","mainEntityOfPage":{"@id":"https:\/\/luchonoticias.com\/editor\/delegacion-del-ministerio-del-deporte-visito-el-estadio\/"},"wordCount":322,"publisher":{"@id":"https:\/\/luchonoticias.com\/editor\/#\/schema\/person\/7a7fd911f58561fd056dbac7b55af9cd"},"image":{"@id":"https:\/\/luchonoticias.com\/editor\/delegacion-del-ministerio-del-deporte-visito-el-estadio\/#primaryimage"},"thumbnailUrl":"https:\/\/luchonoticias.com\/editor\/wp-content\/uploads\/2024\/05\/estadio.jpg","articleSection":["Deportes"],"inLanguage":"es"},{"@type":"WebPage","@id":"https:\/\/luchonoticias.com\/editor\/delegacion-del-ministerio-del-deporte-visito-el-estadio\/","url":"https:\/\/luchonoticias.com\/editor\/delegacion-del-ministerio-del-deporte-visito-el-estadio\/","name":"Delegaci\u00f3n del Ministerio del Deporte visit\u00f3 el estadio -","isPartOf":{"@id":"https:\/\/luchonoticias.com\/editor\/#website"},"primaryImageOfPage":{"@id":"https:\/\/luchonoticias.com\/editor\/delegacion-del-ministerio-del-deporte-visito-el-estadio\/#primaryimage"},"image":{"@id":"https:\/\/luchonoticias.com\/editor\/delegacion-del-ministerio-del-deporte-visito-el-estadio\/#primaryimage"},"thumbnailUrl":"https:\/\/luchonoticias.com\/editor\/wp-content\/uploads\/2024\/05\/estadio.jpg","datePublished":"2024-05-04T10:20:45+00:00","breadcrumb":{"@id":"https:\/\/luchonoticias.com\/editor\/delegacion-del-ministerio-del-deporte-visito-el-estadio\/#breadcrumb"},"inLanguage":"es","potentialAction":[{"@type":"ReadAction","target":["https:\/\/luchonoticias.com\/editor\/delegacion-del-ministerio-del-deporte-visito-el-estadio\/"]}]},{"@type":"ImageObject","inLanguage":"es","@id":"https:\/\/luchonoticias.com\/editor\/delegacion-del-ministerio-del-deporte-visito-el-estadio\/#primaryimage","url":"https:\/\/luchonoticias.com\/editor\/wp-content\/uploads\/2024\/05\/estadio.jpg","contentUrl":"https:\/\/luchonoticias.com\/editor\/wp-content\/uploads\/2024\/05\/estadio.jpg","width":700,"height":400},{"@type":"BreadcrumbList","@id":"https:\/\/luchonoticias.com\/editor\/delegacion-del-ministerio-del-deporte-visito-el-estadio\/#breadcrumb","itemListElement":[{"@type":"ListItem","position":1,"name":"Portada","item":"https:\/\/luchonoticias.com\/editor\/"},{"@type":"ListItem","position":2,"name":"Delegaci\u00f3n del Ministerio del Deporte visit\u00f3 el estadio"}]},{"@type":"WebSite","@id":"https:\/\/luchonoticias.com\/editor\/#website","url":"https:\/\/luchonoticias.com\/editor\/","name":"","description":"","publisher":{"@id":"https:\/\/luchonoticias.com\/editor\/#\/schema\/person\/7a7fd911f58561fd056dbac7b55af9cd"},"potentialAction":[{"@type":"SearchAction","target":{"@type":"EntryPoint","urlTemplate":"https:\/\/luchonoticias.com\/editor\/?s={search_term_string}"},"query-input":{"@type":"PropertyValueSpecification","valueRequired":true,"valueName":"search_term_string"}}],"inLanguage":"es"},{"@type":["Person","Organization"],"@id":"https:\/\/luchonoticias.com\/editor\/#\/schema\/person\/7a7fd911f58561fd056dbac7b55af9cd","name":"admin","image":{"@type":"ImageObject","inLanguage":"es","@id":"https:\/\/luchonoticias.com\/editor\/#\/schema\/person\/image\/","url":"https:\/\/luchonoticias.com\/editor\/wp-content\/uploads\/2024\/02\/cropped-cropped-logolu.webp","contentUrl":"https:\/\/luchonoticias.com\/editor\/wp-content\/uploads\/2024\/02\/cropped-cropped-logolu.webp","width":382,"height":170,"caption":"admin"},"logo":{"@id":"https:\/\/luchonoticias.com\/editor\/#\/schema\/person\/image\/"},"sameAs":["https:\/\/www.facebook.com\/luchonoticiasneiva"]},{"@type":"Person","@id":"https:\/\/luchonoticias.com\/editor\/#\/schema\/person\/29217990ddf6f14e35912b2866d591fb","name":"Editor General","image":{"@type":"ImageObject","inLanguage":"es","@id":"https:\/\/luchonoticias.com\/editor\/#\/schema\/person\/image\/","url":"https:\/\/luchonoticias.com\/editor\/wp-content\/uploads\/2024\/02\/cropped-cropped-logolu-150x150.webp","contentUrl":"https:\/\/luchonoticias.com\/editor\/wp-content\/uploads\/2024\/02\/cropped-cropped-logolu-150x150.webp","caption":"Editor General"},"sameAs":["https:\/\/luchonoticias.com\/"],"url":"https:\/\/luchonoticias.com\/editor\/author\/editor-general\/"}]}},"_links":{"self":[{"href":"https:\/\/luchonoticias.com\/editor\/wp-json\/wp\/v2\/posts\/72693","targetHints":{"allow":["GET"]}}],"collection":[{"href":"https:\/\/luchonoticias.com\/editor\/wp-json\/wp\/v2\/posts"}],"about":[{"href":"https:\/\/luchonoticias.com\/editor\/wp-json\/wp\/v2\/types\/post"}],"author":[{"embeddable":true,"href":"https:\/\/luchonoticias.com\/editor\/wp-json\/wp\/v2\/users\/2"}],"replies":[{"embeddable":true,"href":"https:\/\/luchonoticias.com\/editor\/wp-json\/wp\/v2\/comments?post=72693"}],"version-history":[{"count":0,"href":"https:\/\/luchonoticias.com\/editor\/wp-json\/wp\/v2\/posts\/72693\/revisions"}],"wp:featuredmedia":[{"embeddable":true,"href":"https:\/\/luchonoticias.com\/editor\/wp-json\/wp\/v2\/media\/72694"}],"wp:attachment":[{"href":"https:\/\/luchonoticias.com\/editor\/wp-json\/wp\/v2\/media?parent=72693"}],"wp:term":[{"taxonomy":"category","embeddable":true,"href":"https:\/\/luchonoticias.com\/editor\/wp-json\/wp\/v2\/categories?post=72693"},{"taxonomy":"post_tag","embeddable":true,"href":"https:\/\/luchonoticias.com\/editor\/wp-json\/wp\/v2\/tags?post=72693"}],"curies":[{"name":"wp","href":"https:\/\/api.w.org\/{rel}","templated":true}]}}