{"id":72708,"date":"2024-05-04T14:24:39","date_gmt":"2024-05-04T19:24:39","guid":{"rendered":"https:\/\/luchonoticias.com\/?p=72708"},"modified":"2024-05-04T14:24:39","modified_gmt":"2024-05-04T19:24:39","slug":"villavieja-fue-escenario-de-una-nueva-ronda-clasificatoria-folclorica","status":"publish","type":"post","link":"https:\/\/luchonoticias.com\/editor\/villavieja-fue-escenario-de-una-nueva-ronda-clasificatoria-folclorica\/","title":{"rendered":"Villavieja fue escenario de una nueva ronda clasificatoria folcl\u00f3rica"},"content":{"rendered":"<p>Con total \u00e9xito se llev\u00f3 a cabo en el municipio de Villavieja la quinta ronda clasificatoria para los artistas que participar\u00e1n en los encuentros oficiales de la versi\u00f3n n\u00famero 63 del Festival del Bambuco en San Juan y San Pedro. La apertura estuvo a cargo de la banda municipal de Villavieja, dirigida por el maestro Jaime Cort\u00e9s Vargas, quien deleit\u00f3 al p\u00fablico asistente con su majestuosa melod\u00eda.<\/p>\n<p>Desde el recinto el malec\u00f3n del municipio paleontol\u00f3gico y astron\u00f3mico del Huila diferentes agrupaciones de Tello, Baraya, Aipe y Colombia realizaron su majestuosa presentaci\u00f3n de rajale\u00f1as, danzas, comparsas y m\u00fasica alternativa ante el jurado calificador.<\/p>\n<p>Un total de 1288 artistas y 135 grupos de m\u00fasica, danza y comparsas han participado en la ronda clasificatoria en los municipios de Pitalito, Garz\u00f3n, la Plata, Rivera y Villavieja. Ma\u00f1ana desde el polideportivo Panam\u00e1 del municipio de Palermo se llevar\u00e1 a cabo la sexta ronda.<\/p>\n","protected":false},"excerpt":{"rendered":"<p>Con total \u00e9xito se llev\u00f3 a cabo en el municipio de Villavieja la quinta ronda clasificatoria para los artistas que participar\u00e1n en los encuentros oficiales de la versi\u00f3n n\u00famero 63 del Festival del Bambuco en San Juan y San Pedro. La apertura estuvo a cargo de la banda municipal de Villavieja, dirigida por el maestro [&hellip;]<\/p>\n","protected":false},"author":2,"featured_media":72709,"comment_status":"closed","ping_status":"open","sticky":false,"template":"","format":"standard","meta":{"footnotes":""},"categories":[33],"tags":[],"class_list":["post-72708","post","type-post","status-publish","format-standard","has-post-thumbnail","hentry","category-huila"],"yoast_head":"<!-- This site is optimized with the Yoast SEO plugin v26.6 - https:\/\/yoast.com\/wordpress\/plugins\/seo\/ -->\n<title>Villavieja fue escenario de una nueva ronda clasificatoria folcl\u00f3rica -<\/title>\n<meta name=\"robots\" content=\"index, follow, max-snippet:-1, max-image-preview:large, max-video-preview:-1\" \/>\n<link rel=\"canonical\" href=\"https:\/\/luchonoticias.com\/editor\/villavieja-fue-escenario-de-una-nueva-ronda-clasificatoria-folclorica\/\" \/>\n<meta property=\"og:locale\" content=\"es_ES\" \/>\n<meta property=\"og:type\" content=\"article\" \/>\n<meta property=\"og:title\" content=\"Villavieja fue escenario de una nueva ronda clasificatoria folcl\u00f3rica -\" \/>\n<meta property=\"og:url\" content=\"https:\/\/luchonoticias.com\/editor\/villavieja-fue-escenario-de-una-nueva-ronda-clasificatoria-folclorica\/\" \/>\n<meta property=\"article:publisher\" content=\"https:\/\/www.facebook.com\/luchonoticiasneiva\" \/>\n<meta property=\"article:published_time\" content=\"2024-05-04T19:24:39+00:00\" \/>\n<meta property=\"og:image\" content=\"https:\/\/luchonoticias.com\/editor\/wp-content\/uploads\/2024\/05\/san-pedro-lucho.jpg\" \/>\n\t<meta property=\"og:image:width\" content=\"700\" \/>\n\t<meta property=\"og:image:height\" content=\"400\" \/>\n\t<meta property=\"og:image:type\" content=\"image\/jpeg\" \/>\n<meta name=\"author\" content=\"Editor General\" \/>\n<meta name=\"twitter:card\" content=\"summary_large_image\" \/>\n<meta name=\"twitter:label1\" content=\"Escrito por\" \/>\n\t<meta name=\"twitter:data1\" content=\"Editor General\" \/>\n\t<meta name=\"twitter:label2\" content=\"Tiempo de lectura\" \/>\n\t<meta name=\"twitter:data2\" content=\"1 minuto\" \/>\n<script type=\"application\/ld+json\" class=\"yoast-schema-graph\">{\"@context\":\"https:\/\/schema.org\",\"@graph\":[{\"@type\":\"Article\",\"@id\":\"https:\/\/luchonoticias.com\/editor\/villavieja-fue-escenario-de-una-nueva-ronda-clasificatoria-folclorica\/#article\",\"isPartOf\":{\"@id\":\"https:\/\/luchonoticias.com\/editor\/villavieja-fue-escenario-de-una-nueva-ronda-clasificatoria-folclorica\/\"},\"author\":{\"name\":\"Editor General\",\"@id\":\"https:\/\/luchonoticias.com\/editor\/#\/schema\/person\/29217990ddf6f14e35912b2866d591fb\"},\"headline\":\"Villavieja fue escenario de una nueva ronda clasificatoria folcl\u00f3rica\",\"datePublished\":\"2024-05-04T19:24:39+00:00\",\"mainEntityOfPage\":{\"@id\":\"https:\/\/luchonoticias.com\/editor\/villavieja-fue-escenario-de-una-nueva-ronda-clasificatoria-folclorica\/\"},\"wordCount\":170,\"publisher\":{\"@id\":\"https:\/\/luchonoticias.com\/editor\/#\/schema\/person\/7a7fd911f58561fd056dbac7b55af9cd\"},\"image\":{\"@id\":\"https:\/\/luchonoticias.com\/editor\/villavieja-fue-escenario-de-una-nueva-ronda-clasificatoria-folclorica\/#primaryimage\"},\"thumbnailUrl\":\"https:\/\/luchonoticias.com\/editor\/wp-content\/uploads\/2024\/05\/san-pedro-lucho.jpg\",\"articleSection\":[\"Huila\"],\"inLanguage\":\"es\"},{\"@type\":\"WebPage\",\"@id\":\"https:\/\/luchonoticias.com\/editor\/villavieja-fue-escenario-de-una-nueva-ronda-clasificatoria-folclorica\/\",\"url\":\"https:\/\/luchonoticias.com\/editor\/villavieja-fue-escenario-de-una-nueva-ronda-clasificatoria-folclorica\/\",\"name\":\"Villavieja fue escenario de una nueva ronda clasificatoria folcl\u00f3rica -\",\"isPartOf\":{\"@id\":\"https:\/\/luchonoticias.com\/editor\/#website\"},\"primaryImageOfPage\":{\"@id\":\"https:\/\/luchonoticias.com\/editor\/villavieja-fue-escenario-de-una-nueva-ronda-clasificatoria-folclorica\/#primaryimage\"},\"image\":{\"@id\":\"https:\/\/luchonoticias.com\/editor\/villavieja-fue-escenario-de-una-nueva-ronda-clasificatoria-folclorica\/#primaryimage\"},\"thumbnailUrl\":\"https:\/\/luchonoticias.com\/editor\/wp-content\/uploads\/2024\/05\/san-pedro-lucho.jpg\",\"datePublished\":\"2024-05-04T19:24:39+00:00\",\"breadcrumb\":{\"@id\":\"https:\/\/luchonoticias.com\/editor\/villavieja-fue-escenario-de-una-nueva-ronda-clasificatoria-folclorica\/#breadcrumb\"},\"inLanguage\":\"es\",\"potentialAction\":[{\"@type\":\"ReadAction\",\"target\":[\"https:\/\/luchonoticias.com\/editor\/villavieja-fue-escenario-de-una-nueva-ronda-clasificatoria-folclorica\/\"]}]},{\"@type\":\"ImageObject\",\"inLanguage\":\"es\",\"@id\":\"https:\/\/luchonoticias.com\/editor\/villavieja-fue-escenario-de-una-nueva-ronda-clasificatoria-folclorica\/#primaryimage\",\"url\":\"https:\/\/luchonoticias.com\/editor\/wp-content\/uploads\/2024\/05\/san-pedro-lucho.jpg\",\"contentUrl\":\"https:\/\/luchonoticias.com\/editor\/wp-content\/uploads\/2024\/05\/san-pedro-lucho.jpg\",\"width\":700,\"height\":400},{\"@type\":\"BreadcrumbList\",\"@id\":\"https:\/\/luchonoticias.com\/editor\/villavieja-fue-escenario-de-una-nueva-ronda-clasificatoria-folclorica\/#breadcrumb\",\"itemListElement\":[{\"@type\":\"ListItem\",\"position\":1,\"name\":\"Portada\",\"item\":\"https:\/\/luchonoticias.com\/editor\/\"},{\"@type\":\"ListItem\",\"position\":2,\"name\":\"Villavieja fue escenario de una nueva ronda clasificatoria folcl\u00f3rica\"}]},{\"@type\":\"WebSite\",\"@id\":\"https:\/\/luchonoticias.com\/editor\/#website\",\"url\":\"https:\/\/luchonoticias.com\/editor\/\",\"name\":\"\",\"description\":\"\",\"publisher\":{\"@id\":\"https:\/\/luchonoticias.com\/editor\/#\/schema\/person\/7a7fd911f58561fd056dbac7b55af9cd\"},\"potentialAction\":[{\"@type\":\"SearchAction\",\"target\":{\"@type\":\"EntryPoint\",\"urlTemplate\":\"https:\/\/luchonoticias.com\/editor\/?s={search_term_string}\"},\"query-input\":{\"@type\":\"PropertyValueSpecification\",\"valueRequired\":true,\"valueName\":\"search_term_string\"}}],\"inLanguage\":\"es\"},{\"@type\":[\"Person\",\"Organization\"],\"@id\":\"https:\/\/luchonoticias.com\/editor\/#\/schema\/person\/7a7fd911f58561fd056dbac7b55af9cd\",\"name\":\"admin\",\"image\":{\"@type\":\"ImageObject\",\"inLanguage\":\"es\",\"@id\":\"https:\/\/luchonoticias.com\/editor\/#\/schema\/person\/image\/\",\"url\":\"https:\/\/luchonoticias.com\/editor\/wp-content\/uploads\/2024\/02\/cropped-cropped-logolu.webp\",\"contentUrl\":\"https:\/\/luchonoticias.com\/editor\/wp-content\/uploads\/2024\/02\/cropped-cropped-logolu.webp\",\"width\":382,\"height\":170,\"caption\":\"admin\"},\"logo\":{\"@id\":\"https:\/\/luchonoticias.com\/editor\/#\/schema\/person\/image\/\"},\"sameAs\":[\"https:\/\/www.facebook.com\/luchonoticiasneiva\"]},{\"@type\":\"Person\",\"@id\":\"https:\/\/luchonoticias.com\/editor\/#\/schema\/person\/29217990ddf6f14e35912b2866d591fb\",\"name\":\"Editor General\",\"image\":{\"@type\":\"ImageObject\",\"inLanguage\":\"es\",\"@id\":\"https:\/\/luchonoticias.com\/editor\/#\/schema\/person\/image\/\",\"url\":\"https:\/\/luchonoticias.com\/editor\/wp-content\/uploads\/2024\/02\/cropped-cropped-logolu-150x150.webp\",\"contentUrl\":\"https:\/\/luchonoticias.com\/editor\/wp-content\/uploads\/2024\/02\/cropped-cropped-logolu-150x150.webp\",\"caption\":\"Editor General\"},\"sameAs\":[\"https:\/\/luchonoticias.com\/\"],\"url\":\"https:\/\/luchonoticias.com\/editor\/author\/editor-general\/\"}]}<\/script>\n<!-- \/ Yoast SEO plugin. -->","yoast_head_json":{"title":"Villavieja fue escenario de una nueva ronda clasificatoria folcl\u00f3rica -","robots":{"index":"index","follow":"follow","max-snippet":"max-snippet:-1","max-image-preview":"max-image-preview:large","max-video-preview":"max-video-preview:-1"},"canonical":"https:\/\/luchonoticias.com\/editor\/villavieja-fue-escenario-de-una-nueva-ronda-clasificatoria-folclorica\/","og_locale":"es_ES","og_type":"article","og_title":"Villavieja fue escenario de una nueva ronda clasificatoria folcl\u00f3rica -","og_url":"https:\/\/luchonoticias.com\/editor\/villavieja-fue-escenario-de-una-nueva-ronda-clasificatoria-folclorica\/","article_publisher":"https:\/\/www.facebook.com\/luchonoticiasneiva","article_published_time":"2024-05-04T19:24:39+00:00","og_image":[{"width":700,"height":400,"url":"https:\/\/luchonoticias.com\/editor\/wp-content\/uploads\/2024\/05\/san-pedro-lucho.jpg","type":"image\/jpeg"}],"author":"Editor General","twitter_card":"summary_large_image","twitter_misc":{"Escrito por":"Editor General","Tiempo de lectura":"1 minuto"},"schema":{"@context":"https:\/\/schema.org","@graph":[{"@type":"Article","@id":"https:\/\/luchonoticias.com\/editor\/villavieja-fue-escenario-de-una-nueva-ronda-clasificatoria-folclorica\/#article","isPartOf":{"@id":"https:\/\/luchonoticias.com\/editor\/villavieja-fue-escenario-de-una-nueva-ronda-clasificatoria-folclorica\/"},"author":{"name":"Editor General","@id":"https:\/\/luchonoticias.com\/editor\/#\/schema\/person\/29217990ddf6f14e35912b2866d591fb"},"headline":"Villavieja fue escenario de una nueva ronda clasificatoria folcl\u00f3rica","datePublished":"2024-05-04T19:24:39+00:00","mainEntityOfPage":{"@id":"https:\/\/luchonoticias.com\/editor\/villavieja-fue-escenario-de-una-nueva-ronda-clasificatoria-folclorica\/"},"wordCount":170,"publisher":{"@id":"https:\/\/luchonoticias.com\/editor\/#\/schema\/person\/7a7fd911f58561fd056dbac7b55af9cd"},"image":{"@id":"https:\/\/luchonoticias.com\/editor\/villavieja-fue-escenario-de-una-nueva-ronda-clasificatoria-folclorica\/#primaryimage"},"thumbnailUrl":"https:\/\/luchonoticias.com\/editor\/wp-content\/uploads\/2024\/05\/san-pedro-lucho.jpg","articleSection":["Huila"],"inLanguage":"es"},{"@type":"WebPage","@id":"https:\/\/luchonoticias.com\/editor\/villavieja-fue-escenario-de-una-nueva-ronda-clasificatoria-folclorica\/","url":"https:\/\/luchonoticias.com\/editor\/villavieja-fue-escenario-de-una-nueva-ronda-clasificatoria-folclorica\/","name":"Villavieja fue escenario de una nueva ronda clasificatoria folcl\u00f3rica -","isPartOf":{"@id":"https:\/\/luchonoticias.com\/editor\/#website"},"primaryImageOfPage":{"@id":"https:\/\/luchonoticias.com\/editor\/villavieja-fue-escenario-de-una-nueva-ronda-clasificatoria-folclorica\/#primaryimage"},"image":{"@id":"https:\/\/luchonoticias.com\/editor\/villavieja-fue-escenario-de-una-nueva-ronda-clasificatoria-folclorica\/#primaryimage"},"thumbnailUrl":"https:\/\/luchonoticias.com\/editor\/wp-content\/uploads\/2024\/05\/san-pedro-lucho.jpg","datePublished":"2024-05-04T19:24:39+00:00","breadcrumb":{"@id":"https:\/\/luchonoticias.com\/editor\/villavieja-fue-escenario-de-una-nueva-ronda-clasificatoria-folclorica\/#breadcrumb"},"inLanguage":"es","potentialAction":[{"@type":"ReadAction","target":["https:\/\/luchonoticias.com\/editor\/villavieja-fue-escenario-de-una-nueva-ronda-clasificatoria-folclorica\/"]}]},{"@type":"ImageObject","inLanguage":"es","@id":"https:\/\/luchonoticias.com\/editor\/villavieja-fue-escenario-de-una-nueva-ronda-clasificatoria-folclorica\/#primaryimage","url":"https:\/\/luchonoticias.com\/editor\/wp-content\/uploads\/2024\/05\/san-pedro-lucho.jpg","contentUrl":"https:\/\/luchonoticias.com\/editor\/wp-content\/uploads\/2024\/05\/san-pedro-lucho.jpg","width":700,"height":400},{"@type":"BreadcrumbList","@id":"https:\/\/luchonoticias.com\/editor\/villavieja-fue-escenario-de-una-nueva-ronda-clasificatoria-folclorica\/#breadcrumb","itemListElement":[{"@type":"ListItem","position":1,"name":"Portada","item":"https:\/\/luchonoticias.com\/editor\/"},{"@type":"ListItem","position":2,"name":"Villavieja fue escenario de una nueva ronda clasificatoria folcl\u00f3rica"}]},{"@type":"WebSite","@id":"https:\/\/luchonoticias.com\/editor\/#website","url":"https:\/\/luchonoticias.com\/editor\/","name":"","description":"","publisher":{"@id":"https:\/\/luchonoticias.com\/editor\/#\/schema\/person\/7a7fd911f58561fd056dbac7b55af9cd"},"potentialAction":[{"@type":"SearchAction","target":{"@type":"EntryPoint","urlTemplate":"https:\/\/luchonoticias.com\/editor\/?s={search_term_string}"},"query-input":{"@type":"PropertyValueSpecification","valueRequired":true,"valueName":"search_term_string"}}],"inLanguage":"es"},{"@type":["Person","Organization"],"@id":"https:\/\/luchonoticias.com\/editor\/#\/schema\/person\/7a7fd911f58561fd056dbac7b55af9cd","name":"admin","image":{"@type":"ImageObject","inLanguage":"es","@id":"https:\/\/luchonoticias.com\/editor\/#\/schema\/person\/image\/","url":"https:\/\/luchonoticias.com\/editor\/wp-content\/uploads\/2024\/02\/cropped-cropped-logolu.webp","contentUrl":"https:\/\/luchonoticias.com\/editor\/wp-content\/uploads\/2024\/02\/cropped-cropped-logolu.webp","width":382,"height":170,"caption":"admin"},"logo":{"@id":"https:\/\/luchonoticias.com\/editor\/#\/schema\/person\/image\/"},"sameAs":["https:\/\/www.facebook.com\/luchonoticiasneiva"]},{"@type":"Person","@id":"https:\/\/luchonoticias.com\/editor\/#\/schema\/person\/29217990ddf6f14e35912b2866d591fb","name":"Editor General","image":{"@type":"ImageObject","inLanguage":"es","@id":"https:\/\/luchonoticias.com\/editor\/#\/schema\/person\/image\/","url":"https:\/\/luchonoticias.com\/editor\/wp-content\/uploads\/2024\/02\/cropped-cropped-logolu-150x150.webp","contentUrl":"https:\/\/luchonoticias.com\/editor\/wp-content\/uploads\/2024\/02\/cropped-cropped-logolu-150x150.webp","caption":"Editor General"},"sameAs":["https:\/\/luchonoticias.com\/"],"url":"https:\/\/luchonoticias.com\/editor\/author\/editor-general\/"}]}},"_links":{"self":[{"href":"https:\/\/luchonoticias.com\/editor\/wp-json\/wp\/v2\/posts\/72708","targetHints":{"allow":["GET"]}}],"collection":[{"href":"https:\/\/luchonoticias.com\/editor\/wp-json\/wp\/v2\/posts"}],"about":[{"href":"https:\/\/luchonoticias.com\/editor\/wp-json\/wp\/v2\/types\/post"}],"author":[{"embeddable":true,"href":"https:\/\/luchonoticias.com\/editor\/wp-json\/wp\/v2\/users\/2"}],"replies":[{"embeddable":true,"href":"https:\/\/luchonoticias.com\/editor\/wp-json\/wp\/v2\/comments?post=72708"}],"version-history":[{"count":0,"href":"https:\/\/luchonoticias.com\/editor\/wp-json\/wp\/v2\/posts\/72708\/revisions"}],"wp:featuredmedia":[{"embeddable":true,"href":"https:\/\/luchonoticias.com\/editor\/wp-json\/wp\/v2\/media\/72709"}],"wp:attachment":[{"href":"https:\/\/luchonoticias.com\/editor\/wp-json\/wp\/v2\/media?parent=72708"}],"wp:term":[{"taxonomy":"category","embeddable":true,"href":"https:\/\/luchonoticias.com\/editor\/wp-json\/wp\/v2\/categories?post=72708"},{"taxonomy":"post_tag","embeddable":true,"href":"https:\/\/luchonoticias.com\/editor\/wp-json\/wp\/v2\/tags?post=72708"}],"curies":[{"name":"wp","href":"https:\/\/api.w.org\/{rel}","templated":true}]}}