{"id":72714,"date":"2024-05-05T08:00:32","date_gmt":"2024-05-05T13:00:32","guid":{"rendered":"https:\/\/luchonoticias.com\/?p=72714"},"modified":"2024-05-05T08:00:32","modified_gmt":"2024-05-05T13:00:32","slug":"jornada-nacional-de-entrega-de-tierras","status":"publish","type":"post","link":"https:\/\/luchonoticias.com\/editor\/jornada-nacional-de-entrega-de-tierras\/","title":{"rendered":"Jornada nacional de entrega de tierras"},"content":{"rendered":"<p>La jornada de Reforma Agraria &#8216;Narciso Bele\u00f1o&#8217; toma su nombre en reconocimiento al l\u00edder campesino asesinado en Santa Rosa, en el Sur de Bol\u00edvar, el 21 de abril de 2024.<\/p>\n<p>Asimismo, es un homenaje a l\u00edderes y lideresas asesinadas en su lucha por la tierra y el bienestar de sus comunidades.<\/p>\n<p>Esta marat\u00f3n de Reforma Agraria entreg\u00f3 cerca de 6.000 hect\u00e1reas de tierra a familias rurales de 11 municipios del pa\u00eds y 163 t\u00edtulos de formalizaci\u00f3n de la propiedad rural.<\/p>\n<p>Se llev\u00f3 a cabo en simult\u00e1neo, desde diferentes regiones del pa\u00eds, y fue liderada por la Ministra de Agricultura y Desarrollo Rural, Jhenifer Mojica, y el director de la Agencia Nacional de Tierras, Felipe Harman, junto a otras entidades del Sistema Nacional de Reforma Agraria.<\/p>\n<h2>Este es el d\u200betalle de entregas por evento<\/h2>\n<p><strong>\u200bSan Jacinto (Bol\u00edvar):\u00a0<\/strong>entrega de 108 hect\u00e1reas a 11 familias de la Asociaci\u00f3n Nacional de Usuarios Campesinos (ANUC).<\/p>\n<p><strong>Chin\u00fa (C\u00f3rdoba):\u00a0<\/strong>entrega de 49 hect\u00e1reas a 4 familias de la Red Nacional de Mujeres.<\/p>\n<p><strong>Caucasia (Antioquia):<\/strong>\u00a0entrega de 1.540 hect\u00e1reas a 535 familias campesinas.<\/p>\n<p><strong>Corinto (Cauca):<\/strong>\u00a0entrega del predio El Tabl\u00f3n, de 247 hect\u00e1reas.<\/p>\n<p><strong>Puerto Lleras (Meta):\u00a0<\/strong>entrega de un predio de 829 hect\u00e1reas a 66 familias rurales.<\/p>\n<p><strong>Monter\u00eda (C\u00f3rdoba):<\/strong>\u00a0entrega de 412 hect\u00e1reas a 44 familias de la ANUC.<\/p>\n<p><strong>Pailitas (Cesar):<\/strong>\u00a0entrega de los predios Calandaima y Santo Domingo, por 1.259 hect\u00e1reas en total, para 131 familias de las organizaciones Movimiento de Trabajadores, Campesinos y Comunidades del Cesar (MTCC) y la Asociaci\u00f3n de Campesinos Protectores de la Naturaleza y el Campo (Asopronatura), respectivamente.<\/p>\n<p><strong>San Alberto (Cesar):<\/strong>\u00a0entrega del predio Santa Helena, de 335 hect\u00e1reas, a 32 familias de la ANUC.<\/p>\n<p>Santa Ana (Magdalena): entrega de 1.120 hect\u00e1reas a 65 familias de la Asociaci\u00f3n El Progreso y la Red Nacional Campesina.<\/p>\n<p>San Sebasti\u00e1n de Buenavista (Magdalena): entrega de 130 hect\u00e1reas a la Asociaci\u00f3n Integral de Campesinos Dejando Huella.<\/p>\n<p>\u200bPitalito (Huila): entrega de 163 t\u00edtulos de formalizaci\u00f3n de propiedad rural a campesinos de Pitalito, Isnos y San Agust\u00edn.<\/p>\n","protected":false},"excerpt":{"rendered":"<p>La jornada de Reforma Agraria &#8216;Narciso Bele\u00f1o&#8217; toma su nombre en reconocimiento al l\u00edder campesino asesinado en Santa Rosa, en el Sur de Bol\u00edvar, el 21 de abril de 2024. Asimismo, es un homenaje a l\u00edderes y lideresas asesinadas en su lucha por la tierra y el bienestar de sus comunidades. Esta marat\u00f3n de Reforma [&hellip;]<\/p>\n","protected":false},"author":2,"featured_media":72715,"comment_status":"closed","ping_status":"open","sticky":false,"template":"","format":"standard","meta":{"footnotes":""},"categories":[28],"tags":[],"class_list":["post-72714","post","type-post","status-publish","format-standard","has-post-thumbnail","hentry","category-actualidad"],"yoast_head":"<!-- This site is optimized with the Yoast SEO plugin v26.6 - https:\/\/yoast.com\/wordpress\/plugins\/seo\/ -->\n<title>Jornada nacional de entrega de tierras -<\/title>\n<meta name=\"robots\" content=\"index, follow, max-snippet:-1, max-image-preview:large, max-video-preview:-1\" \/>\n<link rel=\"canonical\" href=\"https:\/\/luchonoticias.com\/editor\/jornada-nacional-de-entrega-de-tierras\/\" \/>\n<meta property=\"og:locale\" content=\"es_ES\" \/>\n<meta property=\"og:type\" content=\"article\" \/>\n<meta property=\"og:title\" content=\"Jornada nacional de entrega de tierras -\" \/>\n<meta property=\"og:url\" content=\"https:\/\/luchonoticias.com\/editor\/jornada-nacional-de-entrega-de-tierras\/\" \/>\n<meta property=\"article:publisher\" content=\"https:\/\/www.facebook.com\/luchonoticiasneiva\" \/>\n<meta property=\"article:published_time\" content=\"2024-05-05T13:00:32+00:00\" \/>\n<meta property=\"og:image\" content=\"https:\/\/luchonoticias.com\/editor\/wp-content\/uploads\/2024\/05\/entrega-tierras.jpg\" \/>\n\t<meta property=\"og:image:width\" content=\"700\" \/>\n\t<meta property=\"og:image:height\" content=\"400\" \/>\n\t<meta property=\"og:image:type\" content=\"image\/jpeg\" \/>\n<meta name=\"author\" content=\"Editor General\" \/>\n<meta name=\"twitter:card\" content=\"summary_large_image\" \/>\n<meta name=\"twitter:label1\" content=\"Escrito por\" \/>\n\t<meta name=\"twitter:data1\" content=\"Editor General\" \/>\n\t<meta name=\"twitter:label2\" content=\"Tiempo de lectura\" \/>\n\t<meta name=\"twitter:data2\" content=\"2 minutos\" \/>\n<script type=\"application\/ld+json\" class=\"yoast-schema-graph\">{\"@context\":\"https:\/\/schema.org\",\"@graph\":[{\"@type\":\"Article\",\"@id\":\"https:\/\/luchonoticias.com\/editor\/jornada-nacional-de-entrega-de-tierras\/#article\",\"isPartOf\":{\"@id\":\"https:\/\/luchonoticias.com\/editor\/jornada-nacional-de-entrega-de-tierras\/\"},\"author\":{\"name\":\"Editor General\",\"@id\":\"https:\/\/luchonoticias.com\/editor\/#\/schema\/person\/29217990ddf6f14e35912b2866d591fb\"},\"headline\":\"Jornada nacional de entrega de tierras\",\"datePublished\":\"2024-05-05T13:00:32+00:00\",\"mainEntityOfPage\":{\"@id\":\"https:\/\/luchonoticias.com\/editor\/jornada-nacional-de-entrega-de-tierras\/\"},\"wordCount\":346,\"publisher\":{\"@id\":\"https:\/\/luchonoticias.com\/editor\/#\/schema\/person\/7a7fd911f58561fd056dbac7b55af9cd\"},\"image\":{\"@id\":\"https:\/\/luchonoticias.com\/editor\/jornada-nacional-de-entrega-de-tierras\/#primaryimage\"},\"thumbnailUrl\":\"https:\/\/luchonoticias.com\/editor\/wp-content\/uploads\/2024\/05\/entrega-tierras.jpg\",\"articleSection\":[\"Actualidad\"],\"inLanguage\":\"es\"},{\"@type\":\"WebPage\",\"@id\":\"https:\/\/luchonoticias.com\/editor\/jornada-nacional-de-entrega-de-tierras\/\",\"url\":\"https:\/\/luchonoticias.com\/editor\/jornada-nacional-de-entrega-de-tierras\/\",\"name\":\"Jornada nacional de entrega de tierras -\",\"isPartOf\":{\"@id\":\"https:\/\/luchonoticias.com\/editor\/#website\"},\"primaryImageOfPage\":{\"@id\":\"https:\/\/luchonoticias.com\/editor\/jornada-nacional-de-entrega-de-tierras\/#primaryimage\"},\"image\":{\"@id\":\"https:\/\/luchonoticias.com\/editor\/jornada-nacional-de-entrega-de-tierras\/#primaryimage\"},\"thumbnailUrl\":\"https:\/\/luchonoticias.com\/editor\/wp-content\/uploads\/2024\/05\/entrega-tierras.jpg\",\"datePublished\":\"2024-05-05T13:00:32+00:00\",\"breadcrumb\":{\"@id\":\"https:\/\/luchonoticias.com\/editor\/jornada-nacional-de-entrega-de-tierras\/#breadcrumb\"},\"inLanguage\":\"es\",\"potentialAction\":[{\"@type\":\"ReadAction\",\"target\":[\"https:\/\/luchonoticias.com\/editor\/jornada-nacional-de-entrega-de-tierras\/\"]}]},{\"@type\":\"ImageObject\",\"inLanguage\":\"es\",\"@id\":\"https:\/\/luchonoticias.com\/editor\/jornada-nacional-de-entrega-de-tierras\/#primaryimage\",\"url\":\"https:\/\/luchonoticias.com\/editor\/wp-content\/uploads\/2024\/05\/entrega-tierras.jpg\",\"contentUrl\":\"https:\/\/luchonoticias.com\/editor\/wp-content\/uploads\/2024\/05\/entrega-tierras.jpg\",\"width\":700,\"height\":400},{\"@type\":\"BreadcrumbList\",\"@id\":\"https:\/\/luchonoticias.com\/editor\/jornada-nacional-de-entrega-de-tierras\/#breadcrumb\",\"itemListElement\":[{\"@type\":\"ListItem\",\"position\":1,\"name\":\"Portada\",\"item\":\"https:\/\/luchonoticias.com\/editor\/\"},{\"@type\":\"ListItem\",\"position\":2,\"name\":\"Jornada nacional de entrega de tierras\"}]},{\"@type\":\"WebSite\",\"@id\":\"https:\/\/luchonoticias.com\/editor\/#website\",\"url\":\"https:\/\/luchonoticias.com\/editor\/\",\"name\":\"\",\"description\":\"\",\"publisher\":{\"@id\":\"https:\/\/luchonoticias.com\/editor\/#\/schema\/person\/7a7fd911f58561fd056dbac7b55af9cd\"},\"potentialAction\":[{\"@type\":\"SearchAction\",\"target\":{\"@type\":\"EntryPoint\",\"urlTemplate\":\"https:\/\/luchonoticias.com\/editor\/?s={search_term_string}\"},\"query-input\":{\"@type\":\"PropertyValueSpecification\",\"valueRequired\":true,\"valueName\":\"search_term_string\"}}],\"inLanguage\":\"es\"},{\"@type\":[\"Person\",\"Organization\"],\"@id\":\"https:\/\/luchonoticias.com\/editor\/#\/schema\/person\/7a7fd911f58561fd056dbac7b55af9cd\",\"name\":\"admin\",\"image\":{\"@type\":\"ImageObject\",\"inLanguage\":\"es\",\"@id\":\"https:\/\/luchonoticias.com\/editor\/#\/schema\/person\/image\/\",\"url\":\"https:\/\/luchonoticias.com\/editor\/wp-content\/uploads\/2024\/02\/cropped-cropped-logolu.webp\",\"contentUrl\":\"https:\/\/luchonoticias.com\/editor\/wp-content\/uploads\/2024\/02\/cropped-cropped-logolu.webp\",\"width\":382,\"height\":170,\"caption\":\"admin\"},\"logo\":{\"@id\":\"https:\/\/luchonoticias.com\/editor\/#\/schema\/person\/image\/\"},\"sameAs\":[\"https:\/\/www.facebook.com\/luchonoticiasneiva\"]},{\"@type\":\"Person\",\"@id\":\"https:\/\/luchonoticias.com\/editor\/#\/schema\/person\/29217990ddf6f14e35912b2866d591fb\",\"name\":\"Editor General\",\"image\":{\"@type\":\"ImageObject\",\"inLanguage\":\"es\",\"@id\":\"https:\/\/luchonoticias.com\/editor\/#\/schema\/person\/image\/\",\"url\":\"https:\/\/luchonoticias.com\/editor\/wp-content\/uploads\/2024\/02\/cropped-cropped-logolu-150x150.webp\",\"contentUrl\":\"https:\/\/luchonoticias.com\/editor\/wp-content\/uploads\/2024\/02\/cropped-cropped-logolu-150x150.webp\",\"caption\":\"Editor General\"},\"sameAs\":[\"https:\/\/luchonoticias.com\/\"],\"url\":\"https:\/\/luchonoticias.com\/editor\/author\/editor-general\/\"}]}<\/script>\n<!-- \/ Yoast SEO plugin. -->","yoast_head_json":{"title":"Jornada nacional de entrega de tierras -","robots":{"index":"index","follow":"follow","max-snippet":"max-snippet:-1","max-image-preview":"max-image-preview:large","max-video-preview":"max-video-preview:-1"},"canonical":"https:\/\/luchonoticias.com\/editor\/jornada-nacional-de-entrega-de-tierras\/","og_locale":"es_ES","og_type":"article","og_title":"Jornada nacional de entrega de tierras -","og_url":"https:\/\/luchonoticias.com\/editor\/jornada-nacional-de-entrega-de-tierras\/","article_publisher":"https:\/\/www.facebook.com\/luchonoticiasneiva","article_published_time":"2024-05-05T13:00:32+00:00","og_image":[{"width":700,"height":400,"url":"https:\/\/luchonoticias.com\/editor\/wp-content\/uploads\/2024\/05\/entrega-tierras.jpg","type":"image\/jpeg"}],"author":"Editor General","twitter_card":"summary_large_image","twitter_misc":{"Escrito por":"Editor General","Tiempo de lectura":"2 minutos"},"schema":{"@context":"https:\/\/schema.org","@graph":[{"@type":"Article","@id":"https:\/\/luchonoticias.com\/editor\/jornada-nacional-de-entrega-de-tierras\/#article","isPartOf":{"@id":"https:\/\/luchonoticias.com\/editor\/jornada-nacional-de-entrega-de-tierras\/"},"author":{"name":"Editor General","@id":"https:\/\/luchonoticias.com\/editor\/#\/schema\/person\/29217990ddf6f14e35912b2866d591fb"},"headline":"Jornada nacional de entrega de tierras","datePublished":"2024-05-05T13:00:32+00:00","mainEntityOfPage":{"@id":"https:\/\/luchonoticias.com\/editor\/jornada-nacional-de-entrega-de-tierras\/"},"wordCount":346,"publisher":{"@id":"https:\/\/luchonoticias.com\/editor\/#\/schema\/person\/7a7fd911f58561fd056dbac7b55af9cd"},"image":{"@id":"https:\/\/luchonoticias.com\/editor\/jornada-nacional-de-entrega-de-tierras\/#primaryimage"},"thumbnailUrl":"https:\/\/luchonoticias.com\/editor\/wp-content\/uploads\/2024\/05\/entrega-tierras.jpg","articleSection":["Actualidad"],"inLanguage":"es"},{"@type":"WebPage","@id":"https:\/\/luchonoticias.com\/editor\/jornada-nacional-de-entrega-de-tierras\/","url":"https:\/\/luchonoticias.com\/editor\/jornada-nacional-de-entrega-de-tierras\/","name":"Jornada nacional de entrega de tierras -","isPartOf":{"@id":"https:\/\/luchonoticias.com\/editor\/#website"},"primaryImageOfPage":{"@id":"https:\/\/luchonoticias.com\/editor\/jornada-nacional-de-entrega-de-tierras\/#primaryimage"},"image":{"@id":"https:\/\/luchonoticias.com\/editor\/jornada-nacional-de-entrega-de-tierras\/#primaryimage"},"thumbnailUrl":"https:\/\/luchonoticias.com\/editor\/wp-content\/uploads\/2024\/05\/entrega-tierras.jpg","datePublished":"2024-05-05T13:00:32+00:00","breadcrumb":{"@id":"https:\/\/luchonoticias.com\/editor\/jornada-nacional-de-entrega-de-tierras\/#breadcrumb"},"inLanguage":"es","potentialAction":[{"@type":"ReadAction","target":["https:\/\/luchonoticias.com\/editor\/jornada-nacional-de-entrega-de-tierras\/"]}]},{"@type":"ImageObject","inLanguage":"es","@id":"https:\/\/luchonoticias.com\/editor\/jornada-nacional-de-entrega-de-tierras\/#primaryimage","url":"https:\/\/luchonoticias.com\/editor\/wp-content\/uploads\/2024\/05\/entrega-tierras.jpg","contentUrl":"https:\/\/luchonoticias.com\/editor\/wp-content\/uploads\/2024\/05\/entrega-tierras.jpg","width":700,"height":400},{"@type":"BreadcrumbList","@id":"https:\/\/luchonoticias.com\/editor\/jornada-nacional-de-entrega-de-tierras\/#breadcrumb","itemListElement":[{"@type":"ListItem","position":1,"name":"Portada","item":"https:\/\/luchonoticias.com\/editor\/"},{"@type":"ListItem","position":2,"name":"Jornada nacional de entrega de tierras"}]},{"@type":"WebSite","@id":"https:\/\/luchonoticias.com\/editor\/#website","url":"https:\/\/luchonoticias.com\/editor\/","name":"","description":"","publisher":{"@id":"https:\/\/luchonoticias.com\/editor\/#\/schema\/person\/7a7fd911f58561fd056dbac7b55af9cd"},"potentialAction":[{"@type":"SearchAction","target":{"@type":"EntryPoint","urlTemplate":"https:\/\/luchonoticias.com\/editor\/?s={search_term_string}"},"query-input":{"@type":"PropertyValueSpecification","valueRequired":true,"valueName":"search_term_string"}}],"inLanguage":"es"},{"@type":["Person","Organization"],"@id":"https:\/\/luchonoticias.com\/editor\/#\/schema\/person\/7a7fd911f58561fd056dbac7b55af9cd","name":"admin","image":{"@type":"ImageObject","inLanguage":"es","@id":"https:\/\/luchonoticias.com\/editor\/#\/schema\/person\/image\/","url":"https:\/\/luchonoticias.com\/editor\/wp-content\/uploads\/2024\/02\/cropped-cropped-logolu.webp","contentUrl":"https:\/\/luchonoticias.com\/editor\/wp-content\/uploads\/2024\/02\/cropped-cropped-logolu.webp","width":382,"height":170,"caption":"admin"},"logo":{"@id":"https:\/\/luchonoticias.com\/editor\/#\/schema\/person\/image\/"},"sameAs":["https:\/\/www.facebook.com\/luchonoticiasneiva"]},{"@type":"Person","@id":"https:\/\/luchonoticias.com\/editor\/#\/schema\/person\/29217990ddf6f14e35912b2866d591fb","name":"Editor General","image":{"@type":"ImageObject","inLanguage":"es","@id":"https:\/\/luchonoticias.com\/editor\/#\/schema\/person\/image\/","url":"https:\/\/luchonoticias.com\/editor\/wp-content\/uploads\/2024\/02\/cropped-cropped-logolu-150x150.webp","contentUrl":"https:\/\/luchonoticias.com\/editor\/wp-content\/uploads\/2024\/02\/cropped-cropped-logolu-150x150.webp","caption":"Editor General"},"sameAs":["https:\/\/luchonoticias.com\/"],"url":"https:\/\/luchonoticias.com\/editor\/author\/editor-general\/"}]}},"_links":{"self":[{"href":"https:\/\/luchonoticias.com\/editor\/wp-json\/wp\/v2\/posts\/72714","targetHints":{"allow":["GET"]}}],"collection":[{"href":"https:\/\/luchonoticias.com\/editor\/wp-json\/wp\/v2\/posts"}],"about":[{"href":"https:\/\/luchonoticias.com\/editor\/wp-json\/wp\/v2\/types\/post"}],"author":[{"embeddable":true,"href":"https:\/\/luchonoticias.com\/editor\/wp-json\/wp\/v2\/users\/2"}],"replies":[{"embeddable":true,"href":"https:\/\/luchonoticias.com\/editor\/wp-json\/wp\/v2\/comments?post=72714"}],"version-history":[{"count":0,"href":"https:\/\/luchonoticias.com\/editor\/wp-json\/wp\/v2\/posts\/72714\/revisions"}],"wp:featuredmedia":[{"embeddable":true,"href":"https:\/\/luchonoticias.com\/editor\/wp-json\/wp\/v2\/media\/72715"}],"wp:attachment":[{"href":"https:\/\/luchonoticias.com\/editor\/wp-json\/wp\/v2\/media?parent=72714"}],"wp:term":[{"taxonomy":"category","embeddable":true,"href":"https:\/\/luchonoticias.com\/editor\/wp-json\/wp\/v2\/categories?post=72714"},{"taxonomy":"post_tag","embeddable":true,"href":"https:\/\/luchonoticias.com\/editor\/wp-json\/wp\/v2\/tags?post=72714"}],"curies":[{"name":"wp","href":"https:\/\/api.w.org\/{rel}","templated":true}]}}