{"id":72720,"date":"2024-05-05T08:13:39","date_gmt":"2024-05-05T13:13:39","guid":{"rendered":"https:\/\/luchonoticias.com\/?p=72720"},"modified":"2024-05-05T08:13:39","modified_gmt":"2024-05-05T13:13:39","slug":"comienza-proceso-educativo-para-la-primera-infancia-en-neiva","status":"publish","type":"post","link":"https:\/\/luchonoticias.com\/editor\/comienza-proceso-educativo-para-la-primera-infancia-en-neiva\/","title":{"rendered":"Comienza proceso educativo para la primera infancia en Neiva"},"content":{"rendered":"<p>Bajo la directriz del gobierno nacional en la que se estableci\u00f3 la pol\u00edtica de educaci\u00f3n inicial, la Alcald\u00eda de Neiva a trav\u00e9s de la Secretar\u00eda de Educaci\u00f3n, empez\u00f3 la ampliaci\u00f3n de la oferta institucional en 21 colegios de la ciudad en los que ni\u00f1os y ni\u00f1as de tres y cuatro a\u00f1os desarrollar\u00e1n su proceso de educaci\u00f3n temprana.<\/p>\n<p>La ampliaci\u00f3n en la cobertura permitir\u00e1 que los ni\u00f1os desde corta edad, al igual que los padres de familia, se motiven y contin\u00faen el proceso educativo, entendiendo que estos grados iniciales, pretenden desarrollar destrezas y habilidades en los peque\u00f1os.<\/p>\n<p>\u201cEst\u00e1 demostrado que los ni\u00f1os a temprana edad tienen m\u00e1s facilidad para empezar, iniciar y motivarse en su proceso de aprendizaje\u201d, enfatiz\u00f3 la Natalia Rodr\u00edguez, secretaria de Educaci\u00f3n.<\/p>\n<p>Para tal fin, la Secretar\u00eda de Educaci\u00f3n gestion\u00f3 cerca de 1.300 millones de pesos para cada vigencia con los que se garantiza la ampliaci\u00f3n de la planta de docentes con 19 maestros; asimismo, con la finalidad de brindar ambientes escolares aptos para los ni\u00f1os y ni\u00f1as m\u00e1s peque\u00f1os, la cartera de Educaci\u00f3n har\u00e1 mejoramientos en la infraestructura, dotaci\u00f3n y ampliaci\u00f3n del Programa de Alimentaci\u00f3n Escolar, PAE, para m\u00e1s de 420 peque\u00f1os, lo anterior gestionado a trav\u00e9s del gobierno nacional.<\/p>\n<p><strong>Reacciones<\/strong><\/p>\n<p>\u201cMuy contenta y agradecida, creo que ha sido asertivo del gobierno implementar este nuevo proyecto. Los ni\u00f1os entre los tres y cuatro a\u00f1os es donde m\u00e1s aprenden\u201d, reconoci\u00f3 Olga Medina, madre de familia.<\/p>\n<p>\u201cEl ni\u00f1o ahorita llega muy contento del colegio, hace sus tareas, se desempe\u00f1a mejor y me ha gustado mucho el tema de tenerlo ac\u00e1\u201d, coment\u00f3 Liliana Carvajal madre de familia.<\/p>\n<p>Tatiana Ninco es licenciada en pedagog\u00eda infantil y lleva a su hija a la sede Garabaticos del colegio El Limonar, ella manifest\u00f3 \u201che notado que la ni\u00f1a ha podido interactuar m\u00e1s con sus compa\u00f1eritos, est\u00e1 abierta al dialogo desde el colegio a la casa, llega a la casa y nos comenta aue es lo que ha hecho, entonces por esa parte estoy contenta\u201d.<\/p>\n","protected":false},"excerpt":{"rendered":"<p>Bajo la directriz del gobierno nacional en la que se estableci\u00f3 la pol\u00edtica de educaci\u00f3n inicial, la Alcald\u00eda de Neiva a trav\u00e9s de la Secretar\u00eda de Educaci\u00f3n, empez\u00f3 la ampliaci\u00f3n de la oferta institucional en 21 colegios de la ciudad en los que ni\u00f1os y ni\u00f1as de tres y cuatro a\u00f1os desarrollar\u00e1n su proceso de [&hellip;]<\/p>\n","protected":false},"author":2,"featured_media":72721,"comment_status":"closed","ping_status":"open","sticky":false,"template":"","format":"standard","meta":{"footnotes":""},"categories":[31],"tags":[],"class_list":["post-72720","post","type-post","status-publish","format-standard","has-post-thumbnail","hentry","category-local"],"yoast_head":"<!-- This site is optimized with the Yoast SEO plugin v26.6 - https:\/\/yoast.com\/wordpress\/plugins\/seo\/ -->\n<title>Comienza proceso educativo para la primera infancia en Neiva -<\/title>\n<meta name=\"robots\" content=\"index, follow, max-snippet:-1, max-image-preview:large, max-video-preview:-1\" \/>\n<link rel=\"canonical\" href=\"https:\/\/luchonoticias.com\/editor\/comienza-proceso-educativo-para-la-primera-infancia-en-neiva\/\" \/>\n<meta property=\"og:locale\" content=\"es_ES\" \/>\n<meta property=\"og:type\" content=\"article\" \/>\n<meta property=\"og:title\" content=\"Comienza proceso educativo para la primera infancia en Neiva -\" \/>\n<meta property=\"og:url\" content=\"https:\/\/luchonoticias.com\/editor\/comienza-proceso-educativo-para-la-primera-infancia-en-neiva\/\" \/>\n<meta property=\"article:publisher\" content=\"https:\/\/www.facebook.com\/luchonoticiasneiva\" \/>\n<meta property=\"article:published_time\" content=\"2024-05-05T13:13:39+00:00\" \/>\n<meta property=\"og:image\" content=\"https:\/\/luchonoticias.com\/editor\/wp-content\/uploads\/2024\/05\/educacion-inicial.jpg\" \/>\n\t<meta property=\"og:image:width\" content=\"700\" \/>\n\t<meta property=\"og:image:height\" content=\"400\" \/>\n\t<meta property=\"og:image:type\" content=\"image\/jpeg\" \/>\n<meta name=\"author\" content=\"Editor General\" \/>\n<meta name=\"twitter:card\" content=\"summary_large_image\" \/>\n<meta name=\"twitter:label1\" content=\"Escrito por\" \/>\n\t<meta name=\"twitter:data1\" content=\"Editor General\" \/>\n\t<meta name=\"twitter:label2\" content=\"Tiempo de lectura\" \/>\n\t<meta name=\"twitter:data2\" content=\"2 minutos\" \/>\n<script type=\"application\/ld+json\" class=\"yoast-schema-graph\">{\"@context\":\"https:\/\/schema.org\",\"@graph\":[{\"@type\":\"Article\",\"@id\":\"https:\/\/luchonoticias.com\/editor\/comienza-proceso-educativo-para-la-primera-infancia-en-neiva\/#article\",\"isPartOf\":{\"@id\":\"https:\/\/luchonoticias.com\/editor\/comienza-proceso-educativo-para-la-primera-infancia-en-neiva\/\"},\"author\":{\"name\":\"Editor General\",\"@id\":\"https:\/\/luchonoticias.com\/editor\/#\/schema\/person\/29217990ddf6f14e35912b2866d591fb\"},\"headline\":\"Comienza proceso educativo para la primera infancia en Neiva\",\"datePublished\":\"2024-05-05T13:13:39+00:00\",\"mainEntityOfPage\":{\"@id\":\"https:\/\/luchonoticias.com\/editor\/comienza-proceso-educativo-para-la-primera-infancia-en-neiva\/\"},\"wordCount\":378,\"publisher\":{\"@id\":\"https:\/\/luchonoticias.com\/editor\/#\/schema\/person\/7a7fd911f58561fd056dbac7b55af9cd\"},\"image\":{\"@id\":\"https:\/\/luchonoticias.com\/editor\/comienza-proceso-educativo-para-la-primera-infancia-en-neiva\/#primaryimage\"},\"thumbnailUrl\":\"https:\/\/luchonoticias.com\/editor\/wp-content\/uploads\/2024\/05\/educacion-inicial.jpg\",\"articleSection\":[\"Local\"],\"inLanguage\":\"es\"},{\"@type\":\"WebPage\",\"@id\":\"https:\/\/luchonoticias.com\/editor\/comienza-proceso-educativo-para-la-primera-infancia-en-neiva\/\",\"url\":\"https:\/\/luchonoticias.com\/editor\/comienza-proceso-educativo-para-la-primera-infancia-en-neiva\/\",\"name\":\"Comienza proceso educativo para la primera infancia en Neiva -\",\"isPartOf\":{\"@id\":\"https:\/\/luchonoticias.com\/editor\/#website\"},\"primaryImageOfPage\":{\"@id\":\"https:\/\/luchonoticias.com\/editor\/comienza-proceso-educativo-para-la-primera-infancia-en-neiva\/#primaryimage\"},\"image\":{\"@id\":\"https:\/\/luchonoticias.com\/editor\/comienza-proceso-educativo-para-la-primera-infancia-en-neiva\/#primaryimage\"},\"thumbnailUrl\":\"https:\/\/luchonoticias.com\/editor\/wp-content\/uploads\/2024\/05\/educacion-inicial.jpg\",\"datePublished\":\"2024-05-05T13:13:39+00:00\",\"breadcrumb\":{\"@id\":\"https:\/\/luchonoticias.com\/editor\/comienza-proceso-educativo-para-la-primera-infancia-en-neiva\/#breadcrumb\"},\"inLanguage\":\"es\",\"potentialAction\":[{\"@type\":\"ReadAction\",\"target\":[\"https:\/\/luchonoticias.com\/editor\/comienza-proceso-educativo-para-la-primera-infancia-en-neiva\/\"]}]},{\"@type\":\"ImageObject\",\"inLanguage\":\"es\",\"@id\":\"https:\/\/luchonoticias.com\/editor\/comienza-proceso-educativo-para-la-primera-infancia-en-neiva\/#primaryimage\",\"url\":\"https:\/\/luchonoticias.com\/editor\/wp-content\/uploads\/2024\/05\/educacion-inicial.jpg\",\"contentUrl\":\"https:\/\/luchonoticias.com\/editor\/wp-content\/uploads\/2024\/05\/educacion-inicial.jpg\",\"width\":700,\"height\":400},{\"@type\":\"BreadcrumbList\",\"@id\":\"https:\/\/luchonoticias.com\/editor\/comienza-proceso-educativo-para-la-primera-infancia-en-neiva\/#breadcrumb\",\"itemListElement\":[{\"@type\":\"ListItem\",\"position\":1,\"name\":\"Portada\",\"item\":\"https:\/\/luchonoticias.com\/editor\/\"},{\"@type\":\"ListItem\",\"position\":2,\"name\":\"Comienza proceso educativo para la primera infancia en Neiva\"}]},{\"@type\":\"WebSite\",\"@id\":\"https:\/\/luchonoticias.com\/editor\/#website\",\"url\":\"https:\/\/luchonoticias.com\/editor\/\",\"name\":\"\",\"description\":\"\",\"publisher\":{\"@id\":\"https:\/\/luchonoticias.com\/editor\/#\/schema\/person\/7a7fd911f58561fd056dbac7b55af9cd\"},\"potentialAction\":[{\"@type\":\"SearchAction\",\"target\":{\"@type\":\"EntryPoint\",\"urlTemplate\":\"https:\/\/luchonoticias.com\/editor\/?s={search_term_string}\"},\"query-input\":{\"@type\":\"PropertyValueSpecification\",\"valueRequired\":true,\"valueName\":\"search_term_string\"}}],\"inLanguage\":\"es\"},{\"@type\":[\"Person\",\"Organization\"],\"@id\":\"https:\/\/luchonoticias.com\/editor\/#\/schema\/person\/7a7fd911f58561fd056dbac7b55af9cd\",\"name\":\"admin\",\"image\":{\"@type\":\"ImageObject\",\"inLanguage\":\"es\",\"@id\":\"https:\/\/luchonoticias.com\/editor\/#\/schema\/person\/image\/\",\"url\":\"https:\/\/luchonoticias.com\/editor\/wp-content\/uploads\/2024\/02\/cropped-cropped-logolu.webp\",\"contentUrl\":\"https:\/\/luchonoticias.com\/editor\/wp-content\/uploads\/2024\/02\/cropped-cropped-logolu.webp\",\"width\":382,\"height\":170,\"caption\":\"admin\"},\"logo\":{\"@id\":\"https:\/\/luchonoticias.com\/editor\/#\/schema\/person\/image\/\"},\"sameAs\":[\"https:\/\/www.facebook.com\/luchonoticiasneiva\"]},{\"@type\":\"Person\",\"@id\":\"https:\/\/luchonoticias.com\/editor\/#\/schema\/person\/29217990ddf6f14e35912b2866d591fb\",\"name\":\"Editor General\",\"image\":{\"@type\":\"ImageObject\",\"inLanguage\":\"es\",\"@id\":\"https:\/\/luchonoticias.com\/editor\/#\/schema\/person\/image\/\",\"url\":\"https:\/\/luchonoticias.com\/editor\/wp-content\/uploads\/2024\/02\/cropped-cropped-logolu-150x150.webp\",\"contentUrl\":\"https:\/\/luchonoticias.com\/editor\/wp-content\/uploads\/2024\/02\/cropped-cropped-logolu-150x150.webp\",\"caption\":\"Editor General\"},\"sameAs\":[\"https:\/\/luchonoticias.com\/\"],\"url\":\"https:\/\/luchonoticias.com\/editor\/author\/editor-general\/\"}]}<\/script>\n<!-- \/ Yoast SEO plugin. -->","yoast_head_json":{"title":"Comienza proceso educativo para la primera infancia en Neiva -","robots":{"index":"index","follow":"follow","max-snippet":"max-snippet:-1","max-image-preview":"max-image-preview:large","max-video-preview":"max-video-preview:-1"},"canonical":"https:\/\/luchonoticias.com\/editor\/comienza-proceso-educativo-para-la-primera-infancia-en-neiva\/","og_locale":"es_ES","og_type":"article","og_title":"Comienza proceso educativo para la primera infancia en Neiva -","og_url":"https:\/\/luchonoticias.com\/editor\/comienza-proceso-educativo-para-la-primera-infancia-en-neiva\/","article_publisher":"https:\/\/www.facebook.com\/luchonoticiasneiva","article_published_time":"2024-05-05T13:13:39+00:00","og_image":[{"width":700,"height":400,"url":"https:\/\/luchonoticias.com\/editor\/wp-content\/uploads\/2024\/05\/educacion-inicial.jpg","type":"image\/jpeg"}],"author":"Editor General","twitter_card":"summary_large_image","twitter_misc":{"Escrito por":"Editor General","Tiempo de lectura":"2 minutos"},"schema":{"@context":"https:\/\/schema.org","@graph":[{"@type":"Article","@id":"https:\/\/luchonoticias.com\/editor\/comienza-proceso-educativo-para-la-primera-infancia-en-neiva\/#article","isPartOf":{"@id":"https:\/\/luchonoticias.com\/editor\/comienza-proceso-educativo-para-la-primera-infancia-en-neiva\/"},"author":{"name":"Editor General","@id":"https:\/\/luchonoticias.com\/editor\/#\/schema\/person\/29217990ddf6f14e35912b2866d591fb"},"headline":"Comienza proceso educativo para la primera infancia en Neiva","datePublished":"2024-05-05T13:13:39+00:00","mainEntityOfPage":{"@id":"https:\/\/luchonoticias.com\/editor\/comienza-proceso-educativo-para-la-primera-infancia-en-neiva\/"},"wordCount":378,"publisher":{"@id":"https:\/\/luchonoticias.com\/editor\/#\/schema\/person\/7a7fd911f58561fd056dbac7b55af9cd"},"image":{"@id":"https:\/\/luchonoticias.com\/editor\/comienza-proceso-educativo-para-la-primera-infancia-en-neiva\/#primaryimage"},"thumbnailUrl":"https:\/\/luchonoticias.com\/editor\/wp-content\/uploads\/2024\/05\/educacion-inicial.jpg","articleSection":["Local"],"inLanguage":"es"},{"@type":"WebPage","@id":"https:\/\/luchonoticias.com\/editor\/comienza-proceso-educativo-para-la-primera-infancia-en-neiva\/","url":"https:\/\/luchonoticias.com\/editor\/comienza-proceso-educativo-para-la-primera-infancia-en-neiva\/","name":"Comienza proceso educativo para la primera infancia en Neiva -","isPartOf":{"@id":"https:\/\/luchonoticias.com\/editor\/#website"},"primaryImageOfPage":{"@id":"https:\/\/luchonoticias.com\/editor\/comienza-proceso-educativo-para-la-primera-infancia-en-neiva\/#primaryimage"},"image":{"@id":"https:\/\/luchonoticias.com\/editor\/comienza-proceso-educativo-para-la-primera-infancia-en-neiva\/#primaryimage"},"thumbnailUrl":"https:\/\/luchonoticias.com\/editor\/wp-content\/uploads\/2024\/05\/educacion-inicial.jpg","datePublished":"2024-05-05T13:13:39+00:00","breadcrumb":{"@id":"https:\/\/luchonoticias.com\/editor\/comienza-proceso-educativo-para-la-primera-infancia-en-neiva\/#breadcrumb"},"inLanguage":"es","potentialAction":[{"@type":"ReadAction","target":["https:\/\/luchonoticias.com\/editor\/comienza-proceso-educativo-para-la-primera-infancia-en-neiva\/"]}]},{"@type":"ImageObject","inLanguage":"es","@id":"https:\/\/luchonoticias.com\/editor\/comienza-proceso-educativo-para-la-primera-infancia-en-neiva\/#primaryimage","url":"https:\/\/luchonoticias.com\/editor\/wp-content\/uploads\/2024\/05\/educacion-inicial.jpg","contentUrl":"https:\/\/luchonoticias.com\/editor\/wp-content\/uploads\/2024\/05\/educacion-inicial.jpg","width":700,"height":400},{"@type":"BreadcrumbList","@id":"https:\/\/luchonoticias.com\/editor\/comienza-proceso-educativo-para-la-primera-infancia-en-neiva\/#breadcrumb","itemListElement":[{"@type":"ListItem","position":1,"name":"Portada","item":"https:\/\/luchonoticias.com\/editor\/"},{"@type":"ListItem","position":2,"name":"Comienza proceso educativo para la primera infancia en Neiva"}]},{"@type":"WebSite","@id":"https:\/\/luchonoticias.com\/editor\/#website","url":"https:\/\/luchonoticias.com\/editor\/","name":"","description":"","publisher":{"@id":"https:\/\/luchonoticias.com\/editor\/#\/schema\/person\/7a7fd911f58561fd056dbac7b55af9cd"},"potentialAction":[{"@type":"SearchAction","target":{"@type":"EntryPoint","urlTemplate":"https:\/\/luchonoticias.com\/editor\/?s={search_term_string}"},"query-input":{"@type":"PropertyValueSpecification","valueRequired":true,"valueName":"search_term_string"}}],"inLanguage":"es"},{"@type":["Person","Organization"],"@id":"https:\/\/luchonoticias.com\/editor\/#\/schema\/person\/7a7fd911f58561fd056dbac7b55af9cd","name":"admin","image":{"@type":"ImageObject","inLanguage":"es","@id":"https:\/\/luchonoticias.com\/editor\/#\/schema\/person\/image\/","url":"https:\/\/luchonoticias.com\/editor\/wp-content\/uploads\/2024\/02\/cropped-cropped-logolu.webp","contentUrl":"https:\/\/luchonoticias.com\/editor\/wp-content\/uploads\/2024\/02\/cropped-cropped-logolu.webp","width":382,"height":170,"caption":"admin"},"logo":{"@id":"https:\/\/luchonoticias.com\/editor\/#\/schema\/person\/image\/"},"sameAs":["https:\/\/www.facebook.com\/luchonoticiasneiva"]},{"@type":"Person","@id":"https:\/\/luchonoticias.com\/editor\/#\/schema\/person\/29217990ddf6f14e35912b2866d591fb","name":"Editor General","image":{"@type":"ImageObject","inLanguage":"es","@id":"https:\/\/luchonoticias.com\/editor\/#\/schema\/person\/image\/","url":"https:\/\/luchonoticias.com\/editor\/wp-content\/uploads\/2024\/02\/cropped-cropped-logolu-150x150.webp","contentUrl":"https:\/\/luchonoticias.com\/editor\/wp-content\/uploads\/2024\/02\/cropped-cropped-logolu-150x150.webp","caption":"Editor General"},"sameAs":["https:\/\/luchonoticias.com\/"],"url":"https:\/\/luchonoticias.com\/editor\/author\/editor-general\/"}]}},"_links":{"self":[{"href":"https:\/\/luchonoticias.com\/editor\/wp-json\/wp\/v2\/posts\/72720","targetHints":{"allow":["GET"]}}],"collection":[{"href":"https:\/\/luchonoticias.com\/editor\/wp-json\/wp\/v2\/posts"}],"about":[{"href":"https:\/\/luchonoticias.com\/editor\/wp-json\/wp\/v2\/types\/post"}],"author":[{"embeddable":true,"href":"https:\/\/luchonoticias.com\/editor\/wp-json\/wp\/v2\/users\/2"}],"replies":[{"embeddable":true,"href":"https:\/\/luchonoticias.com\/editor\/wp-json\/wp\/v2\/comments?post=72720"}],"version-history":[{"count":0,"href":"https:\/\/luchonoticias.com\/editor\/wp-json\/wp\/v2\/posts\/72720\/revisions"}],"wp:featuredmedia":[{"embeddable":true,"href":"https:\/\/luchonoticias.com\/editor\/wp-json\/wp\/v2\/media\/72721"}],"wp:attachment":[{"href":"https:\/\/luchonoticias.com\/editor\/wp-json\/wp\/v2\/media?parent=72720"}],"wp:term":[{"taxonomy":"category","embeddable":true,"href":"https:\/\/luchonoticias.com\/editor\/wp-json\/wp\/v2\/categories?post=72720"},{"taxonomy":"post_tag","embeddable":true,"href":"https:\/\/luchonoticias.com\/editor\/wp-json\/wp\/v2\/tags?post=72720"}],"curies":[{"name":"wp","href":"https:\/\/api.w.org\/{rel}","templated":true}]}}