{"id":72729,"date":"2024-05-05T11:17:36","date_gmt":"2024-05-05T16:17:36","guid":{"rendered":"https:\/\/luchonoticias.com\/?p=72729"},"modified":"2024-05-05T11:17:36","modified_gmt":"2024-05-05T16:17:36","slug":"gobernador-presento-al-presidente-propuestas-para-el-sector-agricola","status":"publish","type":"post","link":"https:\/\/luchonoticias.com\/editor\/gobernador-presento-al-presidente-propuestas-para-el-sector-agricola\/","title":{"rendered":"Gobernador present\u00f3 al Presidente propuestas para el sector agr\u00edcola"},"content":{"rendered":"<p>Durante la reciente visita del presidente Gustavo Petro al Municipio de Palermo para dar inicio al proyecto de construcci\u00f3n de la Planta de industrializaci\u00f3n de arroz, el gobernador del Huila Rodrigo Villalba destac\u00f3 las bondades del departamento, como potencial productor de alimentos y turismo rural, y que a futuro podr\u00eda convertirse en pionero en generaci\u00f3n de energ\u00edas alternativas, para lo que el Plan de Ordenamiento Productivo y Social de la Propiedad Rural, es un instrumento de planificaci\u00f3n clave para el desarrollo del territorio, y le permite a la regi\u00f3n estar lista para la implementaci\u00f3n de la pol\u00edtica p\u00fablica de agroindustrializaci\u00f3n.<\/p>\n<p>Ahondando en lo expresado por el presidente Gustavo Petro, sobre la gran oportunidad que tienen los pa\u00edses como Colombia en la producci\u00f3n de alimentos, el mandatario de los huilenses resalt\u00f3 las ventajas comparativas del departamento debido a su ubicaci\u00f3n geogr\u00e1fica, que hoy le permiten sobresalir a nivel nacional en varios renglones productivos.<\/p>\n<p>\u201cEl Huila es el mayor productor de caf\u00e9, cerca del 20% de la producci\u00f3n nacional sale de este departamento, en tilapia producimos cerca del 40% de la producci\u00f3n nacional siendo el mayor exportador del pa\u00eds, y el tercer rengl\u00f3n de la econom\u00eda del departamento es el arroz, de modo pues que usted est\u00e1 aqu\u00ed llegando a un departamento netamente rural\u201d, expres\u00f3.<\/p>\n<p><strong>Mejoramiento de v\u00edas terciarias<\/strong><\/p>\n<p>El gobernador del Huila aprovech\u00f3 para hacer un esbozo de los proyectos que son relevantes para el departamento en materia de productividad, donde sin duda el mejoramiento de v\u00edas terciarias es clave para el desarrollo, por lo que le propuso al presidente Gustavo Petro, trabajar de manera articulada con los municipios para avanzar en esa direcci\u00f3n.<\/p>\n<p>\u201cEl principal reto del sector productivo del Huila son las v\u00edas, las v\u00edas rurales principalmente, que son competencia de los municipios, pero concurren tambi\u00e9n la naci\u00f3n y el departamento. Le he propuesto al Ministerio de V\u00edas una cofinanciaci\u00f3n gobierno nacional, gobierno departamental, nosotros ponemos buena plata si nos aceptan ese modelo; municipios, juntas de acci\u00f3n comunal, y podemos vincular a los caficultores con comit\u00e9s de bases, comit\u00e9s municipales, y la ejecuci\u00f3n se define en el convenio mismo, no estoy interesado en que la gobernaci\u00f3n sea, quiero que haya un piloto en esa conjunci\u00f3n de esfuerzos en v\u00edas terciarias\u201d, indic\u00f3 el gobernador del Huila.<\/p>\n<p><strong>Reforma Agraria<\/strong><\/p>\n<p>Otro de los temas expuestos durante la visita del presidente Gustavo Petro, al municipio de Palermo, y que est\u00e1 en sinton\u00eda con el Plan Nacional de Desarrollo, fue la necesidad de avanzar en la implementaci\u00f3n de la reforma agraria, donde ya existen unos compromisos iniciales para los pr\u00f3ximos 90 d\u00edas de parte de la Agencia Nacional de Tierras, y donde hay un gran inter\u00e9s de parte de la Gobernaci\u00f3n del Huila en materia de formalizaci\u00f3n de predios rurales, para lo cual ya hacen tr\u00e1mite dos proyectos de ordenanza en la Asamblea Departamental, encaminados en otorgar exenciones en el pago de impuestos al departamento para los beneficiados de los programas de regularizaci\u00f3n de la propiedad rural.<\/p>\n<p><strong>Proyectos estrat\u00e9gicos en materia productiva<\/strong><\/p>\n<p>Sin duda, uno de los proyectos estrat\u00e9gico a los que le apuesta el departamento del Huila, y donde se espera la uni\u00f3n de esfuerzos donde confluya el gobierno nacional es la planta de fertilizantes, que permitir\u00eda aprovechar los minerales y reducir costos de producci\u00f3n en el sector agropecuario, como lo expuso el gobernador Rodrigo Villalba.<\/p>\n<p>\u201cAqu\u00ed ya hay una planta de trituraci\u00f3n y calcinaci\u00f3n de este producto, nos falta llegar a la planta de fertilizantes, presidente el Huila es el primer productor de fosforita y segundo de dolomita en el pa\u00eds, materias primas muy importantes para la elaboraci\u00f3n de fertilizantes. Una planta de fertilizantes aqu\u00ed clama a gritos, y el cl\u00faster principal est\u00e1 en esta misma zona, y nos aportar\u00eda much\u00edsimo en la agroindustrializaci\u00f3n como pol\u00edtica del gobierno nacional\u201d, indic\u00f3.<\/p>\n<p>El gobernador del Huila tambi\u00e9n resalt\u00f3 la importancia de trabajar en proyectos para seguir catapultando la caficultura huilense, como la construcci\u00f3n de microcentrales de beneficio que permitan el aseguramiento de la calidad del caf\u00e9, la construcci\u00f3n de la planta liofilizadora del grano en un esfuerzo conjunto con la naci\u00f3n, y la construcci\u00f3n de la Universidad del Caf\u00e9, como un gran anhelo de los huilenses que permitir\u00e1 contribuir a la formaci\u00f3n de capital humano, para seguir fortaleciendo esta cadena de valor.<\/p>\n<p>Igualmente, subray\u00f3 en la necesidad de hacer reconversi\u00f3n energ\u00e9tica de distritos de riego de peque\u00f1a y mediana escala que funcionan con energ\u00edas convencionales, y se dedican a la producci\u00f3n de arroz con bombeo de agua, como Asojuncal, en Palermo; San Borja y Asoporvenir, del Municipio de Villavieja; La Floresta, en Yaguar\u00e1; Asotri\u00e1ngulo y Asosantab\u00e1rbara, en el Municipio de Tesalia.<\/p>\n<p>Dentro de las iniciativas en las que tambi\u00e9n se requiere avanzar es la mecanizaci\u00f3n de suelos con dotaci\u00f3n de bancos de maquinaria especializada, construcci\u00f3n de un puerto multimodal en la Represa de Betania sector de Seboruco, legalizaci\u00f3n del pez Pangasius, y desde luego culminar la segunda fase de la planta de transformaci\u00f3n de arroz en el municipio de Palermo.<\/p>\n<p>Al cierre del encuentro con el presidente Gustavo Petro, el gobernador del Huila Rodrigo Villalba entreg\u00f3 un libro con todo el compendio en materia de ordenamiento productivo y social de la propiedad rural, al indicar que el Huila es un aliado del Plan Nacional de Desarrollo.<\/p>\n","protected":false},"excerpt":{"rendered":"<p>Durante la reciente visita del presidente Gustavo Petro al Municipio de Palermo para dar inicio al proyecto de construcci\u00f3n de la Planta de industrializaci\u00f3n de arroz, el gobernador del Huila Rodrigo Villalba destac\u00f3 las bondades del departamento, como potencial productor de alimentos y turismo rural, y que a futuro podr\u00eda convertirse en pionero en generaci\u00f3n [&hellip;]<\/p>\n","protected":false},"author":2,"featured_media":72730,"comment_status":"closed","ping_status":"open","sticky":false,"template":"","format":"standard","meta":{"footnotes":""},"categories":[33],"tags":[],"class_list":["post-72729","post","type-post","status-publish","format-standard","has-post-thumbnail","hentry","category-huila"],"yoast_head":"<!-- This site is optimized with the Yoast SEO plugin v26.6 - https:\/\/yoast.com\/wordpress\/plugins\/seo\/ -->\n<title>Gobernador present\u00f3 al Presidente propuestas para el sector agr\u00edcola -<\/title>\n<meta name=\"robots\" content=\"index, follow, max-snippet:-1, max-image-preview:large, max-video-preview:-1\" \/>\n<link rel=\"canonical\" href=\"https:\/\/luchonoticias.com\/editor\/gobernador-presento-al-presidente-propuestas-para-el-sector-agricola\/\" \/>\n<meta property=\"og:locale\" content=\"es_ES\" \/>\n<meta property=\"og:type\" content=\"article\" \/>\n<meta property=\"og:title\" content=\"Gobernador present\u00f3 al Presidente propuestas para el sector agr\u00edcola -\" \/>\n<meta property=\"og:url\" content=\"https:\/\/luchonoticias.com\/editor\/gobernador-presento-al-presidente-propuestas-para-el-sector-agricola\/\" \/>\n<meta property=\"article:publisher\" content=\"https:\/\/www.facebook.com\/luchonoticiasneiva\" \/>\n<meta property=\"article:published_time\" content=\"2024-05-05T16:17:36+00:00\" \/>\n<meta property=\"og:image\" content=\"https:\/\/luchonoticias.com\/editor\/wp-content\/uploads\/2024\/05\/gobernador-propuestas.jpg\" \/>\n\t<meta property=\"og:image:width\" content=\"700\" \/>\n\t<meta property=\"og:image:height\" content=\"400\" \/>\n\t<meta property=\"og:image:type\" content=\"image\/jpeg\" \/>\n<meta name=\"author\" content=\"Editor General\" \/>\n<meta name=\"twitter:card\" content=\"summary_large_image\" \/>\n<meta name=\"twitter:label1\" content=\"Escrito por\" \/>\n\t<meta name=\"twitter:data1\" content=\"Editor General\" \/>\n\t<meta name=\"twitter:label2\" content=\"Tiempo de lectura\" \/>\n\t<meta name=\"twitter:data2\" content=\"5 minutos\" \/>\n<script type=\"application\/ld+json\" class=\"yoast-schema-graph\">{\"@context\":\"https:\/\/schema.org\",\"@graph\":[{\"@type\":\"Article\",\"@id\":\"https:\/\/luchonoticias.com\/editor\/gobernador-presento-al-presidente-propuestas-para-el-sector-agricola\/#article\",\"isPartOf\":{\"@id\":\"https:\/\/luchonoticias.com\/editor\/gobernador-presento-al-presidente-propuestas-para-el-sector-agricola\/\"},\"author\":{\"name\":\"Editor General\",\"@id\":\"https:\/\/luchonoticias.com\/editor\/#\/schema\/person\/29217990ddf6f14e35912b2866d591fb\"},\"headline\":\"Gobernador present\u00f3 al Presidente propuestas para el sector agr\u00edcola\",\"datePublished\":\"2024-05-05T16:17:36+00:00\",\"mainEntityOfPage\":{\"@id\":\"https:\/\/luchonoticias.com\/editor\/gobernador-presento-al-presidente-propuestas-para-el-sector-agricola\/\"},\"wordCount\":957,\"publisher\":{\"@id\":\"https:\/\/luchonoticias.com\/editor\/#\/schema\/person\/7a7fd911f58561fd056dbac7b55af9cd\"},\"image\":{\"@id\":\"https:\/\/luchonoticias.com\/editor\/gobernador-presento-al-presidente-propuestas-para-el-sector-agricola\/#primaryimage\"},\"thumbnailUrl\":\"https:\/\/luchonoticias.com\/editor\/wp-content\/uploads\/2024\/05\/gobernador-propuestas.jpg\",\"articleSection\":[\"Huila\"],\"inLanguage\":\"es\"},{\"@type\":\"WebPage\",\"@id\":\"https:\/\/luchonoticias.com\/editor\/gobernador-presento-al-presidente-propuestas-para-el-sector-agricola\/\",\"url\":\"https:\/\/luchonoticias.com\/editor\/gobernador-presento-al-presidente-propuestas-para-el-sector-agricola\/\",\"name\":\"Gobernador present\u00f3 al Presidente propuestas para el sector agr\u00edcola -\",\"isPartOf\":{\"@id\":\"https:\/\/luchonoticias.com\/editor\/#website\"},\"primaryImageOfPage\":{\"@id\":\"https:\/\/luchonoticias.com\/editor\/gobernador-presento-al-presidente-propuestas-para-el-sector-agricola\/#primaryimage\"},\"image\":{\"@id\":\"https:\/\/luchonoticias.com\/editor\/gobernador-presento-al-presidente-propuestas-para-el-sector-agricola\/#primaryimage\"},\"thumbnailUrl\":\"https:\/\/luchonoticias.com\/editor\/wp-content\/uploads\/2024\/05\/gobernador-propuestas.jpg\",\"datePublished\":\"2024-05-05T16:17:36+00:00\",\"breadcrumb\":{\"@id\":\"https:\/\/luchonoticias.com\/editor\/gobernador-presento-al-presidente-propuestas-para-el-sector-agricola\/#breadcrumb\"},\"inLanguage\":\"es\",\"potentialAction\":[{\"@type\":\"ReadAction\",\"target\":[\"https:\/\/luchonoticias.com\/editor\/gobernador-presento-al-presidente-propuestas-para-el-sector-agricola\/\"]}]},{\"@type\":\"ImageObject\",\"inLanguage\":\"es\",\"@id\":\"https:\/\/luchonoticias.com\/editor\/gobernador-presento-al-presidente-propuestas-para-el-sector-agricola\/#primaryimage\",\"url\":\"https:\/\/luchonoticias.com\/editor\/wp-content\/uploads\/2024\/05\/gobernador-propuestas.jpg\",\"contentUrl\":\"https:\/\/luchonoticias.com\/editor\/wp-content\/uploads\/2024\/05\/gobernador-propuestas.jpg\",\"width\":700,\"height\":400},{\"@type\":\"BreadcrumbList\",\"@id\":\"https:\/\/luchonoticias.com\/editor\/gobernador-presento-al-presidente-propuestas-para-el-sector-agricola\/#breadcrumb\",\"itemListElement\":[{\"@type\":\"ListItem\",\"position\":1,\"name\":\"Portada\",\"item\":\"https:\/\/luchonoticias.com\/editor\/\"},{\"@type\":\"ListItem\",\"position\":2,\"name\":\"Gobernador present\u00f3 al Presidente propuestas para el sector agr\u00edcola\"}]},{\"@type\":\"WebSite\",\"@id\":\"https:\/\/luchonoticias.com\/editor\/#website\",\"url\":\"https:\/\/luchonoticias.com\/editor\/\",\"name\":\"\",\"description\":\"\",\"publisher\":{\"@id\":\"https:\/\/luchonoticias.com\/editor\/#\/schema\/person\/7a7fd911f58561fd056dbac7b55af9cd\"},\"potentialAction\":[{\"@type\":\"SearchAction\",\"target\":{\"@type\":\"EntryPoint\",\"urlTemplate\":\"https:\/\/luchonoticias.com\/editor\/?s={search_term_string}\"},\"query-input\":{\"@type\":\"PropertyValueSpecification\",\"valueRequired\":true,\"valueName\":\"search_term_string\"}}],\"inLanguage\":\"es\"},{\"@type\":[\"Person\",\"Organization\"],\"@id\":\"https:\/\/luchonoticias.com\/editor\/#\/schema\/person\/7a7fd911f58561fd056dbac7b55af9cd\",\"name\":\"admin\",\"image\":{\"@type\":\"ImageObject\",\"inLanguage\":\"es\",\"@id\":\"https:\/\/luchonoticias.com\/editor\/#\/schema\/person\/image\/\",\"url\":\"https:\/\/luchonoticias.com\/editor\/wp-content\/uploads\/2024\/02\/cropped-cropped-logolu.webp\",\"contentUrl\":\"https:\/\/luchonoticias.com\/editor\/wp-content\/uploads\/2024\/02\/cropped-cropped-logolu.webp\",\"width\":382,\"height\":170,\"caption\":\"admin\"},\"logo\":{\"@id\":\"https:\/\/luchonoticias.com\/editor\/#\/schema\/person\/image\/\"},\"sameAs\":[\"https:\/\/www.facebook.com\/luchonoticiasneiva\"]},{\"@type\":\"Person\",\"@id\":\"https:\/\/luchonoticias.com\/editor\/#\/schema\/person\/29217990ddf6f14e35912b2866d591fb\",\"name\":\"Editor General\",\"image\":{\"@type\":\"ImageObject\",\"inLanguage\":\"es\",\"@id\":\"https:\/\/luchonoticias.com\/editor\/#\/schema\/person\/image\/\",\"url\":\"https:\/\/luchonoticias.com\/editor\/wp-content\/uploads\/2024\/02\/cropped-cropped-logolu-150x150.webp\",\"contentUrl\":\"https:\/\/luchonoticias.com\/editor\/wp-content\/uploads\/2024\/02\/cropped-cropped-logolu-150x150.webp\",\"caption\":\"Editor General\"},\"sameAs\":[\"https:\/\/luchonoticias.com\/\"],\"url\":\"https:\/\/luchonoticias.com\/editor\/author\/editor-general\/\"}]}<\/script>\n<!-- \/ Yoast SEO plugin. -->","yoast_head_json":{"title":"Gobernador present\u00f3 al Presidente propuestas para el sector agr\u00edcola -","robots":{"index":"index","follow":"follow","max-snippet":"max-snippet:-1","max-image-preview":"max-image-preview:large","max-video-preview":"max-video-preview:-1"},"canonical":"https:\/\/luchonoticias.com\/editor\/gobernador-presento-al-presidente-propuestas-para-el-sector-agricola\/","og_locale":"es_ES","og_type":"article","og_title":"Gobernador present\u00f3 al Presidente propuestas para el sector agr\u00edcola -","og_url":"https:\/\/luchonoticias.com\/editor\/gobernador-presento-al-presidente-propuestas-para-el-sector-agricola\/","article_publisher":"https:\/\/www.facebook.com\/luchonoticiasneiva","article_published_time":"2024-05-05T16:17:36+00:00","og_image":[{"width":700,"height":400,"url":"https:\/\/luchonoticias.com\/editor\/wp-content\/uploads\/2024\/05\/gobernador-propuestas.jpg","type":"image\/jpeg"}],"author":"Editor General","twitter_card":"summary_large_image","twitter_misc":{"Escrito por":"Editor General","Tiempo de lectura":"5 minutos"},"schema":{"@context":"https:\/\/schema.org","@graph":[{"@type":"Article","@id":"https:\/\/luchonoticias.com\/editor\/gobernador-presento-al-presidente-propuestas-para-el-sector-agricola\/#article","isPartOf":{"@id":"https:\/\/luchonoticias.com\/editor\/gobernador-presento-al-presidente-propuestas-para-el-sector-agricola\/"},"author":{"name":"Editor General","@id":"https:\/\/luchonoticias.com\/editor\/#\/schema\/person\/29217990ddf6f14e35912b2866d591fb"},"headline":"Gobernador present\u00f3 al Presidente propuestas para el sector agr\u00edcola","datePublished":"2024-05-05T16:17:36+00:00","mainEntityOfPage":{"@id":"https:\/\/luchonoticias.com\/editor\/gobernador-presento-al-presidente-propuestas-para-el-sector-agricola\/"},"wordCount":957,"publisher":{"@id":"https:\/\/luchonoticias.com\/editor\/#\/schema\/person\/7a7fd911f58561fd056dbac7b55af9cd"},"image":{"@id":"https:\/\/luchonoticias.com\/editor\/gobernador-presento-al-presidente-propuestas-para-el-sector-agricola\/#primaryimage"},"thumbnailUrl":"https:\/\/luchonoticias.com\/editor\/wp-content\/uploads\/2024\/05\/gobernador-propuestas.jpg","articleSection":["Huila"],"inLanguage":"es"},{"@type":"WebPage","@id":"https:\/\/luchonoticias.com\/editor\/gobernador-presento-al-presidente-propuestas-para-el-sector-agricola\/","url":"https:\/\/luchonoticias.com\/editor\/gobernador-presento-al-presidente-propuestas-para-el-sector-agricola\/","name":"Gobernador present\u00f3 al Presidente propuestas para el sector agr\u00edcola -","isPartOf":{"@id":"https:\/\/luchonoticias.com\/editor\/#website"},"primaryImageOfPage":{"@id":"https:\/\/luchonoticias.com\/editor\/gobernador-presento-al-presidente-propuestas-para-el-sector-agricola\/#primaryimage"},"image":{"@id":"https:\/\/luchonoticias.com\/editor\/gobernador-presento-al-presidente-propuestas-para-el-sector-agricola\/#primaryimage"},"thumbnailUrl":"https:\/\/luchonoticias.com\/editor\/wp-content\/uploads\/2024\/05\/gobernador-propuestas.jpg","datePublished":"2024-05-05T16:17:36+00:00","breadcrumb":{"@id":"https:\/\/luchonoticias.com\/editor\/gobernador-presento-al-presidente-propuestas-para-el-sector-agricola\/#breadcrumb"},"inLanguage":"es","potentialAction":[{"@type":"ReadAction","target":["https:\/\/luchonoticias.com\/editor\/gobernador-presento-al-presidente-propuestas-para-el-sector-agricola\/"]}]},{"@type":"ImageObject","inLanguage":"es","@id":"https:\/\/luchonoticias.com\/editor\/gobernador-presento-al-presidente-propuestas-para-el-sector-agricola\/#primaryimage","url":"https:\/\/luchonoticias.com\/editor\/wp-content\/uploads\/2024\/05\/gobernador-propuestas.jpg","contentUrl":"https:\/\/luchonoticias.com\/editor\/wp-content\/uploads\/2024\/05\/gobernador-propuestas.jpg","width":700,"height":400},{"@type":"BreadcrumbList","@id":"https:\/\/luchonoticias.com\/editor\/gobernador-presento-al-presidente-propuestas-para-el-sector-agricola\/#breadcrumb","itemListElement":[{"@type":"ListItem","position":1,"name":"Portada","item":"https:\/\/luchonoticias.com\/editor\/"},{"@type":"ListItem","position":2,"name":"Gobernador present\u00f3 al Presidente propuestas para el sector agr\u00edcola"}]},{"@type":"WebSite","@id":"https:\/\/luchonoticias.com\/editor\/#website","url":"https:\/\/luchonoticias.com\/editor\/","name":"","description":"","publisher":{"@id":"https:\/\/luchonoticias.com\/editor\/#\/schema\/person\/7a7fd911f58561fd056dbac7b55af9cd"},"potentialAction":[{"@type":"SearchAction","target":{"@type":"EntryPoint","urlTemplate":"https:\/\/luchonoticias.com\/editor\/?s={search_term_string}"},"query-input":{"@type":"PropertyValueSpecification","valueRequired":true,"valueName":"search_term_string"}}],"inLanguage":"es"},{"@type":["Person","Organization"],"@id":"https:\/\/luchonoticias.com\/editor\/#\/schema\/person\/7a7fd911f58561fd056dbac7b55af9cd","name":"admin","image":{"@type":"ImageObject","inLanguage":"es","@id":"https:\/\/luchonoticias.com\/editor\/#\/schema\/person\/image\/","url":"https:\/\/luchonoticias.com\/editor\/wp-content\/uploads\/2024\/02\/cropped-cropped-logolu.webp","contentUrl":"https:\/\/luchonoticias.com\/editor\/wp-content\/uploads\/2024\/02\/cropped-cropped-logolu.webp","width":382,"height":170,"caption":"admin"},"logo":{"@id":"https:\/\/luchonoticias.com\/editor\/#\/schema\/person\/image\/"},"sameAs":["https:\/\/www.facebook.com\/luchonoticiasneiva"]},{"@type":"Person","@id":"https:\/\/luchonoticias.com\/editor\/#\/schema\/person\/29217990ddf6f14e35912b2866d591fb","name":"Editor General","image":{"@type":"ImageObject","inLanguage":"es","@id":"https:\/\/luchonoticias.com\/editor\/#\/schema\/person\/image\/","url":"https:\/\/luchonoticias.com\/editor\/wp-content\/uploads\/2024\/02\/cropped-cropped-logolu-150x150.webp","contentUrl":"https:\/\/luchonoticias.com\/editor\/wp-content\/uploads\/2024\/02\/cropped-cropped-logolu-150x150.webp","caption":"Editor General"},"sameAs":["https:\/\/luchonoticias.com\/"],"url":"https:\/\/luchonoticias.com\/editor\/author\/editor-general\/"}]}},"_links":{"self":[{"href":"https:\/\/luchonoticias.com\/editor\/wp-json\/wp\/v2\/posts\/72729","targetHints":{"allow":["GET"]}}],"collection":[{"href":"https:\/\/luchonoticias.com\/editor\/wp-json\/wp\/v2\/posts"}],"about":[{"href":"https:\/\/luchonoticias.com\/editor\/wp-json\/wp\/v2\/types\/post"}],"author":[{"embeddable":true,"href":"https:\/\/luchonoticias.com\/editor\/wp-json\/wp\/v2\/users\/2"}],"replies":[{"embeddable":true,"href":"https:\/\/luchonoticias.com\/editor\/wp-json\/wp\/v2\/comments?post=72729"}],"version-history":[{"count":0,"href":"https:\/\/luchonoticias.com\/editor\/wp-json\/wp\/v2\/posts\/72729\/revisions"}],"wp:featuredmedia":[{"embeddable":true,"href":"https:\/\/luchonoticias.com\/editor\/wp-json\/wp\/v2\/media\/72730"}],"wp:attachment":[{"href":"https:\/\/luchonoticias.com\/editor\/wp-json\/wp\/v2\/media?parent=72729"}],"wp:term":[{"taxonomy":"category","embeddable":true,"href":"https:\/\/luchonoticias.com\/editor\/wp-json\/wp\/v2\/categories?post=72729"},{"taxonomy":"post_tag","embeddable":true,"href":"https:\/\/luchonoticias.com\/editor\/wp-json\/wp\/v2\/tags?post=72729"}],"curies":[{"name":"wp","href":"https:\/\/api.w.org\/{rel}","templated":true}]}}