{"id":72732,"date":"2024-05-05T17:06:25","date_gmt":"2024-05-05T22:06:25","guid":{"rendered":"https:\/\/luchonoticias.com\/?p=72732"},"modified":"2024-05-05T17:06:25","modified_gmt":"2024-05-05T22:06:25","slug":"un-detenido-en-la-via-neiva-aipe-con-marihuana-en-su-poder","status":"publish","type":"post","link":"https:\/\/luchonoticias.com\/editor\/un-detenido-en-la-via-neiva-aipe-con-marihuana-en-su-poder\/","title":{"rendered":"Un detenido en la v\u00eda Neiva &#8211; Aipe con marihuana en su poder"},"content":{"rendered":"<p>La Polic\u00eda Nacional, en desarrollo de actividades de control en las v\u00edas de tr\u00e1nsito, desde y hacia el municipio de Neiva, logra la captura de un hombre y la incautaci\u00f3n de importante cantidad de sustancia estupefaciente.<\/p>\n<p>De esta forma, unidades de la Seccional de Tr\u00e1nsito y Transporte del Huila, logran sobre el eje vial que del municipio de Neiva conduce a Aipe, espec\u00edficamente en el sector de Guacirco, la captura de un hombre, quien, mediante la modalidad de ocultamiento en doble carpa, de un veh\u00edculo tipo cami\u00f3n, transportaba m\u00e1s de 720 kilos de marihuana.<\/p>\n<p>Esta sustancia, avaluada en el mercado ilegal, en aproximadamente 720 millones de pesos, tendr\u00eda como destino la capital de pa\u00eds y municipios aleda\u00f1os.<\/p>\n<p>El se\u00f1or coronel Alexander Castillo Mar\u00edn, comandante de la Polic\u00eda Metropolitana de Neiva, indica, \u00ab&#8230;con esta incautaci\u00f3n, afectamos directamente las finanzas criminales de estas organizaciones dedicadas al tr\u00e1fico de narc\u00f3ticos, que de manera directa afectan la salubridad de los colombianos y en especial de nuestros ni\u00f1os, ni\u00f1as y adolescentes\u00bb.<\/p>\n","protected":false},"excerpt":{"rendered":"<p>La Polic\u00eda Nacional, en desarrollo de actividades de control en las v\u00edas de tr\u00e1nsito, desde y hacia el municipio de Neiva, logra la captura de un hombre y la incautaci\u00f3n de importante cantidad de sustancia estupefaciente. De esta forma, unidades de la Seccional de Tr\u00e1nsito y Transporte del Huila, logran sobre el eje vial que [&hellip;]<\/p>\n","protected":false},"author":2,"featured_media":72733,"comment_status":"closed","ping_status":"open","sticky":false,"template":"","format":"standard","meta":{"footnotes":""},"categories":[29],"tags":[],"class_list":["post-72732","post","type-post","status-publish","format-standard","has-post-thumbnail","hentry","category-judicial"],"yoast_head":"<!-- This site is optimized with the Yoast SEO plugin v26.6 - https:\/\/yoast.com\/wordpress\/plugins\/seo\/ -->\n<title>Un detenido en la v\u00eda Neiva - Aipe con marihuana en su poder -<\/title>\n<meta name=\"robots\" content=\"index, follow, max-snippet:-1, max-image-preview:large, max-video-preview:-1\" \/>\n<link rel=\"canonical\" href=\"https:\/\/luchonoticias.com\/editor\/un-detenido-en-la-via-neiva-aipe-con-marihuana-en-su-poder\/\" \/>\n<meta property=\"og:locale\" content=\"es_ES\" \/>\n<meta property=\"og:type\" content=\"article\" \/>\n<meta property=\"og:title\" content=\"Un detenido en la v\u00eda Neiva - Aipe con marihuana en su poder -\" \/>\n<meta property=\"og:url\" content=\"https:\/\/luchonoticias.com\/editor\/un-detenido-en-la-via-neiva-aipe-con-marihuana-en-su-poder\/\" \/>\n<meta property=\"article:publisher\" content=\"https:\/\/www.facebook.com\/luchonoticiasneiva\" \/>\n<meta property=\"article:published_time\" content=\"2024-05-05T22:06:25+00:00\" \/>\n<meta property=\"og:image\" content=\"https:\/\/luchonoticias.com\/editor\/wp-content\/uploads\/2024\/05\/detencion.jpg\" \/>\n\t<meta property=\"og:image:width\" content=\"700\" \/>\n\t<meta property=\"og:image:height\" content=\"400\" \/>\n\t<meta property=\"og:image:type\" content=\"image\/jpeg\" \/>\n<meta name=\"author\" content=\"Editor General\" \/>\n<meta name=\"twitter:card\" content=\"summary_large_image\" \/>\n<meta name=\"twitter:label1\" content=\"Escrito por\" \/>\n\t<meta name=\"twitter:data1\" content=\"Editor General\" \/>\n\t<meta name=\"twitter:label2\" content=\"Tiempo de lectura\" \/>\n\t<meta name=\"twitter:data2\" content=\"1 minuto\" \/>\n<script type=\"application\/ld+json\" class=\"yoast-schema-graph\">{\"@context\":\"https:\/\/schema.org\",\"@graph\":[{\"@type\":\"Article\",\"@id\":\"https:\/\/luchonoticias.com\/editor\/un-detenido-en-la-via-neiva-aipe-con-marihuana-en-su-poder\/#article\",\"isPartOf\":{\"@id\":\"https:\/\/luchonoticias.com\/editor\/un-detenido-en-la-via-neiva-aipe-con-marihuana-en-su-poder\/\"},\"author\":{\"name\":\"Editor General\",\"@id\":\"https:\/\/luchonoticias.com\/editor\/#\/schema\/person\/29217990ddf6f14e35912b2866d591fb\"},\"headline\":\"Un detenido en la v\u00eda Neiva &#8211; Aipe con marihuana en su poder\",\"datePublished\":\"2024-05-05T22:06:25+00:00\",\"mainEntityOfPage\":{\"@id\":\"https:\/\/luchonoticias.com\/editor\/un-detenido-en-la-via-neiva-aipe-con-marihuana-en-su-poder\/\"},\"wordCount\":198,\"publisher\":{\"@id\":\"https:\/\/luchonoticias.com\/editor\/#\/schema\/person\/7a7fd911f58561fd056dbac7b55af9cd\"},\"image\":{\"@id\":\"https:\/\/luchonoticias.com\/editor\/un-detenido-en-la-via-neiva-aipe-con-marihuana-en-su-poder\/#primaryimage\"},\"thumbnailUrl\":\"https:\/\/luchonoticias.com\/editor\/wp-content\/uploads\/2024\/05\/detencion.jpg\",\"articleSection\":[\"Judicial\"],\"inLanguage\":\"es\"},{\"@type\":\"WebPage\",\"@id\":\"https:\/\/luchonoticias.com\/editor\/un-detenido-en-la-via-neiva-aipe-con-marihuana-en-su-poder\/\",\"url\":\"https:\/\/luchonoticias.com\/editor\/un-detenido-en-la-via-neiva-aipe-con-marihuana-en-su-poder\/\",\"name\":\"Un detenido en la v\u00eda Neiva - Aipe con marihuana en su poder -\",\"isPartOf\":{\"@id\":\"https:\/\/luchonoticias.com\/editor\/#website\"},\"primaryImageOfPage\":{\"@id\":\"https:\/\/luchonoticias.com\/editor\/un-detenido-en-la-via-neiva-aipe-con-marihuana-en-su-poder\/#primaryimage\"},\"image\":{\"@id\":\"https:\/\/luchonoticias.com\/editor\/un-detenido-en-la-via-neiva-aipe-con-marihuana-en-su-poder\/#primaryimage\"},\"thumbnailUrl\":\"https:\/\/luchonoticias.com\/editor\/wp-content\/uploads\/2024\/05\/detencion.jpg\",\"datePublished\":\"2024-05-05T22:06:25+00:00\",\"breadcrumb\":{\"@id\":\"https:\/\/luchonoticias.com\/editor\/un-detenido-en-la-via-neiva-aipe-con-marihuana-en-su-poder\/#breadcrumb\"},\"inLanguage\":\"es\",\"potentialAction\":[{\"@type\":\"ReadAction\",\"target\":[\"https:\/\/luchonoticias.com\/editor\/un-detenido-en-la-via-neiva-aipe-con-marihuana-en-su-poder\/\"]}]},{\"@type\":\"ImageObject\",\"inLanguage\":\"es\",\"@id\":\"https:\/\/luchonoticias.com\/editor\/un-detenido-en-la-via-neiva-aipe-con-marihuana-en-su-poder\/#primaryimage\",\"url\":\"https:\/\/luchonoticias.com\/editor\/wp-content\/uploads\/2024\/05\/detencion.jpg\",\"contentUrl\":\"https:\/\/luchonoticias.com\/editor\/wp-content\/uploads\/2024\/05\/detencion.jpg\",\"width\":700,\"height\":400},{\"@type\":\"BreadcrumbList\",\"@id\":\"https:\/\/luchonoticias.com\/editor\/un-detenido-en-la-via-neiva-aipe-con-marihuana-en-su-poder\/#breadcrumb\",\"itemListElement\":[{\"@type\":\"ListItem\",\"position\":1,\"name\":\"Portada\",\"item\":\"https:\/\/luchonoticias.com\/editor\/\"},{\"@type\":\"ListItem\",\"position\":2,\"name\":\"Un detenido en la v\u00eda Neiva &#8211; Aipe con marihuana en su poder\"}]},{\"@type\":\"WebSite\",\"@id\":\"https:\/\/luchonoticias.com\/editor\/#website\",\"url\":\"https:\/\/luchonoticias.com\/editor\/\",\"name\":\"\",\"description\":\"\",\"publisher\":{\"@id\":\"https:\/\/luchonoticias.com\/editor\/#\/schema\/person\/7a7fd911f58561fd056dbac7b55af9cd\"},\"potentialAction\":[{\"@type\":\"SearchAction\",\"target\":{\"@type\":\"EntryPoint\",\"urlTemplate\":\"https:\/\/luchonoticias.com\/editor\/?s={search_term_string}\"},\"query-input\":{\"@type\":\"PropertyValueSpecification\",\"valueRequired\":true,\"valueName\":\"search_term_string\"}}],\"inLanguage\":\"es\"},{\"@type\":[\"Person\",\"Organization\"],\"@id\":\"https:\/\/luchonoticias.com\/editor\/#\/schema\/person\/7a7fd911f58561fd056dbac7b55af9cd\",\"name\":\"admin\",\"image\":{\"@type\":\"ImageObject\",\"inLanguage\":\"es\",\"@id\":\"https:\/\/luchonoticias.com\/editor\/#\/schema\/person\/image\/\",\"url\":\"https:\/\/luchonoticias.com\/editor\/wp-content\/uploads\/2024\/02\/cropped-cropped-logolu.webp\",\"contentUrl\":\"https:\/\/luchonoticias.com\/editor\/wp-content\/uploads\/2024\/02\/cropped-cropped-logolu.webp\",\"width\":382,\"height\":170,\"caption\":\"admin\"},\"logo\":{\"@id\":\"https:\/\/luchonoticias.com\/editor\/#\/schema\/person\/image\/\"},\"sameAs\":[\"https:\/\/www.facebook.com\/luchonoticiasneiva\"]},{\"@type\":\"Person\",\"@id\":\"https:\/\/luchonoticias.com\/editor\/#\/schema\/person\/29217990ddf6f14e35912b2866d591fb\",\"name\":\"Editor General\",\"image\":{\"@type\":\"ImageObject\",\"inLanguage\":\"es\",\"@id\":\"https:\/\/luchonoticias.com\/editor\/#\/schema\/person\/image\/\",\"url\":\"https:\/\/luchonoticias.com\/editor\/wp-content\/uploads\/2024\/02\/cropped-cropped-logolu-150x150.webp\",\"contentUrl\":\"https:\/\/luchonoticias.com\/editor\/wp-content\/uploads\/2024\/02\/cropped-cropped-logolu-150x150.webp\",\"caption\":\"Editor General\"},\"sameAs\":[\"https:\/\/luchonoticias.com\/\"],\"url\":\"https:\/\/luchonoticias.com\/editor\/author\/editor-general\/\"}]}<\/script>\n<!-- \/ Yoast SEO plugin. -->","yoast_head_json":{"title":"Un detenido en la v\u00eda Neiva - Aipe con marihuana en su poder -","robots":{"index":"index","follow":"follow","max-snippet":"max-snippet:-1","max-image-preview":"max-image-preview:large","max-video-preview":"max-video-preview:-1"},"canonical":"https:\/\/luchonoticias.com\/editor\/un-detenido-en-la-via-neiva-aipe-con-marihuana-en-su-poder\/","og_locale":"es_ES","og_type":"article","og_title":"Un detenido en la v\u00eda Neiva - Aipe con marihuana en su poder -","og_url":"https:\/\/luchonoticias.com\/editor\/un-detenido-en-la-via-neiva-aipe-con-marihuana-en-su-poder\/","article_publisher":"https:\/\/www.facebook.com\/luchonoticiasneiva","article_published_time":"2024-05-05T22:06:25+00:00","og_image":[{"width":700,"height":400,"url":"https:\/\/luchonoticias.com\/editor\/wp-content\/uploads\/2024\/05\/detencion.jpg","type":"image\/jpeg"}],"author":"Editor General","twitter_card":"summary_large_image","twitter_misc":{"Escrito por":"Editor General","Tiempo de lectura":"1 minuto"},"schema":{"@context":"https:\/\/schema.org","@graph":[{"@type":"Article","@id":"https:\/\/luchonoticias.com\/editor\/un-detenido-en-la-via-neiva-aipe-con-marihuana-en-su-poder\/#article","isPartOf":{"@id":"https:\/\/luchonoticias.com\/editor\/un-detenido-en-la-via-neiva-aipe-con-marihuana-en-su-poder\/"},"author":{"name":"Editor General","@id":"https:\/\/luchonoticias.com\/editor\/#\/schema\/person\/29217990ddf6f14e35912b2866d591fb"},"headline":"Un detenido en la v\u00eda Neiva &#8211; Aipe con marihuana en su poder","datePublished":"2024-05-05T22:06:25+00:00","mainEntityOfPage":{"@id":"https:\/\/luchonoticias.com\/editor\/un-detenido-en-la-via-neiva-aipe-con-marihuana-en-su-poder\/"},"wordCount":198,"publisher":{"@id":"https:\/\/luchonoticias.com\/editor\/#\/schema\/person\/7a7fd911f58561fd056dbac7b55af9cd"},"image":{"@id":"https:\/\/luchonoticias.com\/editor\/un-detenido-en-la-via-neiva-aipe-con-marihuana-en-su-poder\/#primaryimage"},"thumbnailUrl":"https:\/\/luchonoticias.com\/editor\/wp-content\/uploads\/2024\/05\/detencion.jpg","articleSection":["Judicial"],"inLanguage":"es"},{"@type":"WebPage","@id":"https:\/\/luchonoticias.com\/editor\/un-detenido-en-la-via-neiva-aipe-con-marihuana-en-su-poder\/","url":"https:\/\/luchonoticias.com\/editor\/un-detenido-en-la-via-neiva-aipe-con-marihuana-en-su-poder\/","name":"Un detenido en la v\u00eda Neiva - Aipe con marihuana en su poder -","isPartOf":{"@id":"https:\/\/luchonoticias.com\/editor\/#website"},"primaryImageOfPage":{"@id":"https:\/\/luchonoticias.com\/editor\/un-detenido-en-la-via-neiva-aipe-con-marihuana-en-su-poder\/#primaryimage"},"image":{"@id":"https:\/\/luchonoticias.com\/editor\/un-detenido-en-la-via-neiva-aipe-con-marihuana-en-su-poder\/#primaryimage"},"thumbnailUrl":"https:\/\/luchonoticias.com\/editor\/wp-content\/uploads\/2024\/05\/detencion.jpg","datePublished":"2024-05-05T22:06:25+00:00","breadcrumb":{"@id":"https:\/\/luchonoticias.com\/editor\/un-detenido-en-la-via-neiva-aipe-con-marihuana-en-su-poder\/#breadcrumb"},"inLanguage":"es","potentialAction":[{"@type":"ReadAction","target":["https:\/\/luchonoticias.com\/editor\/un-detenido-en-la-via-neiva-aipe-con-marihuana-en-su-poder\/"]}]},{"@type":"ImageObject","inLanguage":"es","@id":"https:\/\/luchonoticias.com\/editor\/un-detenido-en-la-via-neiva-aipe-con-marihuana-en-su-poder\/#primaryimage","url":"https:\/\/luchonoticias.com\/editor\/wp-content\/uploads\/2024\/05\/detencion.jpg","contentUrl":"https:\/\/luchonoticias.com\/editor\/wp-content\/uploads\/2024\/05\/detencion.jpg","width":700,"height":400},{"@type":"BreadcrumbList","@id":"https:\/\/luchonoticias.com\/editor\/un-detenido-en-la-via-neiva-aipe-con-marihuana-en-su-poder\/#breadcrumb","itemListElement":[{"@type":"ListItem","position":1,"name":"Portada","item":"https:\/\/luchonoticias.com\/editor\/"},{"@type":"ListItem","position":2,"name":"Un detenido en la v\u00eda Neiva &#8211; Aipe con marihuana en su poder"}]},{"@type":"WebSite","@id":"https:\/\/luchonoticias.com\/editor\/#website","url":"https:\/\/luchonoticias.com\/editor\/","name":"","description":"","publisher":{"@id":"https:\/\/luchonoticias.com\/editor\/#\/schema\/person\/7a7fd911f58561fd056dbac7b55af9cd"},"potentialAction":[{"@type":"SearchAction","target":{"@type":"EntryPoint","urlTemplate":"https:\/\/luchonoticias.com\/editor\/?s={search_term_string}"},"query-input":{"@type":"PropertyValueSpecification","valueRequired":true,"valueName":"search_term_string"}}],"inLanguage":"es"},{"@type":["Person","Organization"],"@id":"https:\/\/luchonoticias.com\/editor\/#\/schema\/person\/7a7fd911f58561fd056dbac7b55af9cd","name":"admin","image":{"@type":"ImageObject","inLanguage":"es","@id":"https:\/\/luchonoticias.com\/editor\/#\/schema\/person\/image\/","url":"https:\/\/luchonoticias.com\/editor\/wp-content\/uploads\/2024\/02\/cropped-cropped-logolu.webp","contentUrl":"https:\/\/luchonoticias.com\/editor\/wp-content\/uploads\/2024\/02\/cropped-cropped-logolu.webp","width":382,"height":170,"caption":"admin"},"logo":{"@id":"https:\/\/luchonoticias.com\/editor\/#\/schema\/person\/image\/"},"sameAs":["https:\/\/www.facebook.com\/luchonoticiasneiva"]},{"@type":"Person","@id":"https:\/\/luchonoticias.com\/editor\/#\/schema\/person\/29217990ddf6f14e35912b2866d591fb","name":"Editor General","image":{"@type":"ImageObject","inLanguage":"es","@id":"https:\/\/luchonoticias.com\/editor\/#\/schema\/person\/image\/","url":"https:\/\/luchonoticias.com\/editor\/wp-content\/uploads\/2024\/02\/cropped-cropped-logolu-150x150.webp","contentUrl":"https:\/\/luchonoticias.com\/editor\/wp-content\/uploads\/2024\/02\/cropped-cropped-logolu-150x150.webp","caption":"Editor General"},"sameAs":["https:\/\/luchonoticias.com\/"],"url":"https:\/\/luchonoticias.com\/editor\/author\/editor-general\/"}]}},"_links":{"self":[{"href":"https:\/\/luchonoticias.com\/editor\/wp-json\/wp\/v2\/posts\/72732","targetHints":{"allow":["GET"]}}],"collection":[{"href":"https:\/\/luchonoticias.com\/editor\/wp-json\/wp\/v2\/posts"}],"about":[{"href":"https:\/\/luchonoticias.com\/editor\/wp-json\/wp\/v2\/types\/post"}],"author":[{"embeddable":true,"href":"https:\/\/luchonoticias.com\/editor\/wp-json\/wp\/v2\/users\/2"}],"replies":[{"embeddable":true,"href":"https:\/\/luchonoticias.com\/editor\/wp-json\/wp\/v2\/comments?post=72732"}],"version-history":[{"count":0,"href":"https:\/\/luchonoticias.com\/editor\/wp-json\/wp\/v2\/posts\/72732\/revisions"}],"wp:featuredmedia":[{"embeddable":true,"href":"https:\/\/luchonoticias.com\/editor\/wp-json\/wp\/v2\/media\/72733"}],"wp:attachment":[{"href":"https:\/\/luchonoticias.com\/editor\/wp-json\/wp\/v2\/media?parent=72732"}],"wp:term":[{"taxonomy":"category","embeddable":true,"href":"https:\/\/luchonoticias.com\/editor\/wp-json\/wp\/v2\/categories?post=72732"},{"taxonomy":"post_tag","embeddable":true,"href":"https:\/\/luchonoticias.com\/editor\/wp-json\/wp\/v2\/tags?post=72732"}],"curies":[{"name":"wp","href":"https:\/\/api.w.org\/{rel}","templated":true}]}}