{"id":72744,"date":"2024-05-06T05:50:51","date_gmt":"2024-05-06T10:50:51","guid":{"rendered":"https:\/\/luchonoticias.com\/?p=72744"},"modified":"2024-05-06T05:50:51","modified_gmt":"2024-05-06T10:50:51","slug":"piden-al-senado-ayudar-a-las-plazas-de-mercado","status":"publish","type":"post","link":"https:\/\/luchonoticias.com\/editor\/piden-al-senado-ayudar-a-las-plazas-de-mercado\/","title":{"rendered":"Piden al Senado ayudar a las plazas de mercado"},"content":{"rendered":"<p>Las tradicionales plazas de mercados piden asistencias estatales para seguir siendo alternativas de abastecimientos de los de los hogares colombianos, tal como se pidi\u00f3 en una audiencia p\u00fablica realizada en la ciudad de Armenia, donde campesinos, comerciantes y comunidad llamaron la atenci\u00f3n de esta situaci\u00f3n a nivel nacional.<\/p>\n<p>Desde la Comisi\u00f3n Quinta se atendieron las diferentes inquietudes con miras a encontrar salida a la problem\u00e1tica\u00a0\u00a0 que viven estos mercados populares del pa\u00eds tal como lo expresa el senador\u00a0<strong>Omar Restrepo (<\/strong>Partido \u00a0Comunes) \u00a0\u201cen el momento no hay pol\u00edtica para el fortalecimiento y fomento de estos centros de abastecimientos agr\u00edcolas lo que ha causado una preocupaci\u00f3n en los campesinos que no tienen donde llevar sus productos\u201d.<\/p>\n<p>En el mismo sentido\u00a0 se pidi\u00f3 al ejecutivo crear un marco normativo para que estas plazas de mercados perduren en todos los territorios porque en la actualidad el\u00a0<strong>senador Pablo Catatumbo<\/strong>\u00a0\u201cnos preocupa que en el momento no est\u00e9n reglamentada ni por el gobierno nacional y por los gobiernos municipales para lo cual explicamos en que consiste la ley 045 que contempla unas normas de subsistencia\u201d.<\/p>\n<p>La audiencia tuvo como fin socializar un proyecto de ley que ser\u00e1 el respaldo de medianos y peque\u00f1os productores agr\u00edcolas y mantener un desarrollo productivo del campo que favorezca a los colombianos con la facilidad de comercio de estos productos frescos del Campo.<\/p>\n","protected":false},"excerpt":{"rendered":"<p>Las tradicionales plazas de mercados piden asistencias estatales para seguir siendo alternativas de abastecimientos de los de los hogares colombianos, tal como se pidi\u00f3 en una audiencia p\u00fablica realizada en la ciudad de Armenia, donde campesinos, comerciantes y comunidad llamaron la atenci\u00f3n de esta situaci\u00f3n a nivel nacional. Desde la Comisi\u00f3n Quinta se atendieron las [&hellip;]<\/p>\n","protected":false},"author":2,"featured_media":72745,"comment_status":"closed","ping_status":"open","sticky":false,"template":"","format":"standard","meta":{"footnotes":""},"categories":[28],"tags":[],"class_list":["post-72744","post","type-post","status-publish","format-standard","has-post-thumbnail","hentry","category-actualidad"],"yoast_head":"<!-- This site is optimized with the Yoast SEO plugin v26.6 - https:\/\/yoast.com\/wordpress\/plugins\/seo\/ -->\n<title>Piden al Senado ayudar a las plazas de mercado -<\/title>\n<meta name=\"robots\" content=\"index, follow, max-snippet:-1, max-image-preview:large, max-video-preview:-1\" \/>\n<link rel=\"canonical\" href=\"https:\/\/luchonoticias.com\/editor\/piden-al-senado-ayudar-a-las-plazas-de-mercado\/\" \/>\n<meta property=\"og:locale\" content=\"es_ES\" \/>\n<meta property=\"og:type\" content=\"article\" \/>\n<meta property=\"og:title\" content=\"Piden al Senado ayudar a las plazas de mercado -\" \/>\n<meta property=\"og:url\" content=\"https:\/\/luchonoticias.com\/editor\/piden-al-senado-ayudar-a-las-plazas-de-mercado\/\" \/>\n<meta property=\"article:publisher\" content=\"https:\/\/www.facebook.com\/luchonoticiasneiva\" \/>\n<meta property=\"article:published_time\" content=\"2024-05-06T10:50:51+00:00\" \/>\n<meta property=\"og:image\" content=\"https:\/\/luchonoticias.com\/editor\/wp-content\/uploads\/2024\/05\/plaza-de-mercado.jpg\" \/>\n\t<meta property=\"og:image:width\" content=\"700\" \/>\n\t<meta property=\"og:image:height\" content=\"400\" \/>\n\t<meta property=\"og:image:type\" content=\"image\/jpeg\" \/>\n<meta name=\"author\" content=\"Editor General\" \/>\n<meta name=\"twitter:card\" content=\"summary_large_image\" \/>\n<meta name=\"twitter:label1\" content=\"Escrito por\" \/>\n\t<meta name=\"twitter:data1\" content=\"Editor General\" \/>\n\t<meta name=\"twitter:label2\" content=\"Tiempo de lectura\" \/>\n\t<meta name=\"twitter:data2\" content=\"1 minuto\" \/>\n<script type=\"application\/ld+json\" class=\"yoast-schema-graph\">{\"@context\":\"https:\/\/schema.org\",\"@graph\":[{\"@type\":\"Article\",\"@id\":\"https:\/\/luchonoticias.com\/editor\/piden-al-senado-ayudar-a-las-plazas-de-mercado\/#article\",\"isPartOf\":{\"@id\":\"https:\/\/luchonoticias.com\/editor\/piden-al-senado-ayudar-a-las-plazas-de-mercado\/\"},\"author\":{\"name\":\"Editor General\",\"@id\":\"https:\/\/luchonoticias.com\/editor\/#\/schema\/person\/29217990ddf6f14e35912b2866d591fb\"},\"headline\":\"Piden al Senado ayudar a las plazas de mercado\",\"datePublished\":\"2024-05-06T10:50:51+00:00\",\"mainEntityOfPage\":{\"@id\":\"https:\/\/luchonoticias.com\/editor\/piden-al-senado-ayudar-a-las-plazas-de-mercado\/\"},\"wordCount\":244,\"publisher\":{\"@id\":\"https:\/\/luchonoticias.com\/editor\/#\/schema\/person\/7a7fd911f58561fd056dbac7b55af9cd\"},\"image\":{\"@id\":\"https:\/\/luchonoticias.com\/editor\/piden-al-senado-ayudar-a-las-plazas-de-mercado\/#primaryimage\"},\"thumbnailUrl\":\"https:\/\/luchonoticias.com\/editor\/wp-content\/uploads\/2024\/05\/plaza-de-mercado.jpg\",\"articleSection\":[\"Actualidad\"],\"inLanguage\":\"es\"},{\"@type\":\"WebPage\",\"@id\":\"https:\/\/luchonoticias.com\/editor\/piden-al-senado-ayudar-a-las-plazas-de-mercado\/\",\"url\":\"https:\/\/luchonoticias.com\/editor\/piden-al-senado-ayudar-a-las-plazas-de-mercado\/\",\"name\":\"Piden al Senado ayudar a las plazas de mercado -\",\"isPartOf\":{\"@id\":\"https:\/\/luchonoticias.com\/editor\/#website\"},\"primaryImageOfPage\":{\"@id\":\"https:\/\/luchonoticias.com\/editor\/piden-al-senado-ayudar-a-las-plazas-de-mercado\/#primaryimage\"},\"image\":{\"@id\":\"https:\/\/luchonoticias.com\/editor\/piden-al-senado-ayudar-a-las-plazas-de-mercado\/#primaryimage\"},\"thumbnailUrl\":\"https:\/\/luchonoticias.com\/editor\/wp-content\/uploads\/2024\/05\/plaza-de-mercado.jpg\",\"datePublished\":\"2024-05-06T10:50:51+00:00\",\"breadcrumb\":{\"@id\":\"https:\/\/luchonoticias.com\/editor\/piden-al-senado-ayudar-a-las-plazas-de-mercado\/#breadcrumb\"},\"inLanguage\":\"es\",\"potentialAction\":[{\"@type\":\"ReadAction\",\"target\":[\"https:\/\/luchonoticias.com\/editor\/piden-al-senado-ayudar-a-las-plazas-de-mercado\/\"]}]},{\"@type\":\"ImageObject\",\"inLanguage\":\"es\",\"@id\":\"https:\/\/luchonoticias.com\/editor\/piden-al-senado-ayudar-a-las-plazas-de-mercado\/#primaryimage\",\"url\":\"https:\/\/luchonoticias.com\/editor\/wp-content\/uploads\/2024\/05\/plaza-de-mercado.jpg\",\"contentUrl\":\"https:\/\/luchonoticias.com\/editor\/wp-content\/uploads\/2024\/05\/plaza-de-mercado.jpg\",\"width\":700,\"height\":400},{\"@type\":\"BreadcrumbList\",\"@id\":\"https:\/\/luchonoticias.com\/editor\/piden-al-senado-ayudar-a-las-plazas-de-mercado\/#breadcrumb\",\"itemListElement\":[{\"@type\":\"ListItem\",\"position\":1,\"name\":\"Portada\",\"item\":\"https:\/\/luchonoticias.com\/editor\/\"},{\"@type\":\"ListItem\",\"position\":2,\"name\":\"Piden al Senado ayudar a las plazas de mercado\"}]},{\"@type\":\"WebSite\",\"@id\":\"https:\/\/luchonoticias.com\/editor\/#website\",\"url\":\"https:\/\/luchonoticias.com\/editor\/\",\"name\":\"\",\"description\":\"\",\"publisher\":{\"@id\":\"https:\/\/luchonoticias.com\/editor\/#\/schema\/person\/7a7fd911f58561fd056dbac7b55af9cd\"},\"potentialAction\":[{\"@type\":\"SearchAction\",\"target\":{\"@type\":\"EntryPoint\",\"urlTemplate\":\"https:\/\/luchonoticias.com\/editor\/?s={search_term_string}\"},\"query-input\":{\"@type\":\"PropertyValueSpecification\",\"valueRequired\":true,\"valueName\":\"search_term_string\"}}],\"inLanguage\":\"es\"},{\"@type\":[\"Person\",\"Organization\"],\"@id\":\"https:\/\/luchonoticias.com\/editor\/#\/schema\/person\/7a7fd911f58561fd056dbac7b55af9cd\",\"name\":\"admin\",\"image\":{\"@type\":\"ImageObject\",\"inLanguage\":\"es\",\"@id\":\"https:\/\/luchonoticias.com\/editor\/#\/schema\/person\/image\/\",\"url\":\"https:\/\/luchonoticias.com\/editor\/wp-content\/uploads\/2024\/02\/cropped-cropped-logolu.webp\",\"contentUrl\":\"https:\/\/luchonoticias.com\/editor\/wp-content\/uploads\/2024\/02\/cropped-cropped-logolu.webp\",\"width\":382,\"height\":170,\"caption\":\"admin\"},\"logo\":{\"@id\":\"https:\/\/luchonoticias.com\/editor\/#\/schema\/person\/image\/\"},\"sameAs\":[\"https:\/\/www.facebook.com\/luchonoticiasneiva\"]},{\"@type\":\"Person\",\"@id\":\"https:\/\/luchonoticias.com\/editor\/#\/schema\/person\/29217990ddf6f14e35912b2866d591fb\",\"name\":\"Editor General\",\"image\":{\"@type\":\"ImageObject\",\"inLanguage\":\"es\",\"@id\":\"https:\/\/luchonoticias.com\/editor\/#\/schema\/person\/image\/\",\"url\":\"https:\/\/luchonoticias.com\/editor\/wp-content\/uploads\/2024\/02\/cropped-cropped-logolu-150x150.webp\",\"contentUrl\":\"https:\/\/luchonoticias.com\/editor\/wp-content\/uploads\/2024\/02\/cropped-cropped-logolu-150x150.webp\",\"caption\":\"Editor General\"},\"sameAs\":[\"https:\/\/luchonoticias.com\/\"],\"url\":\"https:\/\/luchonoticias.com\/editor\/author\/editor-general\/\"}]}<\/script>\n<!-- \/ Yoast SEO plugin. -->","yoast_head_json":{"title":"Piden al Senado ayudar a las plazas de mercado -","robots":{"index":"index","follow":"follow","max-snippet":"max-snippet:-1","max-image-preview":"max-image-preview:large","max-video-preview":"max-video-preview:-1"},"canonical":"https:\/\/luchonoticias.com\/editor\/piden-al-senado-ayudar-a-las-plazas-de-mercado\/","og_locale":"es_ES","og_type":"article","og_title":"Piden al Senado ayudar a las plazas de mercado -","og_url":"https:\/\/luchonoticias.com\/editor\/piden-al-senado-ayudar-a-las-plazas-de-mercado\/","article_publisher":"https:\/\/www.facebook.com\/luchonoticiasneiva","article_published_time":"2024-05-06T10:50:51+00:00","og_image":[{"width":700,"height":400,"url":"https:\/\/luchonoticias.com\/editor\/wp-content\/uploads\/2024\/05\/plaza-de-mercado.jpg","type":"image\/jpeg"}],"author":"Editor General","twitter_card":"summary_large_image","twitter_misc":{"Escrito por":"Editor General","Tiempo de lectura":"1 minuto"},"schema":{"@context":"https:\/\/schema.org","@graph":[{"@type":"Article","@id":"https:\/\/luchonoticias.com\/editor\/piden-al-senado-ayudar-a-las-plazas-de-mercado\/#article","isPartOf":{"@id":"https:\/\/luchonoticias.com\/editor\/piden-al-senado-ayudar-a-las-plazas-de-mercado\/"},"author":{"name":"Editor General","@id":"https:\/\/luchonoticias.com\/editor\/#\/schema\/person\/29217990ddf6f14e35912b2866d591fb"},"headline":"Piden al Senado ayudar a las plazas de mercado","datePublished":"2024-05-06T10:50:51+00:00","mainEntityOfPage":{"@id":"https:\/\/luchonoticias.com\/editor\/piden-al-senado-ayudar-a-las-plazas-de-mercado\/"},"wordCount":244,"publisher":{"@id":"https:\/\/luchonoticias.com\/editor\/#\/schema\/person\/7a7fd911f58561fd056dbac7b55af9cd"},"image":{"@id":"https:\/\/luchonoticias.com\/editor\/piden-al-senado-ayudar-a-las-plazas-de-mercado\/#primaryimage"},"thumbnailUrl":"https:\/\/luchonoticias.com\/editor\/wp-content\/uploads\/2024\/05\/plaza-de-mercado.jpg","articleSection":["Actualidad"],"inLanguage":"es"},{"@type":"WebPage","@id":"https:\/\/luchonoticias.com\/editor\/piden-al-senado-ayudar-a-las-plazas-de-mercado\/","url":"https:\/\/luchonoticias.com\/editor\/piden-al-senado-ayudar-a-las-plazas-de-mercado\/","name":"Piden al Senado ayudar a las plazas de mercado -","isPartOf":{"@id":"https:\/\/luchonoticias.com\/editor\/#website"},"primaryImageOfPage":{"@id":"https:\/\/luchonoticias.com\/editor\/piden-al-senado-ayudar-a-las-plazas-de-mercado\/#primaryimage"},"image":{"@id":"https:\/\/luchonoticias.com\/editor\/piden-al-senado-ayudar-a-las-plazas-de-mercado\/#primaryimage"},"thumbnailUrl":"https:\/\/luchonoticias.com\/editor\/wp-content\/uploads\/2024\/05\/plaza-de-mercado.jpg","datePublished":"2024-05-06T10:50:51+00:00","breadcrumb":{"@id":"https:\/\/luchonoticias.com\/editor\/piden-al-senado-ayudar-a-las-plazas-de-mercado\/#breadcrumb"},"inLanguage":"es","potentialAction":[{"@type":"ReadAction","target":["https:\/\/luchonoticias.com\/editor\/piden-al-senado-ayudar-a-las-plazas-de-mercado\/"]}]},{"@type":"ImageObject","inLanguage":"es","@id":"https:\/\/luchonoticias.com\/editor\/piden-al-senado-ayudar-a-las-plazas-de-mercado\/#primaryimage","url":"https:\/\/luchonoticias.com\/editor\/wp-content\/uploads\/2024\/05\/plaza-de-mercado.jpg","contentUrl":"https:\/\/luchonoticias.com\/editor\/wp-content\/uploads\/2024\/05\/plaza-de-mercado.jpg","width":700,"height":400},{"@type":"BreadcrumbList","@id":"https:\/\/luchonoticias.com\/editor\/piden-al-senado-ayudar-a-las-plazas-de-mercado\/#breadcrumb","itemListElement":[{"@type":"ListItem","position":1,"name":"Portada","item":"https:\/\/luchonoticias.com\/editor\/"},{"@type":"ListItem","position":2,"name":"Piden al Senado ayudar a las plazas de mercado"}]},{"@type":"WebSite","@id":"https:\/\/luchonoticias.com\/editor\/#website","url":"https:\/\/luchonoticias.com\/editor\/","name":"","description":"","publisher":{"@id":"https:\/\/luchonoticias.com\/editor\/#\/schema\/person\/7a7fd911f58561fd056dbac7b55af9cd"},"potentialAction":[{"@type":"SearchAction","target":{"@type":"EntryPoint","urlTemplate":"https:\/\/luchonoticias.com\/editor\/?s={search_term_string}"},"query-input":{"@type":"PropertyValueSpecification","valueRequired":true,"valueName":"search_term_string"}}],"inLanguage":"es"},{"@type":["Person","Organization"],"@id":"https:\/\/luchonoticias.com\/editor\/#\/schema\/person\/7a7fd911f58561fd056dbac7b55af9cd","name":"admin","image":{"@type":"ImageObject","inLanguage":"es","@id":"https:\/\/luchonoticias.com\/editor\/#\/schema\/person\/image\/","url":"https:\/\/luchonoticias.com\/editor\/wp-content\/uploads\/2024\/02\/cropped-cropped-logolu.webp","contentUrl":"https:\/\/luchonoticias.com\/editor\/wp-content\/uploads\/2024\/02\/cropped-cropped-logolu.webp","width":382,"height":170,"caption":"admin"},"logo":{"@id":"https:\/\/luchonoticias.com\/editor\/#\/schema\/person\/image\/"},"sameAs":["https:\/\/www.facebook.com\/luchonoticiasneiva"]},{"@type":"Person","@id":"https:\/\/luchonoticias.com\/editor\/#\/schema\/person\/29217990ddf6f14e35912b2866d591fb","name":"Editor General","image":{"@type":"ImageObject","inLanguage":"es","@id":"https:\/\/luchonoticias.com\/editor\/#\/schema\/person\/image\/","url":"https:\/\/luchonoticias.com\/editor\/wp-content\/uploads\/2024\/02\/cropped-cropped-logolu-150x150.webp","contentUrl":"https:\/\/luchonoticias.com\/editor\/wp-content\/uploads\/2024\/02\/cropped-cropped-logolu-150x150.webp","caption":"Editor General"},"sameAs":["https:\/\/luchonoticias.com\/"],"url":"https:\/\/luchonoticias.com\/editor\/author\/editor-general\/"}]}},"_links":{"self":[{"href":"https:\/\/luchonoticias.com\/editor\/wp-json\/wp\/v2\/posts\/72744","targetHints":{"allow":["GET"]}}],"collection":[{"href":"https:\/\/luchonoticias.com\/editor\/wp-json\/wp\/v2\/posts"}],"about":[{"href":"https:\/\/luchonoticias.com\/editor\/wp-json\/wp\/v2\/types\/post"}],"author":[{"embeddable":true,"href":"https:\/\/luchonoticias.com\/editor\/wp-json\/wp\/v2\/users\/2"}],"replies":[{"embeddable":true,"href":"https:\/\/luchonoticias.com\/editor\/wp-json\/wp\/v2\/comments?post=72744"}],"version-history":[{"count":0,"href":"https:\/\/luchonoticias.com\/editor\/wp-json\/wp\/v2\/posts\/72744\/revisions"}],"wp:featuredmedia":[{"embeddable":true,"href":"https:\/\/luchonoticias.com\/editor\/wp-json\/wp\/v2\/media\/72745"}],"wp:attachment":[{"href":"https:\/\/luchonoticias.com\/editor\/wp-json\/wp\/v2\/media?parent=72744"}],"wp:term":[{"taxonomy":"category","embeddable":true,"href":"https:\/\/luchonoticias.com\/editor\/wp-json\/wp\/v2\/categories?post=72744"},{"taxonomy":"post_tag","embeddable":true,"href":"https:\/\/luchonoticias.com\/editor\/wp-json\/wp\/v2\/tags?post=72744"}],"curies":[{"name":"wp","href":"https:\/\/api.w.org\/{rel}","templated":true}]}}