{"id":72747,"date":"2024-05-06T05:58:07","date_gmt":"2024-05-06T10:58:07","guid":{"rendered":"https:\/\/luchonoticias.com\/?p=72747"},"modified":"2024-05-06T05:58:07","modified_gmt":"2024-05-06T10:58:07","slug":"huila-y-su-plan-para-el-mejoramiento-vial","status":"publish","type":"post","link":"https:\/\/luchonoticias.com\/editor\/huila-y-su-plan-para-el-mejoramiento-vial\/","title":{"rendered":"Huila y su plan para el mejoramiento vial"},"content":{"rendered":"<p>Fue en el evento correspondiente a la primera fase del proyecto de la planta procesadora de arroz en Palermo, donde el mandatario de los huilenses le hizo una propuesta al Presidente Petro, en el sentido de llevar a cabo un intensivo programa de recuperaci\u00f3n de v\u00edas rurales toda vez que es uno de los principales problemas que aqueja al sector productivo y a las comunidades en el Huila.<\/p>\n<p>\u201cEl Huila es rural, en gran medida. Le he presentado el principal reto del sector productivo del Huila y es el de las v\u00edas. Las v\u00edas rurales especialmente. Que son competencia de los municipios, pero concurren la Naci\u00f3n y el Departamento. Cuando congresista, fui muchas veces miembro de la comisi\u00f3n tercera donde se aprueban reformas tributarias, planes de desarrollo con presupuestos, y nunca hab\u00eda visto tanta plata, cerca de 8 billones de pesos para v\u00edas terciarias, y ustedes han sacado unas convocatorias con las Juntas de Acci\u00f3n Comunal, cosa que nos parece bien\u201d, dijo Villalba Mosquera.<\/p>\n<p>\u201cLe he propuesto al Ministerio de V\u00edas una cofinanciaci\u00f3n Gobierno Nacional, Gobierno Departamental, Municipios, Juntas de Acci\u00f3n Comunal y podemos vincular tambi\u00e9n a los caficultores con comit\u00e9s de base, comit\u00e9s municipales, o como quieran, y la ejecuci\u00f3n se define en el convenio mismo. No estoy interesado en que la Gobernaci\u00f3n sea el principal protagonista, quiero que haya un piloto de esa conjunci\u00f3n de esfuerzos para la necesaria recuperaci\u00f3n de nuestras v\u00edas terciarias. Cuando se le pregunta a los huilenses cu\u00e1l es su principal problema, siempre acuden a decir que adem\u00e1s del agro y la inseguridad, es la falta de v\u00edas\u201d, a\u00f1adi\u00f3.<\/p>\n<p>Por su parte el Presidente de la Rep\u00fablica, hizo un recuento de lo que ha significado el esfuerzo de unir el Oc\u00e9ano Pac\u00edfico con el Oc\u00e9ano Atl\u00e1ntico y c\u00f3mo eso beneficia al Huila.<\/p>\n<p>\u201cCuando decidimos juntar estos dos oc\u00e9anos por la regi\u00f3n del mar caribe, el Ministerio de Transporte escogi\u00f3 el mecanismo m\u00e1s dif\u00edcil, que es coger de Buenaventura, atravesar la cordillera occidental, coger el valle del r\u00edo Cauca y atravesar la Cordillera Central hasta llegar a Ibagu\u00e9. De ah\u00ed, R\u00edo Magdalena hasta Santa Martha. Que en esta parte es facilismo, porque ya las v\u00edas est\u00e1n hechas\u201d, narr\u00f3 Gustavo Petro, Presidente de Colombia.<\/p>\n<p>\u201cSi esta es la v\u00eda escogida y se est\u00e1n licitando los tramos, no ser\u00e1 el tren supermoderno que quisi\u00e9ramos ver, pero con el tiempo lo ser\u00e1, de todos modos, el juntar el oc\u00e9ano pac\u00edfico con el atl\u00e1ntico, es algo que ustedes est\u00e1n a nada de articularlo, que es simplemente coger el Valle del Magdalena. Ser\u00eda f\u00e1cil y barato porque no hay que atravesar ninguna monta\u00f1a\u201d, complement\u00f3.<\/p>\n<p>Seguidamente le hizo una propuesta al gobernador. \u201cEste prop\u00f3sito no se hace de la noche a la ma\u00f1ana, tenemos que tener por lo menos los estudios. Entonces podemos aportar un recurso en los estudios de dise\u00f1o de una troncal que arranque en alg\u00fan punto del plan del Huila, y saque hasta la primera l\u00ednea troncal de la l\u00ednea f\u00e9rrea de Colombia que ya exist\u00eda, y eso se puede reconstruir ya que nuestros abuelos lo hab\u00edan hecho. Entonces gobernador, le dej\u00f3 esa tarea\u201d, finaliz\u00f3 el mandatario nacional.<\/p>\n","protected":false},"excerpt":{"rendered":"<p>Fue en el evento correspondiente a la primera fase del proyecto de la planta procesadora de arroz en Palermo, donde el mandatario de los huilenses le hizo una propuesta al Presidente Petro, en el sentido de llevar a cabo un intensivo programa de recuperaci\u00f3n de v\u00edas rurales toda vez que es uno de los principales [&hellip;]<\/p>\n","protected":false},"author":2,"featured_media":72748,"comment_status":"closed","ping_status":"open","sticky":false,"template":"","format":"standard","meta":{"footnotes":""},"categories":[33],"tags":[],"class_list":["post-72747","post","type-post","status-publish","format-standard","has-post-thumbnail","hentry","category-huila"],"yoast_head":"<!-- This site is optimized with the Yoast SEO plugin v26.6 - https:\/\/yoast.com\/wordpress\/plugins\/seo\/ -->\n<title>Huila y su plan para el mejoramiento vial -<\/title>\n<meta name=\"robots\" content=\"index, follow, max-snippet:-1, max-image-preview:large, max-video-preview:-1\" \/>\n<link rel=\"canonical\" href=\"https:\/\/luchonoticias.com\/editor\/huila-y-su-plan-para-el-mejoramiento-vial\/\" \/>\n<meta property=\"og:locale\" content=\"es_ES\" \/>\n<meta property=\"og:type\" content=\"article\" \/>\n<meta property=\"og:title\" content=\"Huila y su plan para el mejoramiento vial -\" \/>\n<meta property=\"og:url\" content=\"https:\/\/luchonoticias.com\/editor\/huila-y-su-plan-para-el-mejoramiento-vial\/\" \/>\n<meta property=\"article:publisher\" content=\"https:\/\/www.facebook.com\/luchonoticiasneiva\" \/>\n<meta property=\"article:published_time\" content=\"2024-05-06T10:58:07+00:00\" \/>\n<meta property=\"og:image\" content=\"https:\/\/luchonoticias.com\/editor\/wp-content\/uploads\/2024\/05\/vias.jpg\" \/>\n\t<meta property=\"og:image:width\" content=\"700\" \/>\n\t<meta property=\"og:image:height\" content=\"400\" \/>\n\t<meta property=\"og:image:type\" content=\"image\/jpeg\" \/>\n<meta name=\"author\" content=\"Editor General\" \/>\n<meta name=\"twitter:card\" content=\"summary_large_image\" \/>\n<meta name=\"twitter:label1\" content=\"Escrito por\" \/>\n\t<meta name=\"twitter:data1\" content=\"Editor General\" \/>\n\t<meta name=\"twitter:label2\" content=\"Tiempo de lectura\" \/>\n\t<meta name=\"twitter:data2\" content=\"3 minutos\" \/>\n<script type=\"application\/ld+json\" class=\"yoast-schema-graph\">{\"@context\":\"https:\/\/schema.org\",\"@graph\":[{\"@type\":\"Article\",\"@id\":\"https:\/\/luchonoticias.com\/editor\/huila-y-su-plan-para-el-mejoramiento-vial\/#article\",\"isPartOf\":{\"@id\":\"https:\/\/luchonoticias.com\/editor\/huila-y-su-plan-para-el-mejoramiento-vial\/\"},\"author\":{\"name\":\"Editor General\",\"@id\":\"https:\/\/luchonoticias.com\/editor\/#\/schema\/person\/29217990ddf6f14e35912b2866d591fb\"},\"headline\":\"Huila y su plan para el mejoramiento vial\",\"datePublished\":\"2024-05-06T10:58:07+00:00\",\"mainEntityOfPage\":{\"@id\":\"https:\/\/luchonoticias.com\/editor\/huila-y-su-plan-para-el-mejoramiento-vial\/\"},\"wordCount\":584,\"publisher\":{\"@id\":\"https:\/\/luchonoticias.com\/editor\/#\/schema\/person\/7a7fd911f58561fd056dbac7b55af9cd\"},\"image\":{\"@id\":\"https:\/\/luchonoticias.com\/editor\/huila-y-su-plan-para-el-mejoramiento-vial\/#primaryimage\"},\"thumbnailUrl\":\"https:\/\/luchonoticias.com\/editor\/wp-content\/uploads\/2024\/05\/vias.jpg\",\"articleSection\":[\"Huila\"],\"inLanguage\":\"es\"},{\"@type\":\"WebPage\",\"@id\":\"https:\/\/luchonoticias.com\/editor\/huila-y-su-plan-para-el-mejoramiento-vial\/\",\"url\":\"https:\/\/luchonoticias.com\/editor\/huila-y-su-plan-para-el-mejoramiento-vial\/\",\"name\":\"Huila y su plan para el mejoramiento vial -\",\"isPartOf\":{\"@id\":\"https:\/\/luchonoticias.com\/editor\/#website\"},\"primaryImageOfPage\":{\"@id\":\"https:\/\/luchonoticias.com\/editor\/huila-y-su-plan-para-el-mejoramiento-vial\/#primaryimage\"},\"image\":{\"@id\":\"https:\/\/luchonoticias.com\/editor\/huila-y-su-plan-para-el-mejoramiento-vial\/#primaryimage\"},\"thumbnailUrl\":\"https:\/\/luchonoticias.com\/editor\/wp-content\/uploads\/2024\/05\/vias.jpg\",\"datePublished\":\"2024-05-06T10:58:07+00:00\",\"breadcrumb\":{\"@id\":\"https:\/\/luchonoticias.com\/editor\/huila-y-su-plan-para-el-mejoramiento-vial\/#breadcrumb\"},\"inLanguage\":\"es\",\"potentialAction\":[{\"@type\":\"ReadAction\",\"target\":[\"https:\/\/luchonoticias.com\/editor\/huila-y-su-plan-para-el-mejoramiento-vial\/\"]}]},{\"@type\":\"ImageObject\",\"inLanguage\":\"es\",\"@id\":\"https:\/\/luchonoticias.com\/editor\/huila-y-su-plan-para-el-mejoramiento-vial\/#primaryimage\",\"url\":\"https:\/\/luchonoticias.com\/editor\/wp-content\/uploads\/2024\/05\/vias.jpg\",\"contentUrl\":\"https:\/\/luchonoticias.com\/editor\/wp-content\/uploads\/2024\/05\/vias.jpg\",\"width\":700,\"height\":400},{\"@type\":\"BreadcrumbList\",\"@id\":\"https:\/\/luchonoticias.com\/editor\/huila-y-su-plan-para-el-mejoramiento-vial\/#breadcrumb\",\"itemListElement\":[{\"@type\":\"ListItem\",\"position\":1,\"name\":\"Portada\",\"item\":\"https:\/\/luchonoticias.com\/editor\/\"},{\"@type\":\"ListItem\",\"position\":2,\"name\":\"Huila y su plan para el mejoramiento vial\"}]},{\"@type\":\"WebSite\",\"@id\":\"https:\/\/luchonoticias.com\/editor\/#website\",\"url\":\"https:\/\/luchonoticias.com\/editor\/\",\"name\":\"\",\"description\":\"\",\"publisher\":{\"@id\":\"https:\/\/luchonoticias.com\/editor\/#\/schema\/person\/7a7fd911f58561fd056dbac7b55af9cd\"},\"potentialAction\":[{\"@type\":\"SearchAction\",\"target\":{\"@type\":\"EntryPoint\",\"urlTemplate\":\"https:\/\/luchonoticias.com\/editor\/?s={search_term_string}\"},\"query-input\":{\"@type\":\"PropertyValueSpecification\",\"valueRequired\":true,\"valueName\":\"search_term_string\"}}],\"inLanguage\":\"es\"},{\"@type\":[\"Person\",\"Organization\"],\"@id\":\"https:\/\/luchonoticias.com\/editor\/#\/schema\/person\/7a7fd911f58561fd056dbac7b55af9cd\",\"name\":\"admin\",\"image\":{\"@type\":\"ImageObject\",\"inLanguage\":\"es\",\"@id\":\"https:\/\/luchonoticias.com\/editor\/#\/schema\/person\/image\/\",\"url\":\"https:\/\/luchonoticias.com\/editor\/wp-content\/uploads\/2024\/02\/cropped-cropped-logolu.webp\",\"contentUrl\":\"https:\/\/luchonoticias.com\/editor\/wp-content\/uploads\/2024\/02\/cropped-cropped-logolu.webp\",\"width\":382,\"height\":170,\"caption\":\"admin\"},\"logo\":{\"@id\":\"https:\/\/luchonoticias.com\/editor\/#\/schema\/person\/image\/\"},\"sameAs\":[\"https:\/\/www.facebook.com\/luchonoticiasneiva\"]},{\"@type\":\"Person\",\"@id\":\"https:\/\/luchonoticias.com\/editor\/#\/schema\/person\/29217990ddf6f14e35912b2866d591fb\",\"name\":\"Editor General\",\"image\":{\"@type\":\"ImageObject\",\"inLanguage\":\"es\",\"@id\":\"https:\/\/luchonoticias.com\/editor\/#\/schema\/person\/image\/\",\"url\":\"https:\/\/luchonoticias.com\/editor\/wp-content\/uploads\/2024\/02\/cropped-cropped-logolu-150x150.webp\",\"contentUrl\":\"https:\/\/luchonoticias.com\/editor\/wp-content\/uploads\/2024\/02\/cropped-cropped-logolu-150x150.webp\",\"caption\":\"Editor General\"},\"sameAs\":[\"https:\/\/luchonoticias.com\/\"],\"url\":\"https:\/\/luchonoticias.com\/editor\/author\/editor-general\/\"}]}<\/script>\n<!-- \/ Yoast SEO plugin. -->","yoast_head_json":{"title":"Huila y su plan para el mejoramiento vial -","robots":{"index":"index","follow":"follow","max-snippet":"max-snippet:-1","max-image-preview":"max-image-preview:large","max-video-preview":"max-video-preview:-1"},"canonical":"https:\/\/luchonoticias.com\/editor\/huila-y-su-plan-para-el-mejoramiento-vial\/","og_locale":"es_ES","og_type":"article","og_title":"Huila y su plan para el mejoramiento vial -","og_url":"https:\/\/luchonoticias.com\/editor\/huila-y-su-plan-para-el-mejoramiento-vial\/","article_publisher":"https:\/\/www.facebook.com\/luchonoticiasneiva","article_published_time":"2024-05-06T10:58:07+00:00","og_image":[{"width":700,"height":400,"url":"https:\/\/luchonoticias.com\/editor\/wp-content\/uploads\/2024\/05\/vias.jpg","type":"image\/jpeg"}],"author":"Editor General","twitter_card":"summary_large_image","twitter_misc":{"Escrito por":"Editor General","Tiempo de lectura":"3 minutos"},"schema":{"@context":"https:\/\/schema.org","@graph":[{"@type":"Article","@id":"https:\/\/luchonoticias.com\/editor\/huila-y-su-plan-para-el-mejoramiento-vial\/#article","isPartOf":{"@id":"https:\/\/luchonoticias.com\/editor\/huila-y-su-plan-para-el-mejoramiento-vial\/"},"author":{"name":"Editor General","@id":"https:\/\/luchonoticias.com\/editor\/#\/schema\/person\/29217990ddf6f14e35912b2866d591fb"},"headline":"Huila y su plan para el mejoramiento vial","datePublished":"2024-05-06T10:58:07+00:00","mainEntityOfPage":{"@id":"https:\/\/luchonoticias.com\/editor\/huila-y-su-plan-para-el-mejoramiento-vial\/"},"wordCount":584,"publisher":{"@id":"https:\/\/luchonoticias.com\/editor\/#\/schema\/person\/7a7fd911f58561fd056dbac7b55af9cd"},"image":{"@id":"https:\/\/luchonoticias.com\/editor\/huila-y-su-plan-para-el-mejoramiento-vial\/#primaryimage"},"thumbnailUrl":"https:\/\/luchonoticias.com\/editor\/wp-content\/uploads\/2024\/05\/vias.jpg","articleSection":["Huila"],"inLanguage":"es"},{"@type":"WebPage","@id":"https:\/\/luchonoticias.com\/editor\/huila-y-su-plan-para-el-mejoramiento-vial\/","url":"https:\/\/luchonoticias.com\/editor\/huila-y-su-plan-para-el-mejoramiento-vial\/","name":"Huila y su plan para el mejoramiento vial -","isPartOf":{"@id":"https:\/\/luchonoticias.com\/editor\/#website"},"primaryImageOfPage":{"@id":"https:\/\/luchonoticias.com\/editor\/huila-y-su-plan-para-el-mejoramiento-vial\/#primaryimage"},"image":{"@id":"https:\/\/luchonoticias.com\/editor\/huila-y-su-plan-para-el-mejoramiento-vial\/#primaryimage"},"thumbnailUrl":"https:\/\/luchonoticias.com\/editor\/wp-content\/uploads\/2024\/05\/vias.jpg","datePublished":"2024-05-06T10:58:07+00:00","breadcrumb":{"@id":"https:\/\/luchonoticias.com\/editor\/huila-y-su-plan-para-el-mejoramiento-vial\/#breadcrumb"},"inLanguage":"es","potentialAction":[{"@type":"ReadAction","target":["https:\/\/luchonoticias.com\/editor\/huila-y-su-plan-para-el-mejoramiento-vial\/"]}]},{"@type":"ImageObject","inLanguage":"es","@id":"https:\/\/luchonoticias.com\/editor\/huila-y-su-plan-para-el-mejoramiento-vial\/#primaryimage","url":"https:\/\/luchonoticias.com\/editor\/wp-content\/uploads\/2024\/05\/vias.jpg","contentUrl":"https:\/\/luchonoticias.com\/editor\/wp-content\/uploads\/2024\/05\/vias.jpg","width":700,"height":400},{"@type":"BreadcrumbList","@id":"https:\/\/luchonoticias.com\/editor\/huila-y-su-plan-para-el-mejoramiento-vial\/#breadcrumb","itemListElement":[{"@type":"ListItem","position":1,"name":"Portada","item":"https:\/\/luchonoticias.com\/editor\/"},{"@type":"ListItem","position":2,"name":"Huila y su plan para el mejoramiento vial"}]},{"@type":"WebSite","@id":"https:\/\/luchonoticias.com\/editor\/#website","url":"https:\/\/luchonoticias.com\/editor\/","name":"","description":"","publisher":{"@id":"https:\/\/luchonoticias.com\/editor\/#\/schema\/person\/7a7fd911f58561fd056dbac7b55af9cd"},"potentialAction":[{"@type":"SearchAction","target":{"@type":"EntryPoint","urlTemplate":"https:\/\/luchonoticias.com\/editor\/?s={search_term_string}"},"query-input":{"@type":"PropertyValueSpecification","valueRequired":true,"valueName":"search_term_string"}}],"inLanguage":"es"},{"@type":["Person","Organization"],"@id":"https:\/\/luchonoticias.com\/editor\/#\/schema\/person\/7a7fd911f58561fd056dbac7b55af9cd","name":"admin","image":{"@type":"ImageObject","inLanguage":"es","@id":"https:\/\/luchonoticias.com\/editor\/#\/schema\/person\/image\/","url":"https:\/\/luchonoticias.com\/editor\/wp-content\/uploads\/2024\/02\/cropped-cropped-logolu.webp","contentUrl":"https:\/\/luchonoticias.com\/editor\/wp-content\/uploads\/2024\/02\/cropped-cropped-logolu.webp","width":382,"height":170,"caption":"admin"},"logo":{"@id":"https:\/\/luchonoticias.com\/editor\/#\/schema\/person\/image\/"},"sameAs":["https:\/\/www.facebook.com\/luchonoticiasneiva"]},{"@type":"Person","@id":"https:\/\/luchonoticias.com\/editor\/#\/schema\/person\/29217990ddf6f14e35912b2866d591fb","name":"Editor General","image":{"@type":"ImageObject","inLanguage":"es","@id":"https:\/\/luchonoticias.com\/editor\/#\/schema\/person\/image\/","url":"https:\/\/luchonoticias.com\/editor\/wp-content\/uploads\/2024\/02\/cropped-cropped-logolu-150x150.webp","contentUrl":"https:\/\/luchonoticias.com\/editor\/wp-content\/uploads\/2024\/02\/cropped-cropped-logolu-150x150.webp","caption":"Editor General"},"sameAs":["https:\/\/luchonoticias.com\/"],"url":"https:\/\/luchonoticias.com\/editor\/author\/editor-general\/"}]}},"_links":{"self":[{"href":"https:\/\/luchonoticias.com\/editor\/wp-json\/wp\/v2\/posts\/72747","targetHints":{"allow":["GET"]}}],"collection":[{"href":"https:\/\/luchonoticias.com\/editor\/wp-json\/wp\/v2\/posts"}],"about":[{"href":"https:\/\/luchonoticias.com\/editor\/wp-json\/wp\/v2\/types\/post"}],"author":[{"embeddable":true,"href":"https:\/\/luchonoticias.com\/editor\/wp-json\/wp\/v2\/users\/2"}],"replies":[{"embeddable":true,"href":"https:\/\/luchonoticias.com\/editor\/wp-json\/wp\/v2\/comments?post=72747"}],"version-history":[{"count":0,"href":"https:\/\/luchonoticias.com\/editor\/wp-json\/wp\/v2\/posts\/72747\/revisions"}],"wp:featuredmedia":[{"embeddable":true,"href":"https:\/\/luchonoticias.com\/editor\/wp-json\/wp\/v2\/media\/72748"}],"wp:attachment":[{"href":"https:\/\/luchonoticias.com\/editor\/wp-json\/wp\/v2\/media?parent=72747"}],"wp:term":[{"taxonomy":"category","embeddable":true,"href":"https:\/\/luchonoticias.com\/editor\/wp-json\/wp\/v2\/categories?post=72747"},{"taxonomy":"post_tag","embeddable":true,"href":"https:\/\/luchonoticias.com\/editor\/wp-json\/wp\/v2\/tags?post=72747"}],"curies":[{"name":"wp","href":"https:\/\/api.w.org\/{rel}","templated":true}]}}