{"id":72755,"date":"2024-05-06T16:15:31","date_gmt":"2024-05-06T21:15:31","guid":{"rendered":"https:\/\/luchonoticias.com\/?p=72755"},"modified":"2024-05-06T16:15:31","modified_gmt":"2024-05-06T21:15:31","slug":"plan-para-la-cosecha-cafetera-en-el-huila","status":"publish","type":"post","link":"https:\/\/luchonoticias.com\/editor\/plan-para-la-cosecha-cafetera-en-el-huila\/","title":{"rendered":"Plan para la cosecha cafetera en el Huila"},"content":{"rendered":"<p>En un movimiento estrat\u00e9gico para salvaguardar uno de los pilares econ\u00f3micos del departamento, la Gobernaci\u00f3n del Huila liderada por Rodrigo Villalba Mosquera, ha formalizado una alianza por la seguridad que garantice el desarrollo normal de los procesos de recolecci\u00f3n y comercializaci\u00f3n del sector cafetero que est\u00e1 pr\u00f3ximo a iniciar la cosecha principal del a\u00f1o 2024.<\/p>\n<p>Germ\u00e1n Baham\u00f3n, Gerente General de la Federaci\u00f3n Nacional de Cafeteros, enfatiz\u00f3: \u201cestamos oficializando nuestra alianza con la fuerza p\u00fablica, quienes pueden garantizar a la comunidad cafetera que la cosecha, que irriga la econom\u00eda regional, sea protegida y no quede en manos de facinerosos\u00bb.<\/p>\n<p>Con el inicio de la cosecha principal en 20 de los 35 municipios cafeteros del Huila, surge una preocupaci\u00f3n compartida: la creciente amenaza de la extorsi\u00f3n. Baham\u00f3n se\u00f1al\u00f3: \u00abhemos advertido que la extorsi\u00f3n es la nueva roya, ya que se ha venido incrementando en varias zonas del pa\u00eds\u00bb. Es por eso que se ha establecido un objetivo claro: trabajar en conjunto con la Fuerza P\u00fablica para combatir este flagelo y garantizar la seguridad de los productores.<\/p>\n<p><strong>Plan Cosecha: Una Estrategia Integral<\/strong><\/p>\n<p>El departamento del Huila contin\u00faa consolid\u00e1ndose como el l\u00edder en la producci\u00f3n nacional de caf\u00e9, representando el 19.4% del total producido en el pa\u00eds, seguido por los departamentos de Antioquia y Tolima. Este logro reafirma el compromiso y la dedicaci\u00f3n de los caficultores huilenses, as\u00ed como la calidad excepcional de sus productos, que siguen siendo altamente valorados tanto a nivel nacional como internacional.<\/p>\n<p>Por tal motivo, el Gobernador encargado del Huila, Carlos Alberto Cu\u00e9llar, enfatiz\u00f3 en la importancia de la colaboraci\u00f3n interinstitucional para garantizar una cosecha segura en la regi\u00f3n, el objetivo es proteger un sector vital para la econom\u00eda.<\/p>\n<p>\u201cPara la Gobernaci\u00f3n del Huila es muy importante tener este espacio de articulaci\u00f3n, lo que pretendemos es brindarles seguridad, garant\u00eda en infraestructura, en movilidad al gremio caficultor, hemos venido llamando la atenci\u00f3n de la comunidad, para generar un \u2018plan candado\u2019 en este ejercicio de la cosecha y garantizar que exista un di\u00e1logo permanente entre el gremio y las autoridades para reforzar la seguridad\u201d expres\u00f3.<\/p>\n<p><strong>Acciones de la Fuerza P\u00fablica en el \u201cPlan Cosecha\u201d<\/strong><\/p>\n<p>Con un enfoque integral, se desplegar\u00e1n actividades de prevenci\u00f3n, investigaci\u00f3n criminal y control, asegurando que los caficultores puedan realizar con tranquilidad sus actividades de recolecci\u00f3n, de pago de n\u00f3mina, y traslado de sus cosechas hasta los centros de acopio.<\/p>\n<p>El coronel William Casta\u00f1o Ramos, Director de Carabineros y Protecci\u00f3n Ambiental de la Polic\u00eda Nacional, subray\u00f3 que, \u201cla Polic\u00eda Nacional viene coordinando acciones con diferentes estamentos del orden nacional para que el \u2018Plan Cosecha\u2019 sea efectivo, y evitar que se afecten los intereses de los caficultores, este a\u00f1o se vuelcan las capacidades de la jefatura nacional del servicio de polic\u00eda a trav\u00e9s de la DIJIN, la Direcci\u00f3n Antisecuestro y Antiextorsi\u00f3n\u201d.<\/p>\n<p>Asimismo, hizo hincapi\u00e9 en la importancia de una comunicaci\u00f3n directa entre los caficultores y las autoridades policiales en el territorio. Se insta a los productores a ponerse en contacto con el comandante de la estaci\u00f3n de Polic\u00eda local para verificar la idoneidad de las personas a contratar. Se busca evitar contratiempos al seleccionar trabajadores con antecedentes judiciales o comportamientos inapropiados.<\/p>\n<p>El coronel Casta\u00f1o Ramos, record\u00f3 situaciones previas de intolerancia, lesiones personales e incluso homicidios en fincas durante temporadas de cosecha, reafirmando el compromiso de la Polic\u00eda Nacional en garantizar la seguridad y protecci\u00f3n de los caficultores en la regi\u00f3n.<\/p>\n","protected":false},"excerpt":{"rendered":"<p>En un movimiento estrat\u00e9gico para salvaguardar uno de los pilares econ\u00f3micos del departamento, la Gobernaci\u00f3n del Huila liderada por Rodrigo Villalba Mosquera, ha formalizado una alianza por la seguridad que garantice el desarrollo normal de los procesos de recolecci\u00f3n y comercializaci\u00f3n del sector cafetero que est\u00e1 pr\u00f3ximo a iniciar la cosecha principal del a\u00f1o 2024. [&hellip;]<\/p>\n","protected":false},"author":2,"featured_media":72756,"comment_status":"closed","ping_status":"open","sticky":false,"template":"","format":"standard","meta":{"footnotes":""},"categories":[33],"tags":[],"class_list":["post-72755","post","type-post","status-publish","format-standard","has-post-thumbnail","hentry","category-huila"],"yoast_head":"<!-- This site is optimized with the Yoast SEO plugin v26.6 - https:\/\/yoast.com\/wordpress\/plugins\/seo\/ -->\n<title>Plan para la cosecha cafetera en el Huila -<\/title>\n<meta name=\"robots\" content=\"index, follow, max-snippet:-1, max-image-preview:large, max-video-preview:-1\" \/>\n<link rel=\"canonical\" href=\"https:\/\/luchonoticias.com\/editor\/plan-para-la-cosecha-cafetera-en-el-huila\/\" \/>\n<meta property=\"og:locale\" content=\"es_ES\" \/>\n<meta property=\"og:type\" content=\"article\" \/>\n<meta property=\"og:title\" content=\"Plan para la cosecha cafetera en el Huila -\" \/>\n<meta property=\"og:url\" content=\"https:\/\/luchonoticias.com\/editor\/plan-para-la-cosecha-cafetera-en-el-huila\/\" \/>\n<meta property=\"article:publisher\" content=\"https:\/\/www.facebook.com\/luchonoticiasneiva\" \/>\n<meta property=\"article:published_time\" content=\"2024-05-06T21:15:31+00:00\" \/>\n<meta property=\"og:image\" content=\"https:\/\/luchonoticias.com\/editor\/wp-content\/uploads\/2024\/05\/cosecha-cafe.jpg\" \/>\n\t<meta property=\"og:image:width\" content=\"700\" \/>\n\t<meta property=\"og:image:height\" content=\"400\" \/>\n\t<meta property=\"og:image:type\" content=\"image\/jpeg\" \/>\n<meta name=\"author\" content=\"Editor General\" \/>\n<meta name=\"twitter:card\" content=\"summary_large_image\" \/>\n<meta name=\"twitter:label1\" content=\"Escrito por\" \/>\n\t<meta name=\"twitter:data1\" content=\"Editor General\" \/>\n\t<meta name=\"twitter:label2\" content=\"Tiempo de lectura\" \/>\n\t<meta name=\"twitter:data2\" content=\"3 minutos\" \/>\n<script type=\"application\/ld+json\" class=\"yoast-schema-graph\">{\"@context\":\"https:\/\/schema.org\",\"@graph\":[{\"@type\":\"Article\",\"@id\":\"https:\/\/luchonoticias.com\/editor\/plan-para-la-cosecha-cafetera-en-el-huila\/#article\",\"isPartOf\":{\"@id\":\"https:\/\/luchonoticias.com\/editor\/plan-para-la-cosecha-cafetera-en-el-huila\/\"},\"author\":{\"name\":\"Editor General\",\"@id\":\"https:\/\/luchonoticias.com\/editor\/#\/schema\/person\/29217990ddf6f14e35912b2866d591fb\"},\"headline\":\"Plan para la cosecha cafetera en el Huila\",\"datePublished\":\"2024-05-06T21:15:31+00:00\",\"mainEntityOfPage\":{\"@id\":\"https:\/\/luchonoticias.com\/editor\/plan-para-la-cosecha-cafetera-en-el-huila\/\"},\"wordCount\":620,\"publisher\":{\"@id\":\"https:\/\/luchonoticias.com\/editor\/#\/schema\/person\/7a7fd911f58561fd056dbac7b55af9cd\"},\"image\":{\"@id\":\"https:\/\/luchonoticias.com\/editor\/plan-para-la-cosecha-cafetera-en-el-huila\/#primaryimage\"},\"thumbnailUrl\":\"https:\/\/luchonoticias.com\/editor\/wp-content\/uploads\/2024\/05\/cosecha-cafe.jpg\",\"articleSection\":[\"Huila\"],\"inLanguage\":\"es\"},{\"@type\":\"WebPage\",\"@id\":\"https:\/\/luchonoticias.com\/editor\/plan-para-la-cosecha-cafetera-en-el-huila\/\",\"url\":\"https:\/\/luchonoticias.com\/editor\/plan-para-la-cosecha-cafetera-en-el-huila\/\",\"name\":\"Plan para la cosecha cafetera en el Huila -\",\"isPartOf\":{\"@id\":\"https:\/\/luchonoticias.com\/editor\/#website\"},\"primaryImageOfPage\":{\"@id\":\"https:\/\/luchonoticias.com\/editor\/plan-para-la-cosecha-cafetera-en-el-huila\/#primaryimage\"},\"image\":{\"@id\":\"https:\/\/luchonoticias.com\/editor\/plan-para-la-cosecha-cafetera-en-el-huila\/#primaryimage\"},\"thumbnailUrl\":\"https:\/\/luchonoticias.com\/editor\/wp-content\/uploads\/2024\/05\/cosecha-cafe.jpg\",\"datePublished\":\"2024-05-06T21:15:31+00:00\",\"breadcrumb\":{\"@id\":\"https:\/\/luchonoticias.com\/editor\/plan-para-la-cosecha-cafetera-en-el-huila\/#breadcrumb\"},\"inLanguage\":\"es\",\"potentialAction\":[{\"@type\":\"ReadAction\",\"target\":[\"https:\/\/luchonoticias.com\/editor\/plan-para-la-cosecha-cafetera-en-el-huila\/\"]}]},{\"@type\":\"ImageObject\",\"inLanguage\":\"es\",\"@id\":\"https:\/\/luchonoticias.com\/editor\/plan-para-la-cosecha-cafetera-en-el-huila\/#primaryimage\",\"url\":\"https:\/\/luchonoticias.com\/editor\/wp-content\/uploads\/2024\/05\/cosecha-cafe.jpg\",\"contentUrl\":\"https:\/\/luchonoticias.com\/editor\/wp-content\/uploads\/2024\/05\/cosecha-cafe.jpg\",\"width\":700,\"height\":400},{\"@type\":\"BreadcrumbList\",\"@id\":\"https:\/\/luchonoticias.com\/editor\/plan-para-la-cosecha-cafetera-en-el-huila\/#breadcrumb\",\"itemListElement\":[{\"@type\":\"ListItem\",\"position\":1,\"name\":\"Portada\",\"item\":\"https:\/\/luchonoticias.com\/editor\/\"},{\"@type\":\"ListItem\",\"position\":2,\"name\":\"Plan para la cosecha cafetera en el Huila\"}]},{\"@type\":\"WebSite\",\"@id\":\"https:\/\/luchonoticias.com\/editor\/#website\",\"url\":\"https:\/\/luchonoticias.com\/editor\/\",\"name\":\"\",\"description\":\"\",\"publisher\":{\"@id\":\"https:\/\/luchonoticias.com\/editor\/#\/schema\/person\/7a7fd911f58561fd056dbac7b55af9cd\"},\"potentialAction\":[{\"@type\":\"SearchAction\",\"target\":{\"@type\":\"EntryPoint\",\"urlTemplate\":\"https:\/\/luchonoticias.com\/editor\/?s={search_term_string}\"},\"query-input\":{\"@type\":\"PropertyValueSpecification\",\"valueRequired\":true,\"valueName\":\"search_term_string\"}}],\"inLanguage\":\"es\"},{\"@type\":[\"Person\",\"Organization\"],\"@id\":\"https:\/\/luchonoticias.com\/editor\/#\/schema\/person\/7a7fd911f58561fd056dbac7b55af9cd\",\"name\":\"admin\",\"image\":{\"@type\":\"ImageObject\",\"inLanguage\":\"es\",\"@id\":\"https:\/\/luchonoticias.com\/editor\/#\/schema\/person\/image\/\",\"url\":\"https:\/\/luchonoticias.com\/editor\/wp-content\/uploads\/2024\/02\/cropped-cropped-logolu.webp\",\"contentUrl\":\"https:\/\/luchonoticias.com\/editor\/wp-content\/uploads\/2024\/02\/cropped-cropped-logolu.webp\",\"width\":382,\"height\":170,\"caption\":\"admin\"},\"logo\":{\"@id\":\"https:\/\/luchonoticias.com\/editor\/#\/schema\/person\/image\/\"},\"sameAs\":[\"https:\/\/www.facebook.com\/luchonoticiasneiva\"]},{\"@type\":\"Person\",\"@id\":\"https:\/\/luchonoticias.com\/editor\/#\/schema\/person\/29217990ddf6f14e35912b2866d591fb\",\"name\":\"Editor General\",\"image\":{\"@type\":\"ImageObject\",\"inLanguage\":\"es\",\"@id\":\"https:\/\/luchonoticias.com\/editor\/#\/schema\/person\/image\/\",\"url\":\"https:\/\/luchonoticias.com\/editor\/wp-content\/uploads\/2024\/02\/cropped-cropped-logolu-150x150.webp\",\"contentUrl\":\"https:\/\/luchonoticias.com\/editor\/wp-content\/uploads\/2024\/02\/cropped-cropped-logolu-150x150.webp\",\"caption\":\"Editor General\"},\"sameAs\":[\"https:\/\/luchonoticias.com\/\"],\"url\":\"https:\/\/luchonoticias.com\/editor\/author\/editor-general\/\"}]}<\/script>\n<!-- \/ Yoast SEO plugin. -->","yoast_head_json":{"title":"Plan para la cosecha cafetera en el Huila -","robots":{"index":"index","follow":"follow","max-snippet":"max-snippet:-1","max-image-preview":"max-image-preview:large","max-video-preview":"max-video-preview:-1"},"canonical":"https:\/\/luchonoticias.com\/editor\/plan-para-la-cosecha-cafetera-en-el-huila\/","og_locale":"es_ES","og_type":"article","og_title":"Plan para la cosecha cafetera en el Huila -","og_url":"https:\/\/luchonoticias.com\/editor\/plan-para-la-cosecha-cafetera-en-el-huila\/","article_publisher":"https:\/\/www.facebook.com\/luchonoticiasneiva","article_published_time":"2024-05-06T21:15:31+00:00","og_image":[{"width":700,"height":400,"url":"https:\/\/luchonoticias.com\/editor\/wp-content\/uploads\/2024\/05\/cosecha-cafe.jpg","type":"image\/jpeg"}],"author":"Editor General","twitter_card":"summary_large_image","twitter_misc":{"Escrito por":"Editor General","Tiempo de lectura":"3 minutos"},"schema":{"@context":"https:\/\/schema.org","@graph":[{"@type":"Article","@id":"https:\/\/luchonoticias.com\/editor\/plan-para-la-cosecha-cafetera-en-el-huila\/#article","isPartOf":{"@id":"https:\/\/luchonoticias.com\/editor\/plan-para-la-cosecha-cafetera-en-el-huila\/"},"author":{"name":"Editor General","@id":"https:\/\/luchonoticias.com\/editor\/#\/schema\/person\/29217990ddf6f14e35912b2866d591fb"},"headline":"Plan para la cosecha cafetera en el Huila","datePublished":"2024-05-06T21:15:31+00:00","mainEntityOfPage":{"@id":"https:\/\/luchonoticias.com\/editor\/plan-para-la-cosecha-cafetera-en-el-huila\/"},"wordCount":620,"publisher":{"@id":"https:\/\/luchonoticias.com\/editor\/#\/schema\/person\/7a7fd911f58561fd056dbac7b55af9cd"},"image":{"@id":"https:\/\/luchonoticias.com\/editor\/plan-para-la-cosecha-cafetera-en-el-huila\/#primaryimage"},"thumbnailUrl":"https:\/\/luchonoticias.com\/editor\/wp-content\/uploads\/2024\/05\/cosecha-cafe.jpg","articleSection":["Huila"],"inLanguage":"es"},{"@type":"WebPage","@id":"https:\/\/luchonoticias.com\/editor\/plan-para-la-cosecha-cafetera-en-el-huila\/","url":"https:\/\/luchonoticias.com\/editor\/plan-para-la-cosecha-cafetera-en-el-huila\/","name":"Plan para la cosecha cafetera en el Huila -","isPartOf":{"@id":"https:\/\/luchonoticias.com\/editor\/#website"},"primaryImageOfPage":{"@id":"https:\/\/luchonoticias.com\/editor\/plan-para-la-cosecha-cafetera-en-el-huila\/#primaryimage"},"image":{"@id":"https:\/\/luchonoticias.com\/editor\/plan-para-la-cosecha-cafetera-en-el-huila\/#primaryimage"},"thumbnailUrl":"https:\/\/luchonoticias.com\/editor\/wp-content\/uploads\/2024\/05\/cosecha-cafe.jpg","datePublished":"2024-05-06T21:15:31+00:00","breadcrumb":{"@id":"https:\/\/luchonoticias.com\/editor\/plan-para-la-cosecha-cafetera-en-el-huila\/#breadcrumb"},"inLanguage":"es","potentialAction":[{"@type":"ReadAction","target":["https:\/\/luchonoticias.com\/editor\/plan-para-la-cosecha-cafetera-en-el-huila\/"]}]},{"@type":"ImageObject","inLanguage":"es","@id":"https:\/\/luchonoticias.com\/editor\/plan-para-la-cosecha-cafetera-en-el-huila\/#primaryimage","url":"https:\/\/luchonoticias.com\/editor\/wp-content\/uploads\/2024\/05\/cosecha-cafe.jpg","contentUrl":"https:\/\/luchonoticias.com\/editor\/wp-content\/uploads\/2024\/05\/cosecha-cafe.jpg","width":700,"height":400},{"@type":"BreadcrumbList","@id":"https:\/\/luchonoticias.com\/editor\/plan-para-la-cosecha-cafetera-en-el-huila\/#breadcrumb","itemListElement":[{"@type":"ListItem","position":1,"name":"Portada","item":"https:\/\/luchonoticias.com\/editor\/"},{"@type":"ListItem","position":2,"name":"Plan para la cosecha cafetera en el Huila"}]},{"@type":"WebSite","@id":"https:\/\/luchonoticias.com\/editor\/#website","url":"https:\/\/luchonoticias.com\/editor\/","name":"","description":"","publisher":{"@id":"https:\/\/luchonoticias.com\/editor\/#\/schema\/person\/7a7fd911f58561fd056dbac7b55af9cd"},"potentialAction":[{"@type":"SearchAction","target":{"@type":"EntryPoint","urlTemplate":"https:\/\/luchonoticias.com\/editor\/?s={search_term_string}"},"query-input":{"@type":"PropertyValueSpecification","valueRequired":true,"valueName":"search_term_string"}}],"inLanguage":"es"},{"@type":["Person","Organization"],"@id":"https:\/\/luchonoticias.com\/editor\/#\/schema\/person\/7a7fd911f58561fd056dbac7b55af9cd","name":"admin","image":{"@type":"ImageObject","inLanguage":"es","@id":"https:\/\/luchonoticias.com\/editor\/#\/schema\/person\/image\/","url":"https:\/\/luchonoticias.com\/editor\/wp-content\/uploads\/2024\/02\/cropped-cropped-logolu.webp","contentUrl":"https:\/\/luchonoticias.com\/editor\/wp-content\/uploads\/2024\/02\/cropped-cropped-logolu.webp","width":382,"height":170,"caption":"admin"},"logo":{"@id":"https:\/\/luchonoticias.com\/editor\/#\/schema\/person\/image\/"},"sameAs":["https:\/\/www.facebook.com\/luchonoticiasneiva"]},{"@type":"Person","@id":"https:\/\/luchonoticias.com\/editor\/#\/schema\/person\/29217990ddf6f14e35912b2866d591fb","name":"Editor General","image":{"@type":"ImageObject","inLanguage":"es","@id":"https:\/\/luchonoticias.com\/editor\/#\/schema\/person\/image\/","url":"https:\/\/luchonoticias.com\/editor\/wp-content\/uploads\/2024\/02\/cropped-cropped-logolu-150x150.webp","contentUrl":"https:\/\/luchonoticias.com\/editor\/wp-content\/uploads\/2024\/02\/cropped-cropped-logolu-150x150.webp","caption":"Editor General"},"sameAs":["https:\/\/luchonoticias.com\/"],"url":"https:\/\/luchonoticias.com\/editor\/author\/editor-general\/"}]}},"_links":{"self":[{"href":"https:\/\/luchonoticias.com\/editor\/wp-json\/wp\/v2\/posts\/72755","targetHints":{"allow":["GET"]}}],"collection":[{"href":"https:\/\/luchonoticias.com\/editor\/wp-json\/wp\/v2\/posts"}],"about":[{"href":"https:\/\/luchonoticias.com\/editor\/wp-json\/wp\/v2\/types\/post"}],"author":[{"embeddable":true,"href":"https:\/\/luchonoticias.com\/editor\/wp-json\/wp\/v2\/users\/2"}],"replies":[{"embeddable":true,"href":"https:\/\/luchonoticias.com\/editor\/wp-json\/wp\/v2\/comments?post=72755"}],"version-history":[{"count":0,"href":"https:\/\/luchonoticias.com\/editor\/wp-json\/wp\/v2\/posts\/72755\/revisions"}],"wp:featuredmedia":[{"embeddable":true,"href":"https:\/\/luchonoticias.com\/editor\/wp-json\/wp\/v2\/media\/72756"}],"wp:attachment":[{"href":"https:\/\/luchonoticias.com\/editor\/wp-json\/wp\/v2\/media?parent=72755"}],"wp:term":[{"taxonomy":"category","embeddable":true,"href":"https:\/\/luchonoticias.com\/editor\/wp-json\/wp\/v2\/categories?post=72755"},{"taxonomy":"post_tag","embeddable":true,"href":"https:\/\/luchonoticias.com\/editor\/wp-json\/wp\/v2\/tags?post=72755"}],"curies":[{"name":"wp","href":"https:\/\/api.w.org\/{rel}","templated":true}]}}