{"id":72758,"date":"2024-05-06T17:44:42","date_gmt":"2024-05-06T22:44:42","guid":{"rendered":"https:\/\/luchonoticias.com\/?p=72758"},"modified":"2024-05-06T17:44:42","modified_gmt":"2024-05-06T22:44:42","slug":"eln-le-dice-adios-al-secuestro-extorsivo","status":"publish","type":"post","link":"https:\/\/luchonoticias.com\/editor\/eln-le-dice-adios-al-secuestro-extorsivo\/","title":{"rendered":"ELN le dice adi\u00f3s al secuestro extorsivo"},"content":{"rendered":"<p>Por medio de un comunicado la\u00a0<b>Direcci\u00f3n Nacional del Ej\u00e9rcito de Liberaci\u00f3n Nacional, ELN,\u00a0<\/b>anunci\u00f3 que<b>\u00a0suspende el compromiso<\/b>\u00a0adquirido en diciembre de 2023 en medio del quinto ciclo de conversaciones de paz en Ciudad de M\u00e9xico, de\u00a0<b>no secuestrar con fines econ\u00f3micos.<\/b><\/p>\n<p>Dice que la durante el sexto ciclo de la<b>\u00a0Mesa de Di\u00e1logos de paz<\/b>\u00a0realizado de enero de 2024, realizado en La Habana, Cuba, el ELN para facilitar la<b>\u00a0pr\u00f3rroga del cese al fuego<\/b>\u00a0declar\u00f3 que: \u201cPara contribuir al desarrollo del Cese al Fuego Bilateral Nacional y Temporal,\u00a0<b>suspende de forma unilateral y temporal las retenciones de car\u00e1cter econ\u00f3mico\u201d.<\/b><\/p>\n<p>Pero asegura el\u00a0<b>ELN que este compromiso estaba ligado al funcionamiento del\u00a0<\/b><b>Fondo Multidonante\u00a0<\/b>establecido en el Acuerdo No. 26: \u201cEl fondo estar\u00e1 operativo dentro de los tres meses siguientes a la firma de este Acuerdo\u201d.<\/p>\n<p>Pero dicen que a la fecha el\u00a0<b>Fondo a\u00fan no est\u00e1 constituido<\/b>, y que el Gobierno muestra poca voluntad para avanzar en este campo. Ante ese incumplimiento dice el<b>\u00a0<\/b><b>ELN<\/b><b>\u00a0que da por terminada su oferta de suspensi\u00f3n unilateral de retenciones econ\u00f3micas.<\/b><\/p>\n<p>Esta\u00a0guerrilla\u00a0dice en el comunicado que\u00a0<b>continuar\u00e1 cumpliendo el acuerdo de Cese al Fuego<\/b>\u00a0y mantiene su disposici\u00f3n de retomar y acordar nuevos acuerdos con la<b>\u00a0delegaci\u00f3n del Gobierno colombiano.<\/b><\/p>\n<p>&nbsp;<\/p>\n<p>Con informaci\u00f3n y foto de Caracol Radio<\/p>\n","protected":false},"excerpt":{"rendered":"<p>Por medio de un comunicado la\u00a0Direcci\u00f3n Nacional del Ej\u00e9rcito de Liberaci\u00f3n Nacional, ELN,\u00a0anunci\u00f3 que\u00a0suspende el compromiso\u00a0adquirido en diciembre de 2023 en medio del quinto ciclo de conversaciones de paz en Ciudad de M\u00e9xico, de\u00a0no secuestrar con fines econ\u00f3micos. Dice que la durante el sexto ciclo de la\u00a0Mesa de Di\u00e1logos de paz\u00a0realizado de enero de 2024, [&hellip;]<\/p>\n","protected":false},"author":2,"featured_media":72759,"comment_status":"closed","ping_status":"open","sticky":false,"template":"","format":"standard","meta":{"footnotes":""},"categories":[28],"tags":[],"class_list":["post-72758","post","type-post","status-publish","format-standard","has-post-thumbnail","hentry","category-actualidad"],"yoast_head":"<!-- This site is optimized with the Yoast SEO plugin v26.6 - https:\/\/yoast.com\/wordpress\/plugins\/seo\/ -->\n<title>ELN le dice adi\u00f3s al secuestro extorsivo -<\/title>\n<meta name=\"robots\" content=\"index, follow, max-snippet:-1, max-image-preview:large, max-video-preview:-1\" \/>\n<link rel=\"canonical\" href=\"https:\/\/luchonoticias.com\/editor\/eln-le-dice-adios-al-secuestro-extorsivo\/\" \/>\n<meta property=\"og:locale\" content=\"es_ES\" \/>\n<meta property=\"og:type\" content=\"article\" \/>\n<meta property=\"og:title\" content=\"ELN le dice adi\u00f3s al secuestro extorsivo -\" \/>\n<meta property=\"og:url\" content=\"https:\/\/luchonoticias.com\/editor\/eln-le-dice-adios-al-secuestro-extorsivo\/\" \/>\n<meta property=\"article:publisher\" content=\"https:\/\/www.facebook.com\/luchonoticiasneiva\" \/>\n<meta property=\"article:published_time\" content=\"2024-05-06T22:44:42+00:00\" \/>\n<meta property=\"og:image\" content=\"https:\/\/luchonoticias.com\/editor\/wp-content\/uploads\/2024\/05\/eln.jpg\" \/>\n\t<meta property=\"og:image:width\" content=\"700\" \/>\n\t<meta property=\"og:image:height\" content=\"400\" \/>\n\t<meta property=\"og:image:type\" content=\"image\/jpeg\" \/>\n<meta name=\"author\" content=\"Editor General\" \/>\n<meta name=\"twitter:card\" content=\"summary_large_image\" \/>\n<meta name=\"twitter:label1\" content=\"Escrito por\" \/>\n\t<meta name=\"twitter:data1\" content=\"Editor General\" \/>\n\t<meta name=\"twitter:label2\" content=\"Tiempo de lectura\" \/>\n\t<meta name=\"twitter:data2\" content=\"1 minuto\" \/>\n<script type=\"application\/ld+json\" class=\"yoast-schema-graph\">{\"@context\":\"https:\/\/schema.org\",\"@graph\":[{\"@type\":\"Article\",\"@id\":\"https:\/\/luchonoticias.com\/editor\/eln-le-dice-adios-al-secuestro-extorsivo\/#article\",\"isPartOf\":{\"@id\":\"https:\/\/luchonoticias.com\/editor\/eln-le-dice-adios-al-secuestro-extorsivo\/\"},\"author\":{\"name\":\"Editor General\",\"@id\":\"https:\/\/luchonoticias.com\/editor\/#\/schema\/person\/29217990ddf6f14e35912b2866d591fb\"},\"headline\":\"ELN le dice adi\u00f3s al secuestro extorsivo\",\"datePublished\":\"2024-05-06T22:44:42+00:00\",\"mainEntityOfPage\":{\"@id\":\"https:\/\/luchonoticias.com\/editor\/eln-le-dice-adios-al-secuestro-extorsivo\/\"},\"wordCount\":239,\"publisher\":{\"@id\":\"https:\/\/luchonoticias.com\/editor\/#\/schema\/person\/7a7fd911f58561fd056dbac7b55af9cd\"},\"image\":{\"@id\":\"https:\/\/luchonoticias.com\/editor\/eln-le-dice-adios-al-secuestro-extorsivo\/#primaryimage\"},\"thumbnailUrl\":\"https:\/\/luchonoticias.com\/editor\/wp-content\/uploads\/2024\/05\/eln.jpg\",\"articleSection\":[\"Actualidad\"],\"inLanguage\":\"es\"},{\"@type\":\"WebPage\",\"@id\":\"https:\/\/luchonoticias.com\/editor\/eln-le-dice-adios-al-secuestro-extorsivo\/\",\"url\":\"https:\/\/luchonoticias.com\/editor\/eln-le-dice-adios-al-secuestro-extorsivo\/\",\"name\":\"ELN le dice adi\u00f3s al secuestro extorsivo -\",\"isPartOf\":{\"@id\":\"https:\/\/luchonoticias.com\/editor\/#website\"},\"primaryImageOfPage\":{\"@id\":\"https:\/\/luchonoticias.com\/editor\/eln-le-dice-adios-al-secuestro-extorsivo\/#primaryimage\"},\"image\":{\"@id\":\"https:\/\/luchonoticias.com\/editor\/eln-le-dice-adios-al-secuestro-extorsivo\/#primaryimage\"},\"thumbnailUrl\":\"https:\/\/luchonoticias.com\/editor\/wp-content\/uploads\/2024\/05\/eln.jpg\",\"datePublished\":\"2024-05-06T22:44:42+00:00\",\"breadcrumb\":{\"@id\":\"https:\/\/luchonoticias.com\/editor\/eln-le-dice-adios-al-secuestro-extorsivo\/#breadcrumb\"},\"inLanguage\":\"es\",\"potentialAction\":[{\"@type\":\"ReadAction\",\"target\":[\"https:\/\/luchonoticias.com\/editor\/eln-le-dice-adios-al-secuestro-extorsivo\/\"]}]},{\"@type\":\"ImageObject\",\"inLanguage\":\"es\",\"@id\":\"https:\/\/luchonoticias.com\/editor\/eln-le-dice-adios-al-secuestro-extorsivo\/#primaryimage\",\"url\":\"https:\/\/luchonoticias.com\/editor\/wp-content\/uploads\/2024\/05\/eln.jpg\",\"contentUrl\":\"https:\/\/luchonoticias.com\/editor\/wp-content\/uploads\/2024\/05\/eln.jpg\",\"width\":700,\"height\":400},{\"@type\":\"BreadcrumbList\",\"@id\":\"https:\/\/luchonoticias.com\/editor\/eln-le-dice-adios-al-secuestro-extorsivo\/#breadcrumb\",\"itemListElement\":[{\"@type\":\"ListItem\",\"position\":1,\"name\":\"Portada\",\"item\":\"https:\/\/luchonoticias.com\/editor\/\"},{\"@type\":\"ListItem\",\"position\":2,\"name\":\"ELN le dice adi\u00f3s al secuestro extorsivo\"}]},{\"@type\":\"WebSite\",\"@id\":\"https:\/\/luchonoticias.com\/editor\/#website\",\"url\":\"https:\/\/luchonoticias.com\/editor\/\",\"name\":\"\",\"description\":\"\",\"publisher\":{\"@id\":\"https:\/\/luchonoticias.com\/editor\/#\/schema\/person\/7a7fd911f58561fd056dbac7b55af9cd\"},\"potentialAction\":[{\"@type\":\"SearchAction\",\"target\":{\"@type\":\"EntryPoint\",\"urlTemplate\":\"https:\/\/luchonoticias.com\/editor\/?s={search_term_string}\"},\"query-input\":{\"@type\":\"PropertyValueSpecification\",\"valueRequired\":true,\"valueName\":\"search_term_string\"}}],\"inLanguage\":\"es\"},{\"@type\":[\"Person\",\"Organization\"],\"@id\":\"https:\/\/luchonoticias.com\/editor\/#\/schema\/person\/7a7fd911f58561fd056dbac7b55af9cd\",\"name\":\"admin\",\"image\":{\"@type\":\"ImageObject\",\"inLanguage\":\"es\",\"@id\":\"https:\/\/luchonoticias.com\/editor\/#\/schema\/person\/image\/\",\"url\":\"https:\/\/luchonoticias.com\/editor\/wp-content\/uploads\/2024\/02\/cropped-cropped-logolu.webp\",\"contentUrl\":\"https:\/\/luchonoticias.com\/editor\/wp-content\/uploads\/2024\/02\/cropped-cropped-logolu.webp\",\"width\":382,\"height\":170,\"caption\":\"admin\"},\"logo\":{\"@id\":\"https:\/\/luchonoticias.com\/editor\/#\/schema\/person\/image\/\"},\"sameAs\":[\"https:\/\/www.facebook.com\/luchonoticiasneiva\"]},{\"@type\":\"Person\",\"@id\":\"https:\/\/luchonoticias.com\/editor\/#\/schema\/person\/29217990ddf6f14e35912b2866d591fb\",\"name\":\"Editor General\",\"image\":{\"@type\":\"ImageObject\",\"inLanguage\":\"es\",\"@id\":\"https:\/\/luchonoticias.com\/editor\/#\/schema\/person\/image\/\",\"url\":\"https:\/\/luchonoticias.com\/editor\/wp-content\/uploads\/2024\/02\/cropped-cropped-logolu-150x150.webp\",\"contentUrl\":\"https:\/\/luchonoticias.com\/editor\/wp-content\/uploads\/2024\/02\/cropped-cropped-logolu-150x150.webp\",\"caption\":\"Editor General\"},\"sameAs\":[\"https:\/\/luchonoticias.com\/\"],\"url\":\"https:\/\/luchonoticias.com\/editor\/author\/editor-general\/\"}]}<\/script>\n<!-- \/ Yoast SEO plugin. -->","yoast_head_json":{"title":"ELN le dice adi\u00f3s al secuestro extorsivo -","robots":{"index":"index","follow":"follow","max-snippet":"max-snippet:-1","max-image-preview":"max-image-preview:large","max-video-preview":"max-video-preview:-1"},"canonical":"https:\/\/luchonoticias.com\/editor\/eln-le-dice-adios-al-secuestro-extorsivo\/","og_locale":"es_ES","og_type":"article","og_title":"ELN le dice adi\u00f3s al secuestro extorsivo -","og_url":"https:\/\/luchonoticias.com\/editor\/eln-le-dice-adios-al-secuestro-extorsivo\/","article_publisher":"https:\/\/www.facebook.com\/luchonoticiasneiva","article_published_time":"2024-05-06T22:44:42+00:00","og_image":[{"width":700,"height":400,"url":"https:\/\/luchonoticias.com\/editor\/wp-content\/uploads\/2024\/05\/eln.jpg","type":"image\/jpeg"}],"author":"Editor General","twitter_card":"summary_large_image","twitter_misc":{"Escrito por":"Editor General","Tiempo de lectura":"1 minuto"},"schema":{"@context":"https:\/\/schema.org","@graph":[{"@type":"Article","@id":"https:\/\/luchonoticias.com\/editor\/eln-le-dice-adios-al-secuestro-extorsivo\/#article","isPartOf":{"@id":"https:\/\/luchonoticias.com\/editor\/eln-le-dice-adios-al-secuestro-extorsivo\/"},"author":{"name":"Editor General","@id":"https:\/\/luchonoticias.com\/editor\/#\/schema\/person\/29217990ddf6f14e35912b2866d591fb"},"headline":"ELN le dice adi\u00f3s al secuestro extorsivo","datePublished":"2024-05-06T22:44:42+00:00","mainEntityOfPage":{"@id":"https:\/\/luchonoticias.com\/editor\/eln-le-dice-adios-al-secuestro-extorsivo\/"},"wordCount":239,"publisher":{"@id":"https:\/\/luchonoticias.com\/editor\/#\/schema\/person\/7a7fd911f58561fd056dbac7b55af9cd"},"image":{"@id":"https:\/\/luchonoticias.com\/editor\/eln-le-dice-adios-al-secuestro-extorsivo\/#primaryimage"},"thumbnailUrl":"https:\/\/luchonoticias.com\/editor\/wp-content\/uploads\/2024\/05\/eln.jpg","articleSection":["Actualidad"],"inLanguage":"es"},{"@type":"WebPage","@id":"https:\/\/luchonoticias.com\/editor\/eln-le-dice-adios-al-secuestro-extorsivo\/","url":"https:\/\/luchonoticias.com\/editor\/eln-le-dice-adios-al-secuestro-extorsivo\/","name":"ELN le dice adi\u00f3s al secuestro extorsivo -","isPartOf":{"@id":"https:\/\/luchonoticias.com\/editor\/#website"},"primaryImageOfPage":{"@id":"https:\/\/luchonoticias.com\/editor\/eln-le-dice-adios-al-secuestro-extorsivo\/#primaryimage"},"image":{"@id":"https:\/\/luchonoticias.com\/editor\/eln-le-dice-adios-al-secuestro-extorsivo\/#primaryimage"},"thumbnailUrl":"https:\/\/luchonoticias.com\/editor\/wp-content\/uploads\/2024\/05\/eln.jpg","datePublished":"2024-05-06T22:44:42+00:00","breadcrumb":{"@id":"https:\/\/luchonoticias.com\/editor\/eln-le-dice-adios-al-secuestro-extorsivo\/#breadcrumb"},"inLanguage":"es","potentialAction":[{"@type":"ReadAction","target":["https:\/\/luchonoticias.com\/editor\/eln-le-dice-adios-al-secuestro-extorsivo\/"]}]},{"@type":"ImageObject","inLanguage":"es","@id":"https:\/\/luchonoticias.com\/editor\/eln-le-dice-adios-al-secuestro-extorsivo\/#primaryimage","url":"https:\/\/luchonoticias.com\/editor\/wp-content\/uploads\/2024\/05\/eln.jpg","contentUrl":"https:\/\/luchonoticias.com\/editor\/wp-content\/uploads\/2024\/05\/eln.jpg","width":700,"height":400},{"@type":"BreadcrumbList","@id":"https:\/\/luchonoticias.com\/editor\/eln-le-dice-adios-al-secuestro-extorsivo\/#breadcrumb","itemListElement":[{"@type":"ListItem","position":1,"name":"Portada","item":"https:\/\/luchonoticias.com\/editor\/"},{"@type":"ListItem","position":2,"name":"ELN le dice adi\u00f3s al secuestro extorsivo"}]},{"@type":"WebSite","@id":"https:\/\/luchonoticias.com\/editor\/#website","url":"https:\/\/luchonoticias.com\/editor\/","name":"","description":"","publisher":{"@id":"https:\/\/luchonoticias.com\/editor\/#\/schema\/person\/7a7fd911f58561fd056dbac7b55af9cd"},"potentialAction":[{"@type":"SearchAction","target":{"@type":"EntryPoint","urlTemplate":"https:\/\/luchonoticias.com\/editor\/?s={search_term_string}"},"query-input":{"@type":"PropertyValueSpecification","valueRequired":true,"valueName":"search_term_string"}}],"inLanguage":"es"},{"@type":["Person","Organization"],"@id":"https:\/\/luchonoticias.com\/editor\/#\/schema\/person\/7a7fd911f58561fd056dbac7b55af9cd","name":"admin","image":{"@type":"ImageObject","inLanguage":"es","@id":"https:\/\/luchonoticias.com\/editor\/#\/schema\/person\/image\/","url":"https:\/\/luchonoticias.com\/editor\/wp-content\/uploads\/2024\/02\/cropped-cropped-logolu.webp","contentUrl":"https:\/\/luchonoticias.com\/editor\/wp-content\/uploads\/2024\/02\/cropped-cropped-logolu.webp","width":382,"height":170,"caption":"admin"},"logo":{"@id":"https:\/\/luchonoticias.com\/editor\/#\/schema\/person\/image\/"},"sameAs":["https:\/\/www.facebook.com\/luchonoticiasneiva"]},{"@type":"Person","@id":"https:\/\/luchonoticias.com\/editor\/#\/schema\/person\/29217990ddf6f14e35912b2866d591fb","name":"Editor General","image":{"@type":"ImageObject","inLanguage":"es","@id":"https:\/\/luchonoticias.com\/editor\/#\/schema\/person\/image\/","url":"https:\/\/luchonoticias.com\/editor\/wp-content\/uploads\/2024\/02\/cropped-cropped-logolu-150x150.webp","contentUrl":"https:\/\/luchonoticias.com\/editor\/wp-content\/uploads\/2024\/02\/cropped-cropped-logolu-150x150.webp","caption":"Editor General"},"sameAs":["https:\/\/luchonoticias.com\/"],"url":"https:\/\/luchonoticias.com\/editor\/author\/editor-general\/"}]}},"_links":{"self":[{"href":"https:\/\/luchonoticias.com\/editor\/wp-json\/wp\/v2\/posts\/72758","targetHints":{"allow":["GET"]}}],"collection":[{"href":"https:\/\/luchonoticias.com\/editor\/wp-json\/wp\/v2\/posts"}],"about":[{"href":"https:\/\/luchonoticias.com\/editor\/wp-json\/wp\/v2\/types\/post"}],"author":[{"embeddable":true,"href":"https:\/\/luchonoticias.com\/editor\/wp-json\/wp\/v2\/users\/2"}],"replies":[{"embeddable":true,"href":"https:\/\/luchonoticias.com\/editor\/wp-json\/wp\/v2\/comments?post=72758"}],"version-history":[{"count":0,"href":"https:\/\/luchonoticias.com\/editor\/wp-json\/wp\/v2\/posts\/72758\/revisions"}],"wp:featuredmedia":[{"embeddable":true,"href":"https:\/\/luchonoticias.com\/editor\/wp-json\/wp\/v2\/media\/72759"}],"wp:attachment":[{"href":"https:\/\/luchonoticias.com\/editor\/wp-json\/wp\/v2\/media?parent=72758"}],"wp:term":[{"taxonomy":"category","embeddable":true,"href":"https:\/\/luchonoticias.com\/editor\/wp-json\/wp\/v2\/categories?post=72758"},{"taxonomy":"post_tag","embeddable":true,"href":"https:\/\/luchonoticias.com\/editor\/wp-json\/wp\/v2\/tags?post=72758"}],"curies":[{"name":"wp","href":"https:\/\/api.w.org\/{rel}","templated":true}]}}